{"id":37549,"date":"2018-05-22T07:26:46","date_gmt":"2018-05-22T05:26:46","guid":{"rendered":"https:\/\/www.justiceinfo.net\/37549-israel-frappe-une-position-du-hamas-a-gaza-apres-une-incursion-palestinienne.html"},"modified":"2018-05-22T07:26:46","modified_gmt":"2018-05-22T05:26:46","slug":"israel-frappe-une-position-du-hamas-a-gaza-apres-une-incursion-palestinienne","status":"publish","type":"post","link":"https:\/\/www.justiceinfo.net\/fr\/37549-israel-frappe-une-position-du-hamas-a-gaza-apres-une-incursion-palestinienne.html","title":{"rendered":"Isra\u00ebl frappe une position du Hamas \u00e0 Gaza apr\u00e8s une incursion palestinienne"},"content":{"rendered":"<div class=\"txt-textContent\">\n<div class=\"text fontsize_0 jq_Content jq_langdir\">\n<p>L'arm\u00e9e isra\u00e9lienne a tir\u00e9 mardi matin sur une position du mouvement islamiste Hamas dans la bande de Gaza en repr\u00e9sailles \u00e0 une infiltration de Palestiniens qui ont mis le feu \u00e0 un poste isra\u00e9lien, a-t-elle indiqu\u00e9.<\/p>\n<p>Un certain nombre de Palestiniens pr\u00e9sent\u00e9s par l'arm\u00e9e comme des \"terroristes\" ont r\u00e9ussi \u00e0 s'introduire en territoire isra\u00e9lien et \u00e0 y incendier un poste de l'arm\u00e9e, a rapport\u00e9 cette derni\u00e8re. Il n'y a pas eu de bless\u00e9 c\u00f4t\u00e9 isra\u00e9lien, a-t-elle ajout\u00e9 sans pr\u00e9ciser ce qu'il \u00e9tait advenu des Palestiniens.<\/p>\n<p>En retour, un char de l'arm\u00e9e isra\u00e9lienne a tir\u00e9 sur un poste d'observation du Hamas \u00e0 l'int\u00e9rieur de l'enclave, a-t-elle dit.<\/p>\n<p>Isra\u00ebl et le Hamas qui gouverne sans partage la bande de Gaza se sont livr\u00e9 trois guerres depuis 2008 et observent depuis 2014 un cessez-le-feu tendu de part et d'autre de la barri\u00e8re de s\u00e9curit\u00e9 isra\u00e9lienne.<\/p>\n<p>La tr\u00eave a une nouvelle fois \u00e9t\u00e9 mise \u00e0 l'\u00e9preuve ces derni\u00e8res semaines par une mobilisation massive le long de la fronti\u00e8re pour le droit des r\u00e9fugi\u00e9s palestiniens \u00e0 revenir sur les terres de 1948, date de la cr\u00e9ation d'Isra\u00ebl, et contre le blocus impos\u00e9e par Isra\u00ebl \u00e0 l'enclave. Le mouvement a tourn\u00e9 le 14 mai \u00e0 la protestation contre l'inauguration de l'ambassade des Etats-Unis \u00e0 J\u00e9rusalem.<\/p>\n<p>Ce jour-l\u00e0, 62 Palestiniens ont \u00e9t\u00e9 tu\u00e9s par des tirs isra\u00e9liens. En tout, 118 Palestiniens ont \u00e9t\u00e9 tu\u00e9s par des tirs isra\u00e9liens dans l'enclave depuis le 30 mars.<\/p>\n<p>lal\/hj<\/p>\n<\/div>\n<\/div>\n","protected":false},"excerpt":{"rendered":"<p>L'arm\u00e9e isra\u00e9lienne a tir\u00e9 mardi matin sur une position du mouvement islamiste Hamas dans la bande de Gaza en repr\u00e9sailles \u00e0 une infiltration de Palestiniens qui ont mis le feu \u00e0 un poste isra\u00e9lien, a-t-elle indiqu\u00e9. Un certain nombre de Palestiniens pr\u00e9sent\u00e9s par l'arm\u00e9e comme des \"terroristes\" ont r\u00e9ussi \u00e0 s'introduire en territoire isra\u00e9lien et [&hellip;]<\/p>\n","protected":false},"author":60,"featured_media":0,"comment_status":"open","ping_status":"closed","sticky":false,"template":"","format":"standard","meta":{"_acf_changed":false,"footnotes":""},"categories":[2576],"tags":[],"ji_location":[2402],"class_list":["post-37549","post","type-post","status-publish","format-standard","hentry","category-fil-d-actualite","ji_location-palestine"],"acf":[],"yoast_head":"<!-- This site is optimized with the Yoast SEO Premium plugin v25.3.1 (Yoast SEO v25.3.1) - https:\/\/yoast.com\/wordpress\/plugins\/seo\/ -->\n<title>Isra\u00ebl frappe une position du Hamas \u00e0 Gaza apr\u00e8s une incursion palestinienne - JusticeInfo.net<\/title>\n<meta name=\"robots\" content=\"index, follow, max-snippet:-1, max-image-preview:large, max-video-preview:-1\" \/>\n<link rel=\"canonical\" href=\"https:\/\/www.justiceinfo.net\/fr\/37549-israel-frappe-une-position-du-hamas-a-gaza-apres-une-incursion-palestinienne.html\" \/>\n<meta property=\"og:locale\" content=\"fr_FR\" \/>\n<meta property=\"og:type\" content=\"article\" \/>\n<meta property=\"og:title\" content=\"Isra\u00ebl frappe une position du Hamas \u00e0 Gaza apr\u00e8s une incursion palestinienne\" \/>\n<meta property=\"og:description\" content=\"L&#039;arm\u00e9e isra\u00e9lienne a tir\u00e9 mardi matin sur une position du mouvement islamiste Hamas dans la bande de Gaza en repr\u00e9sailles \u00e0 une infiltration de Palestiniens qui ont mis le feu \u00e0 un poste isra\u00e9lien, a-t-elle indiqu\u00e9. Un certain nombre de Palestiniens pr\u00e9sent\u00e9s par l&#039;arm\u00e9e comme des &quot;terroristes&quot; ont r\u00e9ussi \u00e0 s&#039;introduire en territoire isra\u00e9lien et [&hellip;]\" \/>\n<meta property=\"og:url\" content=\"https:\/\/www.justiceinfo.net\/fr\/37549-israel-frappe-une-position-du-hamas-a-gaza-apres-une-incursion-palestinienne.html\" \/>\n<meta property=\"og:site_name\" content=\"JusticeInfo.net\" \/>\n<meta property=\"article:publisher\" content=\"https:\/\/www.facebook.com\/JusticeInfo\/\" \/>\n<meta property=\"article:published_time\" content=\"2018-05-22T05:26:46+00:00\" \/>\n<meta property=\"og:image\" content=\"https:\/\/www.justiceinfo.net\/wp-content\/uploads\/JusticeInfoNet_logo_1200x630px.jpg\" \/>\n\t<meta property=\"og:image:width\" content=\"1200\" \/>\n\t<meta property=\"og:image:height\" content=\"630\" \/>\n\t<meta property=\"og:image:type\" content=\"image\/jpeg\" \/>\n<meta name=\"author\" content=\"afp\" \/>\n<meta name=\"twitter:card\" content=\"summary_large_image\" \/>\n<meta name=\"twitter:creator\" content=\"@justiceinfonet\" \/>\n<meta name=\"twitter:site\" content=\"@justiceinfonet\" \/>\n<meta name=\"twitter:label1\" content=\"\u00c9crit par\" \/>\n\t<meta name=\"twitter:data1\" content=\"afp\" \/>\n\t<meta name=\"twitter:label2\" content=\"Dur\u00e9e de lecture estim\u00e9e\" \/>\n\t<meta name=\"twitter:data2\" content=\"1 minute\" \/>\n<script type=\"application\/ld+json\" class=\"yoast-schema-graph\">{\"@context\":\"https:\/\/schema.org\",\"@graph\":[{\"@type\":\"NewsArticle\",\"@id\":\"https:\/\/www.justiceinfo.net\/fr\/37549-israel-frappe-une-position-du-hamas-a-gaza-apres-une-incursion-palestinienne.html#article\",\"isPartOf\":{\"@id\":\"https:\/\/www.justiceinfo.net\/fr\/37549-israel-frappe-une-position-du-hamas-a-gaza-apres-une-incursion-palestinienne.html\"},\"author\":{\"name\":\"afp\",\"@id\":\"https:\/\/www.justiceinfo.net\/fr#\/schema\/person\/713d340ef5f218fc36ce9b4244364a7f\"},\"headline\":\"Isra\u00ebl frappe une position du Hamas \u00e0 Gaza apr\u00e8s une incursion palestinienne\",\"datePublished\":\"2018-05-22T05:26:46+00:00\",\"mainEntityOfPage\":{\"@id\":\"https:\/\/www.justiceinfo.net\/fr\/37549-israel-frappe-une-position-du-hamas-a-gaza-apres-une-incursion-palestinienne.html\"},\"wordCount\":287,\"commentCount\":0,\"publisher\":{\"@id\":\"https:\/\/www.justiceinfo.net\/fr#organization\"},\"articleSection\":[\"Fil d'info AFP\"],\"inLanguage\":\"fr-FR\",\"potentialAction\":[{\"@type\":\"CommentAction\",\"name\":\"Comment\",\"target\":[\"https:\/\/www.justiceinfo.net\/fr\/37549-israel-frappe-une-position-du-hamas-a-gaza-apres-une-incursion-palestinienne.html#respond\"]}]},{\"@type\":\"WebPage\",\"@id\":\"https:\/\/www.justiceinfo.net\/fr\/37549-israel-frappe-une-position-du-hamas-a-gaza-apres-une-incursion-palestinienne.html\",\"url\":\"https:\/\/www.justiceinfo.net\/fr\/37549-israel-frappe-une-position-du-hamas-a-gaza-apres-une-incursion-palestinienne.html\",\"name\":\"Isra\u00ebl frappe une position du Hamas \u00e0 Gaza apr\u00e8s une incursion palestinienne - JusticeInfo.net\",\"isPartOf\":{\"@id\":\"https:\/\/www.justiceinfo.net\/fr#website\"},\"datePublished\":\"2018-05-22T05:26:46+00:00\",\"breadcrumb\":{\"@id\":\"https:\/\/www.justiceinfo.net\/fr\/37549-israel-frappe-une-position-du-hamas-a-gaza-apres-une-incursion-palestinienne.html#breadcrumb\"},\"inLanguage\":\"fr-FR\",\"potentialAction\":[{\"@type\":\"ReadAction\",\"target\":[\"https:\/\/www.justiceinfo.net\/fr\/37549-israel-frappe-une-position-du-hamas-a-gaza-apres-une-incursion-palestinienne.html\"]}]},{\"@type\":\"BreadcrumbList\",\"@id\":\"https:\/\/www.justiceinfo.net\/fr\/37549-israel-frappe-une-position-du-hamas-a-gaza-apres-une-incursion-palestinienne.html#breadcrumb\",\"itemListElement\":[{\"@type\":\"ListItem\",\"position\":1,\"name\":\"Home\",\"item\":\"https:\/\/www.justiceinfo.net\/fr\"},{\"@type\":\"ListItem\",\"position\":2,\"name\":\"Isra\u00ebl frappe une position du Hamas \u00e0 Gaza apr\u00e8s une incursion palestinienne\"}]},{\"@type\":\"WebSite\",\"@id\":\"https:\/\/www.justiceinfo.net\/fr#website\",\"url\":\"https:\/\/www.justiceinfo.net\/fr\",\"name\":\"JusticeInfo.net\",\"description\":\"La justice doit \u00eatre vue pour \u00eatre rendue\",\"publisher\":{\"@id\":\"https:\/\/www.justiceinfo.net\/fr#organization\"},\"potentialAction\":[{\"@type\":\"SearchAction\",\"target\":{\"@type\":\"EntryPoint\",\"urlTemplate\":\"https:\/\/www.justiceinfo.net\/fr?s={search_term_string}\"},\"query-input\":{\"@type\":\"PropertyValueSpecification\",\"valueRequired\":true,\"valueName\":\"search_term_string\"}}],\"inLanguage\":\"fr-FR\"},{\"@type\":\"Organization\",\"@id\":\"https:\/\/www.justiceinfo.net\/fr#organization\",\"name\":\"Justice Info\",\"url\":\"https:\/\/www.justiceinfo.net\/fr\",\"logo\":{\"@type\":\"ImageObject\",\"inLanguage\":\"fr-FR\",\"@id\":\"https:\/\/www.justiceinfo.net\/fr#\/schema\/logo\/image\/\",\"url\":\"https:\/\/www.justiceinfo.net\/wp-content\/uploads\/justiceinfo_logo-trans_1200x1200px.png\",\"contentUrl\":\"https:\/\/www.justiceinfo.net\/wp-content\/uploads\/justiceinfo_logo-trans_1200x1200px.png\",\"width\":1199,\"height\":1200,\"caption\":\"Justice Info\"},\"image\":{\"@id\":\"https:\/\/www.justiceinfo.net\/fr#\/schema\/logo\/image\/\"},\"sameAs\":[\"https:\/\/www.facebook.com\/JusticeInfo\/\",\"https:\/\/x.com\/justiceinfonet\",\"https:\/\/www.linkedin.com\/company\/justice-info\",\"https:\/\/www.youtube.com\/channel\/UCyCEsARodyuWtkWyhn-e7pA\"]},{\"@type\":\"Person\",\"name\":\"afp\",\"url\":\"\/fr\/?s=afp\"}]}<\/script>\n<!-- \/ Yoast SEO Premium plugin. -->","yoast_head_json":{"title":"Isra\u00ebl frappe une position du Hamas \u00e0 Gaza apr\u00e8s une incursion palestinienne - JusticeInfo.net","robots":{"index":"index","follow":"follow","max-snippet":"max-snippet:-1","max-image-preview":"max-image-preview:large","max-video-preview":"max-video-preview:-1"},"canonical":"https:\/\/www.justiceinfo.net\/fr\/37549-israel-frappe-une-position-du-hamas-a-gaza-apres-une-incursion-palestinienne.html","og_locale":"fr_FR","og_type":"article","og_title":"Isra\u00ebl frappe une position du Hamas \u00e0 Gaza apr\u00e8s une incursion palestinienne","og_description":"L'arm\u00e9e isra\u00e9lienne a tir\u00e9 mardi matin sur une position du mouvement islamiste Hamas dans la bande de Gaza en repr\u00e9sailles \u00e0 une infiltration de Palestiniens qui ont mis le feu \u00e0 un poste isra\u00e9lien, a-t-elle indiqu\u00e9. Un certain nombre de Palestiniens pr\u00e9sent\u00e9s par l'arm\u00e9e comme des \"terroristes\" ont r\u00e9ussi \u00e0 s'introduire en territoire isra\u00e9lien et [&hellip;]","og_url":"https:\/\/www.justiceinfo.net\/fr\/37549-israel-frappe-une-position-du-hamas-a-gaza-apres-une-incursion-palestinienne.html","og_site_name":"JusticeInfo.net","article_publisher":"https:\/\/www.facebook.com\/JusticeInfo\/","article_published_time":"2018-05-22T05:26:46+00:00","og_image":[{"width":1200,"height":630,"url":"https:\/\/www.justiceinfo.net\/wp-content\/uploads\/JusticeInfoNet_logo_1200x630px.jpg","type":"image\/jpeg"}],"author":"afp","twitter_card":"summary_large_image","twitter_creator":"@justiceinfonet","twitter_site":"@justiceinfonet","twitter_misc":{"\u00c9crit par":"afp","Dur\u00e9e de lecture estim\u00e9e":"1 minute"},"schema":{"@context":"https:\/\/schema.org","@graph":[{"@type":"NewsArticle","@id":"https:\/\/www.justiceinfo.net\/fr\/37549-israel-frappe-une-position-du-hamas-a-gaza-apres-une-incursion-palestinienne.html#article","isPartOf":{"@id":"https:\/\/www.justiceinfo.net\/fr\/37549-israel-frappe-une-position-du-hamas-a-gaza-apres-une-incursion-palestinienne.html"},"author":{"name":"afp","@id":"https:\/\/www.justiceinfo.net\/fr#\/schema\/person\/713d340ef5f218fc36ce9b4244364a7f"},"headline":"Isra\u00ebl frappe une position du Hamas \u00e0 Gaza apr\u00e8s une incursion palestinienne","datePublished":"2018-05-22T05:26:46+00:00","mainEntityOfPage":{"@id":"https:\/\/www.justiceinfo.net\/fr\/37549-israel-frappe-une-position-du-hamas-a-gaza-apres-une-incursion-palestinienne.html"},"wordCount":287,"commentCount":0,"publisher":{"@id":"https:\/\/www.justiceinfo.net\/fr#organization"},"articleSection":["Fil d'info AFP"],"inLanguage":"fr-FR","potentialAction":[{"@type":"CommentAction","name":"Comment","target":["https:\/\/www.justiceinfo.net\/fr\/37549-israel-frappe-une-position-du-hamas-a-gaza-apres-une-incursion-palestinienne.html#respond"]}]},{"@type":"WebPage","@id":"https:\/\/www.justiceinfo.net\/fr\/37549-israel-frappe-une-position-du-hamas-a-gaza-apres-une-incursion-palestinienne.html","url":"https:\/\/www.justiceinfo.net\/fr\/37549-israel-frappe-une-position-du-hamas-a-gaza-apres-une-incursion-palestinienne.html","name":"Isra\u00ebl frappe une position du Hamas \u00e0 Gaza apr\u00e8s une incursion palestinienne - JusticeInfo.net","isPartOf":{"@id":"https:\/\/www.justiceinfo.net\/fr#website"},"datePublished":"2018-05-22T05:26:46+00:00","breadcrumb":{"@id":"https:\/\/www.justiceinfo.net\/fr\/37549-israel-frappe-une-position-du-hamas-a-gaza-apres-une-incursion-palestinienne.html#breadcrumb"},"inLanguage":"fr-FR","potentialAction":[{"@type":"ReadAction","target":["https:\/\/www.justiceinfo.net\/fr\/37549-israel-frappe-une-position-du-hamas-a-gaza-apres-une-incursion-palestinienne.html"]}]},{"@type":"BreadcrumbList","@id":"https:\/\/www.justiceinfo.net\/fr\/37549-israel-frappe-une-position-du-hamas-a-gaza-apres-une-incursion-palestinienne.html#breadcrumb","itemListElement":[{"@type":"ListItem","position":1,"name":"Home","item":"https:\/\/www.justiceinfo.net\/fr"},{"@type":"ListItem","position":2,"name":"Isra\u00ebl frappe une position du Hamas \u00e0 Gaza apr\u00e8s une incursion palestinienne"}]},{"@type":"WebSite","@id":"https:\/\/www.justiceinfo.net\/fr#website","url":"https:\/\/www.justiceinfo.net\/fr","name":"JusticeInfo.net","description":"La justice doit \u00eatre vue pour \u00eatre rendue","publisher":{"@id":"https:\/\/www.justiceinfo.net\/fr#organization"},"potentialAction":[{"@type":"SearchAction","target":{"@type":"EntryPoint","urlTemplate":"https:\/\/www.justiceinfo.net\/fr?s={search_term_string}"},"query-input":{"@type":"PropertyValueSpecification","valueRequired":true,"valueName":"search_term_string"}}],"inLanguage":"fr-FR"},{"@type":"Organization","@id":"https:\/\/www.justiceinfo.net\/fr#organization","name":"Justice Info","url":"https:\/\/www.justiceinfo.net\/fr","logo":{"@type":"ImageObject","inLanguage":"fr-FR","@id":"https:\/\/www.justiceinfo.net\/fr#\/schema\/logo\/image\/","url":"https:\/\/www.justiceinfo.net\/wp-content\/uploads\/justiceinfo_logo-trans_1200x1200px.png","contentUrl":"https:\/\/www.justiceinfo.net\/wp-content\/uploads\/justiceinfo_logo-trans_1200x1200px.png","width":1199,"height":1200,"caption":"Justice Info"},"image":{"@id":"https:\/\/www.justiceinfo.net\/fr#\/schema\/logo\/image\/"},"sameAs":["https:\/\/www.facebook.com\/JusticeInfo\/","https:\/\/x.com\/justiceinfonet","https:\/\/www.linkedin.com\/company\/justice-info","https:\/\/www.youtube.com\/channel\/UCyCEsARodyuWtkWyhn-e7pA"]},{"@type":"Person","name":"afp","url":"\/fr\/?s=afp"}]}},"_links":{"self":[{"href":"https:\/\/www.justiceinfo.net\/fr\/wp-json\/wp\/v2\/posts\/37549","targetHints":{"allow":["GET"]}}],"collection":[{"href":"https:\/\/www.justiceinfo.net\/fr\/wp-json\/wp\/v2\/posts"}],"about":[{"href":"https:\/\/www.justiceinfo.net\/fr\/wp-json\/wp\/v2\/types\/post"}],"author":[{"embeddable":true,"href":"https:\/\/www.justiceinfo.net\/fr\/wp-json\/wp\/v2\/users\/60"}],"replies":[{"embeddable":true,"href":"https:\/\/www.justiceinfo.net\/fr\/wp-json\/wp\/v2\/comments?post=37549"}],"version-history":[{"count":0,"href":"https:\/\/www.justiceinfo.net\/fr\/wp-json\/wp\/v2\/posts\/37549\/revisions"}],"wp:attachment":[{"href":"https:\/\/www.justiceinfo.net\/fr\/wp-json\/wp\/v2\/media?parent=37549"}],"wp:term":[{"taxonomy":"category","embeddable":true,"href":"https:\/\/www.justiceinfo.net\/fr\/wp-json\/wp\/v2\/categories?post=37549"},{"taxonomy":"post_tag","embeddable":true,"href":"https:\/\/www.justiceinfo.net\/fr\/wp-json\/wp\/v2\/tags?post=37549"},{"taxonomy":"ji_location","embeddable":true,"href":"https:\/\/www.justiceinfo.net\/fr\/wp-json\/wp\/v2\/ji_location?post=37549"}],"curies":[{"name":"wp","href":"https:\/\/api.w.org\/{rel}","templated":true}]}}