{"id":37591,"date":"2018-05-24T06:25:06","date_gmt":"2018-05-24T04:25:06","guid":{"rendered":"https:\/\/www.justiceinfo.net\/37591-togo-treize-ans-apres-les-violences-la-reconciliation-reste-difficile.html"},"modified":"2018-05-24T06:25:06","modified_gmt":"2018-05-24T04:25:06","slug":"togo-treize-ans-apres-les-violences-la-reconciliation-reste-difficile","status":"publish","type":"post","link":"https:\/\/www.justiceinfo.net\/fr\/37591-togo-treize-ans-apres-les-violences-la-reconciliation-reste-difficile.html","title":{"rendered":"Togo: treize ans apr\u00e8s les violences, la r\u00e9conciliation reste difficile"},"content":{"rendered":"<div class=\"content-excerpt\">\n<p>Depuis les violences post-\u00e9lectorales de 2005 dans sa ville d'Atakpam\u00e9, au coeur du Togo, Afia Bassan, 42 ans, ne peut plus marcher et parle difficilement.<\/p>\n<\/div>\n<p>Aujourd'hui, son fr\u00e8re la porte pour qu'elle vienne chercher un ch\u00e8que de compensation offert par l'Etat togolais au nom de la r\u00e9conciliation nationale.<\/p>\n<p>\"Les gens ont emport\u00e9 tous ses stocks de c\u00e9r\u00e9ales, ses pagnes, ses bijoux... et ils l'ont tabass\u00e9e. Cette situation l'a traumatis\u00e9e\", explique son fr\u00e8re.<\/p>\n<p>Et pourtant, la cultivatrice assure qu'elle a \"tout pardonn\u00e9\". \"C'est fini\", lance-t-elle difficilement en allant r\u00e9cup\u00e9rer un ch\u00e8que de quelques centaines d'euros pour \"r\u00e9paration\" financi\u00e8re.<\/p>\n<p>Atakpam\u00e9, localit\u00e9 rurale \u00e0 175 km au nord de Lom\u00e9 situ\u00e9e dans une r\u00e9gion favorable \u00e0 l'opposition, f\u00fbt l'\u00e9picentre des violences post-\u00e9lectorales de 2005 qui ont conduit Faure Gnassingb\u00e9 au pouvoir, apr\u00e8s 38 ans de r\u00e8gne sans partage de son p\u00e8re, le g\u00e9n\u00e9ral Gnassingb\u00e9 Eyad\u00e9ma.<\/p>\n<p>Cet \u00e9pisode reste une page sombre de l'histoire de ce petit pays d'Afrique de l'Ouest: les estimations varient de 105 morts, selon le pouvoir, \u00e0 811 selon l'opposition.<\/p>\n<p>Les Nations unies ont estim\u00e9 qu'il y avait eu \"entre 400 et 500 morts\".<\/p>\n<p>Si le chef de l'Etat a toujours d\u00e9nonc\u00e9 \"ces attentats, troubles et violences insens\u00e9es\", Yacouba, ancien propri\u00e9taire d'un maquis (bar de rue), accuse les militaires.<\/p>\n<p>\"Ils ont pris une nuit pour tout saccager dans ma maison et br\u00fbler ma buvette, tr\u00e8s populaire. J'ai tout perdu\", confie-t-il \u00e0 l'AFP.<\/p>\n<h3>- Apaisement -<\/h3>\n<p>En mai 2009, le gouvernement - toujours dirig\u00e9 par Faure Gnassingb\u00e9 - a mis en place une Commission V\u00e9rit\u00e9, Justice et R\u00e9conciliation (CVJR), charg\u00e9e de \"faire la lumi\u00e8re sur les violences politiques entre 1958 et 2005\".<\/p>\n<p>La Commission a recueilli pendant pr\u00e8s de trois ans des t\u00e9moignages, qui ont permis d'identifier au total plus de 22.000 personnes \u00e0 indemniser pour un montant compris entre 35 et 40 milliards de francs CFA (53 et 61 millions d'euros).<\/p>\n<p>Pour l'ann\u00e9e 2005, la Commission a enregistr\u00e9 12.000 victimes, dont 7.000 dans la seule ville d'Atakpam\u00e9.<\/p>\n<p>Le processus s'est acc\u00e9l\u00e9r\u00e9 ces derni\u00e8rs mois, et l'Etat a d\u00e9j\u00e0 allou\u00e9 une partie de la somme (3 millions d'euros).<\/p>\n<p>Le gouvernement est bouscul\u00e9 par une tr\u00e8s forte contestation populaire, qui a vu des dizaines de milliers de personnes dans les rues demander la d\u00e9mission du pr\u00e9sident Gnassingb\u00e9, r\u00e9\u00e9lu en 2010 puis 2015 dans des scrutins fortement contest\u00e9s par les partis d'opposition.<\/p>\n<p>En d\u00e9cembre une centaine de personnes ont \u00e9t\u00e9 indemnis\u00e9es, et dans la seconde phase qui a d\u00e9marr\u00e9 mi-avril, quelque 2.500 personnes recevront entre 420.000 et 2,1 millions de francs CFA, soit entre 640 et 3.200 euros.<\/p>\n<p>A Atakpam\u00e9, le HCRRUN, Haut-Commissariat \u00e0 la R\u00e9conciliation et au Renforcement de l'Unit\u00e9 Nationale, s'est install\u00e9 dans les locaux du centre des affaires sociales. Les noms des victimes sont affich\u00e9s sur un petit tableau dans la cour.<\/p>\n<p>\"Des Togolais se sont retourn\u00e9s les uns contre les autres et se sont entre-tu\u00e9s, au nom de la politique. Aujourd'hui, ils n'arrivent pas \u00e0 expliquer ce qui leur est arriv\u00e9.\", confie Awa Nana-Daboya, pr\u00e9sidente du HCRRUN.<\/p>\n<h3>- \"En plein coeur\" -<\/h3>\n<p>En juillet 2007, le pr\u00e9sident Gnassingb\u00e9 s'\u00e9tait rendu dans cette localit\u00e9 martyre, o\u00f9 il avait promis que \"plus jamais cela n'+arriverait+ sur la terre de +nos+ a\u00efeux\". \"<\/p>\n<p>Pourtant, dix ans plus tard, des sc\u00e8nes de chaos ont \u00e9clat\u00e9 \u00e0 Lom\u00e9 et dans le nord du pays. Le niveau des violences, qui ont fait une quinzaine de morts, n'a rien \u00e0 voir avec 2005, mais ce go\u00fbt de d\u00e9j\u00e0-vu inqui\u00e8te les habitants d'Atakpam\u00e9 \u00e0 deux ans des prochaines \u00e9lections.<\/p>\n<p>\"Nous avons v\u00e9cu le calvaire. Des jeunes ont tout saccag\u00e9 dans la ville. Des militaires ont tir\u00e9 \u00e0 balle r\u00e9elle pendant des jours. Ma femme a \u00e9t\u00e9 tu\u00e9e d'une balle en plein coeur, alors qu'elle travaillait dans son salon de coiffure\", raconte Adamon Sodji, habitant d'Atakpam\u00e9, la larme \u00e0 l'oeil.<\/p>\n<p>La plupart des victimes pr\u00e9sentes ce jour-l\u00e0 pour r\u00e9cup\u00e9rer leur ch\u00e8que, affirment vouloir aller de l'avant, \"passer l'\u00e9ponge\", comme ils disent. A Atakpam\u00e9, il n'y a eu aucune violence lors des derni\u00e8res manifestations. Les souvenirs sont encore trop douloureux.<\/p>\n<p>\"L'indemnisation ne suffit pas, mais j'accepte et je tourne cette page sombre de ma vie\", lance Yacouba, au milieu d'une cinquantaine de personnes.<\/p>\n<p>Pourtant, pour de nombreuses organisations de d\u00e9fense des droits de l'Homme et certains partis politiques de l'opposition, la paix ne pourra se faire qu'apr\u00e8s un v\u00e9ritable processus judiciaire: aucun auteur pr\u00e9sum\u00e9 des violences n'a \u00e9t\u00e9 poursuivi depuis 2005.<\/p>\n<p>En avril 2010, l'Action des chr\u00e9tiens pour l'abolition de la torture (Acat-France) et Amnesty International avaient appel\u00e9 le pr\u00e9sident togolais \u00e0 mettre un terme \u00e0 l'\"impunit\u00e9\" qui \"perdure toujours au Togo\".<\/p>\n<p>\"C'est du cin\u00e9ma. Nous sommes fatigu\u00e9s de ce syst\u00e8me qui nous r\u00e9gente depuis des d\u00e9cennies\", critique Cyrille, un enseignant \u00e0 la retraite. \"La seule pr\u00e9occupation des Togolais aujourd'hui, c'est l'alternance\".<\/p>\n","protected":false},"excerpt":{"rendered":"<p>Depuis les violences post-\u00e9lectorales de 2005 dans sa ville d'Atakpam\u00e9, au coeur du Togo, Afia Bassan, 42 ans, ne peut plus marcher et parle difficilement. Aujourd'hui, son fr\u00e8re la porte pour qu'elle vienne chercher un ch\u00e8que de compensation offert par l'Etat togolais au nom de la r\u00e9conciliation nationale. \"Les gens ont emport\u00e9 tous ses stocks [&hellip;]<\/p>\n","protected":false},"author":60,"featured_media":0,"comment_status":"open","ping_status":"closed","sticky":false,"template":"","format":"standard","meta":{"_acf_changed":false,"footnotes":""},"categories":[549],"tags":[],"ji_location":[2512],"class_list":["post-37591","post","type-post","status-publish","format-standard","hentry","category-reconciliation","ji_location-togo"],"acf":[],"yoast_head":"<!-- This site is optimized with the Yoast SEO Premium plugin v25.3.1 (Yoast SEO v25.3.1) - https:\/\/yoast.com\/wordpress\/plugins\/seo\/ -->\n<title>Togo: treize ans apr\u00e8s les violences, la r\u00e9conciliation reste difficile - JusticeInfo.net<\/title>\n<meta name=\"robots\" content=\"index, follow, max-snippet:-1, max-image-preview:large, max-video-preview:-1\" \/>\n<link rel=\"canonical\" href=\"https:\/\/www.justiceinfo.net\/fr\/37591-togo-treize-ans-apres-les-violences-la-reconciliation-reste-difficile.html\" \/>\n<meta property=\"og:locale\" content=\"fr_FR\" \/>\n<meta property=\"og:type\" content=\"article\" \/>\n<meta property=\"og:title\" content=\"Togo: treize ans apr\u00e8s les violences, la r\u00e9conciliation reste difficile\" \/>\n<meta property=\"og:description\" content=\"Depuis les violences post-\u00e9lectorales de 2005 dans sa ville d&#039;Atakpam\u00e9, au coeur du Togo, Afia Bassan, 42 ans, ne peut plus marcher et parle difficilement. Aujourd&#039;hui, son fr\u00e8re la porte pour qu&#039;elle vienne chercher un ch\u00e8que de compensation offert par l&#039;Etat togolais au nom de la r\u00e9conciliation nationale. &quot;Les gens ont emport\u00e9 tous ses stocks [&hellip;]\" \/>\n<meta property=\"og:url\" content=\"https:\/\/www.justiceinfo.net\/fr\/37591-togo-treize-ans-apres-les-violences-la-reconciliation-reste-difficile.html\" \/>\n<meta property=\"og:site_name\" content=\"JusticeInfo.net\" \/>\n<meta property=\"article:publisher\" content=\"https:\/\/www.facebook.com\/JusticeInfo\/\" \/>\n<meta property=\"article:published_time\" content=\"2018-05-24T04:25:06+00:00\" \/>\n<meta property=\"og:image\" content=\"https:\/\/www.justiceinfo.net\/wp-content\/uploads\/JusticeInfoNet_logo_1200x630px.jpg\" \/>\n\t<meta property=\"og:image:width\" content=\"1200\" \/>\n\t<meta property=\"og:image:height\" content=\"630\" \/>\n\t<meta property=\"og:image:type\" content=\"image\/jpeg\" \/>\n<meta name=\"author\" content=\"AFP\" \/>\n<meta name=\"twitter:card\" content=\"summary_large_image\" \/>\n<meta name=\"twitter:creator\" content=\"@justiceinfonet\" \/>\n<meta name=\"twitter:site\" content=\"@justiceinfonet\" \/>\n<meta name=\"twitter:label1\" content=\"\u00c9crit par\" \/>\n\t<meta name=\"twitter:data1\" content=\"AFP\" \/>\n\t<meta name=\"twitter:label2\" content=\"Dur\u00e9e de lecture estim\u00e9e\" \/>\n\t<meta name=\"twitter:data2\" content=\"4 minutes\" \/>\n<script type=\"application\/ld+json\" class=\"yoast-schema-graph\">{\"@context\":\"https:\/\/schema.org\",\"@graph\":[{\"@type\":\"NewsArticle\",\"@id\":\"https:\/\/www.justiceinfo.net\/fr\/37591-togo-treize-ans-apres-les-violences-la-reconciliation-reste-difficile.html#article\",\"isPartOf\":{\"@id\":\"https:\/\/www.justiceinfo.net\/fr\/37591-togo-treize-ans-apres-les-violences-la-reconciliation-reste-difficile.html\"},\"author\":{\"name\":\"afp\",\"@id\":\"https:\/\/www.justiceinfo.net\/fr#\/schema\/person\/713d340ef5f218fc36ce9b4244364a7f\"},\"headline\":\"Togo: treize ans apr\u00e8s les violences, la r\u00e9conciliation reste difficile\",\"datePublished\":\"2018-05-24T04:25:06+00:00\",\"mainEntityOfPage\":{\"@id\":\"https:\/\/www.justiceinfo.net\/fr\/37591-togo-treize-ans-apres-les-violences-la-reconciliation-reste-difficile.html\"},\"wordCount\":894,\"commentCount\":0,\"publisher\":{\"@id\":\"https:\/\/www.justiceinfo.net\/fr#organization\"},\"articleSection\":[\"R\u00e9conciliation\"],\"inLanguage\":\"fr-FR\",\"potentialAction\":[{\"@type\":\"CommentAction\",\"name\":\"Comment\",\"target\":[\"https:\/\/www.justiceinfo.net\/fr\/37591-togo-treize-ans-apres-les-violences-la-reconciliation-reste-difficile.html#respond\"]}]},{\"@type\":\"WebPage\",\"@id\":\"https:\/\/www.justiceinfo.net\/fr\/37591-togo-treize-ans-apres-les-violences-la-reconciliation-reste-difficile.html\",\"url\":\"https:\/\/www.justiceinfo.net\/fr\/37591-togo-treize-ans-apres-les-violences-la-reconciliation-reste-difficile.html\",\"name\":\"Togo: treize ans apr\u00e8s les violences, la r\u00e9conciliation reste difficile - JusticeInfo.net\",\"isPartOf\":{\"@id\":\"https:\/\/www.justiceinfo.net\/fr#website\"},\"datePublished\":\"2018-05-24T04:25:06+00:00\",\"breadcrumb\":{\"@id\":\"https:\/\/www.justiceinfo.net\/fr\/37591-togo-treize-ans-apres-les-violences-la-reconciliation-reste-difficile.html#breadcrumb\"},\"inLanguage\":\"fr-FR\",\"potentialAction\":[{\"@type\":\"ReadAction\",\"target\":[\"https:\/\/www.justiceinfo.net\/fr\/37591-togo-treize-ans-apres-les-violences-la-reconciliation-reste-difficile.html\"]}]},{\"@type\":\"BreadcrumbList\",\"@id\":\"https:\/\/www.justiceinfo.net\/fr\/37591-togo-treize-ans-apres-les-violences-la-reconciliation-reste-difficile.html#breadcrumb\",\"itemListElement\":[{\"@type\":\"ListItem\",\"position\":1,\"name\":\"Home\",\"item\":\"https:\/\/www.justiceinfo.net\/fr\"},{\"@type\":\"ListItem\",\"position\":2,\"name\":\"Togo: treize ans apr\u00e8s les violences, la r\u00e9conciliation reste difficile\"}]},{\"@type\":\"WebSite\",\"@id\":\"https:\/\/www.justiceinfo.net\/fr#website\",\"url\":\"https:\/\/www.justiceinfo.net\/fr\",\"name\":\"JusticeInfo.net\",\"description\":\"La justice doit \u00eatre vue pour \u00eatre rendue\",\"publisher\":{\"@id\":\"https:\/\/www.justiceinfo.net\/fr#organization\"},\"potentialAction\":[{\"@type\":\"SearchAction\",\"target\":{\"@type\":\"EntryPoint\",\"urlTemplate\":\"https:\/\/www.justiceinfo.net\/fr?s={search_term_string}\"},\"query-input\":{\"@type\":\"PropertyValueSpecification\",\"valueRequired\":true,\"valueName\":\"search_term_string\"}}],\"inLanguage\":\"fr-FR\"},{\"@type\":\"Organization\",\"@id\":\"https:\/\/www.justiceinfo.net\/fr#organization\",\"name\":\"Justice Info\",\"url\":\"https:\/\/www.justiceinfo.net\/fr\",\"logo\":{\"@type\":\"ImageObject\",\"inLanguage\":\"fr-FR\",\"@id\":\"https:\/\/www.justiceinfo.net\/fr#\/schema\/logo\/image\/\",\"url\":\"https:\/\/www.justiceinfo.net\/wp-content\/uploads\/justiceinfo_logo-trans_1200x1200px.png\",\"contentUrl\":\"https:\/\/www.justiceinfo.net\/wp-content\/uploads\/justiceinfo_logo-trans_1200x1200px.png\",\"width\":1199,\"height\":1200,\"caption\":\"Justice Info\"},\"image\":{\"@id\":\"https:\/\/www.justiceinfo.net\/fr#\/schema\/logo\/image\/\"},\"sameAs\":[\"https:\/\/www.facebook.com\/JusticeInfo\/\",\"https:\/\/x.com\/justiceinfonet\",\"https:\/\/www.linkedin.com\/company\/justice-info\",\"https:\/\/www.youtube.com\/channel\/UCyCEsARodyuWtkWyhn-e7pA\"]},{\"@type\":\"Person\",\"name\":\"AFP\",\"url\":\"\/fr\/?s=AFP\"}]}<\/script>\n<!-- \/ Yoast SEO Premium plugin. -->","yoast_head_json":{"title":"Togo: treize ans apr\u00e8s les violences, la r\u00e9conciliation reste difficile - JusticeInfo.net","robots":{"index":"index","follow":"follow","max-snippet":"max-snippet:-1","max-image-preview":"max-image-preview:large","max-video-preview":"max-video-preview:-1"},"canonical":"https:\/\/www.justiceinfo.net\/fr\/37591-togo-treize-ans-apres-les-violences-la-reconciliation-reste-difficile.html","og_locale":"fr_FR","og_type":"article","og_title":"Togo: treize ans apr\u00e8s les violences, la r\u00e9conciliation reste difficile","og_description":"Depuis les violences post-\u00e9lectorales de 2005 dans sa ville d'Atakpam\u00e9, au coeur du Togo, Afia Bassan, 42 ans, ne peut plus marcher et parle difficilement. Aujourd'hui, son fr\u00e8re la porte pour qu'elle vienne chercher un ch\u00e8que de compensation offert par l'Etat togolais au nom de la r\u00e9conciliation nationale. \"Les gens ont emport\u00e9 tous ses stocks [&hellip;]","og_url":"https:\/\/www.justiceinfo.net\/fr\/37591-togo-treize-ans-apres-les-violences-la-reconciliation-reste-difficile.html","og_site_name":"JusticeInfo.net","article_publisher":"https:\/\/www.facebook.com\/JusticeInfo\/","article_published_time":"2018-05-24T04:25:06+00:00","og_image":[{"width":1200,"height":630,"url":"https:\/\/www.justiceinfo.net\/wp-content\/uploads\/JusticeInfoNet_logo_1200x630px.jpg","type":"image\/jpeg"}],"author":"AFP","twitter_card":"summary_large_image","twitter_creator":"@justiceinfonet","twitter_site":"@justiceinfonet","twitter_misc":{"\u00c9crit par":"AFP","Dur\u00e9e de lecture estim\u00e9e":"4 minutes"},"schema":{"@context":"https:\/\/schema.org","@graph":[{"@type":"NewsArticle","@id":"https:\/\/www.justiceinfo.net\/fr\/37591-togo-treize-ans-apres-les-violences-la-reconciliation-reste-difficile.html#article","isPartOf":{"@id":"https:\/\/www.justiceinfo.net\/fr\/37591-togo-treize-ans-apres-les-violences-la-reconciliation-reste-difficile.html"},"author":{"name":"afp","@id":"https:\/\/www.justiceinfo.net\/fr#\/schema\/person\/713d340ef5f218fc36ce9b4244364a7f"},"headline":"Togo: treize ans apr\u00e8s les violences, la r\u00e9conciliation reste difficile","datePublished":"2018-05-24T04:25:06+00:00","mainEntityOfPage":{"@id":"https:\/\/www.justiceinfo.net\/fr\/37591-togo-treize-ans-apres-les-violences-la-reconciliation-reste-difficile.html"},"wordCount":894,"commentCount":0,"publisher":{"@id":"https:\/\/www.justiceinfo.net\/fr#organization"},"articleSection":["R\u00e9conciliation"],"inLanguage":"fr-FR","potentialAction":[{"@type":"CommentAction","name":"Comment","target":["https:\/\/www.justiceinfo.net\/fr\/37591-togo-treize-ans-apres-les-violences-la-reconciliation-reste-difficile.html#respond"]}]},{"@type":"WebPage","@id":"https:\/\/www.justiceinfo.net\/fr\/37591-togo-treize-ans-apres-les-violences-la-reconciliation-reste-difficile.html","url":"https:\/\/www.justiceinfo.net\/fr\/37591-togo-treize-ans-apres-les-violences-la-reconciliation-reste-difficile.html","name":"Togo: treize ans apr\u00e8s les violences, la r\u00e9conciliation reste difficile - JusticeInfo.net","isPartOf":{"@id":"https:\/\/www.justiceinfo.net\/fr#website"},"datePublished":"2018-05-24T04:25:06+00:00","breadcrumb":{"@id":"https:\/\/www.justiceinfo.net\/fr\/37591-togo-treize-ans-apres-les-violences-la-reconciliation-reste-difficile.html#breadcrumb"},"inLanguage":"fr-FR","potentialAction":[{"@type":"ReadAction","target":["https:\/\/www.justiceinfo.net\/fr\/37591-togo-treize-ans-apres-les-violences-la-reconciliation-reste-difficile.html"]}]},{"@type":"BreadcrumbList","@id":"https:\/\/www.justiceinfo.net\/fr\/37591-togo-treize-ans-apres-les-violences-la-reconciliation-reste-difficile.html#breadcrumb","itemListElement":[{"@type":"ListItem","position":1,"name":"Home","item":"https:\/\/www.justiceinfo.net\/fr"},{"@type":"ListItem","position":2,"name":"Togo: treize ans apr\u00e8s les violences, la r\u00e9conciliation reste difficile"}]},{"@type":"WebSite","@id":"https:\/\/www.justiceinfo.net\/fr#website","url":"https:\/\/www.justiceinfo.net\/fr","name":"JusticeInfo.net","description":"La justice doit \u00eatre vue pour \u00eatre rendue","publisher":{"@id":"https:\/\/www.justiceinfo.net\/fr#organization"},"potentialAction":[{"@type":"SearchAction","target":{"@type":"EntryPoint","urlTemplate":"https:\/\/www.justiceinfo.net\/fr?s={search_term_string}"},"query-input":{"@type":"PropertyValueSpecification","valueRequired":true,"valueName":"search_term_string"}}],"inLanguage":"fr-FR"},{"@type":"Organization","@id":"https:\/\/www.justiceinfo.net\/fr#organization","name":"Justice Info","url":"https:\/\/www.justiceinfo.net\/fr","logo":{"@type":"ImageObject","inLanguage":"fr-FR","@id":"https:\/\/www.justiceinfo.net\/fr#\/schema\/logo\/image\/","url":"https:\/\/www.justiceinfo.net\/wp-content\/uploads\/justiceinfo_logo-trans_1200x1200px.png","contentUrl":"https:\/\/www.justiceinfo.net\/wp-content\/uploads\/justiceinfo_logo-trans_1200x1200px.png","width":1199,"height":1200,"caption":"Justice Info"},"image":{"@id":"https:\/\/www.justiceinfo.net\/fr#\/schema\/logo\/image\/"},"sameAs":["https:\/\/www.facebook.com\/JusticeInfo\/","https:\/\/x.com\/justiceinfonet","https:\/\/www.linkedin.com\/company\/justice-info","https:\/\/www.youtube.com\/channel\/UCyCEsARodyuWtkWyhn-e7pA"]},{"@type":"Person","name":"AFP","url":"\/fr\/?s=AFP"}]}},"_links":{"self":[{"href":"https:\/\/www.justiceinfo.net\/fr\/wp-json\/wp\/v2\/posts\/37591","targetHints":{"allow":["GET"]}}],"collection":[{"href":"https:\/\/www.justiceinfo.net\/fr\/wp-json\/wp\/v2\/posts"}],"about":[{"href":"https:\/\/www.justiceinfo.net\/fr\/wp-json\/wp\/v2\/types\/post"}],"author":[{"embeddable":true,"href":"https:\/\/www.justiceinfo.net\/fr\/wp-json\/wp\/v2\/users\/60"}],"replies":[{"embeddable":true,"href":"https:\/\/www.justiceinfo.net\/fr\/wp-json\/wp\/v2\/comments?post=37591"}],"version-history":[{"count":0,"href":"https:\/\/www.justiceinfo.net\/fr\/wp-json\/wp\/v2\/posts\/37591\/revisions"}],"wp:attachment":[{"href":"https:\/\/www.justiceinfo.net\/fr\/wp-json\/wp\/v2\/media?parent=37591"}],"wp:term":[{"taxonomy":"category","embeddable":true,"href":"https:\/\/www.justiceinfo.net\/fr\/wp-json\/wp\/v2\/categories?post=37591"},{"taxonomy":"post_tag","embeddable":true,"href":"https:\/\/www.justiceinfo.net\/fr\/wp-json\/wp\/v2\/tags?post=37591"},{"taxonomy":"ji_location","embeddable":true,"href":"https:\/\/www.justiceinfo.net\/fr\/wp-json\/wp\/v2\/ji_location?post=37591"}],"curies":[{"name":"wp","href":"https:\/\/api.w.org\/{rel}","templated":true}]}}