{"id":37629,"date":"2018-05-30T07:21:13","date_gmt":"2018-05-30T05:21:13","guid":{"rendered":"https:\/\/www.justiceinfo.net\/37629-cour-d-assises-de-paris-gravement-mis-en-cause-par-des-condamnes-deux-anciens-maires-rwandais-denon.html"},"modified":"2023-06-23T20:51:58","modified_gmt":"2023-06-23T18:51:58","slug":"cour-d-assises-de-paris-gravement-mis-en-cause-par-des-condamnes-deux-anciens-maires-rwandais-denon","status":"publish","type":"post","link":"https:\/\/www.justiceinfo.net\/fr\/37629-cour-d-assises-de-paris-gravement-mis-en-cause-par-des-condamnes-deux-anciens-maires-rwandais-denon.html","title":{"rendered":"A Paris, deux ex maires rwandais gravement mis en cause par des condamn\u00e9s, d\u00e9noncent des \u00ab montages \u00bb"},"content":{"rendered":"<div class=\"content-excerpt\">\n<p><strong><em>Ouvert d\u00e9but mai, le proc\u00e8s en appel de deux anciens maires condamn\u00e9s pour g\u00e9nocide dans la commune rurale de Kabarondo, dans l\u2019est du Rwanda, se poursuit devant les Assises \u00e0 Paris. Au cours de la semaine du 21 au 25 mai, le procureur a cit\u00e9 \u00e0 l\u2019appui de sa th\u00e8se des t\u00e9moins condamn\u00e9s au Rwanda pour leur r\u00f4le dans le g\u00e9nocide ainsi qu\u2019un enqu\u00eateur fran\u00e7ais. Dans leurs d\u00e9positions, ils ont accus\u00e9 les anciens maires Tito Barahira et Octavien Ngenzi d\u2019avoir jou\u00e9 un r\u00f4le central dans les massacres de Tutsi le 13 avril 1994 \u00e0 l\u2019Eglise de Kabarondo. Des t\u00e9moignages que la d\u00e9fense a qualifi\u00e9s de \u00ab\u00a0montages\u00a0\u00bb et \u00ab\u00a0affirmations gratuites\u00a0\u00bb. <\/em><\/strong><\/p>\n<\/div>\n<p>C\u2019est un cousin de Barahira qui ouvre le d\u00e9fil\u00e9 des t\u00e9moins condamn\u00e9s. Ancien responsable administratif local, il p\u00e8se ses mots. Comme s\u2019il avait peur de s\u2019accuser lui-m\u00eame, lui fait remarquer la juge pr\u00e9sidente Xavi\u00e8re Simeoni. Il \u00e9voque tout de m\u00eame une rencontre le 13 avril 1994 avec son cousin et ex -maire, \u00e0 la crois\u00e9e de deux chemins. \u00ab\u00a0Gardez cet endroit pour que des voleurs ne s\u2019infiltrent pas\u00a0\u00bb, demande Barahira \u00e0 un groupe de jeunes rencontr\u00e9s \u00e0 ce carrefour. Ce t\u00e9moin, condamn\u00e9 par la justice de son pays \u00e0 19 ans de prison pour son r\u00f4le dans le g\u00e9nocide, finira par admettre que ces jeunes tenaient en fait un barrage routier. Apr\u00e8s s\u2019\u00eatre adress\u00e9 au groupe, Barahira poursuit sa route. Mais on apprendra, toujours selon le t\u00e9moin, que des pillages avaient eu lieu en cet endroit, apr\u00e8s le passage de l\u2019ex-maire.<\/p>\n<p>Quant au maire en titre pendant le g\u00e9nocide, Octavien Ngenzi, le t\u00e9moin dit \u00eatre all\u00e9, en sa qualit\u00e9 de \u00ab\u00a0conseiller de secteur adjoint\u00a0\u00bb, le voir au bureau communal, pour l\u2019alerter, car \u00ab\u00a0la situation commen\u00e7ait \u00e0 se d\u00e9t\u00e9riorer\u00a0\u00bb. Mais le maire Ngenzi n\u2019a pas agi, accuse le t\u00e9moin, affirmant qu\u2019il ne reverra les deux accus\u00e9s que de l\u2019autre c\u00f4t\u00e9 de la fronti\u00e8re, dans un camp de r\u00e9fugi\u00e9s en Tanzanie.<\/p>\n<p>Quatre autres t\u00e9moins condamn\u00e9s pour leur r\u00f4le dans le g\u00e9nocide \u00e0 Kabarondo seront entendus. Prenant soin, \u00e0 l\u2019instar du premier, de ne pas s\u2019accuser eux-m\u00eames. Une constante cependant se d\u00e9gage de leurs d\u00e9positions\u00a0: Tito Barahira a convoqu\u00e9 et dirig\u00e9 une r\u00e9union d\u2019appel \u00e0 \u00ab\u00a0assurer la s\u00e9curit\u00e9\u00a0\u00bb, le 13 avril\u00a01994. \u00ab\u00a0Assurer la s\u00e9curit\u00e9\u00a0\u00bb voulait bien dire \u00ab\u00a0tuer les Tutsi\u00a0\u00bb, selon ces t\u00e9moins, qui ont ajout\u00e9 que cette r\u00e9union avait \u00e9t\u00e9 directement suivie de massacres.<\/p>\n<p>Pour ce qui est de Ngenzi, un seul t\u00e9moin, Samuel Nsengiyumva, a racont\u00e9 avoir vu passer sa voiture sur la route macadamis\u00e9e, appelant \u00e0 ne pas avoir peur si on entendait beaucoup de bruit, une allusion, selon la d\u00e9position, aux massacres du 13 avril \u00e0 l\u2019\u00e9glise catholique de Kabarondo.<\/p>\n<h3><strong>Les d\u00e9placements de Ngenzi<\/strong><\/h3>\n<p>La Cour a par ailleurs entendu un enqu\u00eateur fran\u00e7ais, le lieutenant Olivier Griffoul. Ce dernier a dirig\u00e9 une unit\u00e9 de recherches au Rwanda de 2006 \u00e0 2014 dans le cadre des enqu\u00eates du P\u00f4le g\u00e9nocide et crimes contre l\u2019humanit\u00e9. Selon ce lieutenant, qui a s\u00e9journ\u00e9 plusieurs fois au Rwanda, des tueries ont eu lieu assez vite dans les cellules environnantes de Kabarondo, au lendemain de l\u2019attentat contre l\u2019avion du pr\u00e9sident Juv\u00e9nal Habyarimana, le 6 avril 1994. Les Tutsi cherchent refuge \u00e0 l\u2019\u00e9glise, un lieu traditionnellement consid\u00e9r\u00e9 comme un havre de paix.\u00a0 Mais la \u00ab\u00a0maison de Dieu\u00a0\u00bb est attaqu\u00e9e le 13 avril 1994, alors que s\u2019y trouvent terr\u00e9es entre 2000 et 3000 personnes. Les \u00e9v\u00e9nements s\u2019acc\u00e9l\u00e8rent avec les massacres de l\u2019\u00e9glise, du Centre de Sant\u00e9 et du centre d\u2019alphab\u00e9tisation, des structures situ\u00e9es toutes aux abords du bureau communal. Selon le lieutenant Olivier Griffoul, Ngenzi va peu \u00e0 peu prendre conscience que les Hutu ne r\u00e9pondent pas en masse \u00e0 l\u2019appel pour aller tuer. Et le t\u00e9moin d\u2019\u00e9voquer divers d\u00e9placements du maire, vers le chef-lieu de la pr\u00e9fecture, \u00e0 Kibungo, notamment pour chercher des renforts.<\/p>\n<p>Et Barahira? Il avait des activit\u00e9s en p\u00e9riph\u00e9rie de Kabarondo, selon l\u2019enqu\u00eateur. Ex- maire, qui a la responsabilit\u00e9 des miliciens Interahamwe de Kabarondo d\u00e8s 1991, il a gard\u00e9 une certaine autorit\u00e9, dont il a d\u2019ailleurs us\u00e9 pour appeler au meurtre des Tutsi. C\u2019\u00e9tait un leader charismatique, r\u00e9sume le lieutenant.<\/p>\n<h3><strong>Cela s\u2019appelle \u00ab\u00a0techniquer\u00a0\u00bb<\/strong><\/h3>\n<p>Pour la d\u00e9fense, les d\u00e9positions de ces t\u00e9moins condamn\u00e9s sont mont\u00e9es de toutes pi\u00e8ces et les affirmations de l\u2019enqu\u00eateur simplement gratuites. \u00ab\u00a0On m\u2019a rapport\u00e9, on m\u2019a dit, je n\u2019ai pas vu\u2026\u00a0\u00bb<em>,<\/em> raille Ma\u00eetre Benjamin Chouai pour la d\u00e9fense de Ngenzi<em>. <\/em>Puis l\u2019avocat fait remarquer que son client \u00ab\u00a0n\u2019avait pas d\u2019arme !\u00a0\u00bb. \u00ab\u00a0Qu\u2019attendre d\u2019un homme d\u00e9sarm\u00e9 ?\u00a0\u00bb, interroge-t-il, avant de sugg\u00e9rer que m\u00eame s\u2019il avait \u00e9t\u00e9 arm\u00e9, Ngenzi n\u2019aurait rien pu face \u00e0 des tueurs aguerris et lourdement arm\u00e9s venus du chef-lieu de la pr\u00e9fecture. \u00ab\u00a0Ngenzi n\u2019avait pas besoin d\u2019une arme pour affirmer son autorit\u00e9 !\u00a0\u00bb, r\u00e9pond le lieutenant Griffoul.<\/p>\n<p>Quand Ngenzi prend lui-m\u00eame la parole devant la Cour, il qualifie de \u00ab\u00a0montages\u00a0\u00bb les accusations port\u00e9es contre lui. Pour lui, l\u2019abb\u00e9 Oreste Incimatata, qui \u00e9tait charg\u00e9 de la paroisse Kabarondo, \u00e0 l\u2019\u00e9poque des faits, est le principal architecte de ces \u00ab\u00a0montages\u00a0\u00bb. S\u2019agissant des t\u00e9moins condamn\u00e9s, il affirme qu\u2019ils veulent se racheter aux yeux du Front patriotique rwandais (FPR) au pouvoir depuis juillet 1994. Au Rwanda, cela s\u2019appelle \u00ab\u00a0techniquer\u00a0\u00bb, un n\u00e9ologisme pour dire \u00ab\u00a0fabriquer\u00a0\u00bb, conclut l\u2019ex- maire, accusant l\u2019actuel gouvernement de cr\u00e9er un foss\u00e9 entre ses administr\u00e9s Hutu et Tutsi.<\/p>\n<p>Les t\u00e9moignages sur le massacre de l\u2019\u00e9glise de Kabarondo se poursuivent avec notamment les auditions de l\u2019\u00e9pouse et du fils de Ngenzi, cit\u00e9s par la d\u00e9fense, et de l\u2019ancien cur\u00e9 de la paroisse, pour l\u2019accusation.<\/p>\n","protected":false},"excerpt":{"rendered":"<p>Ouvert d\u00e9but mai, le proc\u00e8s en appel de deux anciens maires condamn\u00e9s pour g\u00e9nocide dans la commune rurale de Kabarondo, dans l\u2019est du Rwanda, se poursuit devant les Assises \u00e0 Paris. Au cours de la semaine du 21 au 25 mai, le procureur a cit\u00e9 \u00e0 l\u2019appui de sa th\u00e8se des t\u00e9moins condamn\u00e9s au Rwanda [&hellip;]<\/p>\n","protected":false},"author":96,"featured_media":64750,"comment_status":"open","ping_status":"closed","sticky":false,"template":"","format":"standard","meta":{"_acf_changed":false,"footnotes":""},"categories":[574],"tags":[],"ji_location":[2430],"class_list":["post-37629","post","type-post","status-publish","format-standard","has-post-thumbnail","hentry","category-tribunaux-nationaux","ji_location-rwanda"],"acf":[],"yoast_head":"<!-- This site is optimized with the Yoast SEO Premium plugin v25.3.1 (Yoast SEO v25.3.1) - https:\/\/yoast.com\/wordpress\/plugins\/seo\/ -->\n<title>A Paris, deux ex maires rwandais gravement mis en cause par des condamn\u00e9s, d\u00e9noncent des \u00ab montages \u00bb - JusticeInfo.net<\/title>\n<meta name=\"robots\" content=\"index, follow, max-snippet:-1, max-image-preview:large, max-video-preview:-1\" \/>\n<link rel=\"canonical\" href=\"https:\/\/www.justiceinfo.net\/fr\/37629-cour-d-assises-de-paris-gravement-mis-en-cause-par-des-condamnes-deux-anciens-maires-rwandais-denon.html\" \/>\n<meta property=\"og:locale\" content=\"fr_FR\" \/>\n<meta property=\"og:type\" content=\"article\" \/>\n<meta property=\"og:title\" content=\"A Paris, deux ex maires rwandais gravement mis en cause par des condamn\u00e9s, d\u00e9noncent des \u00ab montages \u00bb\" \/>\n<meta property=\"og:description\" content=\"Ouvert d\u00e9but mai, le proc\u00e8s en appel de deux anciens maires condamn\u00e9s pour g\u00e9nocide dans la commune rurale de Kabarondo, dans l\u2019est du Rwanda, se poursuit devant les Assises \u00e0 Paris. Au cours de la semaine du 21 au 25 mai, le procureur a cit\u00e9 \u00e0 l\u2019appui de sa th\u00e8se des t\u00e9moins condamn\u00e9s au Rwanda [&hellip;]\" \/>\n<meta property=\"og:url\" content=\"https:\/\/www.justiceinfo.net\/fr\/37629-cour-d-assises-de-paris-gravement-mis-en-cause-par-des-condamnes-deux-anciens-maires-rwandais-denon.html\" \/>\n<meta property=\"og:site_name\" content=\"JusticeInfo.net\" \/>\n<meta property=\"article:publisher\" content=\"https:\/\/www.facebook.com\/JusticeInfo\/\" \/>\n<meta property=\"article:published_time\" content=\"2018-05-30T05:21:13+00:00\" \/>\n<meta property=\"article:modified_time\" content=\"2023-06-23T18:51:58+00:00\" \/>\n<meta property=\"og:image\" content=\"https:\/\/www.justiceinfo.net\/wp-content\/uploads\/1a56106d99a1e187be20faeb6062bb5e-scaled.jpg\" \/>\n\t<meta property=\"og:image:width\" content=\"2560\" \/>\n\t<meta property=\"og:image:height\" content=\"1727\" \/>\n\t<meta property=\"og:image:type\" content=\"image\/jpeg\" \/>\n<meta name=\"author\" content=\"Emmanuel Sehene Ruvugiro, envoy\u00e9 sp\u00e9cial \u00e0 Paris\" \/>\n<meta name=\"twitter:card\" content=\"summary_large_image\" \/>\n<meta name=\"twitter:creator\" content=\"@justiceinfonet\" \/>\n<meta name=\"twitter:site\" content=\"@justiceinfonet\" \/>\n<meta name=\"twitter:label1\" content=\"\u00c9crit par\" \/>\n\t<meta name=\"twitter:data1\" content=\"Emmanuel Sehene Ruvugiro, envoy\u00e9 sp\u00e9cial \u00e0 Paris\" \/>\n\t<meta name=\"twitter:label2\" content=\"Dur\u00e9e de lecture estim\u00e9e\" \/>\n\t<meta name=\"twitter:data2\" content=\"5 minutes\" \/>\n<script type=\"application\/ld+json\" class=\"yoast-schema-graph\">{\"@context\":\"https:\/\/schema.org\",\"@graph\":[{\"@type\":\"NewsArticle\",\"@id\":\"https:\/\/www.justiceinfo.net\/fr\/37629-cour-d-assises-de-paris-gravement-mis-en-cause-par-des-condamnes-deux-anciens-maires-rwandais-denon.html#article\",\"isPartOf\":{\"@id\":\"https:\/\/www.justiceinfo.net\/fr\/37629-cour-d-assises-de-paris-gravement-mis-en-cause-par-des-condamnes-deux-anciens-maires-rwandais-denon.html\"},\"author\":{\"name\":\"Emmanuel Sehene Ruvugiro\",\"@id\":\"https:\/\/www.justiceinfo.net\/fr#\/schema\/person\/50845ccbd0bb3101563378236ebe5e32\"},\"headline\":\"A Paris, deux ex maires rwandais gravement mis en cause par des condamn\u00e9s, d\u00e9noncent des \u00ab montages \u00bb\",\"datePublished\":\"2018-05-30T05:21:13+00:00\",\"dateModified\":\"2023-06-23T18:51:58+00:00\",\"mainEntityOfPage\":{\"@id\":\"https:\/\/www.justiceinfo.net\/fr\/37629-cour-d-assises-de-paris-gravement-mis-en-cause-par-des-condamnes-deux-anciens-maires-rwandais-denon.html\"},\"wordCount\":1045,\"commentCount\":0,\"publisher\":{\"@id\":\"https:\/\/www.justiceinfo.net\/fr#organization\"},\"image\":{\"@id\":\"https:\/\/www.justiceinfo.net\/fr\/37629-cour-d-assises-de-paris-gravement-mis-en-cause-par-des-condamnes-deux-anciens-maires-rwandais-denon.html#primaryimage\"},\"thumbnailUrl\":\"https:\/\/www.justiceinfo.net\/wp-content\/uploads\/1a56106d99a1e187be20faeb6062bb5e-scaled.jpg\",\"articleSection\":[\"Tribunaux nationaux\"],\"inLanguage\":\"fr-FR\",\"potentialAction\":[{\"@type\":\"CommentAction\",\"name\":\"Comment\",\"target\":[\"https:\/\/www.justiceinfo.net\/fr\/37629-cour-d-assises-de-paris-gravement-mis-en-cause-par-des-condamnes-deux-anciens-maires-rwandais-denon.html#respond\"]}]},{\"@type\":\"WebPage\",\"@id\":\"https:\/\/www.justiceinfo.net\/fr\/37629-cour-d-assises-de-paris-gravement-mis-en-cause-par-des-condamnes-deux-anciens-maires-rwandais-denon.html\",\"url\":\"https:\/\/www.justiceinfo.net\/fr\/37629-cour-d-assises-de-paris-gravement-mis-en-cause-par-des-condamnes-deux-anciens-maires-rwandais-denon.html\",\"name\":\"A Paris, deux ex maires rwandais gravement mis en cause par des condamn\u00e9s, d\u00e9noncent des \u00ab montages \u00bb - JusticeInfo.net\",\"isPartOf\":{\"@id\":\"https:\/\/www.justiceinfo.net\/fr#website\"},\"primaryImageOfPage\":{\"@id\":\"https:\/\/www.justiceinfo.net\/fr\/37629-cour-d-assises-de-paris-gravement-mis-en-cause-par-des-condamnes-deux-anciens-maires-rwandais-denon.html#primaryimage\"},\"image\":{\"@id\":\"https:\/\/www.justiceinfo.net\/fr\/37629-cour-d-assises-de-paris-gravement-mis-en-cause-par-des-condamnes-deux-anciens-maires-rwandais-denon.html#primaryimage\"},\"thumbnailUrl\":\"https:\/\/www.justiceinfo.net\/wp-content\/uploads\/1a56106d99a1e187be20faeb6062bb5e-scaled.jpg\",\"datePublished\":\"2018-05-30T05:21:13+00:00\",\"dateModified\":\"2023-06-23T18:51:58+00:00\",\"breadcrumb\":{\"@id\":\"https:\/\/www.justiceinfo.net\/fr\/37629-cour-d-assises-de-paris-gravement-mis-en-cause-par-des-condamnes-deux-anciens-maires-rwandais-denon.html#breadcrumb\"},\"inLanguage\":\"fr-FR\",\"potentialAction\":[{\"@type\":\"ReadAction\",\"target\":[\"https:\/\/www.justiceinfo.net\/fr\/37629-cour-d-assises-de-paris-gravement-mis-en-cause-par-des-condamnes-deux-anciens-maires-rwandais-denon.html\"]}]},{\"@type\":\"ImageObject\",\"inLanguage\":\"fr-FR\",\"@id\":\"https:\/\/www.justiceinfo.net\/fr\/37629-cour-d-assises-de-paris-gravement-mis-en-cause-par-des-condamnes-deux-anciens-maires-rwandais-denon.html#primaryimage\",\"url\":\"https:\/\/www.justiceinfo.net\/wp-content\/uploads\/1a56106d99a1e187be20faeb6062bb5e-scaled.jpg\",\"contentUrl\":\"https:\/\/www.justiceinfo.net\/wp-content\/uploads\/1a56106d99a1e187be20faeb6062bb5e-scaled.jpg\",\"width\":2560,\"height\":1727},{\"@type\":\"BreadcrumbList\",\"@id\":\"https:\/\/www.justiceinfo.net\/fr\/37629-cour-d-assises-de-paris-gravement-mis-en-cause-par-des-condamnes-deux-anciens-maires-rwandais-denon.html#breadcrumb\",\"itemListElement\":[{\"@type\":\"ListItem\",\"position\":1,\"name\":\"Home\",\"item\":\"https:\/\/www.justiceinfo.net\/fr\"},{\"@type\":\"ListItem\",\"position\":2,\"name\":\"A Paris, deux ex maires rwandais gravement mis en cause par des condamn\u00e9s, d\u00e9noncent des \u00ab montages \u00bb\"}]},{\"@type\":\"WebSite\",\"@id\":\"https:\/\/www.justiceinfo.net\/fr#website\",\"url\":\"https:\/\/www.justiceinfo.net\/fr\",\"name\":\"JusticeInfo.net\",\"description\":\"La justice doit \u00eatre vue pour \u00eatre rendue\",\"publisher\":{\"@id\":\"https:\/\/www.justiceinfo.net\/fr#organization\"},\"potentialAction\":[{\"@type\":\"SearchAction\",\"target\":{\"@type\":\"EntryPoint\",\"urlTemplate\":\"https:\/\/www.justiceinfo.net\/fr?s={search_term_string}\"},\"query-input\":{\"@type\":\"PropertyValueSpecification\",\"valueRequired\":true,\"valueName\":\"search_term_string\"}}],\"inLanguage\":\"fr-FR\"},{\"@type\":\"Organization\",\"@id\":\"https:\/\/www.justiceinfo.net\/fr#organization\",\"name\":\"Justice Info\",\"url\":\"https:\/\/www.justiceinfo.net\/fr\",\"logo\":{\"@type\":\"ImageObject\",\"inLanguage\":\"fr-FR\",\"@id\":\"https:\/\/www.justiceinfo.net\/fr#\/schema\/logo\/image\/\",\"url\":\"https:\/\/www.justiceinfo.net\/wp-content\/uploads\/justiceinfo_logo-trans_1200x1200px.png\",\"contentUrl\":\"https:\/\/www.justiceinfo.net\/wp-content\/uploads\/justiceinfo_logo-trans_1200x1200px.png\",\"width\":1199,\"height\":1200,\"caption\":\"Justice Info\"},\"image\":{\"@id\":\"https:\/\/www.justiceinfo.net\/fr#\/schema\/logo\/image\/\"},\"sameAs\":[\"https:\/\/www.facebook.com\/JusticeInfo\/\",\"https:\/\/x.com\/justiceinfonet\",\"https:\/\/www.linkedin.com\/company\/justice-info\",\"https:\/\/www.youtube.com\/channel\/UCyCEsARodyuWtkWyhn-e7pA\"]},{\"@type\":\"Person\",\"name\":\"Emmanuel Sehene Ruvugiro, envoy\u00e9 sp\u00e9cial \u00e0 Paris\",\"url\":\"https:\/\/www.justiceinfo.net\/fr\/auteur\/emmanuelseheneruvugiro\"}]}<\/script>\n<!-- \/ Yoast SEO Premium plugin. -->","yoast_head_json":{"title":"A Paris, deux ex maires rwandais gravement mis en cause par des condamn\u00e9s, d\u00e9noncent des \u00ab montages \u00bb - JusticeInfo.net","robots":{"index":"index","follow":"follow","max-snippet":"max-snippet:-1","max-image-preview":"max-image-preview:large","max-video-preview":"max-video-preview:-1"},"canonical":"https:\/\/www.justiceinfo.net\/fr\/37629-cour-d-assises-de-paris-gravement-mis-en-cause-par-des-condamnes-deux-anciens-maires-rwandais-denon.html","og_locale":"fr_FR","og_type":"article","og_title":"A Paris, deux ex maires rwandais gravement mis en cause par des condamn\u00e9s, d\u00e9noncent des \u00ab montages \u00bb","og_description":"Ouvert d\u00e9but mai, le proc\u00e8s en appel de deux anciens maires condamn\u00e9s pour g\u00e9nocide dans la commune rurale de Kabarondo, dans l\u2019est du Rwanda, se poursuit devant les Assises \u00e0 Paris. Au cours de la semaine du 21 au 25 mai, le procureur a cit\u00e9 \u00e0 l\u2019appui de sa th\u00e8se des t\u00e9moins condamn\u00e9s au Rwanda [&hellip;]","og_url":"https:\/\/www.justiceinfo.net\/fr\/37629-cour-d-assises-de-paris-gravement-mis-en-cause-par-des-condamnes-deux-anciens-maires-rwandais-denon.html","og_site_name":"JusticeInfo.net","article_publisher":"https:\/\/www.facebook.com\/JusticeInfo\/","article_published_time":"2018-05-30T05:21:13+00:00","article_modified_time":"2023-06-23T18:51:58+00:00","og_image":[{"width":2560,"height":1727,"url":"https:\/\/www.justiceinfo.net\/wp-content\/uploads\/1a56106d99a1e187be20faeb6062bb5e-scaled.jpg","type":"image\/jpeg"}],"author":"Emmanuel Sehene Ruvugiro, envoy\u00e9 sp\u00e9cial \u00e0 Paris","twitter_card":"summary_large_image","twitter_creator":"@justiceinfonet","twitter_site":"@justiceinfonet","twitter_misc":{"\u00c9crit par":"Emmanuel Sehene Ruvugiro, envoy\u00e9 sp\u00e9cial \u00e0 Paris","Dur\u00e9e de lecture estim\u00e9e":"5 minutes"},"schema":{"@context":"https:\/\/schema.org","@graph":[{"@type":"NewsArticle","@id":"https:\/\/www.justiceinfo.net\/fr\/37629-cour-d-assises-de-paris-gravement-mis-en-cause-par-des-condamnes-deux-anciens-maires-rwandais-denon.html#article","isPartOf":{"@id":"https:\/\/www.justiceinfo.net\/fr\/37629-cour-d-assises-de-paris-gravement-mis-en-cause-par-des-condamnes-deux-anciens-maires-rwandais-denon.html"},"author":{"name":"Emmanuel Sehene Ruvugiro","@id":"https:\/\/www.justiceinfo.net\/fr#\/schema\/person\/50845ccbd0bb3101563378236ebe5e32"},"headline":"A Paris, deux ex maires rwandais gravement mis en cause par des condamn\u00e9s, d\u00e9noncent des \u00ab montages \u00bb","datePublished":"2018-05-30T05:21:13+00:00","dateModified":"2023-06-23T18:51:58+00:00","mainEntityOfPage":{"@id":"https:\/\/www.justiceinfo.net\/fr\/37629-cour-d-assises-de-paris-gravement-mis-en-cause-par-des-condamnes-deux-anciens-maires-rwandais-denon.html"},"wordCount":1045,"commentCount":0,"publisher":{"@id":"https:\/\/www.justiceinfo.net\/fr#organization"},"image":{"@id":"https:\/\/www.justiceinfo.net\/fr\/37629-cour-d-assises-de-paris-gravement-mis-en-cause-par-des-condamnes-deux-anciens-maires-rwandais-denon.html#primaryimage"},"thumbnailUrl":"https:\/\/www.justiceinfo.net\/wp-content\/uploads\/1a56106d99a1e187be20faeb6062bb5e-scaled.jpg","articleSection":["Tribunaux nationaux"],"inLanguage":"fr-FR","potentialAction":[{"@type":"CommentAction","name":"Comment","target":["https:\/\/www.justiceinfo.net\/fr\/37629-cour-d-assises-de-paris-gravement-mis-en-cause-par-des-condamnes-deux-anciens-maires-rwandais-denon.html#respond"]}]},{"@type":"WebPage","@id":"https:\/\/www.justiceinfo.net\/fr\/37629-cour-d-assises-de-paris-gravement-mis-en-cause-par-des-condamnes-deux-anciens-maires-rwandais-denon.html","url":"https:\/\/www.justiceinfo.net\/fr\/37629-cour-d-assises-de-paris-gravement-mis-en-cause-par-des-condamnes-deux-anciens-maires-rwandais-denon.html","name":"A Paris, deux ex maires rwandais gravement mis en cause par des condamn\u00e9s, d\u00e9noncent des \u00ab montages \u00bb - JusticeInfo.net","isPartOf":{"@id":"https:\/\/www.justiceinfo.net\/fr#website"},"primaryImageOfPage":{"@id":"https:\/\/www.justiceinfo.net\/fr\/37629-cour-d-assises-de-paris-gravement-mis-en-cause-par-des-condamnes-deux-anciens-maires-rwandais-denon.html#primaryimage"},"image":{"@id":"https:\/\/www.justiceinfo.net\/fr\/37629-cour-d-assises-de-paris-gravement-mis-en-cause-par-des-condamnes-deux-anciens-maires-rwandais-denon.html#primaryimage"},"thumbnailUrl":"https:\/\/www.justiceinfo.net\/wp-content\/uploads\/1a56106d99a1e187be20faeb6062bb5e-scaled.jpg","datePublished":"2018-05-30T05:21:13+00:00","dateModified":"2023-06-23T18:51:58+00:00","breadcrumb":{"@id":"https:\/\/www.justiceinfo.net\/fr\/37629-cour-d-assises-de-paris-gravement-mis-en-cause-par-des-condamnes-deux-anciens-maires-rwandais-denon.html#breadcrumb"},"inLanguage":"fr-FR","potentialAction":[{"@type":"ReadAction","target":["https:\/\/www.justiceinfo.net\/fr\/37629-cour-d-assises-de-paris-gravement-mis-en-cause-par-des-condamnes-deux-anciens-maires-rwandais-denon.html"]}]},{"@type":"ImageObject","inLanguage":"fr-FR","@id":"https:\/\/www.justiceinfo.net\/fr\/37629-cour-d-assises-de-paris-gravement-mis-en-cause-par-des-condamnes-deux-anciens-maires-rwandais-denon.html#primaryimage","url":"https:\/\/www.justiceinfo.net\/wp-content\/uploads\/1a56106d99a1e187be20faeb6062bb5e-scaled.jpg","contentUrl":"https:\/\/www.justiceinfo.net\/wp-content\/uploads\/1a56106d99a1e187be20faeb6062bb5e-scaled.jpg","width":2560,"height":1727},{"@type":"BreadcrumbList","@id":"https:\/\/www.justiceinfo.net\/fr\/37629-cour-d-assises-de-paris-gravement-mis-en-cause-par-des-condamnes-deux-anciens-maires-rwandais-denon.html#breadcrumb","itemListElement":[{"@type":"ListItem","position":1,"name":"Home","item":"https:\/\/www.justiceinfo.net\/fr"},{"@type":"ListItem","position":2,"name":"A Paris, deux ex maires rwandais gravement mis en cause par des condamn\u00e9s, d\u00e9noncent des \u00ab montages \u00bb"}]},{"@type":"WebSite","@id":"https:\/\/www.justiceinfo.net\/fr#website","url":"https:\/\/www.justiceinfo.net\/fr","name":"JusticeInfo.net","description":"La justice doit \u00eatre vue pour \u00eatre rendue","publisher":{"@id":"https:\/\/www.justiceinfo.net\/fr#organization"},"potentialAction":[{"@type":"SearchAction","target":{"@type":"EntryPoint","urlTemplate":"https:\/\/www.justiceinfo.net\/fr?s={search_term_string}"},"query-input":{"@type":"PropertyValueSpecification","valueRequired":true,"valueName":"search_term_string"}}],"inLanguage":"fr-FR"},{"@type":"Organization","@id":"https:\/\/www.justiceinfo.net\/fr#organization","name":"Justice Info","url":"https:\/\/www.justiceinfo.net\/fr","logo":{"@type":"ImageObject","inLanguage":"fr-FR","@id":"https:\/\/www.justiceinfo.net\/fr#\/schema\/logo\/image\/","url":"https:\/\/www.justiceinfo.net\/wp-content\/uploads\/justiceinfo_logo-trans_1200x1200px.png","contentUrl":"https:\/\/www.justiceinfo.net\/wp-content\/uploads\/justiceinfo_logo-trans_1200x1200px.png","width":1199,"height":1200,"caption":"Justice Info"},"image":{"@id":"https:\/\/www.justiceinfo.net\/fr#\/schema\/logo\/image\/"},"sameAs":["https:\/\/www.facebook.com\/JusticeInfo\/","https:\/\/x.com\/justiceinfonet","https:\/\/www.linkedin.com\/company\/justice-info","https:\/\/www.youtube.com\/channel\/UCyCEsARodyuWtkWyhn-e7pA"]},{"@type":"Person","name":"Emmanuel Sehene Ruvugiro, envoy\u00e9 sp\u00e9cial \u00e0 Paris","url":"https:\/\/www.justiceinfo.net\/fr\/auteur\/emmanuelseheneruvugiro"}]}},"_links":{"self":[{"href":"https:\/\/www.justiceinfo.net\/fr\/wp-json\/wp\/v2\/posts\/37629","targetHints":{"allow":["GET"]}}],"collection":[{"href":"https:\/\/www.justiceinfo.net\/fr\/wp-json\/wp\/v2\/posts"}],"about":[{"href":"https:\/\/www.justiceinfo.net\/fr\/wp-json\/wp\/v2\/types\/post"}],"author":[{"embeddable":true,"href":"https:\/\/www.justiceinfo.net\/fr\/wp-json\/wp\/v2\/users\/96"}],"replies":[{"embeddable":true,"href":"https:\/\/www.justiceinfo.net\/fr\/wp-json\/wp\/v2\/comments?post=37629"}],"version-history":[{"count":1,"href":"https:\/\/www.justiceinfo.net\/fr\/wp-json\/wp\/v2\/posts\/37629\/revisions"}],"predecessor-version":[{"id":118470,"href":"https:\/\/www.justiceinfo.net\/fr\/wp-json\/wp\/v2\/posts\/37629\/revisions\/118470"}],"wp:featuredmedia":[{"embeddable":true,"href":"https:\/\/www.justiceinfo.net\/fr\/wp-json\/wp\/v2\/media\/64750"}],"wp:attachment":[{"href":"https:\/\/www.justiceinfo.net\/fr\/wp-json\/wp\/v2\/media?parent=37629"}],"wp:term":[{"taxonomy":"category","embeddable":true,"href":"https:\/\/www.justiceinfo.net\/fr\/wp-json\/wp\/v2\/categories?post=37629"},{"taxonomy":"post_tag","embeddable":true,"href":"https:\/\/www.justiceinfo.net\/fr\/wp-json\/wp\/v2\/tags?post=37629"},{"taxonomy":"ji_location","embeddable":true,"href":"https:\/\/www.justiceinfo.net\/fr\/wp-json\/wp\/v2\/ji_location?post=37629"}],"curies":[{"name":"wp","href":"https:\/\/api.w.org\/{rel}","templated":true}]}}