{"id":37639,"date":"2018-06-06T08:53:38","date_gmt":"2018-06-06T06:53:38","guid":{"rendered":"https:\/\/www.justiceinfo.net\/37639-tribunal-sur-le-liban-un-temoin-proche-de-la-syrie-veut-demolir-une-enquete-controversee.html"},"modified":"2018-06-06T08:53:38","modified_gmt":"2018-06-06T06:53:38","slug":"tribunal-sur-le-liban-un-temoin-proche-de-la-syrie-veut-demolir-une-enquete-controversee","status":"publish","type":"post","link":"https:\/\/www.justiceinfo.net\/fr\/37639-tribunal-sur-le-liban-un-temoin-proche-de-la-syrie-veut-demolir-une-enquete-controversee.html","title":{"rendered":"Tribunal sur le Liban : un g\u00e9n\u00e9ral proche de la Syrie tente de d\u00e9molir une enqu\u00eate controvers\u00e9e"},"content":{"rendered":"<div class=\"content-excerpt\">\n<p>Le proc\u00e8s des \u00ab\u00a0sympathisants du Hezbollah\u00a0\u00bb arrive \u00e0 son terme. L\u2019avant dernier t\u00e9moin de ce qui reste l\u2019unique proc\u00e8s organis\u00e9 devant le Tribunal sp\u00e9cial pour le Liban a commenc\u00e9 \u00e0 d\u00e9poser mardi 5 juin. L\u2019ex directeur de la Suret\u00e9 g\u00e9n\u00e9rale du Liban, Jamil Al-Sayed, a r\u00e9veill\u00e9 les fant\u00f4mes pass\u00e9s d\u2019une enqu\u00eate controvers\u00e9e et assur\u00e9 que ni la Syrie, ni le Hezbollah, n\u2019avaient int\u00e9r\u00eats \u00e0 \u00e9liminer l\u2019ex premier ministre libanais, Rafic Hariri.<\/p>\n<\/div>\n<p>\u00a0Jamil Al-Sayed aurait pu d\u00e9poser depuis le box des accus\u00e9s du Tribunal sp\u00e9cial pour le Liban (TSL). C\u2019est \u00e0 la barre des t\u00e9moins que l\u2019ancien directeur de la Suret\u00e9 g\u00e9n\u00e9rale du Liban s\u2019est pr\u00e9sent\u00e9, mardi 5 juin, r\u00e9veillant les fant\u00f4mes d\u2019une enqu\u00eate controvers\u00e9e. Comme trois autres g\u00e9n\u00e9raux libanais, r\u00e9put\u00e9s pro-syriens, le g\u00e9n\u00e9ral Al-Sayed a pass\u00e9 pr\u00e8s de quatre ans en prison, d\u2019ao\u00fbt 2005 \u00e0 mai 2009, \u00e0 la demande du chef de la Commission d\u2019enqu\u00eate internationale cr\u00e9\u00e9e par l\u2019Onu au lendemain de l\u2019attentat contre l\u2019ex premier ministre Rafic Hariri, le 14 f\u00e9vrier 2005, au c\u0153ur de Beyrouth. Cette Commission avait pr\u00e9c\u00e9d\u00e9 la cr\u00e9ation du Tribunal, issu d\u2019un accord entre l\u2019Onu et le gouvernement libanais. Le premier acte des juges avait \u00e9t\u00e9, en avril 2009, d\u2019ordonner la mise en lib\u00e9ration des quatre officiers, incarc\u00e9r\u00e9s sans charges. Comme pour d\u00e9tendre l\u2019atmosph\u00e8re, mardi 5 juin, le pr\u00e9sident de la chambre de premi\u00e8re instance, David R\u00e9, a \u00ab\u00a0plant\u00e9 le d\u00e9cor\u00a0\u00bb en commen\u00e7ant par congratuler l\u2019accus\u00e9 pour sa victoire aux \u00e9lections l\u00e9gislatives libanaises d\u00e9but mai. Les juges avaient bien tent\u00e9 d\u2019\u00e9carter ce t\u00e9moignage, interrogeant sans rel\u00e2che les avocats sur l\u2019int\u00e9r\u00eat d\u2019une telle d\u00e9position qui pour le tribunal aurait pu s\u2019av\u00e9rer sulfureuse. David R\u00e9 a donc d\u2019entr\u00e9e tent\u00e9 de d\u00e9miner le terrain en \u00e9voquant l\u2019absence de professionnalisme des premiers enqu\u00eateurs \u2013 qui sous la coupe du juge allemand Detlev Mehlis avaient fait incarc\u00e9rer le t\u00e9moin. Puis curieusement, le juge n\u00e9o-z\u00e9landais lui a rappel\u00e9 les r\u00e8gles du \u00ab\u00a0jeu\u00a0\u00bb\u00a0: le procureur pourrait utiliser d\u2019autres d\u00e9lits pour lesquels il aurait \u00e9t\u00e9 impliqu\u00e9. \u00ab\u00a0Je suis fier de mon histoire\u00a0!\u00a0\u00bb\u00a0a r\u00e9torqu\u00e9 Jamil Al-Sayed. \u00ab\u00a0Ils ont travaill\u00e9 d\u2019arrache-pied pour me faire condamner.\u00a0J\u2019\u00e9tais d\u00e9tenu par mes ennemis, ils ont \u00e9chou\u00e9\u00a0\u00bb.<\/p>\n<h3><strong>Le t\u00e9moin d\u00e9douane la Syrie<\/strong><\/h3>\n<p>La d\u00e9position de Jamil Al-Sayed est l\u2019avant-derni\u00e8re du proc\u00e8s de cinq \u00ab\u00a0sympathisants du Hezbollah\u00a0\u00bb, ouvert en janvier 2014. Selon le procureur, Moustafa Badreddine et Salim Ayache, deux cadres du Hezbollah, auraient coordonn\u00e9 les op\u00e9rations et organis\u00e9 la surveillance de Rafic Hariri quatre mois avant sa mort. Quant \u00e0 Hussein Oneissi et Hassan Sabra, ils auraient pr\u00e9par\u00e9 une fausse revendication destin\u00e9e \u00e0 brouiller les pistes. Un cinqui\u00e8me accus\u00e9, Hassan Merhi, a \u00e9t\u00e9 par la suite joint \u00e0 l\u2019affaire. Mais faute d\u2019arrestation, les accus\u00e9s sont jug\u00e9s in absentia. Et l\u2019accus\u00e9 cl\u00e9, celui de l\u2019ex chef militaire du Hezbollah, Moustafa Badreddine, est d\u00e9sormais cl\u00f4t suite \u00e0 son d\u00e9c\u00e8s en 2016 dans des combats proches de Damas. Selon les t\u00e9moins du procureur, Rafic Hariri aurait \u00e9t\u00e9 \u00e9limin\u00e9 pour avoir voulu mettre en \u0153uvre la r\u00e9solution 1559 de l\u2019Onu, qui demandait le d\u00e9sarmement du Hezbollah et visait un retrait de la Syrie, qui exerce alors une forme de tutelle sur le Liban depuis la fin de la guerre civile en 1989. Mais pour le t\u00e9moin, appel\u00e9 \u00e0 la barre par les avocats d\u2019Hussein Oneissi, ni la Syrie, ni le Hezbollah, n\u2019auraient eu int\u00e9r\u00eat \u00e0 son \u00e9limination sous 1200 tonnes de TNT plant\u00e9 au coeur de Beyrouth, et faisant 22 morts et 226 bless\u00e9s. Qui plus est, rappelle-t-il, son assassinat a conduit au retrait des Syriens, point\u00e9 du doigt dans l\u2019attentat, par l\u2019opposition qui manifeste en masse, et les Occidentaux. Sans l\u2019aval syrien, Rafic Hariri n\u2019aurait pas pu rester pendant six ans Premier ministre, assure encore le t\u00e9moin sous les questions de ma\u00eetre Courcelle-Labrousse, l\u2019avocat d\u2019Hussein Oneissi. \u00ab\u00a0Grace \u00e0 son amiti\u00e9 avec la Syrie\u00a0\u00bb, l\u2019homme d\u2019affaires sunnite a pu cr\u00e9er Solid\u00e8re - sa soci\u00e9t\u00e9 immobili\u00e8re - et a pu contr\u00f4ler Beyrouth.<\/p>\n<h3><strong>Une sc\u00e8ne de crime pollu\u00e9e <\/strong><\/h3>\n<p>La d\u00e9position de Jamil Al-Sayed vise aussi \u00e0 discr\u00e9diter l\u2019enqu\u00eate du procureur. \u00ab\u00a0Pour le crime qui nous pr\u00e9occupe, nous n\u2019avons pas pu d\u00e9voiler la v\u00e9rit\u00e9 \u00bb, regrette l\u2019officier libanais. Il assure avoir mis \u00e0 jours les six lignes de t\u00e9l\u00e9phones portables qui forment aujourd\u2019hui le c\u0153ur de la preuve de l\u2019accusation. Mais, l\u2019interpelle le juge David R\u00e9, quelques heures seulement apr\u00e8s l\u2019explosion, le crat\u00e8re a \u00e9t\u00e9 combl\u00e9, et les v\u00e9hicules retir\u00e9s du site. \u00ab\u00a0Ca pollue l\u2019int\u00e9grit\u00e9 de la sc\u00e8ne de crime. C\u2019est extraordinaire d\u2019agir ainsi, non\u00a0?\u00a0\u00bb De petites erreurs, pour le t\u00e9moin, qui d\u00e9nonce alors la Commission d\u2019enqu\u00eate. \u00ab\u00a0J\u2019ai refus\u00e9 de porter un faux t\u00e9moignage. Et ils se sont retourn\u00e9s contre moi\u00a0\u00bb dit-il. Et il raconte. \u00ab\u00a0L\u2019officier des renseignements allemands en poste au Liban m\u2019a dit que l\u2019\u00e9quipe d\u2019enqu\u00eate voulait venir chez moi\u00a0\u00bb. Le 31 mai 2005, ils sont re\u00e7us \u00e0 son domicile. \u00ab\u00a0Ils m\u2019ont demand\u00e9 de transmettre un message \u00e0 Assad [Bachar el Assad, pr\u00e9sident syrien]. De lui dire de constituer une contre-enqu\u00eate syrienne, avec des juges syriens, qui choisiront une victime de poids comme Rostom Ghazale\u00a0\u00bb, alors chef du renseignement militaire syrien au Liban. Selon le sc\u00e9nario qu\u2019\u00e9voque le t\u00e9moin, la victime en question devra admettre l\u2019assassinat de l\u2019ex Premier ministre, \u00ab\u00a0sur la base d\u2019un d\u00e9saccord financier\u00a0\u00bb, puis \u00eatre \u00ab\u00a0tu\u00e9e dans un accident de voiture\u00a0(\u2026) Ensuite, nous aurons un accord avec Assad du type de celui de Lockerbie. Je lui ai dit \u2018avez-vous des preuves selon lesquelles la Syrie a particip\u00e9 \u00e0 ce crime\u00a0?\u2019\u00a0\u00bb Quelques jours plus tard, Gerhard Lehmann rencontre de nouveau le t\u00e9moin. \u00ab\u00a0Il m\u2019a dit\u00a0: \u2018nous avons des t\u00e9moins. Pensez \u00e0 votre avenir. Passez du bon c\u00f4t\u00e9 de l\u2019histoire. Choisissez quelqu\u2019un, un officier syrien (\u2026) Trouve une victime, sinon ce sera toi\u2019 \u00bb. Jamil al-Sayed refuse. A la barre, le d\u00e9put\u00e9 pr\u00e9cise\u00a0: \u00ab\u00a0Si la Syrie est criminelle, il faut que la Syrie paie le prix et c\u2019est ce que j\u2019ai dit \u00e0 Mehlis [juge alors en charge de la Commission d\u2019enqu\u00eate internationale]. Je suis d\u2019accord sur le plan politique [avec le r\u00e9gime syrien], pas sur le plan criminel\u00a0\u00bb dit-il. Le 30 ao\u00fbt, Jamil Al-Sayed et les trois g\u00e9n\u00e9raux en charge de l\u2019appareil s\u00e9curitaire libanais sont arr\u00eat\u00e9s. \u00ab\u00a0J\u2019ai dit \u00e0 Lehmann, \u2018lorsque je regarde vos yeux vitreux, je me rends compte qu\u2019Hitler est toujours vivant.\u2019\u00a0\u00bb La d\u00e9position de l\u2019officier doit se poursuivre jusqu\u2019au 7 juin.<\/p>\n<p>A ce jour, le bilan du Tribunal pour le Liban est maigre : une erreur judiciaire, quatre accus\u00e9s jug\u00e9s in absentia, le cinqui\u00e8me mort au combat en Syrie, la condamnation d\u2019un journal - Al Akhbar \u2013 pour avoir publi\u00e9 une liste de t\u00e9moins\u2026 Au final, et treize ans apr\u00e8s l\u2019attentat, le nom de ses commanditaires reste inconnu. Quant aux enqu\u00eates connexes qui visent les attentats perp\u00e9tr\u00e9s contre de nombreux d\u00e9put\u00e9s au d\u00e9but des ann\u00e9es 2000, et dont le procureur devait aussi se charger, aucun dossier n\u2019est pr\u00eat.<\/p>\n<p>\u00a0<\/p>\n<p>\u00a0<\/p>\n","protected":false},"excerpt":{"rendered":"<p>Le proc\u00e8s des \u00ab\u00a0sympathisants du Hezbollah\u00a0\u00bb arrive \u00e0 son terme. L\u2019avant dernier t\u00e9moin de ce qui reste l\u2019unique proc\u00e8s organis\u00e9 devant le Tribunal sp\u00e9cial pour le Liban a commenc\u00e9 \u00e0 d\u00e9poser mardi 5 juin. L\u2019ex directeur de la Suret\u00e9 g\u00e9n\u00e9rale du Liban, Jamil Al-Sayed, a r\u00e9veill\u00e9 les fant\u00f4mes pass\u00e9s d\u2019une enqu\u00eate controvers\u00e9e et assur\u00e9 que [&hellip;]<\/p>\n","protected":false},"author":64,"featured_media":62824,"comment_status":"open","ping_status":"closed","sticky":false,"template":"","format":"standard","meta":{"_acf_changed":false,"footnotes":""},"categories":[547],"tags":[],"ji_location":[2312],"class_list":["post-37639","post","type-post","status-publish","format-standard","has-post-thumbnail","hentry","category-tribunaux","ji_location-liban"],"acf":[],"yoast_head":"<!-- This site is optimized with the Yoast SEO Premium plugin v25.3.1 (Yoast SEO v25.3.1) - https:\/\/yoast.com\/wordpress\/plugins\/seo\/ -->\n<title>Tribunal sur le Liban : un g\u00e9n\u00e9ral proche de la Syrie tente de d\u00e9molir une enqu\u00eate controvers\u00e9e - JusticeInfo.net<\/title>\n<meta name=\"robots\" content=\"index, follow, max-snippet:-1, max-image-preview:large, max-video-preview:-1\" \/>\n<link rel=\"canonical\" href=\"https:\/\/www.justiceinfo.net\/fr\/37639-tribunal-sur-le-liban-un-temoin-proche-de-la-syrie-veut-demolir-une-enquete-controversee.html\" \/>\n<meta property=\"og:locale\" content=\"fr_FR\" \/>\n<meta property=\"og:type\" content=\"article\" \/>\n<meta property=\"og:title\" content=\"Tribunal sur le Liban : un g\u00e9n\u00e9ral proche de la Syrie tente de d\u00e9molir une enqu\u00eate controvers\u00e9e\" \/>\n<meta property=\"og:description\" content=\"Le proc\u00e8s des \u00ab\u00a0sympathisants du Hezbollah\u00a0\u00bb arrive \u00e0 son terme. L\u2019avant dernier t\u00e9moin de ce qui reste l\u2019unique proc\u00e8s organis\u00e9 devant le Tribunal sp\u00e9cial pour le Liban a commenc\u00e9 \u00e0 d\u00e9poser mardi 5 juin. L\u2019ex directeur de la Suret\u00e9 g\u00e9n\u00e9rale du Liban, Jamil Al-Sayed, a r\u00e9veill\u00e9 les fant\u00f4mes pass\u00e9s d\u2019une enqu\u00eate controvers\u00e9e et assur\u00e9 que [&hellip;]\" \/>\n<meta property=\"og:url\" content=\"https:\/\/www.justiceinfo.net\/fr\/37639-tribunal-sur-le-liban-un-temoin-proche-de-la-syrie-veut-demolir-une-enquete-controversee.html\" \/>\n<meta property=\"og:site_name\" content=\"JusticeInfo.net\" \/>\n<meta property=\"article:publisher\" content=\"https:\/\/www.facebook.com\/JusticeInfo\/\" \/>\n<meta property=\"article:published_time\" content=\"2018-06-06T06:53:38+00:00\" \/>\n<meta property=\"og:image\" content=\"https:\/\/www.justiceinfo.net\/wp-content\/uploads\/ab52b7918cc21e5906593780d1cc7065.jpg\" \/>\n\t<meta property=\"og:image:width\" content=\"1527\" \/>\n\t<meta property=\"og:image:height\" content=\"1977\" \/>\n\t<meta property=\"og:image:type\" content=\"image\/jpeg\" \/>\n<meta name=\"author\" content=\"St\u00e9phanie Maupas\" \/>\n<meta name=\"twitter:card\" content=\"summary_large_image\" \/>\n<meta name=\"twitter:creator\" content=\"@justiceinfonet\" \/>\n<meta name=\"twitter:site\" content=\"@justiceinfonet\" \/>\n<meta name=\"twitter:label1\" content=\"\u00c9crit par\" \/>\n\t<meta name=\"twitter:data1\" content=\"St\u00e9phanie Maupas\" \/>\n\t<meta name=\"twitter:label2\" content=\"Dur\u00e9e de lecture estim\u00e9e\" \/>\n\t<meta name=\"twitter:data2\" content=\"7 minutes\" \/>\n<script type=\"application\/ld+json\" class=\"yoast-schema-graph\">{\"@context\":\"https:\/\/schema.org\",\"@graph\":[{\"@type\":\"NewsArticle\",\"@id\":\"https:\/\/www.justiceinfo.net\/fr\/37639-tribunal-sur-le-liban-un-temoin-proche-de-la-syrie-veut-demolir-une-enquete-controversee.html#article\",\"isPartOf\":{\"@id\":\"https:\/\/www.justiceinfo.net\/fr\/37639-tribunal-sur-le-liban-un-temoin-proche-de-la-syrie-veut-demolir-une-enquete-controversee.html\"},\"author\":{\"name\":\"solivri\",\"@id\":\"https:\/\/www.justiceinfo.net\/fr#\/schema\/person\/6e53cba1629e2e66f3fc1821d3091865\"},\"headline\":\"Tribunal sur le Liban : un g\u00e9n\u00e9ral proche de la Syrie tente de d\u00e9molir une enqu\u00eate controvers\u00e9e\",\"datePublished\":\"2018-06-06T06:53:38+00:00\",\"mainEntityOfPage\":{\"@id\":\"https:\/\/www.justiceinfo.net\/fr\/37639-tribunal-sur-le-liban-un-temoin-proche-de-la-syrie-veut-demolir-une-enquete-controversee.html\"},\"wordCount\":1330,\"commentCount\":0,\"publisher\":{\"@id\":\"https:\/\/www.justiceinfo.net\/fr#organization\"},\"image\":{\"@id\":\"https:\/\/www.justiceinfo.net\/fr\/37639-tribunal-sur-le-liban-un-temoin-proche-de-la-syrie-veut-demolir-une-enquete-controversee.html#primaryimage\"},\"thumbnailUrl\":\"https:\/\/www.justiceinfo.net\/wp-content\/uploads\/ab52b7918cc21e5906593780d1cc7065.jpg\",\"articleSection\":[\"Tribunaux\"],\"inLanguage\":\"fr-FR\",\"potentialAction\":[{\"@type\":\"CommentAction\",\"name\":\"Comment\",\"target\":[\"https:\/\/www.justiceinfo.net\/fr\/37639-tribunal-sur-le-liban-un-temoin-proche-de-la-syrie-veut-demolir-une-enquete-controversee.html#respond\"]}]},{\"@type\":\"WebPage\",\"@id\":\"https:\/\/www.justiceinfo.net\/fr\/37639-tribunal-sur-le-liban-un-temoin-proche-de-la-syrie-veut-demolir-une-enquete-controversee.html\",\"url\":\"https:\/\/www.justiceinfo.net\/fr\/37639-tribunal-sur-le-liban-un-temoin-proche-de-la-syrie-veut-demolir-une-enquete-controversee.html\",\"name\":\"Tribunal sur le Liban : un g\u00e9n\u00e9ral proche de la Syrie tente de d\u00e9molir une enqu\u00eate controvers\u00e9e - JusticeInfo.net\",\"isPartOf\":{\"@id\":\"https:\/\/www.justiceinfo.net\/fr#website\"},\"primaryImageOfPage\":{\"@id\":\"https:\/\/www.justiceinfo.net\/fr\/37639-tribunal-sur-le-liban-un-temoin-proche-de-la-syrie-veut-demolir-une-enquete-controversee.html#primaryimage\"},\"image\":{\"@id\":\"https:\/\/www.justiceinfo.net\/fr\/37639-tribunal-sur-le-liban-un-temoin-proche-de-la-syrie-veut-demolir-une-enquete-controversee.html#primaryimage\"},\"thumbnailUrl\":\"https:\/\/www.justiceinfo.net\/wp-content\/uploads\/ab52b7918cc21e5906593780d1cc7065.jpg\",\"datePublished\":\"2018-06-06T06:53:38+00:00\",\"breadcrumb\":{\"@id\":\"https:\/\/www.justiceinfo.net\/fr\/37639-tribunal-sur-le-liban-un-temoin-proche-de-la-syrie-veut-demolir-une-enquete-controversee.html#breadcrumb\"},\"inLanguage\":\"fr-FR\",\"potentialAction\":[{\"@type\":\"ReadAction\",\"target\":[\"https:\/\/www.justiceinfo.net\/fr\/37639-tribunal-sur-le-liban-un-temoin-proche-de-la-syrie-veut-demolir-une-enquete-controversee.html\"]}]},{\"@type\":\"ImageObject\",\"inLanguage\":\"fr-FR\",\"@id\":\"https:\/\/www.justiceinfo.net\/fr\/37639-tribunal-sur-le-liban-un-temoin-proche-de-la-syrie-veut-demolir-une-enquete-controversee.html#primaryimage\",\"url\":\"https:\/\/www.justiceinfo.net\/wp-content\/uploads\/ab52b7918cc21e5906593780d1cc7065.jpg\",\"contentUrl\":\"https:\/\/www.justiceinfo.net\/wp-content\/uploads\/ab52b7918cc21e5906593780d1cc7065.jpg\",\"width\":1527,\"height\":1977},{\"@type\":\"BreadcrumbList\",\"@id\":\"https:\/\/www.justiceinfo.net\/fr\/37639-tribunal-sur-le-liban-un-temoin-proche-de-la-syrie-veut-demolir-une-enquete-controversee.html#breadcrumb\",\"itemListElement\":[{\"@type\":\"ListItem\",\"position\":1,\"name\":\"Home\",\"item\":\"https:\/\/www.justiceinfo.net\/fr\"},{\"@type\":\"ListItem\",\"position\":2,\"name\":\"Tribunal sur le Liban : un g\u00e9n\u00e9ral proche de la Syrie tente de d\u00e9molir une enqu\u00eate controvers\u00e9e\"}]},{\"@type\":\"WebSite\",\"@id\":\"https:\/\/www.justiceinfo.net\/fr#website\",\"url\":\"https:\/\/www.justiceinfo.net\/fr\",\"name\":\"JusticeInfo.net\",\"description\":\"La justice doit \u00eatre vue pour \u00eatre rendue\",\"publisher\":{\"@id\":\"https:\/\/www.justiceinfo.net\/fr#organization\"},\"potentialAction\":[{\"@type\":\"SearchAction\",\"target\":{\"@type\":\"EntryPoint\",\"urlTemplate\":\"https:\/\/www.justiceinfo.net\/fr?s={search_term_string}\"},\"query-input\":{\"@type\":\"PropertyValueSpecification\",\"valueRequired\":true,\"valueName\":\"search_term_string\"}}],\"inLanguage\":\"fr-FR\"},{\"@type\":\"Organization\",\"@id\":\"https:\/\/www.justiceinfo.net\/fr#organization\",\"name\":\"Justice Info\",\"url\":\"https:\/\/www.justiceinfo.net\/fr\",\"logo\":{\"@type\":\"ImageObject\",\"inLanguage\":\"fr-FR\",\"@id\":\"https:\/\/www.justiceinfo.net\/fr#\/schema\/logo\/image\/\",\"url\":\"https:\/\/www.justiceinfo.net\/wp-content\/uploads\/justiceinfo_logo-trans_1200x1200px.png\",\"contentUrl\":\"https:\/\/www.justiceinfo.net\/wp-content\/uploads\/justiceinfo_logo-trans_1200x1200px.png\",\"width\":1199,\"height\":1200,\"caption\":\"Justice Info\"},\"image\":{\"@id\":\"https:\/\/www.justiceinfo.net\/fr#\/schema\/logo\/image\/\"},\"sameAs\":[\"https:\/\/www.facebook.com\/JusticeInfo\/\",\"https:\/\/x.com\/justiceinfonet\",\"https:\/\/www.linkedin.com\/company\/justice-info\",\"https:\/\/www.youtube.com\/channel\/UCyCEsARodyuWtkWyhn-e7pA\"]},{\"@type\":\"Person\",\"name\":\"St\u00e9phanie Maupas\",\"url\":\"\/fr\/?s=St\u00e9phanie Maupas\"}]}<\/script>\n<!-- \/ Yoast SEO Premium plugin. -->","yoast_head_json":{"title":"Tribunal sur le Liban : un g\u00e9n\u00e9ral proche de la Syrie tente de d\u00e9molir une enqu\u00eate controvers\u00e9e - JusticeInfo.net","robots":{"index":"index","follow":"follow","max-snippet":"max-snippet:-1","max-image-preview":"max-image-preview:large","max-video-preview":"max-video-preview:-1"},"canonical":"https:\/\/www.justiceinfo.net\/fr\/37639-tribunal-sur-le-liban-un-temoin-proche-de-la-syrie-veut-demolir-une-enquete-controversee.html","og_locale":"fr_FR","og_type":"article","og_title":"Tribunal sur le Liban : un g\u00e9n\u00e9ral proche de la Syrie tente de d\u00e9molir une enqu\u00eate controvers\u00e9e","og_description":"Le proc\u00e8s des \u00ab\u00a0sympathisants du Hezbollah\u00a0\u00bb arrive \u00e0 son terme. L\u2019avant dernier t\u00e9moin de ce qui reste l\u2019unique proc\u00e8s organis\u00e9 devant le Tribunal sp\u00e9cial pour le Liban a commenc\u00e9 \u00e0 d\u00e9poser mardi 5 juin. L\u2019ex directeur de la Suret\u00e9 g\u00e9n\u00e9rale du Liban, Jamil Al-Sayed, a r\u00e9veill\u00e9 les fant\u00f4mes pass\u00e9s d\u2019une enqu\u00eate controvers\u00e9e et assur\u00e9 que [&hellip;]","og_url":"https:\/\/www.justiceinfo.net\/fr\/37639-tribunal-sur-le-liban-un-temoin-proche-de-la-syrie-veut-demolir-une-enquete-controversee.html","og_site_name":"JusticeInfo.net","article_publisher":"https:\/\/www.facebook.com\/JusticeInfo\/","article_published_time":"2018-06-06T06:53:38+00:00","og_image":[{"width":1527,"height":1977,"url":"https:\/\/www.justiceinfo.net\/wp-content\/uploads\/ab52b7918cc21e5906593780d1cc7065.jpg","type":"image\/jpeg"}],"author":"St\u00e9phanie Maupas","twitter_card":"summary_large_image","twitter_creator":"@justiceinfonet","twitter_site":"@justiceinfonet","twitter_misc":{"\u00c9crit par":"St\u00e9phanie Maupas","Dur\u00e9e de lecture estim\u00e9e":"7 minutes"},"schema":{"@context":"https:\/\/schema.org","@graph":[{"@type":"NewsArticle","@id":"https:\/\/www.justiceinfo.net\/fr\/37639-tribunal-sur-le-liban-un-temoin-proche-de-la-syrie-veut-demolir-une-enquete-controversee.html#article","isPartOf":{"@id":"https:\/\/www.justiceinfo.net\/fr\/37639-tribunal-sur-le-liban-un-temoin-proche-de-la-syrie-veut-demolir-une-enquete-controversee.html"},"author":{"name":"solivri","@id":"https:\/\/www.justiceinfo.net\/fr#\/schema\/person\/6e53cba1629e2e66f3fc1821d3091865"},"headline":"Tribunal sur le Liban : un g\u00e9n\u00e9ral proche de la Syrie tente de d\u00e9molir une enqu\u00eate controvers\u00e9e","datePublished":"2018-06-06T06:53:38+00:00","mainEntityOfPage":{"@id":"https:\/\/www.justiceinfo.net\/fr\/37639-tribunal-sur-le-liban-un-temoin-proche-de-la-syrie-veut-demolir-une-enquete-controversee.html"},"wordCount":1330,"commentCount":0,"publisher":{"@id":"https:\/\/www.justiceinfo.net\/fr#organization"},"image":{"@id":"https:\/\/www.justiceinfo.net\/fr\/37639-tribunal-sur-le-liban-un-temoin-proche-de-la-syrie-veut-demolir-une-enquete-controversee.html#primaryimage"},"thumbnailUrl":"https:\/\/www.justiceinfo.net\/wp-content\/uploads\/ab52b7918cc21e5906593780d1cc7065.jpg","articleSection":["Tribunaux"],"inLanguage":"fr-FR","potentialAction":[{"@type":"CommentAction","name":"Comment","target":["https:\/\/www.justiceinfo.net\/fr\/37639-tribunal-sur-le-liban-un-temoin-proche-de-la-syrie-veut-demolir-une-enquete-controversee.html#respond"]}]},{"@type":"WebPage","@id":"https:\/\/www.justiceinfo.net\/fr\/37639-tribunal-sur-le-liban-un-temoin-proche-de-la-syrie-veut-demolir-une-enquete-controversee.html","url":"https:\/\/www.justiceinfo.net\/fr\/37639-tribunal-sur-le-liban-un-temoin-proche-de-la-syrie-veut-demolir-une-enquete-controversee.html","name":"Tribunal sur le Liban : un g\u00e9n\u00e9ral proche de la Syrie tente de d\u00e9molir une enqu\u00eate controvers\u00e9e - JusticeInfo.net","isPartOf":{"@id":"https:\/\/www.justiceinfo.net\/fr#website"},"primaryImageOfPage":{"@id":"https:\/\/www.justiceinfo.net\/fr\/37639-tribunal-sur-le-liban-un-temoin-proche-de-la-syrie-veut-demolir-une-enquete-controversee.html#primaryimage"},"image":{"@id":"https:\/\/www.justiceinfo.net\/fr\/37639-tribunal-sur-le-liban-un-temoin-proche-de-la-syrie-veut-demolir-une-enquete-controversee.html#primaryimage"},"thumbnailUrl":"https:\/\/www.justiceinfo.net\/wp-content\/uploads\/ab52b7918cc21e5906593780d1cc7065.jpg","datePublished":"2018-06-06T06:53:38+00:00","breadcrumb":{"@id":"https:\/\/www.justiceinfo.net\/fr\/37639-tribunal-sur-le-liban-un-temoin-proche-de-la-syrie-veut-demolir-une-enquete-controversee.html#breadcrumb"},"inLanguage":"fr-FR","potentialAction":[{"@type":"ReadAction","target":["https:\/\/www.justiceinfo.net\/fr\/37639-tribunal-sur-le-liban-un-temoin-proche-de-la-syrie-veut-demolir-une-enquete-controversee.html"]}]},{"@type":"ImageObject","inLanguage":"fr-FR","@id":"https:\/\/www.justiceinfo.net\/fr\/37639-tribunal-sur-le-liban-un-temoin-proche-de-la-syrie-veut-demolir-une-enquete-controversee.html#primaryimage","url":"https:\/\/www.justiceinfo.net\/wp-content\/uploads\/ab52b7918cc21e5906593780d1cc7065.jpg","contentUrl":"https:\/\/www.justiceinfo.net\/wp-content\/uploads\/ab52b7918cc21e5906593780d1cc7065.jpg","width":1527,"height":1977},{"@type":"BreadcrumbList","@id":"https:\/\/www.justiceinfo.net\/fr\/37639-tribunal-sur-le-liban-un-temoin-proche-de-la-syrie-veut-demolir-une-enquete-controversee.html#breadcrumb","itemListElement":[{"@type":"ListItem","position":1,"name":"Home","item":"https:\/\/www.justiceinfo.net\/fr"},{"@type":"ListItem","position":2,"name":"Tribunal sur le Liban : un g\u00e9n\u00e9ral proche de la Syrie tente de d\u00e9molir une enqu\u00eate controvers\u00e9e"}]},{"@type":"WebSite","@id":"https:\/\/www.justiceinfo.net\/fr#website","url":"https:\/\/www.justiceinfo.net\/fr","name":"JusticeInfo.net","description":"La justice doit \u00eatre vue pour \u00eatre rendue","publisher":{"@id":"https:\/\/www.justiceinfo.net\/fr#organization"},"potentialAction":[{"@type":"SearchAction","target":{"@type":"EntryPoint","urlTemplate":"https:\/\/www.justiceinfo.net\/fr?s={search_term_string}"},"query-input":{"@type":"PropertyValueSpecification","valueRequired":true,"valueName":"search_term_string"}}],"inLanguage":"fr-FR"},{"@type":"Organization","@id":"https:\/\/www.justiceinfo.net\/fr#organization","name":"Justice Info","url":"https:\/\/www.justiceinfo.net\/fr","logo":{"@type":"ImageObject","inLanguage":"fr-FR","@id":"https:\/\/www.justiceinfo.net\/fr#\/schema\/logo\/image\/","url":"https:\/\/www.justiceinfo.net\/wp-content\/uploads\/justiceinfo_logo-trans_1200x1200px.png","contentUrl":"https:\/\/www.justiceinfo.net\/wp-content\/uploads\/justiceinfo_logo-trans_1200x1200px.png","width":1199,"height":1200,"caption":"Justice Info"},"image":{"@id":"https:\/\/www.justiceinfo.net\/fr#\/schema\/logo\/image\/"},"sameAs":["https:\/\/www.facebook.com\/JusticeInfo\/","https:\/\/x.com\/justiceinfonet","https:\/\/www.linkedin.com\/company\/justice-info","https:\/\/www.youtube.com\/channel\/UCyCEsARodyuWtkWyhn-e7pA"]},{"@type":"Person","name":"St\u00e9phanie Maupas","url":"\/fr\/?s=St\u00e9phanie Maupas"}]}},"_links":{"self":[{"href":"https:\/\/www.justiceinfo.net\/fr\/wp-json\/wp\/v2\/posts\/37639","targetHints":{"allow":["GET"]}}],"collection":[{"href":"https:\/\/www.justiceinfo.net\/fr\/wp-json\/wp\/v2\/posts"}],"about":[{"href":"https:\/\/www.justiceinfo.net\/fr\/wp-json\/wp\/v2\/types\/post"}],"author":[{"embeddable":true,"href":"https:\/\/www.justiceinfo.net\/fr\/wp-json\/wp\/v2\/users\/64"}],"replies":[{"embeddable":true,"href":"https:\/\/www.justiceinfo.net\/fr\/wp-json\/wp\/v2\/comments?post=37639"}],"version-history":[{"count":0,"href":"https:\/\/www.justiceinfo.net\/fr\/wp-json\/wp\/v2\/posts\/37639\/revisions"}],"wp:featuredmedia":[{"embeddable":true,"href":"https:\/\/www.justiceinfo.net\/fr\/wp-json\/wp\/v2\/media\/62824"}],"wp:attachment":[{"href":"https:\/\/www.justiceinfo.net\/fr\/wp-json\/wp\/v2\/media?parent=37639"}],"wp:term":[{"taxonomy":"category","embeddable":true,"href":"https:\/\/www.justiceinfo.net\/fr\/wp-json\/wp\/v2\/categories?post=37639"},{"taxonomy":"post_tag","embeddable":true,"href":"https:\/\/www.justiceinfo.net\/fr\/wp-json\/wp\/v2\/tags?post=37639"},{"taxonomy":"ji_location","embeddable":true,"href":"https:\/\/www.justiceinfo.net\/fr\/wp-json\/wp\/v2\/ji_location?post=37639"}],"curies":[{"name":"wp","href":"https:\/\/api.w.org\/{rel}","templated":true}]}}