{"id":37671,"date":"2018-06-10T19:28:56","date_gmt":"2018-06-10T17:28:56","guid":{"rendered":"https:\/\/www.justiceinfo.net\/37671-la-justice-internationale-s-est-auto-sabordee-en-acquittant-le-congolais-bemba.html"},"modified":"2018-06-10T19:28:56","modified_gmt":"2018-06-10T17:28:56","slug":"la-justice-internationale-s-est-auto-sabordee-en-acquittant-le-congolais-bemba","status":"publish","type":"post","link":"https:\/\/www.justiceinfo.net\/fr\/37671-la-justice-internationale-s-est-auto-sabordee-en-acquittant-le-congolais-bemba.html","title":{"rendered":"La \"pertinence\" de la CPI en question apr\u00e8s l'acquittement du Congolais Bemba"},"content":{"rendered":"<div class=\"content-excerpt\">\n<p>La Cour p\u00e9nale internationale (CPI) s'est \"auto-sabord\u00e9e\" en acquittant vendredi Jean-Pierre Bemba de crimes de guerre et de crimes contre l'humanit\u00e9, une d\u00e9cision historique qui affaiblit le message envoy\u00e9 aux pires criminels de ce monde, selon les experts.<\/p>\n<\/div>\n<p>De la peine la plus lourde \u00e0 l'acquittement: la chambre d'appel a prononc\u00e9 un revirement spectaculaire qui remet en question la capacit\u00e9 de la justice internationale \u00e0 prouver la responsabilit\u00e9 des commandants militaires.<\/p>\n<p>Jean-Pierre Bemba, ancien riche homme d'affaires devenu chef de guerre puis vice-pr\u00e9sident, avait \u00e9t\u00e9 condamn\u00e9 en premi\u00e8re instance en 2016 \u00e0 18 ans de prison en premi\u00e8re instance, la peine la plus lourde jamais impos\u00e9e par la CPI, pour les meurtres, viols et pillages commis en Centrafrique par sa milice, entre octobre 2002 et mars 2003.<\/p>\n<p>\"Pour la lutte contre l'impunit\u00e9, cette d\u00e9cision est tr\u00e8s d\u00e9cevante. Elle affaiblit s\u00e9rieusement la capacit\u00e9 de la justice internationale \u00e0 condamner des gens comme Bemba\", explique \u00e0 l'AFP Stephen Rapp, ex-ambassadeur itin\u00e9rant pour les Etats-Unis charg\u00e9 des crimes de guerre.<\/p>\n<p>Tout en respectant la d\u00e9cision des juges, M. Rapp consid\u00e8re que la CPI, fond\u00e9e en 2002 pour juger les pires crimes commis \u00e0 travers le monde, s'est mise \"en danger\" et risque de \"perdre de sa pertinence\".<\/p>\n<h3>- D\u00e9faite -<\/h3>\n<p>La chambre d'appel a estim\u00e9 que M. Bemba, qui n'\u00e9tait pas lui-m\u00eame pr\u00e9sent en Centrafrique lors des faits, n'aurait pas pu contr\u00f4ler les agissements de sa milice, le Mouvement de lib\u00e9ration du Congo (MLC), \u00e0 distance.<\/p>\n<p>\"La CPI semble dire aux chefs de guerre: tant que vous n'\u00eates pas sur les lieux, laissez donc vos troupes commettre les pires crimes et les pires abominations\", s'est exclam\u00e9e Karine Bonneau de la F\u00e9d\u00e9ration internationale des ligues des droits de l'Homme (FIDH).<\/p>\n<p>Seize ans apr\u00e8s sa cr\u00e9ation, \"la CPI vient-elle de s'auto-saborder?\", s'est-elle interrog\u00e9e quelques instants apr\u00e8s la lecture de l'acquittement.<\/p>\n<p>Le proc\u00e8s de M. Bemba, qui s'est ouvert \u00e0 La Haye en novembre 2010, \u00e9tait le premier de la CPI mettant en avant la responsabilit\u00e9 d'un commandant militaire quant \u00e0 la conduite des troupes sous son contr\u00f4le.<\/p>\n<p>Cette responsabilit\u00e9 n'a pas \u00e9t\u00e9 prouv\u00e9e, selon les juges de la chambre d'appel.<\/p>\n<p>\"C'est une d\u00e9faite pour la CPI et une illustration de l'immense complexit\u00e9 pour arriver \u00e0 prouver la responsabilit\u00e9 de quelqu'un comme Bemba\", indique Marieke de Hoon, professeur de droit international \u00e0 l'Universit\u00e9 d'Amsterdam.<\/p>\n<h3>- Pas des justiciers -<\/h3>\n<p>Mais la jeune juriste appelle \u00e0 rester \"r\u00e9aliste\" et \u00e0 ne pas tirer \u00e0 boulets rouges sur la CPI, qui \"n'est pas une commission de la v\u00e9rit\u00e9\" ni un rep\u00e8re de justiciers.<\/p>\n<p>\"Il s'agit d'une cour p\u00e9nale charg\u00e9e d'appliquer le droit international. Les \u00e9l\u00e9ments pour prouver la responsabilit\u00e9 de M. Bemba n'ont pas \u00e9t\u00e9 produits? Impossible alors de le condamner\", explique-t-elle aupr\u00e8s de l'AFP.<\/p>\n<p>L'opinion publique veut tellement rendre justice aux nombreuses victimes des criminels de guerre que les attentes plac\u00e9es en la CPI d\u00e9passent le cadre du droit, avance Mme de Hoon.<\/p>\n<p>Tout comme M. Rapp, elle propose une plus ample collaboration avec les tribunaux dans les pays concern\u00e9s pour poursuivre non seulement les chefs de guerre mais \u00e9galement les auteurs des crimes.<\/p>\n<p>L'incapacit\u00e9 de la chambre d'appel \u00e0 confirmer une condamnation \u00e0 cause de \"trous\" dans l'argumentaire de l'accusation illustre \u00e9galement le manque de moyens humains et financiers \u00e0 la CPI pour consolider ses investigations.<\/p>\n<p>- Faiblesse -<\/p>\n<p>\"Cet acquittement montre la faiblesse de la Cour, qui n'est pas assez efficace. Il faudrait davantage d'\u00e9quipes d'investigation sur place\", indique Stephen Rapp.<\/p>\n<p>\"Nous ne pouvons pas questionner le droit international ni son interpr\u00e9tation des juges. Il s'agit de consolider les argumentations afin de permettre que de tels cas ne se reproduisent pas\", poursuit-il.<\/p>\n<p>Par l'acquittement surprise de Jean-Pierre Bemba, les juges ont pris une d\u00e9cision spectaculaire, historique. Et \"courageuse\": \"les juges se sont sabord\u00e9s et ont port\u00e9 un s\u00e9rieux coup \u00e0 la l\u00e9gitimit\u00e9 et \u00e0 la cr\u00e9dibilit\u00e9 de la CPI en apportant de l'eau au moulin de ses d\u00e9tracteurs\", souligne Marieke de Hoon. \"Mais le dossier de l'accusation comportait vraiment trop de faiblesses. Cette d\u00e9cision les honore\".<\/p>\n<p>Malgr\u00e9 \"l'amertume\" du d\u00e9nouement de cette affaire, \"le droit a \u00e9t\u00e9 respect\u00e9, et c'est le seul chemin que la CPI doit suivre\".<\/p>\n","protected":false},"excerpt":{"rendered":"<p>La Cour p\u00e9nale internationale (CPI) s'est \"auto-sabord\u00e9e\" en acquittant vendredi Jean-Pierre Bemba de crimes de guerre et de crimes contre l'humanit\u00e9, une d\u00e9cision historique qui affaiblit le message envoy\u00e9 aux pires criminels de ce monde, selon les experts. De la peine la plus lourde \u00e0 l'acquittement: la chambre d'appel a prononc\u00e9 un revirement spectaculaire qui [&hellip;]<\/p>\n","protected":false},"author":60,"featured_media":66958,"comment_status":"open","ping_status":"closed","sticky":false,"template":"","format":"standard","meta":{"_acf_changed":false,"footnotes":""},"categories":[570],"tags":[],"ji_location":[2196],"class_list":["post-37671","post","type-post","status-publish","format-standard","has-post-thumbnail","hentry","category-cpi","ji_location-republique-democratique-du-congo"],"acf":[],"yoast_head":"<!-- This site is optimized with the Yoast SEO Premium plugin v25.3.1 (Yoast SEO v25.3.1) - https:\/\/yoast.com\/wordpress\/plugins\/seo\/ -->\n<title>La &quot;pertinence&quot; de la CPI en question apr\u00e8s l&#039;acquittement du Congolais Bemba - JusticeInfo.net<\/title>\n<meta name=\"robots\" content=\"index, follow, max-snippet:-1, max-image-preview:large, max-video-preview:-1\" \/>\n<link rel=\"canonical\" href=\"https:\/\/www.justiceinfo.net\/fr\/37671-la-justice-internationale-s-est-auto-sabordee-en-acquittant-le-congolais-bemba.html\" \/>\n<meta property=\"og:locale\" content=\"fr_FR\" \/>\n<meta property=\"og:type\" content=\"article\" \/>\n<meta property=\"og:title\" content=\"La &quot;pertinence&quot; de la CPI en question apr\u00e8s l&#039;acquittement du Congolais Bemba\" \/>\n<meta property=\"og:description\" content=\"La Cour p\u00e9nale internationale (CPI) s&#039;est &quot;auto-sabord\u00e9e&quot; en acquittant vendredi Jean-Pierre Bemba de crimes de guerre et de crimes contre l&#039;humanit\u00e9, une d\u00e9cision historique qui affaiblit le message envoy\u00e9 aux pires criminels de ce monde, selon les experts. De la peine la plus lourde \u00e0 l&#039;acquittement: la chambre d&#039;appel a prononc\u00e9 un revirement spectaculaire qui [&hellip;]\" \/>\n<meta property=\"og:url\" content=\"https:\/\/www.justiceinfo.net\/fr\/37671-la-justice-internationale-s-est-auto-sabordee-en-acquittant-le-congolais-bemba.html\" \/>\n<meta property=\"og:site_name\" content=\"JusticeInfo.net\" \/>\n<meta property=\"article:publisher\" content=\"https:\/\/www.facebook.com\/JusticeInfo\/\" \/>\n<meta property=\"article:published_time\" content=\"2018-06-10T17:28:56+00:00\" \/>\n<meta property=\"og:image\" content=\"https:\/\/www.justiceinfo.net\/wp-content\/uploads\/d80d389967d99ccb8b7ad313665124cd-scaled.jpg\" \/>\n\t<meta property=\"og:image:width\" content=\"2560\" \/>\n\t<meta property=\"og:image:height\" content=\"1707\" \/>\n\t<meta property=\"og:image:type\" content=\"image\/jpeg\" \/>\n<meta name=\"author\" content=\"AFP\" \/>\n<meta name=\"twitter:card\" content=\"summary_large_image\" \/>\n<meta name=\"twitter:creator\" content=\"@justiceinfonet\" \/>\n<meta name=\"twitter:site\" content=\"@justiceinfonet\" \/>\n<meta name=\"twitter:label1\" content=\"\u00c9crit par\" \/>\n\t<meta name=\"twitter:data1\" content=\"AFP\" \/>\n\t<meta name=\"twitter:label2\" content=\"Dur\u00e9e de lecture estim\u00e9e\" \/>\n\t<meta name=\"twitter:data2\" content=\"4 minutes\" \/>\n<script type=\"application\/ld+json\" class=\"yoast-schema-graph\">{\"@context\":\"https:\/\/schema.org\",\"@graph\":[{\"@type\":\"NewsArticle\",\"@id\":\"https:\/\/www.justiceinfo.net\/fr\/37671-la-justice-internationale-s-est-auto-sabordee-en-acquittant-le-congolais-bemba.html#article\",\"isPartOf\":{\"@id\":\"https:\/\/www.justiceinfo.net\/fr\/37671-la-justice-internationale-s-est-auto-sabordee-en-acquittant-le-congolais-bemba.html\"},\"author\":{\"name\":\"afp\",\"@id\":\"https:\/\/www.justiceinfo.net\/fr#\/schema\/person\/713d340ef5f218fc36ce9b4244364a7f\"},\"headline\":\"La \\\"pertinence\\\" de la CPI en question apr\u00e8s l'acquittement du Congolais Bemba\",\"datePublished\":\"2018-06-10T17:28:56+00:00\",\"mainEntityOfPage\":{\"@id\":\"https:\/\/www.justiceinfo.net\/fr\/37671-la-justice-internationale-s-est-auto-sabordee-en-acquittant-le-congolais-bemba.html\"},\"wordCount\":778,\"commentCount\":0,\"publisher\":{\"@id\":\"https:\/\/www.justiceinfo.net\/fr#organization\"},\"image\":{\"@id\":\"https:\/\/www.justiceinfo.net\/fr\/37671-la-justice-internationale-s-est-auto-sabordee-en-acquittant-le-congolais-bemba.html#primaryimage\"},\"thumbnailUrl\":\"https:\/\/www.justiceinfo.net\/wp-content\/uploads\/d80d389967d99ccb8b7ad313665124cd-scaled.jpg\",\"articleSection\":[\"CPI\"],\"inLanguage\":\"fr-FR\",\"potentialAction\":[{\"@type\":\"CommentAction\",\"name\":\"Comment\",\"target\":[\"https:\/\/www.justiceinfo.net\/fr\/37671-la-justice-internationale-s-est-auto-sabordee-en-acquittant-le-congolais-bemba.html#respond\"]}]},{\"@type\":\"WebPage\",\"@id\":\"https:\/\/www.justiceinfo.net\/fr\/37671-la-justice-internationale-s-est-auto-sabordee-en-acquittant-le-congolais-bemba.html\",\"url\":\"https:\/\/www.justiceinfo.net\/fr\/37671-la-justice-internationale-s-est-auto-sabordee-en-acquittant-le-congolais-bemba.html\",\"name\":\"La \\\"pertinence\\\" de la CPI en question apr\u00e8s l'acquittement du Congolais Bemba - JusticeInfo.net\",\"isPartOf\":{\"@id\":\"https:\/\/www.justiceinfo.net\/fr#website\"},\"primaryImageOfPage\":{\"@id\":\"https:\/\/www.justiceinfo.net\/fr\/37671-la-justice-internationale-s-est-auto-sabordee-en-acquittant-le-congolais-bemba.html#primaryimage\"},\"image\":{\"@id\":\"https:\/\/www.justiceinfo.net\/fr\/37671-la-justice-internationale-s-est-auto-sabordee-en-acquittant-le-congolais-bemba.html#primaryimage\"},\"thumbnailUrl\":\"https:\/\/www.justiceinfo.net\/wp-content\/uploads\/d80d389967d99ccb8b7ad313665124cd-scaled.jpg\",\"datePublished\":\"2018-06-10T17:28:56+00:00\",\"breadcrumb\":{\"@id\":\"https:\/\/www.justiceinfo.net\/fr\/37671-la-justice-internationale-s-est-auto-sabordee-en-acquittant-le-congolais-bemba.html#breadcrumb\"},\"inLanguage\":\"fr-FR\",\"potentialAction\":[{\"@type\":\"ReadAction\",\"target\":[\"https:\/\/www.justiceinfo.net\/fr\/37671-la-justice-internationale-s-est-auto-sabordee-en-acquittant-le-congolais-bemba.html\"]}]},{\"@type\":\"ImageObject\",\"inLanguage\":\"fr-FR\",\"@id\":\"https:\/\/www.justiceinfo.net\/fr\/37671-la-justice-internationale-s-est-auto-sabordee-en-acquittant-le-congolais-bemba.html#primaryimage\",\"url\":\"https:\/\/www.justiceinfo.net\/wp-content\/uploads\/d80d389967d99ccb8b7ad313665124cd-scaled.jpg\",\"contentUrl\":\"https:\/\/www.justiceinfo.net\/wp-content\/uploads\/d80d389967d99ccb8b7ad313665124cd-scaled.jpg\",\"width\":2560,\"height\":1707},{\"@type\":\"BreadcrumbList\",\"@id\":\"https:\/\/www.justiceinfo.net\/fr\/37671-la-justice-internationale-s-est-auto-sabordee-en-acquittant-le-congolais-bemba.html#breadcrumb\",\"itemListElement\":[{\"@type\":\"ListItem\",\"position\":1,\"name\":\"Home\",\"item\":\"https:\/\/www.justiceinfo.net\/fr\"},{\"@type\":\"ListItem\",\"position\":2,\"name\":\"La \\\"pertinence\\\" de la CPI en question apr\u00e8s l'acquittement du Congolais Bemba\"}]},{\"@type\":\"WebSite\",\"@id\":\"https:\/\/www.justiceinfo.net\/fr#website\",\"url\":\"https:\/\/www.justiceinfo.net\/fr\",\"name\":\"JusticeInfo.net\",\"description\":\"La justice doit \u00eatre vue pour \u00eatre rendue\",\"publisher\":{\"@id\":\"https:\/\/www.justiceinfo.net\/fr#organization\"},\"potentialAction\":[{\"@type\":\"SearchAction\",\"target\":{\"@type\":\"EntryPoint\",\"urlTemplate\":\"https:\/\/www.justiceinfo.net\/fr?s={search_term_string}\"},\"query-input\":{\"@type\":\"PropertyValueSpecification\",\"valueRequired\":true,\"valueName\":\"search_term_string\"}}],\"inLanguage\":\"fr-FR\"},{\"@type\":\"Organization\",\"@id\":\"https:\/\/www.justiceinfo.net\/fr#organization\",\"name\":\"Justice Info\",\"url\":\"https:\/\/www.justiceinfo.net\/fr\",\"logo\":{\"@type\":\"ImageObject\",\"inLanguage\":\"fr-FR\",\"@id\":\"https:\/\/www.justiceinfo.net\/fr#\/schema\/logo\/image\/\",\"url\":\"https:\/\/www.justiceinfo.net\/wp-content\/uploads\/justiceinfo_logo-trans_1200x1200px.png\",\"contentUrl\":\"https:\/\/www.justiceinfo.net\/wp-content\/uploads\/justiceinfo_logo-trans_1200x1200px.png\",\"width\":1199,\"height\":1200,\"caption\":\"Justice Info\"},\"image\":{\"@id\":\"https:\/\/www.justiceinfo.net\/fr#\/schema\/logo\/image\/\"},\"sameAs\":[\"https:\/\/www.facebook.com\/JusticeInfo\/\",\"https:\/\/x.com\/justiceinfonet\",\"https:\/\/www.linkedin.com\/company\/justice-info\",\"https:\/\/www.youtube.com\/channel\/UCyCEsARodyuWtkWyhn-e7pA\"]},{\"@type\":\"Person\",\"name\":\"AFP\",\"url\":\"\/fr\/?s=AFP\"}]}<\/script>\n<!-- \/ Yoast SEO Premium plugin. -->","yoast_head_json":{"title":"La \"pertinence\" de la CPI en question apr\u00e8s l'acquittement du Congolais Bemba - JusticeInfo.net","robots":{"index":"index","follow":"follow","max-snippet":"max-snippet:-1","max-image-preview":"max-image-preview:large","max-video-preview":"max-video-preview:-1"},"canonical":"https:\/\/www.justiceinfo.net\/fr\/37671-la-justice-internationale-s-est-auto-sabordee-en-acquittant-le-congolais-bemba.html","og_locale":"fr_FR","og_type":"article","og_title":"La \"pertinence\" de la CPI en question apr\u00e8s l'acquittement du Congolais Bemba","og_description":"La Cour p\u00e9nale internationale (CPI) s'est \"auto-sabord\u00e9e\" en acquittant vendredi Jean-Pierre Bemba de crimes de guerre et de crimes contre l'humanit\u00e9, une d\u00e9cision historique qui affaiblit le message envoy\u00e9 aux pires criminels de ce monde, selon les experts. De la peine la plus lourde \u00e0 l'acquittement: la chambre d'appel a prononc\u00e9 un revirement spectaculaire qui [&hellip;]","og_url":"https:\/\/www.justiceinfo.net\/fr\/37671-la-justice-internationale-s-est-auto-sabordee-en-acquittant-le-congolais-bemba.html","og_site_name":"JusticeInfo.net","article_publisher":"https:\/\/www.facebook.com\/JusticeInfo\/","article_published_time":"2018-06-10T17:28:56+00:00","og_image":[{"width":2560,"height":1707,"url":"https:\/\/www.justiceinfo.net\/wp-content\/uploads\/d80d389967d99ccb8b7ad313665124cd-scaled.jpg","type":"image\/jpeg"}],"author":"AFP","twitter_card":"summary_large_image","twitter_creator":"@justiceinfonet","twitter_site":"@justiceinfonet","twitter_misc":{"\u00c9crit par":"AFP","Dur\u00e9e de lecture estim\u00e9e":"4 minutes"},"schema":{"@context":"https:\/\/schema.org","@graph":[{"@type":"NewsArticle","@id":"https:\/\/www.justiceinfo.net\/fr\/37671-la-justice-internationale-s-est-auto-sabordee-en-acquittant-le-congolais-bemba.html#article","isPartOf":{"@id":"https:\/\/www.justiceinfo.net\/fr\/37671-la-justice-internationale-s-est-auto-sabordee-en-acquittant-le-congolais-bemba.html"},"author":{"name":"afp","@id":"https:\/\/www.justiceinfo.net\/fr#\/schema\/person\/713d340ef5f218fc36ce9b4244364a7f"},"headline":"La \"pertinence\" de la CPI en question apr\u00e8s l'acquittement du Congolais Bemba","datePublished":"2018-06-10T17:28:56+00:00","mainEntityOfPage":{"@id":"https:\/\/www.justiceinfo.net\/fr\/37671-la-justice-internationale-s-est-auto-sabordee-en-acquittant-le-congolais-bemba.html"},"wordCount":778,"commentCount":0,"publisher":{"@id":"https:\/\/www.justiceinfo.net\/fr#organization"},"image":{"@id":"https:\/\/www.justiceinfo.net\/fr\/37671-la-justice-internationale-s-est-auto-sabordee-en-acquittant-le-congolais-bemba.html#primaryimage"},"thumbnailUrl":"https:\/\/www.justiceinfo.net\/wp-content\/uploads\/d80d389967d99ccb8b7ad313665124cd-scaled.jpg","articleSection":["CPI"],"inLanguage":"fr-FR","potentialAction":[{"@type":"CommentAction","name":"Comment","target":["https:\/\/www.justiceinfo.net\/fr\/37671-la-justice-internationale-s-est-auto-sabordee-en-acquittant-le-congolais-bemba.html#respond"]}]},{"@type":"WebPage","@id":"https:\/\/www.justiceinfo.net\/fr\/37671-la-justice-internationale-s-est-auto-sabordee-en-acquittant-le-congolais-bemba.html","url":"https:\/\/www.justiceinfo.net\/fr\/37671-la-justice-internationale-s-est-auto-sabordee-en-acquittant-le-congolais-bemba.html","name":"La \"pertinence\" de la CPI en question apr\u00e8s l'acquittement du Congolais Bemba - JusticeInfo.net","isPartOf":{"@id":"https:\/\/www.justiceinfo.net\/fr#website"},"primaryImageOfPage":{"@id":"https:\/\/www.justiceinfo.net\/fr\/37671-la-justice-internationale-s-est-auto-sabordee-en-acquittant-le-congolais-bemba.html#primaryimage"},"image":{"@id":"https:\/\/www.justiceinfo.net\/fr\/37671-la-justice-internationale-s-est-auto-sabordee-en-acquittant-le-congolais-bemba.html#primaryimage"},"thumbnailUrl":"https:\/\/www.justiceinfo.net\/wp-content\/uploads\/d80d389967d99ccb8b7ad313665124cd-scaled.jpg","datePublished":"2018-06-10T17:28:56+00:00","breadcrumb":{"@id":"https:\/\/www.justiceinfo.net\/fr\/37671-la-justice-internationale-s-est-auto-sabordee-en-acquittant-le-congolais-bemba.html#breadcrumb"},"inLanguage":"fr-FR","potentialAction":[{"@type":"ReadAction","target":["https:\/\/www.justiceinfo.net\/fr\/37671-la-justice-internationale-s-est-auto-sabordee-en-acquittant-le-congolais-bemba.html"]}]},{"@type":"ImageObject","inLanguage":"fr-FR","@id":"https:\/\/www.justiceinfo.net\/fr\/37671-la-justice-internationale-s-est-auto-sabordee-en-acquittant-le-congolais-bemba.html#primaryimage","url":"https:\/\/www.justiceinfo.net\/wp-content\/uploads\/d80d389967d99ccb8b7ad313665124cd-scaled.jpg","contentUrl":"https:\/\/www.justiceinfo.net\/wp-content\/uploads\/d80d389967d99ccb8b7ad313665124cd-scaled.jpg","width":2560,"height":1707},{"@type":"BreadcrumbList","@id":"https:\/\/www.justiceinfo.net\/fr\/37671-la-justice-internationale-s-est-auto-sabordee-en-acquittant-le-congolais-bemba.html#breadcrumb","itemListElement":[{"@type":"ListItem","position":1,"name":"Home","item":"https:\/\/www.justiceinfo.net\/fr"},{"@type":"ListItem","position":2,"name":"La \"pertinence\" de la CPI en question apr\u00e8s l'acquittement du Congolais Bemba"}]},{"@type":"WebSite","@id":"https:\/\/www.justiceinfo.net\/fr#website","url":"https:\/\/www.justiceinfo.net\/fr","name":"JusticeInfo.net","description":"La justice doit \u00eatre vue pour \u00eatre rendue","publisher":{"@id":"https:\/\/www.justiceinfo.net\/fr#organization"},"potentialAction":[{"@type":"SearchAction","target":{"@type":"EntryPoint","urlTemplate":"https:\/\/www.justiceinfo.net\/fr?s={search_term_string}"},"query-input":{"@type":"PropertyValueSpecification","valueRequired":true,"valueName":"search_term_string"}}],"inLanguage":"fr-FR"},{"@type":"Organization","@id":"https:\/\/www.justiceinfo.net\/fr#organization","name":"Justice Info","url":"https:\/\/www.justiceinfo.net\/fr","logo":{"@type":"ImageObject","inLanguage":"fr-FR","@id":"https:\/\/www.justiceinfo.net\/fr#\/schema\/logo\/image\/","url":"https:\/\/www.justiceinfo.net\/wp-content\/uploads\/justiceinfo_logo-trans_1200x1200px.png","contentUrl":"https:\/\/www.justiceinfo.net\/wp-content\/uploads\/justiceinfo_logo-trans_1200x1200px.png","width":1199,"height":1200,"caption":"Justice Info"},"image":{"@id":"https:\/\/www.justiceinfo.net\/fr#\/schema\/logo\/image\/"},"sameAs":["https:\/\/www.facebook.com\/JusticeInfo\/","https:\/\/x.com\/justiceinfonet","https:\/\/www.linkedin.com\/company\/justice-info","https:\/\/www.youtube.com\/channel\/UCyCEsARodyuWtkWyhn-e7pA"]},{"@type":"Person","name":"AFP","url":"\/fr\/?s=AFP"}]}},"_links":{"self":[{"href":"https:\/\/www.justiceinfo.net\/fr\/wp-json\/wp\/v2\/posts\/37671","targetHints":{"allow":["GET"]}}],"collection":[{"href":"https:\/\/www.justiceinfo.net\/fr\/wp-json\/wp\/v2\/posts"}],"about":[{"href":"https:\/\/www.justiceinfo.net\/fr\/wp-json\/wp\/v2\/types\/post"}],"author":[{"embeddable":true,"href":"https:\/\/www.justiceinfo.net\/fr\/wp-json\/wp\/v2\/users\/60"}],"replies":[{"embeddable":true,"href":"https:\/\/www.justiceinfo.net\/fr\/wp-json\/wp\/v2\/comments?post=37671"}],"version-history":[{"count":0,"href":"https:\/\/www.justiceinfo.net\/fr\/wp-json\/wp\/v2\/posts\/37671\/revisions"}],"wp:featuredmedia":[{"embeddable":true,"href":"https:\/\/www.justiceinfo.net\/fr\/wp-json\/wp\/v2\/media\/66958"}],"wp:attachment":[{"href":"https:\/\/www.justiceinfo.net\/fr\/wp-json\/wp\/v2\/media?parent=37671"}],"wp:term":[{"taxonomy":"category","embeddable":true,"href":"https:\/\/www.justiceinfo.net\/fr\/wp-json\/wp\/v2\/categories?post=37671"},{"taxonomy":"post_tag","embeddable":true,"href":"https:\/\/www.justiceinfo.net\/fr\/wp-json\/wp\/v2\/tags?post=37671"},{"taxonomy":"ji_location","embeddable":true,"href":"https:\/\/www.justiceinfo.net\/fr\/wp-json\/wp\/v2\/ji_location?post=37671"}],"curies":[{"name":"wp","href":"https:\/\/api.w.org\/{rel}","templated":true}]}}