{"id":3777,"date":"2008-05-13T06:42:02","date_gmt":"2008-05-13T04:42:02","guid":{"rendered":"https:\/\/www.justiceinfo.net\/3777-120508-tpirkayishema-la-chambre-ordonne-au-greffe-de-designer-un-avocat-pour-un-accuse-en-fui567.html"},"modified":"2008-05-13T06:42:02","modified_gmt":"2008-05-13T04:42:02","slug":"120508-tpirkayishema-la-chambre-ordonne-au-greffe-de-designer-un-avocat-pour-un-accuse-en-fui567","status":"publish","type":"post","link":"https:\/\/www.justiceinfo.net\/fr\/3777-120508-tpirkayishema-la-chambre-ordonne-au-greffe-de-designer-un-avocat-pour-un-accuse-en-fui567.html","title":{"rendered":"12.05.08 - TPIR\/KAYISHEMA - LA CHAMBRE ORDONNE AU GREFFE DE DESIGNER UN AVOCAT POUR UN ACCUSE EN FUI"},"content":{"rendered":"<p  >\nArusha, 12 mai 2008 (FH) - Le Tribunal p\u00e9nal international pour le Rwanda (TPIR)  a ordonn\u00e9 \u00e0 son greffe de d\u00e9signer un avocat pour un accus\u00e9 en fuite, Fulgence Kayishema, qui fait l\u2019objet d\u2019une demande de renvoi vers la justice rwandaise.  <\/p>\n<p>\u00ab La chambre est d\u2019avis qu\u2019il est dans l\u2019int\u00e9r\u00eat de la justice de d\u00e9signer un conseil pour repr\u00e9senter les int\u00e9r\u00eats de l\u2019accus\u00e9 en son absence \u00bb, indique cette d\u00e9cision accessible lundi sur le site de la juridiction.\n<\/p>\n<p><!--more--><\/p>\n<p  >\nInspecteur de police judiciaire \u00e0 Kibuye (ouest), pendant le g\u00e9nocide de 1994, Kayishema est accus\u00e9 d\u2019entente en vue de commettre le g\u00e9nocide, de g\u00e9nocide et d\u2019extermination , selon l\u2019acte d\u2019accusation du 10 juin 2001. La requ\u00eate visant son transfert vers les tribunaux rwandais a \u00e9t\u00e9 d\u00e9pos\u00e9e par le bureau du procureur le 11 juin 2007. <\/p>\n<p>La d\u00e9cision ordonnant au greffe de lui d\u00e9signer un avocat a \u00e9t\u00e9 rendue \u00e0 la majorit\u00e9 des trois juges de la chambre, l\u2019un d\u2019entre eux, le K\u00e9nyan Lee Gacuiga Muthoga ayant \u00e9mis une opinion dissidente. Les autres juges sont l\u2019Argentine In\u00e9s Weinberg de Roca  (pr\u00e9sidente de la chambre) et le Tch\u00e8que Robert Fremr. Muthoga estime que la chambre aurait du statuer, en l\u2019absence d\u2019un conseil pour l\u2019accus\u00e9. <\/p>\n<p>Quatre autres accus\u00e9s, tous d\u00e9tenus par le TPIR, \u00e0 la diff\u00e9rence de Kayishema, sont vis\u00e9s par des demandes de renvoi vers les tribunaux rwandais. Le 24 avril dernier, s\u2019est d\u00e9roul\u00e9 le tout premier d\u00e9bat public sur une requ\u00eate de ce genre. C\u2019\u00e9tait dans l\u2019affaire Yussuf Munyakazi, un ancien petit commer\u00e7ant. Les transferts de certains dossiers devant des juridictions nationales font partie de la strat\u00e9gie de fin de mandat du TPIR auquel le Conseil de s\u00e9curit\u00e9 a demand\u00e9 de terminer cette ann\u00e9e les proc\u00e8s en premi\u00e8re instance. <\/p>\n<p>Bas\u00e9 \u00e0 Arusha, dans le nord de la Tanzanie, le TPIR a prononc\u00e9 \u00e0 ce jour 30 condamnations et 5 acquittements. <\/p>\n<p>ER\/PB\/GF<\/p>\n","protected":false},"excerpt":{"rendered":"<p>Arusha, 12 mai 2008 (FH) - Le Tribunal p\u00e9nal international pour le Rwanda (TPIR) a ordonn\u00e9 \u00e0 son greffe de d\u00e9signer un avocat pour un accus\u00e9 en fuite, Fulgence Kayishema, qui fait l\u2019objet d\u2019une demande de renvoi vers la justice rwandaise. \u00ab La chambre est d\u2019avis qu\u2019il est dans l\u2019int\u00e9r\u00eat de la justice de d\u00e9signer [&hellip;]<\/p>\n","protected":false},"author":64,"featured_media":0,"comment_status":"open","ping_status":"closed","sticky":false,"template":"","format":"standard","meta":{"_acf_changed":false,"footnotes":""},"categories":[554],"tags":[],"ji_location":[],"class_list":["post-3777","post","type-post","status-publish","format-standard","hentry","category-hirondellenews"],"acf":[],"yoast_head":"<!-- This site is optimized with the Yoast SEO Premium plugin v25.3.1 (Yoast SEO v25.3.1) - https:\/\/yoast.com\/wordpress\/plugins\/seo\/ -->\n<title>12.05.08 - TPIR\/KAYISHEMA - LA CHAMBRE ORDONNE AU GREFFE DE DESIGNER UN AVOCAT POUR UN ACCUSE EN FUI - JusticeInfo.net<\/title>\n<meta name=\"robots\" content=\"index, follow, max-snippet:-1, max-image-preview:large, max-video-preview:-1\" \/>\n<link rel=\"canonical\" href=\"https:\/\/www.justiceinfo.net\/fr\/3777-120508-tpirkayishema-la-chambre-ordonne-au-greffe-de-designer-un-avocat-pour-un-accuse-en-fui567.html\" \/>\n<meta property=\"og:locale\" content=\"fr_FR\" \/>\n<meta property=\"og:type\" content=\"article\" \/>\n<meta property=\"og:title\" content=\"12.05.08 - TPIR\/KAYISHEMA - LA CHAMBRE ORDONNE AU GREFFE DE DESIGNER UN AVOCAT POUR UN ACCUSE EN FUI\" \/>\n<meta property=\"og:description\" content=\"Arusha, 12 mai 2008 (FH) - Le Tribunal p\u00e9nal international pour le Rwanda (TPIR) a ordonn\u00e9 \u00e0 son greffe de d\u00e9signer un avocat pour un accus\u00e9 en fuite, Fulgence Kayishema, qui fait l\u2019objet d\u2019une demande de renvoi vers la justice rwandaise. \u00ab La chambre est d\u2019avis qu\u2019il est dans l\u2019int\u00e9r\u00eat de la justice de d\u00e9signer [&hellip;]\" \/>\n<meta property=\"og:url\" content=\"https:\/\/www.justiceinfo.net\/fr\/3777-120508-tpirkayishema-la-chambre-ordonne-au-greffe-de-designer-un-avocat-pour-un-accuse-en-fui567.html\" \/>\n<meta property=\"og:site_name\" content=\"JusticeInfo.net\" \/>\n<meta property=\"article:publisher\" content=\"https:\/\/www.facebook.com\/JusticeInfo\/\" \/>\n<meta property=\"article:published_time\" content=\"2008-05-13T04:42:02+00:00\" \/>\n<meta property=\"og:image\" content=\"https:\/\/www.justiceinfo.net\/wp-content\/uploads\/JusticeInfoNet_logo_1200x630px.jpg\" \/>\n\t<meta property=\"og:image:width\" content=\"1200\" \/>\n\t<meta property=\"og:image:height\" content=\"630\" \/>\n\t<meta property=\"og:image:type\" content=\"image\/jpeg\" \/>\n<meta name=\"author\" content=\"solivri\" \/>\n<meta name=\"twitter:card\" content=\"summary_large_image\" \/>\n<meta name=\"twitter:creator\" content=\"@justiceinfonet\" \/>\n<meta name=\"twitter:site\" content=\"@justiceinfonet\" \/>\n<meta name=\"twitter:label1\" content=\"\u00c9crit par\" \/>\n\t<meta name=\"twitter:data1\" content=\"solivri\" \/>\n\t<meta name=\"twitter:label2\" content=\"Dur\u00e9e de lecture estim\u00e9e\" \/>\n\t<meta name=\"twitter:data2\" content=\"2 minutes\" \/>\n<script type=\"application\/ld+json\" class=\"yoast-schema-graph\">{\"@context\":\"https:\/\/schema.org\",\"@graph\":[{\"@type\":\"NewsArticle\",\"@id\":\"https:\/\/www.justiceinfo.net\/fr\/3777-120508-tpirkayishema-la-chambre-ordonne-au-greffe-de-designer-un-avocat-pour-un-accuse-en-fui567.html#article\",\"isPartOf\":{\"@id\":\"https:\/\/www.justiceinfo.net\/fr\/3777-120508-tpirkayishema-la-chambre-ordonne-au-greffe-de-designer-un-avocat-pour-un-accuse-en-fui567.html\"},\"author\":{\"name\":\"solivri\",\"@id\":\"https:\/\/www.justiceinfo.net\/fr#\/schema\/person\/6e53cba1629e2e66f3fc1821d3091865\"},\"headline\":\"12.05.08 - TPIR\/KAYISHEMA - LA CHAMBRE ORDONNE AU GREFFE DE DESIGNER UN AVOCAT POUR UN ACCUSE EN FUI\",\"datePublished\":\"2008-05-13T04:42:02+00:00\",\"mainEntityOfPage\":{\"@id\":\"https:\/\/www.justiceinfo.net\/fr\/3777-120508-tpirkayishema-la-chambre-ordonne-au-greffe-de-designer-un-avocat-pour-un-accuse-en-fui567.html\"},\"wordCount\":362,\"commentCount\":0,\"publisher\":{\"@id\":\"https:\/\/www.justiceinfo.net\/fr#organization\"},\"articleSection\":[\"Hirondelle News\"],\"inLanguage\":\"fr-FR\",\"potentialAction\":[{\"@type\":\"CommentAction\",\"name\":\"Comment\",\"target\":[\"https:\/\/www.justiceinfo.net\/fr\/3777-120508-tpirkayishema-la-chambre-ordonne-au-greffe-de-designer-un-avocat-pour-un-accuse-en-fui567.html#respond\"]}]},{\"@type\":\"WebPage\",\"@id\":\"https:\/\/www.justiceinfo.net\/fr\/3777-120508-tpirkayishema-la-chambre-ordonne-au-greffe-de-designer-un-avocat-pour-un-accuse-en-fui567.html\",\"url\":\"https:\/\/www.justiceinfo.net\/fr\/3777-120508-tpirkayishema-la-chambre-ordonne-au-greffe-de-designer-un-avocat-pour-un-accuse-en-fui567.html\",\"name\":\"12.05.08 - TPIR\/KAYISHEMA - LA CHAMBRE ORDONNE AU GREFFE DE DESIGNER UN AVOCAT POUR UN ACCUSE EN FUI - JusticeInfo.net\",\"isPartOf\":{\"@id\":\"https:\/\/www.justiceinfo.net\/fr#website\"},\"datePublished\":\"2008-05-13T04:42:02+00:00\",\"breadcrumb\":{\"@id\":\"https:\/\/www.justiceinfo.net\/fr\/3777-120508-tpirkayishema-la-chambre-ordonne-au-greffe-de-designer-un-avocat-pour-un-accuse-en-fui567.html#breadcrumb\"},\"inLanguage\":\"fr-FR\",\"potentialAction\":[{\"@type\":\"ReadAction\",\"target\":[\"https:\/\/www.justiceinfo.net\/fr\/3777-120508-tpirkayishema-la-chambre-ordonne-au-greffe-de-designer-un-avocat-pour-un-accuse-en-fui567.html\"]}]},{\"@type\":\"BreadcrumbList\",\"@id\":\"https:\/\/www.justiceinfo.net\/fr\/3777-120508-tpirkayishema-la-chambre-ordonne-au-greffe-de-designer-un-avocat-pour-un-accuse-en-fui567.html#breadcrumb\",\"itemListElement\":[{\"@type\":\"ListItem\",\"position\":1,\"name\":\"Home\",\"item\":\"https:\/\/www.justiceinfo.net\/fr\"},{\"@type\":\"ListItem\",\"position\":2,\"name\":\"12.05.08 - TPIR\/KAYISHEMA - LA CHAMBRE ORDONNE AU GREFFE DE DESIGNER UN AVOCAT POUR UN ACCUSE EN FUI\"}]},{\"@type\":\"WebSite\",\"@id\":\"https:\/\/www.justiceinfo.net\/fr#website\",\"url\":\"https:\/\/www.justiceinfo.net\/fr\",\"name\":\"JusticeInfo.net\",\"description\":\"La justice doit \u00eatre vue pour \u00eatre rendue\",\"publisher\":{\"@id\":\"https:\/\/www.justiceinfo.net\/fr#organization\"},\"potentialAction\":[{\"@type\":\"SearchAction\",\"target\":{\"@type\":\"EntryPoint\",\"urlTemplate\":\"https:\/\/www.justiceinfo.net\/fr?s={search_term_string}\"},\"query-input\":{\"@type\":\"PropertyValueSpecification\",\"valueRequired\":true,\"valueName\":\"search_term_string\"}}],\"inLanguage\":\"fr-FR\"},{\"@type\":\"Organization\",\"@id\":\"https:\/\/www.justiceinfo.net\/fr#organization\",\"name\":\"Justice Info\",\"url\":\"https:\/\/www.justiceinfo.net\/fr\",\"logo\":{\"@type\":\"ImageObject\",\"inLanguage\":\"fr-FR\",\"@id\":\"https:\/\/www.justiceinfo.net\/fr#\/schema\/logo\/image\/\",\"url\":\"https:\/\/www.justiceinfo.net\/wp-content\/uploads\/justiceinfo_logo-trans_1200x1200px.png\",\"contentUrl\":\"https:\/\/www.justiceinfo.net\/wp-content\/uploads\/justiceinfo_logo-trans_1200x1200px.png\",\"width\":1199,\"height\":1200,\"caption\":\"Justice Info\"},\"image\":{\"@id\":\"https:\/\/www.justiceinfo.net\/fr#\/schema\/logo\/image\/\"},\"sameAs\":[\"https:\/\/www.facebook.com\/JusticeInfo\/\",\"https:\/\/x.com\/justiceinfonet\",\"https:\/\/www.linkedin.com\/company\/justice-info\",\"https:\/\/www.youtube.com\/channel\/UCyCEsARodyuWtkWyhn-e7pA\"]},{\"@type\":\"Person\",\"name\":\"solivri\",\"url\":\"\/fr\/?s=solivri\"}]}<\/script>\n<!-- \/ Yoast SEO Premium plugin. -->","yoast_head_json":{"title":"12.05.08 - TPIR\/KAYISHEMA - LA CHAMBRE ORDONNE AU GREFFE DE DESIGNER UN AVOCAT POUR UN ACCUSE EN FUI - JusticeInfo.net","robots":{"index":"index","follow":"follow","max-snippet":"max-snippet:-1","max-image-preview":"max-image-preview:large","max-video-preview":"max-video-preview:-1"},"canonical":"https:\/\/www.justiceinfo.net\/fr\/3777-120508-tpirkayishema-la-chambre-ordonne-au-greffe-de-designer-un-avocat-pour-un-accuse-en-fui567.html","og_locale":"fr_FR","og_type":"article","og_title":"12.05.08 - TPIR\/KAYISHEMA - LA CHAMBRE ORDONNE AU GREFFE DE DESIGNER UN AVOCAT POUR UN ACCUSE EN FUI","og_description":"Arusha, 12 mai 2008 (FH) - Le Tribunal p\u00e9nal international pour le Rwanda (TPIR) a ordonn\u00e9 \u00e0 son greffe de d\u00e9signer un avocat pour un accus\u00e9 en fuite, Fulgence Kayishema, qui fait l\u2019objet d\u2019une demande de renvoi vers la justice rwandaise. \u00ab La chambre est d\u2019avis qu\u2019il est dans l\u2019int\u00e9r\u00eat de la justice de d\u00e9signer [&hellip;]","og_url":"https:\/\/www.justiceinfo.net\/fr\/3777-120508-tpirkayishema-la-chambre-ordonne-au-greffe-de-designer-un-avocat-pour-un-accuse-en-fui567.html","og_site_name":"JusticeInfo.net","article_publisher":"https:\/\/www.facebook.com\/JusticeInfo\/","article_published_time":"2008-05-13T04:42:02+00:00","og_image":[{"width":1200,"height":630,"url":"https:\/\/www.justiceinfo.net\/wp-content\/uploads\/JusticeInfoNet_logo_1200x630px.jpg","type":"image\/jpeg"}],"author":"solivri","twitter_card":"summary_large_image","twitter_creator":"@justiceinfonet","twitter_site":"@justiceinfonet","twitter_misc":{"\u00c9crit par":"solivri","Dur\u00e9e de lecture estim\u00e9e":"2 minutes"},"schema":{"@context":"https:\/\/schema.org","@graph":[{"@type":"NewsArticle","@id":"https:\/\/www.justiceinfo.net\/fr\/3777-120508-tpirkayishema-la-chambre-ordonne-au-greffe-de-designer-un-avocat-pour-un-accuse-en-fui567.html#article","isPartOf":{"@id":"https:\/\/www.justiceinfo.net\/fr\/3777-120508-tpirkayishema-la-chambre-ordonne-au-greffe-de-designer-un-avocat-pour-un-accuse-en-fui567.html"},"author":{"name":"solivri","@id":"https:\/\/www.justiceinfo.net\/fr#\/schema\/person\/6e53cba1629e2e66f3fc1821d3091865"},"headline":"12.05.08 - TPIR\/KAYISHEMA - LA CHAMBRE ORDONNE AU GREFFE DE DESIGNER UN AVOCAT POUR UN ACCUSE EN FUI","datePublished":"2008-05-13T04:42:02+00:00","mainEntityOfPage":{"@id":"https:\/\/www.justiceinfo.net\/fr\/3777-120508-tpirkayishema-la-chambre-ordonne-au-greffe-de-designer-un-avocat-pour-un-accuse-en-fui567.html"},"wordCount":362,"commentCount":0,"publisher":{"@id":"https:\/\/www.justiceinfo.net\/fr#organization"},"articleSection":["Hirondelle News"],"inLanguage":"fr-FR","potentialAction":[{"@type":"CommentAction","name":"Comment","target":["https:\/\/www.justiceinfo.net\/fr\/3777-120508-tpirkayishema-la-chambre-ordonne-au-greffe-de-designer-un-avocat-pour-un-accuse-en-fui567.html#respond"]}]},{"@type":"WebPage","@id":"https:\/\/www.justiceinfo.net\/fr\/3777-120508-tpirkayishema-la-chambre-ordonne-au-greffe-de-designer-un-avocat-pour-un-accuse-en-fui567.html","url":"https:\/\/www.justiceinfo.net\/fr\/3777-120508-tpirkayishema-la-chambre-ordonne-au-greffe-de-designer-un-avocat-pour-un-accuse-en-fui567.html","name":"12.05.08 - TPIR\/KAYISHEMA - LA CHAMBRE ORDONNE AU GREFFE DE DESIGNER UN AVOCAT POUR UN ACCUSE EN FUI - JusticeInfo.net","isPartOf":{"@id":"https:\/\/www.justiceinfo.net\/fr#website"},"datePublished":"2008-05-13T04:42:02+00:00","breadcrumb":{"@id":"https:\/\/www.justiceinfo.net\/fr\/3777-120508-tpirkayishema-la-chambre-ordonne-au-greffe-de-designer-un-avocat-pour-un-accuse-en-fui567.html#breadcrumb"},"inLanguage":"fr-FR","potentialAction":[{"@type":"ReadAction","target":["https:\/\/www.justiceinfo.net\/fr\/3777-120508-tpirkayishema-la-chambre-ordonne-au-greffe-de-designer-un-avocat-pour-un-accuse-en-fui567.html"]}]},{"@type":"BreadcrumbList","@id":"https:\/\/www.justiceinfo.net\/fr\/3777-120508-tpirkayishema-la-chambre-ordonne-au-greffe-de-designer-un-avocat-pour-un-accuse-en-fui567.html#breadcrumb","itemListElement":[{"@type":"ListItem","position":1,"name":"Home","item":"https:\/\/www.justiceinfo.net\/fr"},{"@type":"ListItem","position":2,"name":"12.05.08 - TPIR\/KAYISHEMA - LA CHAMBRE ORDONNE AU GREFFE DE DESIGNER UN AVOCAT POUR UN ACCUSE EN FUI"}]},{"@type":"WebSite","@id":"https:\/\/www.justiceinfo.net\/fr#website","url":"https:\/\/www.justiceinfo.net\/fr","name":"JusticeInfo.net","description":"La justice doit \u00eatre vue pour \u00eatre rendue","publisher":{"@id":"https:\/\/www.justiceinfo.net\/fr#organization"},"potentialAction":[{"@type":"SearchAction","target":{"@type":"EntryPoint","urlTemplate":"https:\/\/www.justiceinfo.net\/fr?s={search_term_string}"},"query-input":{"@type":"PropertyValueSpecification","valueRequired":true,"valueName":"search_term_string"}}],"inLanguage":"fr-FR"},{"@type":"Organization","@id":"https:\/\/www.justiceinfo.net\/fr#organization","name":"Justice Info","url":"https:\/\/www.justiceinfo.net\/fr","logo":{"@type":"ImageObject","inLanguage":"fr-FR","@id":"https:\/\/www.justiceinfo.net\/fr#\/schema\/logo\/image\/","url":"https:\/\/www.justiceinfo.net\/wp-content\/uploads\/justiceinfo_logo-trans_1200x1200px.png","contentUrl":"https:\/\/www.justiceinfo.net\/wp-content\/uploads\/justiceinfo_logo-trans_1200x1200px.png","width":1199,"height":1200,"caption":"Justice Info"},"image":{"@id":"https:\/\/www.justiceinfo.net\/fr#\/schema\/logo\/image\/"},"sameAs":["https:\/\/www.facebook.com\/JusticeInfo\/","https:\/\/x.com\/justiceinfonet","https:\/\/www.linkedin.com\/company\/justice-info","https:\/\/www.youtube.com\/channel\/UCyCEsARodyuWtkWyhn-e7pA"]},{"@type":"Person","name":"solivri","url":"\/fr\/?s=solivri"}]}},"_links":{"self":[{"href":"https:\/\/www.justiceinfo.net\/fr\/wp-json\/wp\/v2\/posts\/3777","targetHints":{"allow":["GET"]}}],"collection":[{"href":"https:\/\/www.justiceinfo.net\/fr\/wp-json\/wp\/v2\/posts"}],"about":[{"href":"https:\/\/www.justiceinfo.net\/fr\/wp-json\/wp\/v2\/types\/post"}],"author":[{"embeddable":true,"href":"https:\/\/www.justiceinfo.net\/fr\/wp-json\/wp\/v2\/users\/64"}],"replies":[{"embeddable":true,"href":"https:\/\/www.justiceinfo.net\/fr\/wp-json\/wp\/v2\/comments?post=3777"}],"version-history":[{"count":0,"href":"https:\/\/www.justiceinfo.net\/fr\/wp-json\/wp\/v2\/posts\/3777\/revisions"}],"wp:attachment":[{"href":"https:\/\/www.justiceinfo.net\/fr\/wp-json\/wp\/v2\/media?parent=3777"}],"wp:term":[{"taxonomy":"category","embeddable":true,"href":"https:\/\/www.justiceinfo.net\/fr\/wp-json\/wp\/v2\/categories?post=3777"},{"taxonomy":"post_tag","embeddable":true,"href":"https:\/\/www.justiceinfo.net\/fr\/wp-json\/wp\/v2\/tags?post=3777"},{"taxonomy":"ji_location","embeddable":true,"href":"https:\/\/www.justiceinfo.net\/fr\/wp-json\/wp\/v2\/ji_location?post=3777"}],"curies":[{"name":"wp","href":"https:\/\/api.w.org\/{rel}","templated":true}]}}