{"id":37771,"date":"2018-06-19T16:08:01","date_gmt":"2018-06-19T14:08:01","guid":{"rendered":"https:\/\/www.justiceinfo.net\/37771-soudan-du-sud-un-pays-ravage-par-la-guerre-civile-4.html"},"modified":"2018-06-19T16:08:01","modified_gmt":"2018-06-19T14:08:01","slug":"soudan-du-sud-un-pays-ravage-par-la-guerre-civile-4","status":"publish","type":"post","link":"https:\/\/www.justiceinfo.net\/fr\/37771-soudan-du-sud-un-pays-ravage-par-la-guerre-civile-4.html","title":{"rendered":"Soudan du Sud: un pays ravag\u00e9 par la guerre civile"},"content":{"rendered":"<div class=\"content-excerpt\">\n<p>Le Soudan du Sud, th\u00e9\u00e2tre depuis pr\u00e8s de cinq ans d'une guerre civile d\u00e9vastatrice dont les deux principaux protagonistes doivent se rencontrer mercredi \u00e0 Addis Abeba, est le plus jeune Etat du monde, \u00e0 l'\u00e9conomie ruin\u00e9e par le conflit.<\/p>\n<\/div>\n<p>Ind\u00e9pendant depuis 2011, le pays a plong\u00e9 fin 2013 dans un conflit provoqu\u00e9 par la rivalit\u00e9 entre le pr\u00e9sident Salva Kiir et Riek Machar, qui a fait des dizaines de milliers de morts, pr\u00e8s de quatre millions de d\u00e9plac\u00e9s et provoqu\u00e9 une grave crise humanitaire.<\/p>\n<h3>- Economie en ruine -<\/h3>\n<p>L'\u00e9conomie a p\u00e2ti de la baisse des cours du p\u00e9trole et de l'impact de la guerre sur sa production p\u00e9troli\u00e8re, de nombreuses infrastructures ayant \u00e9t\u00e9 endommag\u00e9es.<\/p>\n<p>Juba, qui a h\u00e9rit\u00e9 \u00e0 son ind\u00e9pendance des trois quarts des r\u00e9serves p\u00e9troli\u00e8res du Soudan, reste aussi tributaire des infrastructures du Nord (raffineries et ol\u00e9oducs) pour l'exportation.<\/p>\n<p>Avant l'ind\u00e9pendance, le pays produisait 350.000 barils par jour, selon la Banque mondiale. Ce chiffre est aujourd'hui tomb\u00e9 \u00e0 125.000 par jour.<\/p>\n<p>L'inflation a atteint environ 500% en 2016, avant de d\u00e9c\u00e9l\u00e9rer \u00e0 155% en 2017, et la livre sud-soudanaise s'est effondr\u00e9e.<\/p>\n<p>En 2017, une partie du pays a connu quatre mois de famine, qui a affect\u00e9 environ 100.000 personnes.<\/p>\n<p>Selon l'ONU, 7 millions de Sud-Soudanais, soit plus de la moiti\u00e9 de la population, vont avoir besoin d'une aide humanitaire en 2018.<\/p>\n<h3>- Guerre contre le Nord musulman -<\/h3>\n<p>Avant l'ind\u00e9pendance du Soudan du Sud, deux conflits ont oppos\u00e9 les forces du Nord arabo-musulman (actuel Soudan) aux rebelles du Sud \u00e0 majorit\u00e9 chr\u00e9tienne et animiste (actuel Soudan du Sud) et ont fait des millions de morts.<\/p>\n<p>Le processus d'ind\u00e9pendance du Soudan en 1956 provoque une premi\u00e8re guerre dans le Sud contre la domination du Nord. Des accords en 1972 mettent fin au conflit, octroyant au Sud un statut d'autonomie.<\/p>\n<p>Mais en 1983, Khartoum r\u00e9voque ces accords, d\u00e9clenchant une nouvelle guerre Nord\/Sud. John Garang, de l'ethnie Dinka, fonde l'Arm\u00e9e populaire de lib\u00e9ration du Soudan (SPLA).<\/p>\n<p>En janvier 2005, le pouvoir soudanais et la r\u00e9bellion sudiste signent un accord de paix.<\/p>\n<h3>- Plus jeune Etat du monde -<\/h3>\n<p>Le 9 juillet 2011, le Soudan du Sud proclame son ind\u00e9pendance, six mois apr\u00e8s avoir vot\u00e9 la s\u00e9cession avec le Nord \u00e0 pr\u00e8s de 99%. Salva Kiir pr\u00eate serment comme premier pr\u00e9sident.<\/p>\n<p>La communaut\u00e9 internationale, Etats-Unis, Chine, Russie et Union europ\u00e9enne en t\u00eate, ainsi que le Soudan, reconnaissent rapidement ce nouveau pays africain.<\/p>\n<h3>- Fr\u00e8res ennemis -<\/h3>\n<p>Salva Kiir et Riek Machar sont li\u00e9s par un combat commun au sein de la r\u00e9bellion contre Khartoum avant l'ind\u00e9pendance, mais s\u00e9par\u00e9s par des rivalit\u00e9s ethnique et politique.<\/p>\n<p>Les deux dirigeants sont issus des deux principaux groupes ethniques du pays, les Dinka pour M. Kiir, les Nuer pour M. Machar.<\/p>\n<h3>- Crimes contre l'humanit\u00e9 -<\/h3>\n<p>En d\u00e9cembre 2013, le pays bascule dans la guerre civile lorsque Salva Kiir accuse son rival d'avoir foment\u00e9 un coup d'\u00c9tat, ce que Riek Machar nie, et des combats \u00e9clatent au sein de l'arm\u00e9e nationale, min\u00e9e par des dissensions.<\/p>\n<p>Les combats, \u00e9maill\u00e9s de massacres entre Dinka et Nuer, s'\u00e9tendent \u00e0 plusieurs Etats.<\/p>\n<p>En 2015, un accord de paix permet \u00e0 M. Machar d'\u00eatre r\u00e9install\u00e9 au poste de vice-pr\u00e9sident et de revenir \u00e0 Juba. Mais apr\u00e8s des combats \u00e0 Juba en juillet 2016, il fuit le pays.<\/p>\n<p>En f\u00e9vrier 2018, une Commission onusienne des droits de l'Homme a identifi\u00e9 41 hauts responsables en vue de poursuites pour crimes contre l'humanit\u00e9 et crimes de guerre, dont des viols et meurtres \u00e0 caract\u00e8re ethnique.<\/p>\n","protected":false},"excerpt":{"rendered":"<p>Le Soudan du Sud, th\u00e9\u00e2tre depuis pr\u00e8s de cinq ans d'une guerre civile d\u00e9vastatrice dont les deux principaux protagonistes doivent se rencontrer mercredi \u00e0 Addis Abeba, est le plus jeune Etat du monde, \u00e0 l'\u00e9conomie ruin\u00e9e par le conflit. Ind\u00e9pendant depuis 2011, le pays a plong\u00e9 fin 2013 dans un conflit provoqu\u00e9 par la rivalit\u00e9 [&hellip;]<\/p>\n","protected":false},"author":60,"featured_media":0,"comment_status":"open","ping_status":"closed","sticky":false,"template":"","format":"standard","meta":{"_acf_changed":false,"footnotes":""},"categories":[556],"tags":[],"ji_location":[2480],"class_list":["post-37771","post","type-post","status-publish","format-standard","hentry","category-divers","ji_location-sud-soudan"],"acf":[],"yoast_head":"<!-- This site is optimized with the Yoast SEO Premium plugin v25.3.1 (Yoast SEO v25.3.1) - https:\/\/yoast.com\/wordpress\/plugins\/seo\/ -->\n<title>Soudan du Sud: un pays ravag\u00e9 par la guerre civile - JusticeInfo.net<\/title>\n<meta name=\"robots\" content=\"index, follow, max-snippet:-1, max-image-preview:large, max-video-preview:-1\" \/>\n<link rel=\"canonical\" href=\"https:\/\/www.justiceinfo.net\/fr\/37771-soudan-du-sud-un-pays-ravage-par-la-guerre-civile-4.html\" \/>\n<meta property=\"og:locale\" content=\"fr_FR\" \/>\n<meta property=\"og:type\" content=\"article\" \/>\n<meta property=\"og:title\" content=\"Soudan du Sud: un pays ravag\u00e9 par la guerre civile\" \/>\n<meta property=\"og:description\" content=\"Le Soudan du Sud, th\u00e9\u00e2tre depuis pr\u00e8s de cinq ans d&#039;une guerre civile d\u00e9vastatrice dont les deux principaux protagonistes doivent se rencontrer mercredi \u00e0 Addis Abeba, est le plus jeune Etat du monde, \u00e0 l&#039;\u00e9conomie ruin\u00e9e par le conflit. Ind\u00e9pendant depuis 2011, le pays a plong\u00e9 fin 2013 dans un conflit provoqu\u00e9 par la rivalit\u00e9 [&hellip;]\" \/>\n<meta property=\"og:url\" content=\"https:\/\/www.justiceinfo.net\/fr\/37771-soudan-du-sud-un-pays-ravage-par-la-guerre-civile-4.html\" \/>\n<meta property=\"og:site_name\" content=\"JusticeInfo.net\" \/>\n<meta property=\"article:publisher\" content=\"https:\/\/www.facebook.com\/JusticeInfo\/\" \/>\n<meta property=\"article:published_time\" content=\"2018-06-19T14:08:01+00:00\" \/>\n<meta property=\"og:image\" content=\"https:\/\/www.justiceinfo.net\/wp-content\/uploads\/JusticeInfoNet_logo_1200x630px.jpg\" \/>\n\t<meta property=\"og:image:width\" content=\"1200\" \/>\n\t<meta property=\"og:image:height\" content=\"630\" \/>\n\t<meta property=\"og:image:type\" content=\"image\/jpeg\" \/>\n<meta name=\"author\" content=\"AFP\" \/>\n<meta name=\"twitter:card\" content=\"summary_large_image\" \/>\n<meta name=\"twitter:creator\" content=\"@justiceinfonet\" \/>\n<meta name=\"twitter:site\" content=\"@justiceinfonet\" \/>\n<meta name=\"twitter:label1\" content=\"\u00c9crit par\" \/>\n\t<meta name=\"twitter:data1\" content=\"AFP\" \/>\n\t<meta name=\"twitter:label2\" content=\"Dur\u00e9e de lecture estim\u00e9e\" \/>\n\t<meta name=\"twitter:data2\" content=\"3 minutes\" \/>\n<script type=\"application\/ld+json\" class=\"yoast-schema-graph\">{\"@context\":\"https:\/\/schema.org\",\"@graph\":[{\"@type\":\"NewsArticle\",\"@id\":\"https:\/\/www.justiceinfo.net\/fr\/37771-soudan-du-sud-un-pays-ravage-par-la-guerre-civile-4.html#article\",\"isPartOf\":{\"@id\":\"https:\/\/www.justiceinfo.net\/fr\/37771-soudan-du-sud-un-pays-ravage-par-la-guerre-civile-4.html\"},\"author\":{\"name\":\"afp\",\"@id\":\"https:\/\/www.justiceinfo.net\/fr#\/schema\/person\/713d340ef5f218fc36ce9b4244364a7f\"},\"headline\":\"Soudan du Sud: un pays ravag\u00e9 par la guerre civile\",\"datePublished\":\"2018-06-19T14:08:01+00:00\",\"mainEntityOfPage\":{\"@id\":\"https:\/\/www.justiceinfo.net\/fr\/37771-soudan-du-sud-un-pays-ravage-par-la-guerre-civile-4.html\"},\"wordCount\":639,\"commentCount\":0,\"publisher\":{\"@id\":\"https:\/\/www.justiceinfo.net\/fr#organization\"},\"articleSection\":[\"Divers\"],\"inLanguage\":\"fr-FR\",\"potentialAction\":[{\"@type\":\"CommentAction\",\"name\":\"Comment\",\"target\":[\"https:\/\/www.justiceinfo.net\/fr\/37771-soudan-du-sud-un-pays-ravage-par-la-guerre-civile-4.html#respond\"]}]},{\"@type\":\"WebPage\",\"@id\":\"https:\/\/www.justiceinfo.net\/fr\/37771-soudan-du-sud-un-pays-ravage-par-la-guerre-civile-4.html\",\"url\":\"https:\/\/www.justiceinfo.net\/fr\/37771-soudan-du-sud-un-pays-ravage-par-la-guerre-civile-4.html\",\"name\":\"Soudan du Sud: un pays ravag\u00e9 par la guerre civile - JusticeInfo.net\",\"isPartOf\":{\"@id\":\"https:\/\/www.justiceinfo.net\/fr#website\"},\"datePublished\":\"2018-06-19T14:08:01+00:00\",\"breadcrumb\":{\"@id\":\"https:\/\/www.justiceinfo.net\/fr\/37771-soudan-du-sud-un-pays-ravage-par-la-guerre-civile-4.html#breadcrumb\"},\"inLanguage\":\"fr-FR\",\"potentialAction\":[{\"@type\":\"ReadAction\",\"target\":[\"https:\/\/www.justiceinfo.net\/fr\/37771-soudan-du-sud-un-pays-ravage-par-la-guerre-civile-4.html\"]}]},{\"@type\":\"BreadcrumbList\",\"@id\":\"https:\/\/www.justiceinfo.net\/fr\/37771-soudan-du-sud-un-pays-ravage-par-la-guerre-civile-4.html#breadcrumb\",\"itemListElement\":[{\"@type\":\"ListItem\",\"position\":1,\"name\":\"Home\",\"item\":\"https:\/\/www.justiceinfo.net\/fr\"},{\"@type\":\"ListItem\",\"position\":2,\"name\":\"Soudan du Sud: un pays ravag\u00e9 par la guerre civile\"}]},{\"@type\":\"WebSite\",\"@id\":\"https:\/\/www.justiceinfo.net\/fr#website\",\"url\":\"https:\/\/www.justiceinfo.net\/fr\",\"name\":\"JusticeInfo.net\",\"description\":\"La justice doit \u00eatre vue pour \u00eatre rendue\",\"publisher\":{\"@id\":\"https:\/\/www.justiceinfo.net\/fr#organization\"},\"potentialAction\":[{\"@type\":\"SearchAction\",\"target\":{\"@type\":\"EntryPoint\",\"urlTemplate\":\"https:\/\/www.justiceinfo.net\/fr?s={search_term_string}\"},\"query-input\":{\"@type\":\"PropertyValueSpecification\",\"valueRequired\":true,\"valueName\":\"search_term_string\"}}],\"inLanguage\":\"fr-FR\"},{\"@type\":\"Organization\",\"@id\":\"https:\/\/www.justiceinfo.net\/fr#organization\",\"name\":\"Justice Info\",\"url\":\"https:\/\/www.justiceinfo.net\/fr\",\"logo\":{\"@type\":\"ImageObject\",\"inLanguage\":\"fr-FR\",\"@id\":\"https:\/\/www.justiceinfo.net\/fr#\/schema\/logo\/image\/\",\"url\":\"https:\/\/www.justiceinfo.net\/wp-content\/uploads\/justiceinfo_logo-trans_1200x1200px.png\",\"contentUrl\":\"https:\/\/www.justiceinfo.net\/wp-content\/uploads\/justiceinfo_logo-trans_1200x1200px.png\",\"width\":1199,\"height\":1200,\"caption\":\"Justice Info\"},\"image\":{\"@id\":\"https:\/\/www.justiceinfo.net\/fr#\/schema\/logo\/image\/\"},\"sameAs\":[\"https:\/\/www.facebook.com\/JusticeInfo\/\",\"https:\/\/x.com\/justiceinfonet\",\"https:\/\/www.linkedin.com\/company\/justice-info\",\"https:\/\/www.youtube.com\/channel\/UCyCEsARodyuWtkWyhn-e7pA\"]},{\"@type\":\"Person\",\"name\":\"AFP\",\"url\":\"\/fr\/?s=AFP\"}]}<\/script>\n<!-- \/ Yoast SEO Premium plugin. -->","yoast_head_json":{"title":"Soudan du Sud: un pays ravag\u00e9 par la guerre civile - JusticeInfo.net","robots":{"index":"index","follow":"follow","max-snippet":"max-snippet:-1","max-image-preview":"max-image-preview:large","max-video-preview":"max-video-preview:-1"},"canonical":"https:\/\/www.justiceinfo.net\/fr\/37771-soudan-du-sud-un-pays-ravage-par-la-guerre-civile-4.html","og_locale":"fr_FR","og_type":"article","og_title":"Soudan du Sud: un pays ravag\u00e9 par la guerre civile","og_description":"Le Soudan du Sud, th\u00e9\u00e2tre depuis pr\u00e8s de cinq ans d'une guerre civile d\u00e9vastatrice dont les deux principaux protagonistes doivent se rencontrer mercredi \u00e0 Addis Abeba, est le plus jeune Etat du monde, \u00e0 l'\u00e9conomie ruin\u00e9e par le conflit. Ind\u00e9pendant depuis 2011, le pays a plong\u00e9 fin 2013 dans un conflit provoqu\u00e9 par la rivalit\u00e9 [&hellip;]","og_url":"https:\/\/www.justiceinfo.net\/fr\/37771-soudan-du-sud-un-pays-ravage-par-la-guerre-civile-4.html","og_site_name":"JusticeInfo.net","article_publisher":"https:\/\/www.facebook.com\/JusticeInfo\/","article_published_time":"2018-06-19T14:08:01+00:00","og_image":[{"width":1200,"height":630,"url":"https:\/\/www.justiceinfo.net\/wp-content\/uploads\/JusticeInfoNet_logo_1200x630px.jpg","type":"image\/jpeg"}],"author":"AFP","twitter_card":"summary_large_image","twitter_creator":"@justiceinfonet","twitter_site":"@justiceinfonet","twitter_misc":{"\u00c9crit par":"AFP","Dur\u00e9e de lecture estim\u00e9e":"3 minutes"},"schema":{"@context":"https:\/\/schema.org","@graph":[{"@type":"NewsArticle","@id":"https:\/\/www.justiceinfo.net\/fr\/37771-soudan-du-sud-un-pays-ravage-par-la-guerre-civile-4.html#article","isPartOf":{"@id":"https:\/\/www.justiceinfo.net\/fr\/37771-soudan-du-sud-un-pays-ravage-par-la-guerre-civile-4.html"},"author":{"name":"afp","@id":"https:\/\/www.justiceinfo.net\/fr#\/schema\/person\/713d340ef5f218fc36ce9b4244364a7f"},"headline":"Soudan du Sud: un pays ravag\u00e9 par la guerre civile","datePublished":"2018-06-19T14:08:01+00:00","mainEntityOfPage":{"@id":"https:\/\/www.justiceinfo.net\/fr\/37771-soudan-du-sud-un-pays-ravage-par-la-guerre-civile-4.html"},"wordCount":639,"commentCount":0,"publisher":{"@id":"https:\/\/www.justiceinfo.net\/fr#organization"},"articleSection":["Divers"],"inLanguage":"fr-FR","potentialAction":[{"@type":"CommentAction","name":"Comment","target":["https:\/\/www.justiceinfo.net\/fr\/37771-soudan-du-sud-un-pays-ravage-par-la-guerre-civile-4.html#respond"]}]},{"@type":"WebPage","@id":"https:\/\/www.justiceinfo.net\/fr\/37771-soudan-du-sud-un-pays-ravage-par-la-guerre-civile-4.html","url":"https:\/\/www.justiceinfo.net\/fr\/37771-soudan-du-sud-un-pays-ravage-par-la-guerre-civile-4.html","name":"Soudan du Sud: un pays ravag\u00e9 par la guerre civile - JusticeInfo.net","isPartOf":{"@id":"https:\/\/www.justiceinfo.net\/fr#website"},"datePublished":"2018-06-19T14:08:01+00:00","breadcrumb":{"@id":"https:\/\/www.justiceinfo.net\/fr\/37771-soudan-du-sud-un-pays-ravage-par-la-guerre-civile-4.html#breadcrumb"},"inLanguage":"fr-FR","potentialAction":[{"@type":"ReadAction","target":["https:\/\/www.justiceinfo.net\/fr\/37771-soudan-du-sud-un-pays-ravage-par-la-guerre-civile-4.html"]}]},{"@type":"BreadcrumbList","@id":"https:\/\/www.justiceinfo.net\/fr\/37771-soudan-du-sud-un-pays-ravage-par-la-guerre-civile-4.html#breadcrumb","itemListElement":[{"@type":"ListItem","position":1,"name":"Home","item":"https:\/\/www.justiceinfo.net\/fr"},{"@type":"ListItem","position":2,"name":"Soudan du Sud: un pays ravag\u00e9 par la guerre civile"}]},{"@type":"WebSite","@id":"https:\/\/www.justiceinfo.net\/fr#website","url":"https:\/\/www.justiceinfo.net\/fr","name":"JusticeInfo.net","description":"La justice doit \u00eatre vue pour \u00eatre rendue","publisher":{"@id":"https:\/\/www.justiceinfo.net\/fr#organization"},"potentialAction":[{"@type":"SearchAction","target":{"@type":"EntryPoint","urlTemplate":"https:\/\/www.justiceinfo.net\/fr?s={search_term_string}"},"query-input":{"@type":"PropertyValueSpecification","valueRequired":true,"valueName":"search_term_string"}}],"inLanguage":"fr-FR"},{"@type":"Organization","@id":"https:\/\/www.justiceinfo.net\/fr#organization","name":"Justice Info","url":"https:\/\/www.justiceinfo.net\/fr","logo":{"@type":"ImageObject","inLanguage":"fr-FR","@id":"https:\/\/www.justiceinfo.net\/fr#\/schema\/logo\/image\/","url":"https:\/\/www.justiceinfo.net\/wp-content\/uploads\/justiceinfo_logo-trans_1200x1200px.png","contentUrl":"https:\/\/www.justiceinfo.net\/wp-content\/uploads\/justiceinfo_logo-trans_1200x1200px.png","width":1199,"height":1200,"caption":"Justice Info"},"image":{"@id":"https:\/\/www.justiceinfo.net\/fr#\/schema\/logo\/image\/"},"sameAs":["https:\/\/www.facebook.com\/JusticeInfo\/","https:\/\/x.com\/justiceinfonet","https:\/\/www.linkedin.com\/company\/justice-info","https:\/\/www.youtube.com\/channel\/UCyCEsARodyuWtkWyhn-e7pA"]},{"@type":"Person","name":"AFP","url":"\/fr\/?s=AFP"}]}},"_links":{"self":[{"href":"https:\/\/www.justiceinfo.net\/fr\/wp-json\/wp\/v2\/posts\/37771","targetHints":{"allow":["GET"]}}],"collection":[{"href":"https:\/\/www.justiceinfo.net\/fr\/wp-json\/wp\/v2\/posts"}],"about":[{"href":"https:\/\/www.justiceinfo.net\/fr\/wp-json\/wp\/v2\/types\/post"}],"author":[{"embeddable":true,"href":"https:\/\/www.justiceinfo.net\/fr\/wp-json\/wp\/v2\/users\/60"}],"replies":[{"embeddable":true,"href":"https:\/\/www.justiceinfo.net\/fr\/wp-json\/wp\/v2\/comments?post=37771"}],"version-history":[{"count":0,"href":"https:\/\/www.justiceinfo.net\/fr\/wp-json\/wp\/v2\/posts\/37771\/revisions"}],"wp:attachment":[{"href":"https:\/\/www.justiceinfo.net\/fr\/wp-json\/wp\/v2\/media?parent=37771"}],"wp:term":[{"taxonomy":"category","embeddable":true,"href":"https:\/\/www.justiceinfo.net\/fr\/wp-json\/wp\/v2\/categories?post=37771"},{"taxonomy":"post_tag","embeddable":true,"href":"https:\/\/www.justiceinfo.net\/fr\/wp-json\/wp\/v2\/tags?post=37771"},{"taxonomy":"ji_location","embeddable":true,"href":"https:\/\/www.justiceinfo.net\/fr\/wp-json\/wp\/v2\/ji_location?post=37771"}],"curies":[{"name":"wp","href":"https:\/\/api.w.org\/{rel}","templated":true}]}}