{"id":3799,"date":"2008-05-06T05:54:10","date_gmt":"2008-05-06T03:54:10","guid":{"rendered":"https:\/\/www.justiceinfo.net\/3799-050508-tpirkaremera-le-mrnd-un-parti-rassembleur-selon-un-temoin589.html"},"modified":"2008-05-06T05:54:10","modified_gmt":"2008-05-06T03:54:10","slug":"050508-tpirkaremera-le-mrnd-un-parti-rassembleur-selon-un-temoin589","status":"publish","type":"post","link":"https:\/\/www.justiceinfo.net\/fr\/3799-050508-tpirkaremera-le-mrnd-un-parti-rassembleur-selon-un-temoin589.html","title":{"rendered":"05.05.08 - TPIR\/KAREMERA  - LE MRND, UN PARTI RASSEMBLEUR, SELON UN TEMOIN"},"content":{"rendered":"<p  >\nArusha, 5 mai 2008 (FH) - Le Mouvement r\u00e9publicain national pour la d\u00e9mocratie et le d\u00e9veloppement (MRND), l\u2019ex-parti pr\u00e9sidentiel rwandais \u00e9tait \"rassembleur\", a d\u00e9clar\u00e9 un t\u00e9moin lundi devant le Tribunal p\u00e9nal international pour le Rwanda (TPIR).<br \/>\nLe t\u00e9moin prot\u00e9g\u00e9 \u00ab XQL \u00bb comparaissait pour la d\u00e9fense d\u2019Edouard Karemera, ancien vice-pr\u00e9sident du MRND, jug\u00e9 avec deux autres responsable de ce mouvement, qui avait \u00e9t\u00e9 le parti unique jusqu'en 1991.\n<\/p>\n<p><!--more--><\/p>\n<p  >\nMme XQL a \u00e9t\u00e9 pendant longtemps membre de la direction politique de ce parti cr\u00e9\u00e9 en 1975 par l\u2019ancien pr\u00e9sident Juv\u00e9nal Habyarimana pour \u00ab  rassembler toutes les forces vives de la nation \u00bb.<br \/>\nLe t\u00e9moin a expliqu\u00e9 qu\u2019\u00e0 cette \u00e9poque, le pays sortait d\u2019une crise politique caract\u00e9ris\u00e9e par les clivages  ethniques et r\u00e9gionaux et que le parti unique, qui \u00e9tait \u00e0 la mode en Afrique, semblait une voie appropri\u00e9e pour faire face \u00e0 la situation.<br \/>\nLe MRND s\u2019est restructur\u00e9 quand, en 1991, le multipartisme a \u00e9t\u00e9 introduit, a rappel\u00e9 le t\u00e9moin. Il a, \u00e0 cette occasion, abandonn\u00e9 son premier nom, Mouvement r\u00e9volutionnaire national pour la d\u00e9mocratie, mais sa devise, comme son sigle, sont rest\u00e9s les m\u00eames, a d\u00e9clar\u00e9 le t\u00e9moin.<br \/>\nC'\u00e9tait \u00ab un parti de paix et d\u2019unit\u00e9 \u00bb, a expliqu\u00e9 le t\u00e9moin. XQL a affirm\u00e9 que toutes les ethnies du Rwanda \u00e9taient repr\u00e9sent\u00e9es au sein du MRND aussi bien avant qu\u2019apr\u00e8s la restructuration.<br \/>\n\u00ab Tous les fils et toutes les filles de ce pays \u00e9taient appel\u00e9s \u00e0 adh\u00e9rer \u00e0 ce mouvement. Il n\u2019y avait pas de discrimination possible \u00bb, a-t-elle tent\u00e9 d'expliquer.<br \/>\nLe co-conseil de Karemera, Me F\u00e9lix Sow, qui interrogeait le t\u00e9moin, entendait, par le biais de sa d\u00e9position, d\u00e9monter les all\u00e9gations du procureur.<br \/>\nLe t\u00e9moin a par ailleurs \u00e9voqu\u00e9 le r\u00f4le cl\u00e9 jou\u00e9 par Karemera dans la d\u00e9mocratisation du Rwanda en tant que pr\u00e9sident de la Commission nationale de synth\u00e8se qui a propos\u00e9 le retour du multipartisme malgr\u00e9 un contexte de guerre.<br \/>\n\u00ab Il a dirig\u00e9 cette commission avec beaucoup de d\u00e9termination et de courage\u00bb ainsi qu\u2019avec professionnalisme, a soulign\u00e9 le t\u00e9moin. Selon elle, \u00abKaremera \u00e9tait \u00e0 l\u2019avant-garde de l\u2019aile r\u00e9formiste au sein du MRND\u00bb.<br \/>\nCe proc\u00e8s, dit Karemera et autres, a commenc\u00e9 en septembre 2005.  Karemera est jug\u00e9 avec Mathieu Ngirumpatse et Joseph Nzirorera, respectivement pr\u00e9sident et secr\u00e9taire g\u00e9n\u00e9ral du MRND en 1994. Tous plaident non coupable de g\u00e9nocide et crimes contre l\u2019humanit\u00e9.<br \/>\n AT\/PB\/GF<\/p>\n","protected":false},"excerpt":{"rendered":"<p>Arusha, 5 mai 2008 (FH) - Le Mouvement r\u00e9publicain national pour la d\u00e9mocratie et le d\u00e9veloppement (MRND), l\u2019ex-parti pr\u00e9sidentiel rwandais \u00e9tait \"rassembleur\", a d\u00e9clar\u00e9 un t\u00e9moin lundi devant le Tribunal p\u00e9nal international pour le Rwanda (TPIR). Le t\u00e9moin prot\u00e9g\u00e9 \u00ab XQL \u00bb comparaissait pour la d\u00e9fense d\u2019Edouard Karemera, ancien vice-pr\u00e9sident du MRND, jug\u00e9 avec deux [&hellip;]<\/p>\n","protected":false},"author":64,"featured_media":0,"comment_status":"open","ping_status":"closed","sticky":false,"template":"","format":"standard","meta":{"_acf_changed":false,"footnotes":""},"categories":[554],"tags":[],"ji_location":[],"class_list":["post-3799","post","type-post","status-publish","format-standard","hentry","category-hirondellenews"],"acf":[],"yoast_head":"<!-- This site is optimized with the Yoast SEO Premium plugin v25.3.1 (Yoast SEO v25.3.1) - https:\/\/yoast.com\/wordpress\/plugins\/seo\/ -->\n<title>05.05.08 - TPIR\/KAREMERA - LE MRND, UN PARTI RASSEMBLEUR, SELON UN TEMOIN - JusticeInfo.net<\/title>\n<meta name=\"robots\" content=\"index, follow, max-snippet:-1, max-image-preview:large, max-video-preview:-1\" \/>\n<link rel=\"canonical\" href=\"https:\/\/www.justiceinfo.net\/fr\/3799-050508-tpirkaremera-le-mrnd-un-parti-rassembleur-selon-un-temoin589.html\" \/>\n<meta property=\"og:locale\" content=\"fr_FR\" \/>\n<meta property=\"og:type\" content=\"article\" \/>\n<meta property=\"og:title\" content=\"05.05.08 - TPIR\/KAREMERA - LE MRND, UN PARTI RASSEMBLEUR, SELON UN TEMOIN\" \/>\n<meta property=\"og:description\" content=\"Arusha, 5 mai 2008 (FH) - Le Mouvement r\u00e9publicain national pour la d\u00e9mocratie et le d\u00e9veloppement (MRND), l\u2019ex-parti pr\u00e9sidentiel rwandais \u00e9tait &quot;rassembleur&quot;, a d\u00e9clar\u00e9 un t\u00e9moin lundi devant le Tribunal p\u00e9nal international pour le Rwanda (TPIR). Le t\u00e9moin prot\u00e9g\u00e9 \u00ab XQL \u00bb comparaissait pour la d\u00e9fense d\u2019Edouard Karemera, ancien vice-pr\u00e9sident du MRND, jug\u00e9 avec deux [&hellip;]\" \/>\n<meta property=\"og:url\" content=\"https:\/\/www.justiceinfo.net\/fr\/3799-050508-tpirkaremera-le-mrnd-un-parti-rassembleur-selon-un-temoin589.html\" \/>\n<meta property=\"og:site_name\" content=\"JusticeInfo.net\" \/>\n<meta property=\"article:publisher\" content=\"https:\/\/www.facebook.com\/JusticeInfo\/\" \/>\n<meta property=\"article:published_time\" content=\"2008-05-06T03:54:10+00:00\" \/>\n<meta property=\"og:image\" content=\"https:\/\/www.justiceinfo.net\/wp-content\/uploads\/JusticeInfoNet_logo_1200x630px.jpg\" \/>\n\t<meta property=\"og:image:width\" content=\"1200\" \/>\n\t<meta property=\"og:image:height\" content=\"630\" \/>\n\t<meta property=\"og:image:type\" content=\"image\/jpeg\" \/>\n<meta name=\"author\" content=\"solivri\" \/>\n<meta name=\"twitter:card\" content=\"summary_large_image\" \/>\n<meta name=\"twitter:creator\" content=\"@justiceinfonet\" \/>\n<meta name=\"twitter:site\" content=\"@justiceinfonet\" \/>\n<meta name=\"twitter:label1\" content=\"\u00c9crit par\" \/>\n\t<meta name=\"twitter:data1\" content=\"solivri\" \/>\n\t<meta name=\"twitter:label2\" content=\"Dur\u00e9e de lecture estim\u00e9e\" \/>\n\t<meta name=\"twitter:data2\" content=\"2 minutes\" \/>\n<script type=\"application\/ld+json\" class=\"yoast-schema-graph\">{\"@context\":\"https:\/\/schema.org\",\"@graph\":[{\"@type\":\"NewsArticle\",\"@id\":\"https:\/\/www.justiceinfo.net\/fr\/3799-050508-tpirkaremera-le-mrnd-un-parti-rassembleur-selon-un-temoin589.html#article\",\"isPartOf\":{\"@id\":\"https:\/\/www.justiceinfo.net\/fr\/3799-050508-tpirkaremera-le-mrnd-un-parti-rassembleur-selon-un-temoin589.html\"},\"author\":{\"name\":\"solivri\",\"@id\":\"https:\/\/www.justiceinfo.net\/fr#\/schema\/person\/6e53cba1629e2e66f3fc1821d3091865\"},\"headline\":\"05.05.08 - TPIR\/KAREMERA - LE MRND, UN PARTI RASSEMBLEUR, SELON UN TEMOIN\",\"datePublished\":\"2008-05-06T03:54:10+00:00\",\"mainEntityOfPage\":{\"@id\":\"https:\/\/www.justiceinfo.net\/fr\/3799-050508-tpirkaremera-le-mrnd-un-parti-rassembleur-selon-un-temoin589.html\"},\"wordCount\":443,\"commentCount\":0,\"publisher\":{\"@id\":\"https:\/\/www.justiceinfo.net\/fr#organization\"},\"articleSection\":[\"Hirondelle News\"],\"inLanguage\":\"fr-FR\",\"potentialAction\":[{\"@type\":\"CommentAction\",\"name\":\"Comment\",\"target\":[\"https:\/\/www.justiceinfo.net\/fr\/3799-050508-tpirkaremera-le-mrnd-un-parti-rassembleur-selon-un-temoin589.html#respond\"]}]},{\"@type\":\"WebPage\",\"@id\":\"https:\/\/www.justiceinfo.net\/fr\/3799-050508-tpirkaremera-le-mrnd-un-parti-rassembleur-selon-un-temoin589.html\",\"url\":\"https:\/\/www.justiceinfo.net\/fr\/3799-050508-tpirkaremera-le-mrnd-un-parti-rassembleur-selon-un-temoin589.html\",\"name\":\"05.05.08 - TPIR\/KAREMERA - LE MRND, UN PARTI RASSEMBLEUR, SELON UN TEMOIN - JusticeInfo.net\",\"isPartOf\":{\"@id\":\"https:\/\/www.justiceinfo.net\/fr#website\"},\"datePublished\":\"2008-05-06T03:54:10+00:00\",\"breadcrumb\":{\"@id\":\"https:\/\/www.justiceinfo.net\/fr\/3799-050508-tpirkaremera-le-mrnd-un-parti-rassembleur-selon-un-temoin589.html#breadcrumb\"},\"inLanguage\":\"fr-FR\",\"potentialAction\":[{\"@type\":\"ReadAction\",\"target\":[\"https:\/\/www.justiceinfo.net\/fr\/3799-050508-tpirkaremera-le-mrnd-un-parti-rassembleur-selon-un-temoin589.html\"]}]},{\"@type\":\"BreadcrumbList\",\"@id\":\"https:\/\/www.justiceinfo.net\/fr\/3799-050508-tpirkaremera-le-mrnd-un-parti-rassembleur-selon-un-temoin589.html#breadcrumb\",\"itemListElement\":[{\"@type\":\"ListItem\",\"position\":1,\"name\":\"Home\",\"item\":\"https:\/\/www.justiceinfo.net\/fr\"},{\"@type\":\"ListItem\",\"position\":2,\"name\":\"05.05.08 - TPIR\/KAREMERA - LE MRND, UN PARTI RASSEMBLEUR, SELON UN TEMOIN\"}]},{\"@type\":\"WebSite\",\"@id\":\"https:\/\/www.justiceinfo.net\/fr#website\",\"url\":\"https:\/\/www.justiceinfo.net\/fr\",\"name\":\"JusticeInfo.net\",\"description\":\"La justice doit \u00eatre vue pour \u00eatre rendue\",\"publisher\":{\"@id\":\"https:\/\/www.justiceinfo.net\/fr#organization\"},\"potentialAction\":[{\"@type\":\"SearchAction\",\"target\":{\"@type\":\"EntryPoint\",\"urlTemplate\":\"https:\/\/www.justiceinfo.net\/fr?s={search_term_string}\"},\"query-input\":{\"@type\":\"PropertyValueSpecification\",\"valueRequired\":true,\"valueName\":\"search_term_string\"}}],\"inLanguage\":\"fr-FR\"},{\"@type\":\"Organization\",\"@id\":\"https:\/\/www.justiceinfo.net\/fr#organization\",\"name\":\"Justice Info\",\"url\":\"https:\/\/www.justiceinfo.net\/fr\",\"logo\":{\"@type\":\"ImageObject\",\"inLanguage\":\"fr-FR\",\"@id\":\"https:\/\/www.justiceinfo.net\/fr#\/schema\/logo\/image\/\",\"url\":\"https:\/\/www.justiceinfo.net\/wp-content\/uploads\/justiceinfo_logo-trans_1200x1200px.png\",\"contentUrl\":\"https:\/\/www.justiceinfo.net\/wp-content\/uploads\/justiceinfo_logo-trans_1200x1200px.png\",\"width\":1199,\"height\":1200,\"caption\":\"Justice Info\"},\"image\":{\"@id\":\"https:\/\/www.justiceinfo.net\/fr#\/schema\/logo\/image\/\"},\"sameAs\":[\"https:\/\/www.facebook.com\/JusticeInfo\/\",\"https:\/\/x.com\/justiceinfonet\",\"https:\/\/www.linkedin.com\/company\/justice-info\",\"https:\/\/www.youtube.com\/channel\/UCyCEsARodyuWtkWyhn-e7pA\"]},{\"@type\":\"Person\",\"name\":\"solivri\",\"url\":\"\/fr\/?s=solivri\"}]}<\/script>\n<!-- \/ Yoast SEO Premium plugin. -->","yoast_head_json":{"title":"05.05.08 - TPIR\/KAREMERA - LE MRND, UN PARTI RASSEMBLEUR, SELON UN TEMOIN - JusticeInfo.net","robots":{"index":"index","follow":"follow","max-snippet":"max-snippet:-1","max-image-preview":"max-image-preview:large","max-video-preview":"max-video-preview:-1"},"canonical":"https:\/\/www.justiceinfo.net\/fr\/3799-050508-tpirkaremera-le-mrnd-un-parti-rassembleur-selon-un-temoin589.html","og_locale":"fr_FR","og_type":"article","og_title":"05.05.08 - TPIR\/KAREMERA - LE MRND, UN PARTI RASSEMBLEUR, SELON UN TEMOIN","og_description":"Arusha, 5 mai 2008 (FH) - Le Mouvement r\u00e9publicain national pour la d\u00e9mocratie et le d\u00e9veloppement (MRND), l\u2019ex-parti pr\u00e9sidentiel rwandais \u00e9tait \"rassembleur\", a d\u00e9clar\u00e9 un t\u00e9moin lundi devant le Tribunal p\u00e9nal international pour le Rwanda (TPIR). Le t\u00e9moin prot\u00e9g\u00e9 \u00ab XQL \u00bb comparaissait pour la d\u00e9fense d\u2019Edouard Karemera, ancien vice-pr\u00e9sident du MRND, jug\u00e9 avec deux [&hellip;]","og_url":"https:\/\/www.justiceinfo.net\/fr\/3799-050508-tpirkaremera-le-mrnd-un-parti-rassembleur-selon-un-temoin589.html","og_site_name":"JusticeInfo.net","article_publisher":"https:\/\/www.facebook.com\/JusticeInfo\/","article_published_time":"2008-05-06T03:54:10+00:00","og_image":[{"width":1200,"height":630,"url":"https:\/\/www.justiceinfo.net\/wp-content\/uploads\/JusticeInfoNet_logo_1200x630px.jpg","type":"image\/jpeg"}],"author":"solivri","twitter_card":"summary_large_image","twitter_creator":"@justiceinfonet","twitter_site":"@justiceinfonet","twitter_misc":{"\u00c9crit par":"solivri","Dur\u00e9e de lecture estim\u00e9e":"2 minutes"},"schema":{"@context":"https:\/\/schema.org","@graph":[{"@type":"NewsArticle","@id":"https:\/\/www.justiceinfo.net\/fr\/3799-050508-tpirkaremera-le-mrnd-un-parti-rassembleur-selon-un-temoin589.html#article","isPartOf":{"@id":"https:\/\/www.justiceinfo.net\/fr\/3799-050508-tpirkaremera-le-mrnd-un-parti-rassembleur-selon-un-temoin589.html"},"author":{"name":"solivri","@id":"https:\/\/www.justiceinfo.net\/fr#\/schema\/person\/6e53cba1629e2e66f3fc1821d3091865"},"headline":"05.05.08 - TPIR\/KAREMERA - LE MRND, UN PARTI RASSEMBLEUR, SELON UN TEMOIN","datePublished":"2008-05-06T03:54:10+00:00","mainEntityOfPage":{"@id":"https:\/\/www.justiceinfo.net\/fr\/3799-050508-tpirkaremera-le-mrnd-un-parti-rassembleur-selon-un-temoin589.html"},"wordCount":443,"commentCount":0,"publisher":{"@id":"https:\/\/www.justiceinfo.net\/fr#organization"},"articleSection":["Hirondelle News"],"inLanguage":"fr-FR","potentialAction":[{"@type":"CommentAction","name":"Comment","target":["https:\/\/www.justiceinfo.net\/fr\/3799-050508-tpirkaremera-le-mrnd-un-parti-rassembleur-selon-un-temoin589.html#respond"]}]},{"@type":"WebPage","@id":"https:\/\/www.justiceinfo.net\/fr\/3799-050508-tpirkaremera-le-mrnd-un-parti-rassembleur-selon-un-temoin589.html","url":"https:\/\/www.justiceinfo.net\/fr\/3799-050508-tpirkaremera-le-mrnd-un-parti-rassembleur-selon-un-temoin589.html","name":"05.05.08 - TPIR\/KAREMERA - LE MRND, UN PARTI RASSEMBLEUR, SELON UN TEMOIN - JusticeInfo.net","isPartOf":{"@id":"https:\/\/www.justiceinfo.net\/fr#website"},"datePublished":"2008-05-06T03:54:10+00:00","breadcrumb":{"@id":"https:\/\/www.justiceinfo.net\/fr\/3799-050508-tpirkaremera-le-mrnd-un-parti-rassembleur-selon-un-temoin589.html#breadcrumb"},"inLanguage":"fr-FR","potentialAction":[{"@type":"ReadAction","target":["https:\/\/www.justiceinfo.net\/fr\/3799-050508-tpirkaremera-le-mrnd-un-parti-rassembleur-selon-un-temoin589.html"]}]},{"@type":"BreadcrumbList","@id":"https:\/\/www.justiceinfo.net\/fr\/3799-050508-tpirkaremera-le-mrnd-un-parti-rassembleur-selon-un-temoin589.html#breadcrumb","itemListElement":[{"@type":"ListItem","position":1,"name":"Home","item":"https:\/\/www.justiceinfo.net\/fr"},{"@type":"ListItem","position":2,"name":"05.05.08 - TPIR\/KAREMERA - LE MRND, UN PARTI RASSEMBLEUR, SELON UN TEMOIN"}]},{"@type":"WebSite","@id":"https:\/\/www.justiceinfo.net\/fr#website","url":"https:\/\/www.justiceinfo.net\/fr","name":"JusticeInfo.net","description":"La justice doit \u00eatre vue pour \u00eatre rendue","publisher":{"@id":"https:\/\/www.justiceinfo.net\/fr#organization"},"potentialAction":[{"@type":"SearchAction","target":{"@type":"EntryPoint","urlTemplate":"https:\/\/www.justiceinfo.net\/fr?s={search_term_string}"},"query-input":{"@type":"PropertyValueSpecification","valueRequired":true,"valueName":"search_term_string"}}],"inLanguage":"fr-FR"},{"@type":"Organization","@id":"https:\/\/www.justiceinfo.net\/fr#organization","name":"Justice Info","url":"https:\/\/www.justiceinfo.net\/fr","logo":{"@type":"ImageObject","inLanguage":"fr-FR","@id":"https:\/\/www.justiceinfo.net\/fr#\/schema\/logo\/image\/","url":"https:\/\/www.justiceinfo.net\/wp-content\/uploads\/justiceinfo_logo-trans_1200x1200px.png","contentUrl":"https:\/\/www.justiceinfo.net\/wp-content\/uploads\/justiceinfo_logo-trans_1200x1200px.png","width":1199,"height":1200,"caption":"Justice Info"},"image":{"@id":"https:\/\/www.justiceinfo.net\/fr#\/schema\/logo\/image\/"},"sameAs":["https:\/\/www.facebook.com\/JusticeInfo\/","https:\/\/x.com\/justiceinfonet","https:\/\/www.linkedin.com\/company\/justice-info","https:\/\/www.youtube.com\/channel\/UCyCEsARodyuWtkWyhn-e7pA"]},{"@type":"Person","name":"solivri","url":"\/fr\/?s=solivri"}]}},"_links":{"self":[{"href":"https:\/\/www.justiceinfo.net\/fr\/wp-json\/wp\/v2\/posts\/3799","targetHints":{"allow":["GET"]}}],"collection":[{"href":"https:\/\/www.justiceinfo.net\/fr\/wp-json\/wp\/v2\/posts"}],"about":[{"href":"https:\/\/www.justiceinfo.net\/fr\/wp-json\/wp\/v2\/types\/post"}],"author":[{"embeddable":true,"href":"https:\/\/www.justiceinfo.net\/fr\/wp-json\/wp\/v2\/users\/64"}],"replies":[{"embeddable":true,"href":"https:\/\/www.justiceinfo.net\/fr\/wp-json\/wp\/v2\/comments?post=3799"}],"version-history":[{"count":0,"href":"https:\/\/www.justiceinfo.net\/fr\/wp-json\/wp\/v2\/posts\/3799\/revisions"}],"wp:attachment":[{"href":"https:\/\/www.justiceinfo.net\/fr\/wp-json\/wp\/v2\/media?parent=3799"}],"wp:term":[{"taxonomy":"category","embeddable":true,"href":"https:\/\/www.justiceinfo.net\/fr\/wp-json\/wp\/v2\/categories?post=3799"},{"taxonomy":"post_tag","embeddable":true,"href":"https:\/\/www.justiceinfo.net\/fr\/wp-json\/wp\/v2\/tags?post=3799"},{"taxonomy":"ji_location","embeddable":true,"href":"https:\/\/www.justiceinfo.net\/fr\/wp-json\/wp\/v2\/ji_location?post=3799"}],"curies":[{"name":"wp","href":"https:\/\/api.w.org\/{rel}","templated":true}]}}