{"id":37999,"date":"2018-07-14T17:09:05","date_gmt":"2018-07-14T15:09:05","guid":{"rendered":"https:\/\/www.justiceinfo.net\/37999-rdc-des-universitaires-s-engagent-contre-un-3e-mandat-de-kabila.html"},"modified":"2018-07-14T17:09:05","modified_gmt":"2018-07-14T15:09:05","slug":"rdc-des-universitaires-s-engagent-contre-un-3e-mandat-de-kabila","status":"publish","type":"post","link":"https:\/\/www.justiceinfo.net\/fr\/37999-rdc-des-universitaires-s-engagent-contre-un-3e-mandat-de-kabila.html","title":{"rendered":"RDC : des universitaires s'engagent contre un 3e mandat de Kabila"},"content":{"rendered":"<h3 class=\"txt-title\">\u00a0<\/h3>\n<div class=\"txt-meta\">\u00a0<\/div>\n<div class=\"txt-textContent\">\n<div class=\"text fontsize_0 jq_Content jq_langdir\">\n<p>Des universitaires congolais ont lanc\u00e9 et sign\u00e9 samedi \u00e0 Kinshasa un manifeste mettant en garde contre un troisi\u00e8me mandat pr\u00e9sidentiel de Joseph Kabila en R\u00e9publique d\u00e9mocratique du Congo, \u00e0 dix jours du d\u00e9but de d\u00e9p\u00f4t des candidatures \u00e0 ce scrutin.<\/p>\n<p>Professeurs des universit\u00e9s, juristes, m\u00e9decins, sociologues, philosophes et politologues ont sign\u00e9 ce manifeste qui estime qu'une candidature de M. Kabila a un troisi\u00e8me mandat \"constitue une infraction imprescriptible de haute trahison contre la nation et l\u2019\u00c9tat\" au regard de la Constitution congolaise.<\/p>\n<p>\"Il s'agit de travailler pour que le tripatouillage de la Constitution ne puisse pas se r\u00e9aliser dans notre pays\", a insist\u00e9 Georges Kapiamba, pr\u00e9sident de l'Association congolaise pour l'acc\u00e8s \u00e0 la justice, une des personne ayant pris l'initiative de ce manifeste.<\/p>\n<p>Le manifeste r\u00e9pond \u00e0 une th\u00e8se soutenue depuis quelques semaines par un juriste de la majorit\u00e9 selon laquelle le pr\u00e9sident\u00a0Kabila, \u00e9lu en 2006, n'a fait qu'un\u00a0 mandat\u00a0de cinq ans, selon l'actuelle Constitution en raison de sa r\u00e9vision partielle en 2011 qui a selon lui ramen\u00e9 le compteur \u00e0 z\u00e9ro.<\/p>\n<p>D'ici au 20 juillet, le pr\u00e9sident Kabila est cens\u00e9 tenir un discours devant le Congr\u00e8s, selon une annonce faite r\u00e9cemment par le pr\u00e9sident de l'Assembl\u00e9e nationale Aubin Minaku.<\/p>\n<p>A cette occasion, \"il revient au pr\u00e9sident Kabila de dire clairement qu'il se trouve en situation d'emp\u00eachement \u00e9lectoral, qu'il ne pourra plus se repr\u00e9senter \u00e0 l'\u00e9lection pr\u00e9sidentielle, de souhaiter bonne chance \u00e0 son successeur et de nous dire \u00e9galement qu'il se porte garant de l'organisation convenable des \u00e9lections\", a d\u00e9clar\u00e9 Alphonse-Daniel Ntumba Luaba, professeur de droit constitutionnel et ancien ministre de la Justice.\u00a0<\/p>\n<p>Dans ce cas, \"on va lui reconna\u00eetre le m\u00e9rite d'avoir facilit\u00e9 une transition paisible et civilis\u00e9e et il pourra entrer par la grande porte dans l'Histoire de la nation congolaise\", a-t-il expliqu\u00e9 \u00e0 l'AFP.\u00a0<\/p>\n<p>Des \u00e9lections sont pr\u00e9vues le 23 d\u00e9cembre 2018 en RDC, avec une pr\u00e9sidentielle qui permettra de d\u00e9signer le successeur du pr\u00e9sident Kabila, dont le mandat s'est achev\u00e9 en d\u00e9cembre 2016. Mais, M. Kabila reste muet sur ses intentions.<\/p>\n<p>Le d\u00e9p\u00f4t des candidatures \u00e0 la pr\u00e9sidentielle est pr\u00e9vu entre le 24 juillet et le 8 ao\u00fbt.<\/p>\n<p>mbb\/jh<\/p>\n<\/div>\n<\/div>\n","protected":false},"excerpt":{"rendered":"<p>\u00a0 \u00a0 Des universitaires congolais ont lanc\u00e9 et sign\u00e9 samedi \u00e0 Kinshasa un manifeste mettant en garde contre un troisi\u00e8me mandat pr\u00e9sidentiel de Joseph Kabila en R\u00e9publique d\u00e9mocratique du Congo, \u00e0 dix jours du d\u00e9but de d\u00e9p\u00f4t des candidatures \u00e0 ce scrutin. Professeurs des universit\u00e9s, juristes, m\u00e9decins, sociologues, philosophes et politologues ont sign\u00e9 ce manifeste [&hellip;]<\/p>\n","protected":false},"author":60,"featured_media":0,"comment_status":"open","ping_status":"closed","sticky":false,"template":"","format":"standard","meta":{"_acf_changed":false,"footnotes":""},"categories":[2576],"tags":[],"ji_location":[2196],"class_list":["post-37999","post","type-post","status-publish","format-standard","hentry","category-fil-d-actualite","ji_location-republique-democratique-du-congo"],"acf":[],"yoast_head":"<!-- This site is optimized with the Yoast SEO Premium plugin v25.3.1 (Yoast SEO v25.3.1) - https:\/\/yoast.com\/wordpress\/plugins\/seo\/ -->\n<title>RDC : des universitaires s&#039;engagent contre un 3e mandat de Kabila - JusticeInfo.net<\/title>\n<meta name=\"robots\" content=\"index, follow, max-snippet:-1, max-image-preview:large, max-video-preview:-1\" \/>\n<link rel=\"canonical\" href=\"https:\/\/www.justiceinfo.net\/fr\/37999-rdc-des-universitaires-s-engagent-contre-un-3e-mandat-de-kabila.html\" \/>\n<meta property=\"og:locale\" content=\"fr_FR\" \/>\n<meta property=\"og:type\" content=\"article\" \/>\n<meta property=\"og:title\" content=\"RDC : des universitaires s&#039;engagent contre un 3e mandat de Kabila\" \/>\n<meta property=\"og:description\" content=\"\u00a0 \u00a0 Des universitaires congolais ont lanc\u00e9 et sign\u00e9 samedi \u00e0 Kinshasa un manifeste mettant en garde contre un troisi\u00e8me mandat pr\u00e9sidentiel de Joseph Kabila en R\u00e9publique d\u00e9mocratique du Congo, \u00e0 dix jours du d\u00e9but de d\u00e9p\u00f4t des candidatures \u00e0 ce scrutin. Professeurs des universit\u00e9s, juristes, m\u00e9decins, sociologues, philosophes et politologues ont sign\u00e9 ce manifeste [&hellip;]\" \/>\n<meta property=\"og:url\" content=\"https:\/\/www.justiceinfo.net\/fr\/37999-rdc-des-universitaires-s-engagent-contre-un-3e-mandat-de-kabila.html\" \/>\n<meta property=\"og:site_name\" content=\"JusticeInfo.net\" \/>\n<meta property=\"article:publisher\" content=\"https:\/\/www.facebook.com\/JusticeInfo\/\" \/>\n<meta property=\"article:published_time\" content=\"2018-07-14T15:09:05+00:00\" \/>\n<meta property=\"og:image\" content=\"https:\/\/www.justiceinfo.net\/wp-content\/uploads\/JusticeInfoNet_logo_1200x630px.jpg\" \/>\n\t<meta property=\"og:image:width\" content=\"1200\" \/>\n\t<meta property=\"og:image:height\" content=\"630\" \/>\n\t<meta property=\"og:image:type\" content=\"image\/jpeg\" \/>\n<meta name=\"author\" content=\"afp\" \/>\n<meta name=\"twitter:card\" content=\"summary_large_image\" \/>\n<meta name=\"twitter:creator\" content=\"@justiceinfonet\" \/>\n<meta name=\"twitter:site\" content=\"@justiceinfonet\" \/>\n<meta name=\"twitter:label1\" content=\"\u00c9crit par\" \/>\n\t<meta name=\"twitter:data1\" content=\"afp\" \/>\n\t<meta name=\"twitter:label2\" content=\"Dur\u00e9e de lecture estim\u00e9e\" \/>\n\t<meta name=\"twitter:data2\" content=\"2 minutes\" \/>\n<script type=\"application\/ld+json\" class=\"yoast-schema-graph\">{\"@context\":\"https:\/\/schema.org\",\"@graph\":[{\"@type\":\"NewsArticle\",\"@id\":\"https:\/\/www.justiceinfo.net\/fr\/37999-rdc-des-universitaires-s-engagent-contre-un-3e-mandat-de-kabila.html#article\",\"isPartOf\":{\"@id\":\"https:\/\/www.justiceinfo.net\/fr\/37999-rdc-des-universitaires-s-engagent-contre-un-3e-mandat-de-kabila.html\"},\"author\":{\"name\":\"afp\",\"@id\":\"https:\/\/www.justiceinfo.net\/fr#\/schema\/person\/713d340ef5f218fc36ce9b4244364a7f\"},\"headline\":\"RDC : des universitaires s'engagent contre un 3e mandat de Kabila\",\"datePublished\":\"2018-07-14T15:09:05+00:00\",\"mainEntityOfPage\":{\"@id\":\"https:\/\/www.justiceinfo.net\/fr\/37999-rdc-des-universitaires-s-engagent-contre-un-3e-mandat-de-kabila.html\"},\"wordCount\":412,\"commentCount\":0,\"publisher\":{\"@id\":\"https:\/\/www.justiceinfo.net\/fr#organization\"},\"articleSection\":[\"Fil d'info AFP\"],\"inLanguage\":\"fr-FR\",\"potentialAction\":[{\"@type\":\"CommentAction\",\"name\":\"Comment\",\"target\":[\"https:\/\/www.justiceinfo.net\/fr\/37999-rdc-des-universitaires-s-engagent-contre-un-3e-mandat-de-kabila.html#respond\"]}]},{\"@type\":\"WebPage\",\"@id\":\"https:\/\/www.justiceinfo.net\/fr\/37999-rdc-des-universitaires-s-engagent-contre-un-3e-mandat-de-kabila.html\",\"url\":\"https:\/\/www.justiceinfo.net\/fr\/37999-rdc-des-universitaires-s-engagent-contre-un-3e-mandat-de-kabila.html\",\"name\":\"RDC : des universitaires s'engagent contre un 3e mandat de Kabila - JusticeInfo.net\",\"isPartOf\":{\"@id\":\"https:\/\/www.justiceinfo.net\/fr#website\"},\"datePublished\":\"2018-07-14T15:09:05+00:00\",\"breadcrumb\":{\"@id\":\"https:\/\/www.justiceinfo.net\/fr\/37999-rdc-des-universitaires-s-engagent-contre-un-3e-mandat-de-kabila.html#breadcrumb\"},\"inLanguage\":\"fr-FR\",\"potentialAction\":[{\"@type\":\"ReadAction\",\"target\":[\"https:\/\/www.justiceinfo.net\/fr\/37999-rdc-des-universitaires-s-engagent-contre-un-3e-mandat-de-kabila.html\"]}]},{\"@type\":\"BreadcrumbList\",\"@id\":\"https:\/\/www.justiceinfo.net\/fr\/37999-rdc-des-universitaires-s-engagent-contre-un-3e-mandat-de-kabila.html#breadcrumb\",\"itemListElement\":[{\"@type\":\"ListItem\",\"position\":1,\"name\":\"Home\",\"item\":\"https:\/\/www.justiceinfo.net\/fr\"},{\"@type\":\"ListItem\",\"position\":2,\"name\":\"RDC : des universitaires s'engagent contre un 3e mandat de Kabila\"}]},{\"@type\":\"WebSite\",\"@id\":\"https:\/\/www.justiceinfo.net\/fr#website\",\"url\":\"https:\/\/www.justiceinfo.net\/fr\",\"name\":\"JusticeInfo.net\",\"description\":\"La justice doit \u00eatre vue pour \u00eatre rendue\",\"publisher\":{\"@id\":\"https:\/\/www.justiceinfo.net\/fr#organization\"},\"potentialAction\":[{\"@type\":\"SearchAction\",\"target\":{\"@type\":\"EntryPoint\",\"urlTemplate\":\"https:\/\/www.justiceinfo.net\/fr?s={search_term_string}\"},\"query-input\":{\"@type\":\"PropertyValueSpecification\",\"valueRequired\":true,\"valueName\":\"search_term_string\"}}],\"inLanguage\":\"fr-FR\"},{\"@type\":\"Organization\",\"@id\":\"https:\/\/www.justiceinfo.net\/fr#organization\",\"name\":\"Justice Info\",\"url\":\"https:\/\/www.justiceinfo.net\/fr\",\"logo\":{\"@type\":\"ImageObject\",\"inLanguage\":\"fr-FR\",\"@id\":\"https:\/\/www.justiceinfo.net\/fr#\/schema\/logo\/image\/\",\"url\":\"https:\/\/www.justiceinfo.net\/wp-content\/uploads\/justiceinfo_logo-trans_1200x1200px.png\",\"contentUrl\":\"https:\/\/www.justiceinfo.net\/wp-content\/uploads\/justiceinfo_logo-trans_1200x1200px.png\",\"width\":1199,\"height\":1200,\"caption\":\"Justice Info\"},\"image\":{\"@id\":\"https:\/\/www.justiceinfo.net\/fr#\/schema\/logo\/image\/\"},\"sameAs\":[\"https:\/\/www.facebook.com\/JusticeInfo\/\",\"https:\/\/x.com\/justiceinfonet\",\"https:\/\/www.linkedin.com\/company\/justice-info\",\"https:\/\/www.youtube.com\/channel\/UCyCEsARodyuWtkWyhn-e7pA\"]},{\"@type\":\"Person\",\"name\":\"afp\",\"url\":\"\/fr\/?s=afp\"}]}<\/script>\n<!-- \/ Yoast SEO Premium plugin. -->","yoast_head_json":{"title":"RDC : des universitaires s'engagent contre un 3e mandat de Kabila - JusticeInfo.net","robots":{"index":"index","follow":"follow","max-snippet":"max-snippet:-1","max-image-preview":"max-image-preview:large","max-video-preview":"max-video-preview:-1"},"canonical":"https:\/\/www.justiceinfo.net\/fr\/37999-rdc-des-universitaires-s-engagent-contre-un-3e-mandat-de-kabila.html","og_locale":"fr_FR","og_type":"article","og_title":"RDC : des universitaires s'engagent contre un 3e mandat de Kabila","og_description":"\u00a0 \u00a0 Des universitaires congolais ont lanc\u00e9 et sign\u00e9 samedi \u00e0 Kinshasa un manifeste mettant en garde contre un troisi\u00e8me mandat pr\u00e9sidentiel de Joseph Kabila en R\u00e9publique d\u00e9mocratique du Congo, \u00e0 dix jours du d\u00e9but de d\u00e9p\u00f4t des candidatures \u00e0 ce scrutin. Professeurs des universit\u00e9s, juristes, m\u00e9decins, sociologues, philosophes et politologues ont sign\u00e9 ce manifeste [&hellip;]","og_url":"https:\/\/www.justiceinfo.net\/fr\/37999-rdc-des-universitaires-s-engagent-contre-un-3e-mandat-de-kabila.html","og_site_name":"JusticeInfo.net","article_publisher":"https:\/\/www.facebook.com\/JusticeInfo\/","article_published_time":"2018-07-14T15:09:05+00:00","og_image":[{"width":1200,"height":630,"url":"https:\/\/www.justiceinfo.net\/wp-content\/uploads\/JusticeInfoNet_logo_1200x630px.jpg","type":"image\/jpeg"}],"author":"afp","twitter_card":"summary_large_image","twitter_creator":"@justiceinfonet","twitter_site":"@justiceinfonet","twitter_misc":{"\u00c9crit par":"afp","Dur\u00e9e de lecture estim\u00e9e":"2 minutes"},"schema":{"@context":"https:\/\/schema.org","@graph":[{"@type":"NewsArticle","@id":"https:\/\/www.justiceinfo.net\/fr\/37999-rdc-des-universitaires-s-engagent-contre-un-3e-mandat-de-kabila.html#article","isPartOf":{"@id":"https:\/\/www.justiceinfo.net\/fr\/37999-rdc-des-universitaires-s-engagent-contre-un-3e-mandat-de-kabila.html"},"author":{"name":"afp","@id":"https:\/\/www.justiceinfo.net\/fr#\/schema\/person\/713d340ef5f218fc36ce9b4244364a7f"},"headline":"RDC : des universitaires s'engagent contre un 3e mandat de Kabila","datePublished":"2018-07-14T15:09:05+00:00","mainEntityOfPage":{"@id":"https:\/\/www.justiceinfo.net\/fr\/37999-rdc-des-universitaires-s-engagent-contre-un-3e-mandat-de-kabila.html"},"wordCount":412,"commentCount":0,"publisher":{"@id":"https:\/\/www.justiceinfo.net\/fr#organization"},"articleSection":["Fil d'info AFP"],"inLanguage":"fr-FR","potentialAction":[{"@type":"CommentAction","name":"Comment","target":["https:\/\/www.justiceinfo.net\/fr\/37999-rdc-des-universitaires-s-engagent-contre-un-3e-mandat-de-kabila.html#respond"]}]},{"@type":"WebPage","@id":"https:\/\/www.justiceinfo.net\/fr\/37999-rdc-des-universitaires-s-engagent-contre-un-3e-mandat-de-kabila.html","url":"https:\/\/www.justiceinfo.net\/fr\/37999-rdc-des-universitaires-s-engagent-contre-un-3e-mandat-de-kabila.html","name":"RDC : des universitaires s'engagent contre un 3e mandat de Kabila - JusticeInfo.net","isPartOf":{"@id":"https:\/\/www.justiceinfo.net\/fr#website"},"datePublished":"2018-07-14T15:09:05+00:00","breadcrumb":{"@id":"https:\/\/www.justiceinfo.net\/fr\/37999-rdc-des-universitaires-s-engagent-contre-un-3e-mandat-de-kabila.html#breadcrumb"},"inLanguage":"fr-FR","potentialAction":[{"@type":"ReadAction","target":["https:\/\/www.justiceinfo.net\/fr\/37999-rdc-des-universitaires-s-engagent-contre-un-3e-mandat-de-kabila.html"]}]},{"@type":"BreadcrumbList","@id":"https:\/\/www.justiceinfo.net\/fr\/37999-rdc-des-universitaires-s-engagent-contre-un-3e-mandat-de-kabila.html#breadcrumb","itemListElement":[{"@type":"ListItem","position":1,"name":"Home","item":"https:\/\/www.justiceinfo.net\/fr"},{"@type":"ListItem","position":2,"name":"RDC : des universitaires s'engagent contre un 3e mandat de Kabila"}]},{"@type":"WebSite","@id":"https:\/\/www.justiceinfo.net\/fr#website","url":"https:\/\/www.justiceinfo.net\/fr","name":"JusticeInfo.net","description":"La justice doit \u00eatre vue pour \u00eatre rendue","publisher":{"@id":"https:\/\/www.justiceinfo.net\/fr#organization"},"potentialAction":[{"@type":"SearchAction","target":{"@type":"EntryPoint","urlTemplate":"https:\/\/www.justiceinfo.net\/fr?s={search_term_string}"},"query-input":{"@type":"PropertyValueSpecification","valueRequired":true,"valueName":"search_term_string"}}],"inLanguage":"fr-FR"},{"@type":"Organization","@id":"https:\/\/www.justiceinfo.net\/fr#organization","name":"Justice Info","url":"https:\/\/www.justiceinfo.net\/fr","logo":{"@type":"ImageObject","inLanguage":"fr-FR","@id":"https:\/\/www.justiceinfo.net\/fr#\/schema\/logo\/image\/","url":"https:\/\/www.justiceinfo.net\/wp-content\/uploads\/justiceinfo_logo-trans_1200x1200px.png","contentUrl":"https:\/\/www.justiceinfo.net\/wp-content\/uploads\/justiceinfo_logo-trans_1200x1200px.png","width":1199,"height":1200,"caption":"Justice Info"},"image":{"@id":"https:\/\/www.justiceinfo.net\/fr#\/schema\/logo\/image\/"},"sameAs":["https:\/\/www.facebook.com\/JusticeInfo\/","https:\/\/x.com\/justiceinfonet","https:\/\/www.linkedin.com\/company\/justice-info","https:\/\/www.youtube.com\/channel\/UCyCEsARodyuWtkWyhn-e7pA"]},{"@type":"Person","name":"afp","url":"\/fr\/?s=afp"}]}},"_links":{"self":[{"href":"https:\/\/www.justiceinfo.net\/fr\/wp-json\/wp\/v2\/posts\/37999","targetHints":{"allow":["GET"]}}],"collection":[{"href":"https:\/\/www.justiceinfo.net\/fr\/wp-json\/wp\/v2\/posts"}],"about":[{"href":"https:\/\/www.justiceinfo.net\/fr\/wp-json\/wp\/v2\/types\/post"}],"author":[{"embeddable":true,"href":"https:\/\/www.justiceinfo.net\/fr\/wp-json\/wp\/v2\/users\/60"}],"replies":[{"embeddable":true,"href":"https:\/\/www.justiceinfo.net\/fr\/wp-json\/wp\/v2\/comments?post=37999"}],"version-history":[{"count":0,"href":"https:\/\/www.justiceinfo.net\/fr\/wp-json\/wp\/v2\/posts\/37999\/revisions"}],"wp:attachment":[{"href":"https:\/\/www.justiceinfo.net\/fr\/wp-json\/wp\/v2\/media?parent=37999"}],"wp:term":[{"taxonomy":"category","embeddable":true,"href":"https:\/\/www.justiceinfo.net\/fr\/wp-json\/wp\/v2\/categories?post=37999"},{"taxonomy":"post_tag","embeddable":true,"href":"https:\/\/www.justiceinfo.net\/fr\/wp-json\/wp\/v2\/tags?post=37999"},{"taxonomy":"ji_location","embeddable":true,"href":"https:\/\/www.justiceinfo.net\/fr\/wp-json\/wp\/v2\/ji_location?post=37999"}],"curies":[{"name":"wp","href":"https:\/\/api.w.org\/{rel}","templated":true}]}}