{"id":38004,"date":"2018-07-15T04:48:51","date_gmt":"2018-07-15T02:48:51","guid":{"rendered":"https:\/\/www.justiceinfo.net\/38004-la-france-invite-kinshasa-a-renouer-le-dialogue-avec-la-communaute-internationale.html"},"modified":"2018-07-15T04:48:51","modified_gmt":"2018-07-15T02:48:51","slug":"la-france-invite-kinshasa-a-renouer-le-dialogue-avec-la-communaute-internationale","status":"publish","type":"post","link":"https:\/\/www.justiceinfo.net\/fr\/38004-la-france-invite-kinshasa-a-renouer-le-dialogue-avec-la-communaute-internationale.html","title":{"rendered":"La France invite Kinshasa \u00e0 \"renouer\" le dialogue avec la communaut\u00e9 internationale"},"content":{"rendered":"<h3 class=\"txt-title\">L'ambassadeur de France en R\u00e9publique d\u00e9mocratique du Congo a exhort\u00e9 samedi \u00e0 Kinshasa les autorit\u00e9s congolaises \u00e0 renouer le dialogue avec la communaut\u00e9 internationale avec laquelle les relations se sont d\u00e9grad\u00e9es depuis le d\u00e9but de l'ann\u00e9e.<\/h3>\n<div class=\"txt-textContent\">\n<div class=\"text fontsize_0 jq_Content jq_langdir\">\n<p>Devant plusieurs dizaines d'invit\u00e9s r\u00e9unis dans sa r\u00e9sidence pour la f\u00eate nationale de son pays, l'ambassadeur de France en RDC Alain R\u00e9my a vant\u00e9 les relations qui unissent les deux pays.<\/p>\n<p>M. R\u00e9my est arriv\u00e9 en fin de mandat, apr\u00e8s trois ann\u00e9es en poste. \"J'ai fais le constat d'une d\u00e9gradation r\u00e9guli\u00e8re de la relation de la RDC avec une partie de la communaut\u00e9 internationale, avec nombre de ses partenaires traditionnels, de ses amis\", a-t-il regrett\u00e9.<\/p>\n<p>L'ambassadeur a souhait\u00e9 que \"le dialogue soit renou\u00e9 \u00e0 tous les niveaux, pour le bien de tous. La m\u00e9fiance n'est jamais bonne conseill\u00e8re, la main tendue inspire davantage\", a-t-il estim\u00e9.<\/p>\n<p>Le diplomate a par ailleurs souhait\u00e9 que \"la maison Schengen soit de nouveau autoris\u00e9e \u00e0 fonctionner normalement\". La maison Schengen, une sorte de consulat europ\u00e9en g\u00e9r\u00e9 par la\u00a0Belgique\u00a0qui instruisait les demandes de visas pour 18 pays europ\u00e9ens, a \u00e9t\u00e9 ferm\u00e9e au d\u00e9but de l'ann\u00e9e sur d\u00e9cision des autorit\u00e9s congolaises.<\/p>\n<p>Kinshasa avait r\u00e9agi \u00e0 la d\u00e9cision de la diplomatie belge de red\u00e9ployer l'aide publique au d\u00e9veloppement vers des ONG pour protester contre la crise politique en RDC\u00a0li\u00e9e au maintien au pouvoir du pr\u00e9sident Joseph Kabila apr\u00e8s la fin de son deuxi\u00e8me et dernier mandat qui s'est achev\u00e9 le 20 d\u00e9cembre 2016 dans un climat de violences.<\/p>\n<p>Tout au long de leur histoire commune, \"la France a \u00e9t\u00e9 aux c\u00f4t\u00e9s du Congo, dans les heurs et les malheurs, avec un regard bienveillant, amical, avec le souci constant de pr\u00e9server l'int\u00e9grit\u00e9 du pays, de contribuer \u00e0 son d\u00e9veloppement, de le soutenir au sein de la communaut\u00e9 internationale\", a assur\u00e9 M. R\u00e9my.<\/p>\n<p>\"La RDC s'appr\u00eate \u00e0 vivre des heures d\u00e9cisives \u00e0 la fin de l'ann\u00e9e (...) L\u00e0 encore, la France sera aux c\u00f4t\u00e9s du Congo\", a-t-il assur\u00e9.<\/p>\n<p>Des \u00e9lections sont pr\u00e9vues le 23 d\u00e9cembre en RDC, avec une pr\u00e9sidentielle qui permettra de d\u00e9signer le successeur du pr\u00e9sident Kabila.<\/p>\n<p>\"La France n'a pas d'int\u00e9r\u00eat particulier dans les richesses mini\u00e8res du pays, dans son cuivre, dans son cobalt, dans son or, dans son coltan ou dans ses diamants\".\u00a0<\/p>\n<p>Elle \"souhaite simplement qu'en tournant cette page, les Congolais en ouvre une nouvelle, en paix avec eux-m\u00eame et pr\u00eats \u00e0 marcher vers leur avenir\", a affirm\u00e9 M. R\u00e9my.<\/p>\n<p>mbb\/fjb<\/p>\n<\/div>\n<\/div>\n","protected":false},"excerpt":{"rendered":"<p>L'ambassadeur de France en R\u00e9publique d\u00e9mocratique du Congo a exhort\u00e9 samedi \u00e0 Kinshasa les autorit\u00e9s congolaises \u00e0 renouer le dialogue avec la communaut\u00e9 internationale avec laquelle les relations se sont d\u00e9grad\u00e9es depuis le d\u00e9but de l'ann\u00e9e. Devant plusieurs dizaines d'invit\u00e9s r\u00e9unis dans sa r\u00e9sidence pour la f\u00eate nationale de son pays, l'ambassadeur de France en [&hellip;]<\/p>\n","protected":false},"author":60,"featured_media":0,"comment_status":"open","ping_status":"closed","sticky":false,"template":"","format":"standard","meta":{"_acf_changed":false,"footnotes":""},"categories":[2576],"tags":[],"ji_location":[2196],"class_list":["post-38004","post","type-post","status-publish","format-standard","hentry","category-fil-d-actualite","ji_location-republique-democratique-du-congo"],"acf":[],"yoast_head":"<!-- This site is optimized with the Yoast SEO Premium plugin v25.3.1 (Yoast SEO v25.3.1) - https:\/\/yoast.com\/wordpress\/plugins\/seo\/ -->\n<title>La France invite Kinshasa \u00e0 &quot;renouer&quot; le dialogue avec la communaut\u00e9 internationale - JusticeInfo.net<\/title>\n<meta name=\"robots\" content=\"index, follow, max-snippet:-1, max-image-preview:large, max-video-preview:-1\" \/>\n<link rel=\"canonical\" href=\"https:\/\/www.justiceinfo.net\/fr\/38004-la-france-invite-kinshasa-a-renouer-le-dialogue-avec-la-communaute-internationale.html\" \/>\n<meta property=\"og:locale\" content=\"fr_FR\" \/>\n<meta property=\"og:type\" content=\"article\" \/>\n<meta property=\"og:title\" content=\"La France invite Kinshasa \u00e0 &quot;renouer&quot; le dialogue avec la communaut\u00e9 internationale\" \/>\n<meta property=\"og:description\" content=\"L&#039;ambassadeur de France en R\u00e9publique d\u00e9mocratique du Congo a exhort\u00e9 samedi \u00e0 Kinshasa les autorit\u00e9s congolaises \u00e0 renouer le dialogue avec la communaut\u00e9 internationale avec laquelle les relations se sont d\u00e9grad\u00e9es depuis le d\u00e9but de l&#039;ann\u00e9e. Devant plusieurs dizaines d&#039;invit\u00e9s r\u00e9unis dans sa r\u00e9sidence pour la f\u00eate nationale de son pays, l&#039;ambassadeur de France en [&hellip;]\" \/>\n<meta property=\"og:url\" content=\"https:\/\/www.justiceinfo.net\/fr\/38004-la-france-invite-kinshasa-a-renouer-le-dialogue-avec-la-communaute-internationale.html\" \/>\n<meta property=\"og:site_name\" content=\"JusticeInfo.net\" \/>\n<meta property=\"article:publisher\" content=\"https:\/\/www.facebook.com\/JusticeInfo\/\" \/>\n<meta property=\"article:published_time\" content=\"2018-07-15T02:48:51+00:00\" \/>\n<meta property=\"og:image\" content=\"https:\/\/www.justiceinfo.net\/wp-content\/uploads\/JusticeInfoNet_logo_1200x630px.jpg\" \/>\n\t<meta property=\"og:image:width\" content=\"1200\" \/>\n\t<meta property=\"og:image:height\" content=\"630\" \/>\n\t<meta property=\"og:image:type\" content=\"image\/jpeg\" \/>\n<meta name=\"author\" content=\"afp\" \/>\n<meta name=\"twitter:card\" content=\"summary_large_image\" \/>\n<meta name=\"twitter:creator\" content=\"@justiceinfonet\" \/>\n<meta name=\"twitter:site\" content=\"@justiceinfonet\" \/>\n<meta name=\"twitter:label1\" content=\"\u00c9crit par\" \/>\n\t<meta name=\"twitter:data1\" content=\"afp\" \/>\n\t<meta name=\"twitter:label2\" content=\"Dur\u00e9e de lecture estim\u00e9e\" \/>\n\t<meta name=\"twitter:data2\" content=\"2 minutes\" \/>\n<script type=\"application\/ld+json\" class=\"yoast-schema-graph\">{\"@context\":\"https:\/\/schema.org\",\"@graph\":[{\"@type\":\"NewsArticle\",\"@id\":\"https:\/\/www.justiceinfo.net\/fr\/38004-la-france-invite-kinshasa-a-renouer-le-dialogue-avec-la-communaute-internationale.html#article\",\"isPartOf\":{\"@id\":\"https:\/\/www.justiceinfo.net\/fr\/38004-la-france-invite-kinshasa-a-renouer-le-dialogue-avec-la-communaute-internationale.html\"},\"author\":{\"name\":\"afp\",\"@id\":\"https:\/\/www.justiceinfo.net\/fr#\/schema\/person\/713d340ef5f218fc36ce9b4244364a7f\"},\"headline\":\"La France invite Kinshasa \u00e0 \\\"renouer\\\" le dialogue avec la communaut\u00e9 internationale\",\"datePublished\":\"2018-07-15T02:48:51+00:00\",\"mainEntityOfPage\":{\"@id\":\"https:\/\/www.justiceinfo.net\/fr\/38004-la-france-invite-kinshasa-a-renouer-le-dialogue-avec-la-communaute-internationale.html\"},\"wordCount\":480,\"commentCount\":0,\"publisher\":{\"@id\":\"https:\/\/www.justiceinfo.net\/fr#organization\"},\"articleSection\":[\"Fil d'info AFP\"],\"inLanguage\":\"fr-FR\",\"potentialAction\":[{\"@type\":\"CommentAction\",\"name\":\"Comment\",\"target\":[\"https:\/\/www.justiceinfo.net\/fr\/38004-la-france-invite-kinshasa-a-renouer-le-dialogue-avec-la-communaute-internationale.html#respond\"]}]},{\"@type\":\"WebPage\",\"@id\":\"https:\/\/www.justiceinfo.net\/fr\/38004-la-france-invite-kinshasa-a-renouer-le-dialogue-avec-la-communaute-internationale.html\",\"url\":\"https:\/\/www.justiceinfo.net\/fr\/38004-la-france-invite-kinshasa-a-renouer-le-dialogue-avec-la-communaute-internationale.html\",\"name\":\"La France invite Kinshasa \u00e0 \\\"renouer\\\" le dialogue avec la communaut\u00e9 internationale - JusticeInfo.net\",\"isPartOf\":{\"@id\":\"https:\/\/www.justiceinfo.net\/fr#website\"},\"datePublished\":\"2018-07-15T02:48:51+00:00\",\"breadcrumb\":{\"@id\":\"https:\/\/www.justiceinfo.net\/fr\/38004-la-france-invite-kinshasa-a-renouer-le-dialogue-avec-la-communaute-internationale.html#breadcrumb\"},\"inLanguage\":\"fr-FR\",\"potentialAction\":[{\"@type\":\"ReadAction\",\"target\":[\"https:\/\/www.justiceinfo.net\/fr\/38004-la-france-invite-kinshasa-a-renouer-le-dialogue-avec-la-communaute-internationale.html\"]}]},{\"@type\":\"BreadcrumbList\",\"@id\":\"https:\/\/www.justiceinfo.net\/fr\/38004-la-france-invite-kinshasa-a-renouer-le-dialogue-avec-la-communaute-internationale.html#breadcrumb\",\"itemListElement\":[{\"@type\":\"ListItem\",\"position\":1,\"name\":\"Home\",\"item\":\"https:\/\/www.justiceinfo.net\/fr\"},{\"@type\":\"ListItem\",\"position\":2,\"name\":\"La France invite Kinshasa \u00e0 \\\"renouer\\\" le dialogue avec la communaut\u00e9 internationale\"}]},{\"@type\":\"WebSite\",\"@id\":\"https:\/\/www.justiceinfo.net\/fr#website\",\"url\":\"https:\/\/www.justiceinfo.net\/fr\",\"name\":\"JusticeInfo.net\",\"description\":\"La justice doit \u00eatre vue pour \u00eatre rendue\",\"publisher\":{\"@id\":\"https:\/\/www.justiceinfo.net\/fr#organization\"},\"potentialAction\":[{\"@type\":\"SearchAction\",\"target\":{\"@type\":\"EntryPoint\",\"urlTemplate\":\"https:\/\/www.justiceinfo.net\/fr?s={search_term_string}\"},\"query-input\":{\"@type\":\"PropertyValueSpecification\",\"valueRequired\":true,\"valueName\":\"search_term_string\"}}],\"inLanguage\":\"fr-FR\"},{\"@type\":\"Organization\",\"@id\":\"https:\/\/www.justiceinfo.net\/fr#organization\",\"name\":\"Justice Info\",\"url\":\"https:\/\/www.justiceinfo.net\/fr\",\"logo\":{\"@type\":\"ImageObject\",\"inLanguage\":\"fr-FR\",\"@id\":\"https:\/\/www.justiceinfo.net\/fr#\/schema\/logo\/image\/\",\"url\":\"https:\/\/www.justiceinfo.net\/wp-content\/uploads\/justiceinfo_logo-trans_1200x1200px.png\",\"contentUrl\":\"https:\/\/www.justiceinfo.net\/wp-content\/uploads\/justiceinfo_logo-trans_1200x1200px.png\",\"width\":1199,\"height\":1200,\"caption\":\"Justice Info\"},\"image\":{\"@id\":\"https:\/\/www.justiceinfo.net\/fr#\/schema\/logo\/image\/\"},\"sameAs\":[\"https:\/\/www.facebook.com\/JusticeInfo\/\",\"https:\/\/x.com\/justiceinfonet\",\"https:\/\/www.linkedin.com\/company\/justice-info\",\"https:\/\/www.youtube.com\/channel\/UCyCEsARodyuWtkWyhn-e7pA\"]},{\"@type\":\"Person\",\"name\":\"afp\",\"url\":\"\/fr\/?s=afp\"}]}<\/script>\n<!-- \/ Yoast SEO Premium plugin. -->","yoast_head_json":{"title":"La France invite Kinshasa \u00e0 \"renouer\" le dialogue avec la communaut\u00e9 internationale - JusticeInfo.net","robots":{"index":"index","follow":"follow","max-snippet":"max-snippet:-1","max-image-preview":"max-image-preview:large","max-video-preview":"max-video-preview:-1"},"canonical":"https:\/\/www.justiceinfo.net\/fr\/38004-la-france-invite-kinshasa-a-renouer-le-dialogue-avec-la-communaute-internationale.html","og_locale":"fr_FR","og_type":"article","og_title":"La France invite Kinshasa \u00e0 \"renouer\" le dialogue avec la communaut\u00e9 internationale","og_description":"L'ambassadeur de France en R\u00e9publique d\u00e9mocratique du Congo a exhort\u00e9 samedi \u00e0 Kinshasa les autorit\u00e9s congolaises \u00e0 renouer le dialogue avec la communaut\u00e9 internationale avec laquelle les relations se sont d\u00e9grad\u00e9es depuis le d\u00e9but de l'ann\u00e9e. Devant plusieurs dizaines d'invit\u00e9s r\u00e9unis dans sa r\u00e9sidence pour la f\u00eate nationale de son pays, l'ambassadeur de France en [&hellip;]","og_url":"https:\/\/www.justiceinfo.net\/fr\/38004-la-france-invite-kinshasa-a-renouer-le-dialogue-avec-la-communaute-internationale.html","og_site_name":"JusticeInfo.net","article_publisher":"https:\/\/www.facebook.com\/JusticeInfo\/","article_published_time":"2018-07-15T02:48:51+00:00","og_image":[{"width":1200,"height":630,"url":"https:\/\/www.justiceinfo.net\/wp-content\/uploads\/JusticeInfoNet_logo_1200x630px.jpg","type":"image\/jpeg"}],"author":"afp","twitter_card":"summary_large_image","twitter_creator":"@justiceinfonet","twitter_site":"@justiceinfonet","twitter_misc":{"\u00c9crit par":"afp","Dur\u00e9e de lecture estim\u00e9e":"2 minutes"},"schema":{"@context":"https:\/\/schema.org","@graph":[{"@type":"NewsArticle","@id":"https:\/\/www.justiceinfo.net\/fr\/38004-la-france-invite-kinshasa-a-renouer-le-dialogue-avec-la-communaute-internationale.html#article","isPartOf":{"@id":"https:\/\/www.justiceinfo.net\/fr\/38004-la-france-invite-kinshasa-a-renouer-le-dialogue-avec-la-communaute-internationale.html"},"author":{"name":"afp","@id":"https:\/\/www.justiceinfo.net\/fr#\/schema\/person\/713d340ef5f218fc36ce9b4244364a7f"},"headline":"La France invite Kinshasa \u00e0 \"renouer\" le dialogue avec la communaut\u00e9 internationale","datePublished":"2018-07-15T02:48:51+00:00","mainEntityOfPage":{"@id":"https:\/\/www.justiceinfo.net\/fr\/38004-la-france-invite-kinshasa-a-renouer-le-dialogue-avec-la-communaute-internationale.html"},"wordCount":480,"commentCount":0,"publisher":{"@id":"https:\/\/www.justiceinfo.net\/fr#organization"},"articleSection":["Fil d'info AFP"],"inLanguage":"fr-FR","potentialAction":[{"@type":"CommentAction","name":"Comment","target":["https:\/\/www.justiceinfo.net\/fr\/38004-la-france-invite-kinshasa-a-renouer-le-dialogue-avec-la-communaute-internationale.html#respond"]}]},{"@type":"WebPage","@id":"https:\/\/www.justiceinfo.net\/fr\/38004-la-france-invite-kinshasa-a-renouer-le-dialogue-avec-la-communaute-internationale.html","url":"https:\/\/www.justiceinfo.net\/fr\/38004-la-france-invite-kinshasa-a-renouer-le-dialogue-avec-la-communaute-internationale.html","name":"La France invite Kinshasa \u00e0 \"renouer\" le dialogue avec la communaut\u00e9 internationale - JusticeInfo.net","isPartOf":{"@id":"https:\/\/www.justiceinfo.net\/fr#website"},"datePublished":"2018-07-15T02:48:51+00:00","breadcrumb":{"@id":"https:\/\/www.justiceinfo.net\/fr\/38004-la-france-invite-kinshasa-a-renouer-le-dialogue-avec-la-communaute-internationale.html#breadcrumb"},"inLanguage":"fr-FR","potentialAction":[{"@type":"ReadAction","target":["https:\/\/www.justiceinfo.net\/fr\/38004-la-france-invite-kinshasa-a-renouer-le-dialogue-avec-la-communaute-internationale.html"]}]},{"@type":"BreadcrumbList","@id":"https:\/\/www.justiceinfo.net\/fr\/38004-la-france-invite-kinshasa-a-renouer-le-dialogue-avec-la-communaute-internationale.html#breadcrumb","itemListElement":[{"@type":"ListItem","position":1,"name":"Home","item":"https:\/\/www.justiceinfo.net\/fr"},{"@type":"ListItem","position":2,"name":"La France invite Kinshasa \u00e0 \"renouer\" le dialogue avec la communaut\u00e9 internationale"}]},{"@type":"WebSite","@id":"https:\/\/www.justiceinfo.net\/fr#website","url":"https:\/\/www.justiceinfo.net\/fr","name":"JusticeInfo.net","description":"La justice doit \u00eatre vue pour \u00eatre rendue","publisher":{"@id":"https:\/\/www.justiceinfo.net\/fr#organization"},"potentialAction":[{"@type":"SearchAction","target":{"@type":"EntryPoint","urlTemplate":"https:\/\/www.justiceinfo.net\/fr?s={search_term_string}"},"query-input":{"@type":"PropertyValueSpecification","valueRequired":true,"valueName":"search_term_string"}}],"inLanguage":"fr-FR"},{"@type":"Organization","@id":"https:\/\/www.justiceinfo.net\/fr#organization","name":"Justice Info","url":"https:\/\/www.justiceinfo.net\/fr","logo":{"@type":"ImageObject","inLanguage":"fr-FR","@id":"https:\/\/www.justiceinfo.net\/fr#\/schema\/logo\/image\/","url":"https:\/\/www.justiceinfo.net\/wp-content\/uploads\/justiceinfo_logo-trans_1200x1200px.png","contentUrl":"https:\/\/www.justiceinfo.net\/wp-content\/uploads\/justiceinfo_logo-trans_1200x1200px.png","width":1199,"height":1200,"caption":"Justice Info"},"image":{"@id":"https:\/\/www.justiceinfo.net\/fr#\/schema\/logo\/image\/"},"sameAs":["https:\/\/www.facebook.com\/JusticeInfo\/","https:\/\/x.com\/justiceinfonet","https:\/\/www.linkedin.com\/company\/justice-info","https:\/\/www.youtube.com\/channel\/UCyCEsARodyuWtkWyhn-e7pA"]},{"@type":"Person","name":"afp","url":"\/fr\/?s=afp"}]}},"_links":{"self":[{"href":"https:\/\/www.justiceinfo.net\/fr\/wp-json\/wp\/v2\/posts\/38004","targetHints":{"allow":["GET"]}}],"collection":[{"href":"https:\/\/www.justiceinfo.net\/fr\/wp-json\/wp\/v2\/posts"}],"about":[{"href":"https:\/\/www.justiceinfo.net\/fr\/wp-json\/wp\/v2\/types\/post"}],"author":[{"embeddable":true,"href":"https:\/\/www.justiceinfo.net\/fr\/wp-json\/wp\/v2\/users\/60"}],"replies":[{"embeddable":true,"href":"https:\/\/www.justiceinfo.net\/fr\/wp-json\/wp\/v2\/comments?post=38004"}],"version-history":[{"count":0,"href":"https:\/\/www.justiceinfo.net\/fr\/wp-json\/wp\/v2\/posts\/38004\/revisions"}],"wp:attachment":[{"href":"https:\/\/www.justiceinfo.net\/fr\/wp-json\/wp\/v2\/media?parent=38004"}],"wp:term":[{"taxonomy":"category","embeddable":true,"href":"https:\/\/www.justiceinfo.net\/fr\/wp-json\/wp\/v2\/categories?post=38004"},{"taxonomy":"post_tag","embeddable":true,"href":"https:\/\/www.justiceinfo.net\/fr\/wp-json\/wp\/v2\/tags?post=38004"},{"taxonomy":"ji_location","embeddable":true,"href":"https:\/\/www.justiceinfo.net\/fr\/wp-json\/wp\/v2\/ji_location?post=38004"}],"curies":[{"name":"wp","href":"https:\/\/api.w.org\/{rel}","templated":true}]}}