{"id":38035,"date":"2018-07-18T03:58:48","date_gmt":"2018-07-18T01:58:48","guid":{"rendered":"https:\/\/www.justiceinfo.net\/38035-de-la-justice-transitionnelle-a-une-transition-sans-justice-les-deux-modeles-de-justice-transitionn.html"},"modified":"2018-07-18T03:58:48","modified_gmt":"2018-07-18T01:58:48","slug":"de-la-justice-transitionnelle-a-une-transition-sans-justice-les-deux-modeles-de-justice-transitionn","status":"publish","type":"post","link":"https:\/\/www.justiceinfo.net\/fr\/38035-de-la-justice-transitionnelle-a-une-transition-sans-justice-les-deux-modeles-de-justice-transitionn.html","title":{"rendered":"De la justice transitionnelle \u00e0 une transition sans justice : les deux mod\u00e8les de justice transitionnelle en Tunisie et la gestion autocratique des conflits"},"content":{"rendered":"<h3>Introduction<\/h3>\n<p>La justice transitionnelle peut \u00eatre utilis\u00e9e pour remodeler l\u2019\u00c9tat et la soci\u00e9t\u00e9 post-conflictuelle. Elle exprime une certaine conception de la r\u00e9conciliation. L\u2019exp\u00e9rience tunisienne permet de v\u00e9rifier que la justice transitionnelle entretient des rapports \u00e9troits avec les recompositions politiques dans lesquelles elle se d\u00e9ploie. \u00c9lu pr\u00e9sident de la R\u00e9publique en 2014, B\u00e9ji Caid Essebsi (BCE) va aussit\u00f4t remettre en question le mod\u00e8le holiste de justice transitionnelle \u00e9tabli par la loi organique de d\u00e9cembre 2013, conduit par l\u2019Instance V\u00e9rit\u00e9 et Dignit\u00e9 (IVD). Comme <a href=\"https:\/\/journals.sub.uni-hamburg.de\/giga\/afsp\/article\/view\/597\">Rublie (2013)<\/a> indique, les exp\u00e9riences compar\u00e9es de justice transitionnelle montrent que \u00ab\u00a0les partis politiques qui contestent les outils de la justice transitionnelle le font \u00e0 partir de la combinaison entre leur propre int\u00e9r\u00eat (\u00e9viter de rendre des comptes) et l\u2019expression d\u2019une certaine conception de la justice, la v\u00e9rit\u00e9 et la r\u00e9conciliation.\u00a0\u00bb.<\/p>\n<p>En vue d\u2019imposer sa conception de la r\u00e9conciliation et la justice transitionnelle, BCE va proc\u00e9der de deux mani\u00e8res\u00a0: proposer un deuxi\u00e8me dispositif bas\u00e9 sur l\u2019amnistie, d\u2019une part, et exclure l\u2019IVD en rendant caduques ses pr\u00e9rogatives relatives \u00e0 la corruption et l\u2019abus d\u2019argent public, d\u2019autre part.<\/p>\n<h3>Le projet d\u2019amnistie du pr\u00e9sident de la R\u00e9publique<\/h3>\n<p>BCE a une conception minimaliste de la justice transitionnelle qui a pour but l\u2019amnistie amn\u00e9sique. D\u2019apr\u00e8s lui, il faut \u00ab\u00a0cesser de r\u00e9gler nos comptes avec le pass\u00e9. Il faut tourner la page des poursuites\u2026\u00a0\u00bb, apr\u00e8s tout, \u00ab\u00a0A quoi cela nous m\u00e8ne-t-il d\u2019emprisonner les gens\u00a0?\u00a0\u00bb (<a href=\"http:\/\/www.parismatch.com\/Actu\/International\/Les-islamistes-revent-du-VIIe-siecle-Nous-voulons-le-XXIe-734584\"><em>Paris Match<\/em>, 2015). <\/a><\/p>\n<p>Quand le pr\u00e9sident a d\u00e9pos\u00e9 son projet au parlement la premi\u00e8re fois le 14 juillet 2015, l\u2019IVD a saisi la Commission de Venise pour avis. Cette derni\u00e8re, sans \u00e9carter la possibilit\u00e9 de mettre en place un second m\u00e9canisme \u00e9quivalent \u00e0 celui pr\u00e9vu par la loi organique de 2013, a jug\u00e9 inconstitutionnel le projet de loi et l\u2019a d\u00e9clar\u00e9 incompatible avec l\u2019id\u00e9al et l\u2019esprit de la justice transitionnelle telle que pr\u00e9vue dans la Constitution de 2014 dans son article 148.9 (<a href=\"http:\/\/www.venice.coe.int\/webforms\/documents\/default.aspx?pdffile=CDL-AD(2015)032-f\"><em>Commission de Venise<\/em><\/a>, 2015).<\/p>\n<p>Aussi, suite \u00e0 la pression internationale et nationale, les fonctionnaires ayant profit\u00e9 personnellement d\u2019actes injustifi\u00e9s, les hommes d\u2019affaires, comme tout autre personne, impliqu\u00e9s dans des affaires de corruption, de malversation financi\u00e8re, d\u2019infraction fiscal et\/ou de change ont \u00e9t\u00e9 \u00e9cart\u00e9s de la cat\u00e9gorie des b\u00e9n\u00e9ficiaires de la nouvelle loi. L\u2019amnistie est, a priori, r\u00e9serv\u00e9e aux seuls fonctionnaires ayant procur\u00e9 des avantages injustifi\u00e9s \u00e0 autrui sans en tirer profit pour eux personnellement.<\/p>\n<p>Dans une interview avec les quotidiens Essahafa et La Presse de Tunisie (<a href=\"http:\/\/www.lapresse.tn\/component\/nationals\/?task=article&amp;id=135783\">2017<\/a>), BCE estime que le processus de r\u00e9conciliation est bloqu\u00e9 en Tunisie parce que l\u2019on cherche \u00e0 exag\u00e9rer ses conditions. Il d\u00e9plore aussi la complexit\u00e9 de la proc\u00e9dure devant l\u2019IVD qui ne permet pas de r\u00e9gler au plus vite les dossiers. L\u2019ing\u00e9nierie de l\u2019art. 5 de la loi de BCE d\u00e9bouche sur une proc\u00e9dure exp\u00e9ditive d\u2019amnistie amn\u00e9sique, la plus contest\u00e9e des quatre cat\u00e9gories d\u2019amnistie dans la typologie de Slye (2012). D\u2019une part, aucun pilier du mod\u00e8le holiste de justice transitionnelle, \u00e0 savoir l\u2019\u00e9tablissement de la v\u00e9rit\u00e9, la d\u00e9signation des responsabilit\u00e9s, la r\u00e9paration aux victimes et enfin la r\u00e9forme des institutions, n\u2019a \u00e9t\u00e9 pris en compte. D\u2019autre part, les garanties d\u2019ind\u00e9pendance restent sujettes \u00e0 caution malgr\u00e9 les toilettages entrepris depuis la premi\u00e8re version. En effet, la pr\u00e9dominance du minist\u00e8re public, agissant sous l\u2019autorit\u00e9 du Ministre de la Justice, dans la proc\u00e9dure est probl\u00e9matique. Elle risque de jeter le discr\u00e9dit sur les certificats d\u2019amnistie accord\u00e9s ainsi que sur l\u2019issue des recours contre lesdits amnisties devant le Comit\u00e9 de R\u00e8glement des Diff\u00e9rends, d\u2019autant plus que les d\u00e9cisions de ce comit\u00e9 ne sont susceptibles d\u2019aucune voie de recours. Dans son rapport de 2017 sur la corruption en Tunisie, GAN Integrity (<a href=\"https:\/\/www.business-anti-corruption.com\/country-profiles\/tunisia\/\">2017<\/a>) a point\u00e9 du doigt le fait que le syst\u00e8me judiciaire tunisien \u00e9tait \u00ab\u00a0principalement critiqu\u00e9 pour son manque d'ind\u00e9pendance et donc d'impartialit\u00e9. \u2026 La constitution de 2014 d\u00e9finit clairement une ind\u00e9pendance totale de la justice, mais le gouvernement continue d'exercer une influence sur les affaires judiciaires.\u00a0\u00bb.<\/p>\n<p>Par ailleurs, le pr\u00e9texte selon lequel les responsables amnisti\u00e9s ne faisaient qu\u2019appliquer les instructions \u00ab\u00a0d\u2019en haut\u00a0\u00bb peut \u00eatre valable aussi pour les fonctionnaires qui ont tir\u00e9 profit pour eux-m\u00eames, le proc\u00e9d\u00e9 \u00e9tant bien connu pour maintenir un responsable sous la menace. Vu le pouvoir discr\u00e9tionnaire accord\u00e9e au minist\u00e8re public, la cat\u00e9gorie des b\u00e9n\u00e9ficiaires risquerait d\u2019\u00eatre red\u00e9finie.\u00a0<\/p>\n<p>Les fonctionnaires ainsi amnisti\u00e9s sont d\u00e9gag\u00e9s de l\u2019obligation de restituer les sommes spoli\u00e9es. Ils pourront reprendre leur poste au sein de l\u2019administration. Non seulement cette loi fait taire une jurisprudence constante du Tribunal Administratif qui interdit aux fonctionnaires d\u2019ex\u00e9cuter des instructions ill\u00e9gales mais aussi exclue toute volont\u00e9 de r\u00e9former le syst\u00e8me.<\/p>\n<h3>La gestion autoritaire de la Justice transitionnelle<\/h3>\n<p>Pour que ce m\u00e9canisme puisse \u00eatre mis en \u0153uvre sans heurts, il fallait retirer les comp\u00e9tences de l\u2019IVD en la mati\u00e8re et la mettre hors-jeu. Dans la premi\u00e8re version du projet, l\u2019IVD avait deux repr\u00e9sentants parmi les sept membres de la Commission R\u00e9conciliation (CR). Or, pour la tenue de ses r\u00e9unions et la prise des d\u00e9cisions la r\u00e8gle est la majorit\u00e9. Dans tous les cas de figure, les deux repr\u00e9sentants de l\u2019IVD ne repr\u00e9sentaient pas une force de blocage. La deuxi\u00e8me version a accentu\u00e9 l\u2019exclusion de l\u2019IVD en supprimant les dispositions relatives \u00e0 la participation de l\u2019IVD aux travaux de la CR. Le texte adopt\u00e9, sans le dire express\u00e9ment, rend inutile ou caduque l\u2019IVD pour ce qui est de la cat\u00e9gorie de fonctionnaires concern\u00e9e par la loi sur la r\u00e9conciliation administrative. Aussi, le refus du charg\u00e9 du contentieux de l\u2019\u00c9tat de collaborer positivement avec l\u2019IVD a emp\u00each\u00e9 cette derni\u00e8re de cl\u00f4turer des dossiers hautement symboliques en rapport avec le syst\u00e8me de corruption et d\u2019abus d\u2019argent public.<\/p>\n<p>Enfin, la l\u00e9galit\u00e9 des arrangements pris pour mettre fin pr\u00e9matur\u00e9ment aux travaux de l\u2019IVD est discutable et qui plus est ne peut \u00eatre r\u00e9duite \u00e0 la seule rh\u00e9torique juridique. Ceci renseigne bien sur les r\u00e9sistances politiques contre le mod\u00e8le holiste de justice transitionnelle pilot\u00e9 par l\u2019IVD et indique clairement les vell\u00e9it\u00e9s h\u00e9g\u00e9moniques du pouvoir en place dans la gestion de la justice transitionnelle.<\/p>\n<p>Cette tendance autoritaire de la gestion du conflit autour de la justice transitionnelle, on la retrouve bien dans l\u2019intervention de BCE dans un domaine qui ne rentre pas dans ses comp\u00e9tences constitutionnelles. Pourtant, dans son avis de 2015, la <a href=\"http:\/\/www.venice.coe.int\/webforms\/documents\/default.aspx?pdffile=CDL-AD(2015)032-f\">Commission de Venise<\/a> reconnait que la d\u00e9marche pr\u00e9sidentielle est constitutionnelle en faisant valoir que l\u2019article 62 de la constitution reconna\u00eet la facult\u00e9 du pr\u00e9sident \u00e0 soumettre des projets de lois. Cette conclusion semble un peu h\u00e2tive\u00a0: la Commission n\u2019a pas lu l\u2019article 62 \u00e0 la lumi\u00e8re de l\u2019article 77 de la constitution. Ce dernier pr\u00e9cise que \u00ab\u00a0Le pr\u00e9sident de la R\u00e9publique est charg\u00e9 de d\u00e9terminer les politiques g\u00e9n\u00e9rales dans les domaines de la d\u00e9fense, des relations \u00e9trang\u00e8res et de la s\u00e9curit\u00e9 nationale relative \u00e0 la protection de l\u2019\u00c9tat et du territoire national des menaces int\u00e9rieures et ext\u00e9rieures, et ce, apr\u00e8s consultation du Chef du Gouvernement\u00a0\u00bb. Autrement dit, le pr\u00e9sident de la R\u00e9publique ne peut soumettre que des projets de loi qui concernent ses domaines de comp\u00e9tence tels qu\u2019arr\u00eat\u00e9s dans l\u2019article 77. Or, l\u2019organisation de la justice transitionnelle n\u2019entre pas dans la s\u00e9rie de comp\u00e9tences \u00e9nonc\u00e9e dans l\u2019article 77.<\/p>\n<p>Certains juristes estiment que c\u2019est l\u2019article 72 de la constitution, disposant que le pr\u00e9sident de la R\u00e9publique \u00ab\u00a0veille au respect de la Constitution.\u00a0\u00bb, qui donne \u00e0 ce dernier le droit de prendre de telles initiatives. Cet article, qui fait \u00e9cho \u00e0 l\u2019article 5 de la constitution de la R\u00e9publique fran\u00e7aise, signifie que le pr\u00e9sident de la R\u00e9publique a un r\u00f4le de gardien, autrement dit, il a \u00ab\u00a0un devoir g\u00e9n\u00e9ral de rappeler au respect de la Constitution ceux qui s'en \u00e9loigneraient\u00a0\u00bb <a href=\"http:\/\/www.revue-pouvoirs.fr\/L-article-5-et-la-fonction.html\">(<em>Ardant<\/em>, 1987<\/a>). Qui plus est, l\u2019initiative pr\u00e9sidentielle n\u2019appara\u00eet gu\u00e8re motiv\u00e9e par la veille au respect de la constitution, elle est tout juste une promesse de campagne de BCE-candidat. Cette gestion autoritaire des conflits conduit dans certains cas un acteur en manque de ressources, BCE en l\u2019occurrence, \u00e0 transgresser les r\u00e8gles du jeu, la violation de la constitution dans notre cas, dont notamment les dispositions relatives \u00e0 la lutte contre l\u2019impunit\u00e9 et la corruption, pour faire triompher sa conception de la justice transitionnelle.\u00a0<\/p>\n<h3>Conclusion<strong> <br \/><\/strong><\/h3>\n<p>Chaque fois o\u00f9 le pass\u00e9 est soumis \u00e0 examen, cela ouvre les d\u00e9bats, provoque des r\u00e9sistances, mobilise de nouveaux groupes autour des revendications pour la justice et suscite des strat\u00e9gies l\u00e9gales qui pourraient affecter la mani\u00e8re de mise en \u0153uvre de la justice transitionnelle (<a href=\"https:\/\/zapdoc.tips\/justice-mosaics-how-context-shapes-transitional-justice-in-f145b83822c5531a08411f9f471aded2410053.html\"><em>Bell<\/em>\u00a0: 87<\/a>).<\/p>\n<p>Face aux manifestations et mouvements de protestation continus qualifiant son projet de m\u00e9canisme d\u2019impunit\u00e9 et de promotion de la corruption, BCE est mont\u00e9 au cr\u00e9neau, le 10 mai 2017, en d\u00e9clarant en substance\u00a0: \u00ab\u00a0Nous accuser continuellement de prot\u00e9ger les corrompus et qu\u2019il s\u2019agit d\u2019une loi sur l\u2019impunit\u00e9, voyons, il y a une limite \u00e0 tout. Je vous dis une chose\u00a0: si \u00e7a continue ainsi, et bien, la d\u00e9mocratie, on n\u2019en a pas besoin\u00a0\u00bb. (<a href=\"https:\/\/www.youtube.com\/watch?v=_fltuxfWUUE\"><em>Youtube<\/em>, 2017, 39\u201915 \u2013 39\u201948<\/a>)<\/p>\n<p>Dans notre cas, la gestion autoritaire est motiv\u00e9e par la vuln\u00e9rabilit\u00e9 institutionnelle post-2011 et la tendance syst\u00e9matique de BCE \u00e0 ne pas respecter les institutions issues de la constitution de 2014 (<a href=\"https:\/\/www.middleeastmonitor.com\/20160806-is-tunisias-2014-constitution-already-obsolete\/\"><em>Limam<\/em>, 2016<\/a>). En ce faisant, il confirme une tendance constat\u00e9e dans les exp\u00e9riences compar\u00e9es, qui consiste en ce que l\u2019ancien r\u00e9gime a tendance \u00e0 s\u2019approprier des outils de la transition \u2013 comme celui de la justice transitionnelle \u2013 et les utiliser \u00e0 son profit lorsqu\u2019il conserve une position cl\u00e9 dans la gestion de la transition d\u00e9mocratique.<\/p>\n","protected":false},"excerpt":{"rendered":"<p>Introduction La justice transitionnelle peut \u00eatre utilis\u00e9e pour remodeler l\u2019\u00c9tat et la soci\u00e9t\u00e9 post-conflictuelle. Elle exprime une certaine conception de la r\u00e9conciliation. L\u2019exp\u00e9rience tunisienne permet de v\u00e9rifier que la justice transitionnelle entretient des rapports \u00e9troits avec les recompositions politiques dans lesquelles elle se d\u00e9ploie. \u00c9lu pr\u00e9sident de la R\u00e9publique en 2014, B\u00e9ji Caid Essebsi (BCE) [&hellip;]<\/p>\n","protected":false},"author":64,"featured_media":66621,"comment_status":"open","ping_status":"closed","sticky":false,"template":"","format":"standard","meta":{"_acf_changed":false,"footnotes":""},"categories":[575],"tags":[],"ji_location":[2520],"class_list":["post-38035","post","type-post","status-publish","format-standard","has-post-thumbnail","hentry","category-opinions","ji_location-tunisie"],"acf":[],"yoast_head":"<!-- This site is optimized with the Yoast SEO Premium plugin v25.3.1 (Yoast SEO v25.3.1) - https:\/\/yoast.com\/wordpress\/plugins\/seo\/ -->\n<title>De la justice transitionnelle \u00e0 une transition sans justice : les deux mod\u00e8les de justice transitionnelle en Tunisie et la gestion autocratique des conflits - JusticeInfo.net<\/title>\n<meta name=\"description\" content=\"La sustice transitionnelle peut \u00eatre utilis\u00e9e pour remodeler l\u2019\u00c9tat et la soci\u00e9t\u00e9 post-conflictuelle. Elle exprime une certaine conception de la r\u00e9conciliation. Focus sur l&#039;exp\u00e9rience de justice transitionnelle en Tunisie.\" \/>\n<meta name=\"robots\" content=\"index, follow, max-snippet:-1, max-image-preview:large, max-video-preview:-1\" \/>\n<link rel=\"canonical\" href=\"https:\/\/www.justiceinfo.net\/fr\/38035-de-la-justice-transitionnelle-a-une-transition-sans-justice-les-deux-modeles-de-justice-transitionn.html\" \/>\n<meta property=\"og:locale\" content=\"fr_FR\" \/>\n<meta property=\"og:type\" content=\"article\" \/>\n<meta property=\"og:title\" content=\"De la justice transitionnelle \u00e0 une transition sans justice : les deux mod\u00e8les de justice transitionnelle en Tunisie et la gestion autocratique des conflits\" \/>\n<meta property=\"og:description\" content=\"La sustice transitionnelle peut \u00eatre utilis\u00e9e pour remodeler l\u2019\u00c9tat et la soci\u00e9t\u00e9 post-conflictuelle. Elle exprime une certaine conception de la r\u00e9conciliation. Focus sur l&#039;exp\u00e9rience de justice transitionnelle en Tunisie.\" \/>\n<meta property=\"og:url\" content=\"https:\/\/www.justiceinfo.net\/fr\/38035-de-la-justice-transitionnelle-a-une-transition-sans-justice-les-deux-modeles-de-justice-transitionn.html\" \/>\n<meta property=\"og:site_name\" content=\"JusticeInfo.net\" \/>\n<meta property=\"article:publisher\" content=\"https:\/\/www.facebook.com\/JusticeInfo\/\" \/>\n<meta property=\"article:published_time\" content=\"2018-07-18T01:58:48+00:00\" \/>\n<meta property=\"og:image\" content=\"https:\/\/www.justiceinfo.net\/wp-content\/uploads\/f78a865c2f4a93acf68ff55e586ff582.jpg\" \/>\n\t<meta property=\"og:image:width\" content=\"2048\" \/>\n\t<meta property=\"og:image:height\" content=\"895\" \/>\n\t<meta property=\"og:image:type\" content=\"image\/jpeg\" \/>\n<meta name=\"author\" content=\"Mohamed Limam\" \/>\n<meta name=\"twitter:card\" content=\"summary_large_image\" \/>\n<meta name=\"twitter:creator\" content=\"@justiceinfonet\" \/>\n<meta name=\"twitter:site\" content=\"@justiceinfonet\" \/>\n<meta name=\"twitter:label1\" content=\"\u00c9crit par\" \/>\n\t<meta name=\"twitter:data1\" content=\"Mohamed Limam\" \/>\n\t<meta name=\"twitter:label2\" content=\"Dur\u00e9e de lecture estim\u00e9e\" \/>\n\t<meta name=\"twitter:data2\" content=\"9 minutes\" \/>\n<script type=\"application\/ld+json\" class=\"yoast-schema-graph\">{\"@context\":\"https:\/\/schema.org\",\"@graph\":[{\"@type\":\"NewsArticle\",\"@id\":\"https:\/\/www.justiceinfo.net\/fr\/38035-de-la-justice-transitionnelle-a-une-transition-sans-justice-les-deux-modeles-de-justice-transitionn.html#article\",\"isPartOf\":{\"@id\":\"https:\/\/www.justiceinfo.net\/fr\/38035-de-la-justice-transitionnelle-a-une-transition-sans-justice-les-deux-modeles-de-justice-transitionn.html\"},\"author\":{\"name\":\"solivri\",\"@id\":\"https:\/\/www.justiceinfo.net\/fr#\/schema\/person\/6e53cba1629e2e66f3fc1821d3091865\"},\"headline\":\"De la justice transitionnelle \u00e0 une transition sans justice : les deux mod\u00e8les de justice transitionnelle en Tunisie et la gestion autocratique des conflits\",\"datePublished\":\"2018-07-18T01:58:48+00:00\",\"mainEntityOfPage\":{\"@id\":\"https:\/\/www.justiceinfo.net\/fr\/38035-de-la-justice-transitionnelle-a-une-transition-sans-justice-les-deux-modeles-de-justice-transitionn.html\"},\"wordCount\":1791,\"commentCount\":0,\"publisher\":{\"@id\":\"https:\/\/www.justiceinfo.net\/fr#organization\"},\"image\":{\"@id\":\"https:\/\/www.justiceinfo.net\/fr\/38035-de-la-justice-transitionnelle-a-une-transition-sans-justice-les-deux-modeles-de-justice-transitionn.html#primaryimage\"},\"thumbnailUrl\":\"https:\/\/www.justiceinfo.net\/wp-content\/uploads\/f78a865c2f4a93acf68ff55e586ff582.jpg\",\"articleSection\":[\"Opinions\"],\"inLanguage\":\"fr-FR\",\"potentialAction\":[{\"@type\":\"CommentAction\",\"name\":\"Comment\",\"target\":[\"https:\/\/www.justiceinfo.net\/fr\/38035-de-la-justice-transitionnelle-a-une-transition-sans-justice-les-deux-modeles-de-justice-transitionn.html#respond\"]}]},{\"@type\":\"WebPage\",\"@id\":\"https:\/\/www.justiceinfo.net\/fr\/38035-de-la-justice-transitionnelle-a-une-transition-sans-justice-les-deux-modeles-de-justice-transitionn.html\",\"url\":\"https:\/\/www.justiceinfo.net\/fr\/38035-de-la-justice-transitionnelle-a-une-transition-sans-justice-les-deux-modeles-de-justice-transitionn.html\",\"name\":\"De la justice transitionnelle \u00e0 une transition sans justice : les deux mod\u00e8les de justice transitionnelle en Tunisie et la gestion autocratique des conflits - JusticeInfo.net\",\"isPartOf\":{\"@id\":\"https:\/\/www.justiceinfo.net\/fr#website\"},\"primaryImageOfPage\":{\"@id\":\"https:\/\/www.justiceinfo.net\/fr\/38035-de-la-justice-transitionnelle-a-une-transition-sans-justice-les-deux-modeles-de-justice-transitionn.html#primaryimage\"},\"image\":{\"@id\":\"https:\/\/www.justiceinfo.net\/fr\/38035-de-la-justice-transitionnelle-a-une-transition-sans-justice-les-deux-modeles-de-justice-transitionn.html#primaryimage\"},\"thumbnailUrl\":\"https:\/\/www.justiceinfo.net\/wp-content\/uploads\/f78a865c2f4a93acf68ff55e586ff582.jpg\",\"datePublished\":\"2018-07-18T01:58:48+00:00\",\"description\":\"La sustice transitionnelle peut \u00eatre utilis\u00e9e pour remodeler l\u2019\u00c9tat et la soci\u00e9t\u00e9 post-conflictuelle. Elle exprime une certaine conception de la r\u00e9conciliation. Focus sur l'exp\u00e9rience de justice transitionnelle en Tunisie.\",\"breadcrumb\":{\"@id\":\"https:\/\/www.justiceinfo.net\/fr\/38035-de-la-justice-transitionnelle-a-une-transition-sans-justice-les-deux-modeles-de-justice-transitionn.html#breadcrumb\"},\"inLanguage\":\"fr-FR\",\"potentialAction\":[{\"@type\":\"ReadAction\",\"target\":[\"https:\/\/www.justiceinfo.net\/fr\/38035-de-la-justice-transitionnelle-a-une-transition-sans-justice-les-deux-modeles-de-justice-transitionn.html\"]}]},{\"@type\":\"ImageObject\",\"inLanguage\":\"fr-FR\",\"@id\":\"https:\/\/www.justiceinfo.net\/fr\/38035-de-la-justice-transitionnelle-a-une-transition-sans-justice-les-deux-modeles-de-justice-transitionn.html#primaryimage\",\"url\":\"https:\/\/www.justiceinfo.net\/wp-content\/uploads\/f78a865c2f4a93acf68ff55e586ff582.jpg\",\"contentUrl\":\"https:\/\/www.justiceinfo.net\/wp-content\/uploads\/f78a865c2f4a93acf68ff55e586ff582.jpg\",\"width\":2048,\"height\":895},{\"@type\":\"BreadcrumbList\",\"@id\":\"https:\/\/www.justiceinfo.net\/fr\/38035-de-la-justice-transitionnelle-a-une-transition-sans-justice-les-deux-modeles-de-justice-transitionn.html#breadcrumb\",\"itemListElement\":[{\"@type\":\"ListItem\",\"position\":1,\"name\":\"Home\",\"item\":\"https:\/\/www.justiceinfo.net\/fr\"},{\"@type\":\"ListItem\",\"position\":2,\"name\":\"De la justice transitionnelle \u00e0 une transition sans justice : les deux mod\u00e8les de justice transitionnelle en Tunisie et la gestion autocratique des conflits\"}]},{\"@type\":\"WebSite\",\"@id\":\"https:\/\/www.justiceinfo.net\/fr#website\",\"url\":\"https:\/\/www.justiceinfo.net\/fr\",\"name\":\"JusticeInfo.net\",\"description\":\"La justice doit \u00eatre vue pour \u00eatre rendue\",\"publisher\":{\"@id\":\"https:\/\/www.justiceinfo.net\/fr#organization\"},\"potentialAction\":[{\"@type\":\"SearchAction\",\"target\":{\"@type\":\"EntryPoint\",\"urlTemplate\":\"https:\/\/www.justiceinfo.net\/fr?s={search_term_string}\"},\"query-input\":{\"@type\":\"PropertyValueSpecification\",\"valueRequired\":true,\"valueName\":\"search_term_string\"}}],\"inLanguage\":\"fr-FR\"},{\"@type\":\"Organization\",\"@id\":\"https:\/\/www.justiceinfo.net\/fr#organization\",\"name\":\"Justice Info\",\"url\":\"https:\/\/www.justiceinfo.net\/fr\",\"logo\":{\"@type\":\"ImageObject\",\"inLanguage\":\"fr-FR\",\"@id\":\"https:\/\/www.justiceinfo.net\/fr#\/schema\/logo\/image\/\",\"url\":\"https:\/\/www.justiceinfo.net\/wp-content\/uploads\/justiceinfo_logo-trans_1200x1200px.png\",\"contentUrl\":\"https:\/\/www.justiceinfo.net\/wp-content\/uploads\/justiceinfo_logo-trans_1200x1200px.png\",\"width\":1199,\"height\":1200,\"caption\":\"Justice Info\"},\"image\":{\"@id\":\"https:\/\/www.justiceinfo.net\/fr#\/schema\/logo\/image\/\"},\"sameAs\":[\"https:\/\/www.facebook.com\/JusticeInfo\/\",\"https:\/\/x.com\/justiceinfonet\",\"https:\/\/www.linkedin.com\/company\/justice-info\",\"https:\/\/www.youtube.com\/channel\/UCyCEsARodyuWtkWyhn-e7pA\"]},{\"@type\":\"Person\",\"name\":\"Mohamed Limam\",\"url\":\"\/fr\/?s=Mohamed Limam\"}]}<\/script>\n<!-- \/ Yoast SEO Premium plugin. -->","yoast_head_json":{"title":"De la justice transitionnelle \u00e0 une transition sans justice : les deux mod\u00e8les de justice transitionnelle en Tunisie et la gestion autocratique des conflits - JusticeInfo.net","description":"La sustice transitionnelle peut \u00eatre utilis\u00e9e pour remodeler l\u2019\u00c9tat et la soci\u00e9t\u00e9 post-conflictuelle. Elle exprime une certaine conception de la r\u00e9conciliation. Focus sur l'exp\u00e9rience de justice transitionnelle en Tunisie.","robots":{"index":"index","follow":"follow","max-snippet":"max-snippet:-1","max-image-preview":"max-image-preview:large","max-video-preview":"max-video-preview:-1"},"canonical":"https:\/\/www.justiceinfo.net\/fr\/38035-de-la-justice-transitionnelle-a-une-transition-sans-justice-les-deux-modeles-de-justice-transitionn.html","og_locale":"fr_FR","og_type":"article","og_title":"De la justice transitionnelle \u00e0 une transition sans justice : les deux mod\u00e8les de justice transitionnelle en Tunisie et la gestion autocratique des conflits","og_description":"La sustice transitionnelle peut \u00eatre utilis\u00e9e pour remodeler l\u2019\u00c9tat et la soci\u00e9t\u00e9 post-conflictuelle. Elle exprime une certaine conception de la r\u00e9conciliation. Focus sur l'exp\u00e9rience de justice transitionnelle en Tunisie.","og_url":"https:\/\/www.justiceinfo.net\/fr\/38035-de-la-justice-transitionnelle-a-une-transition-sans-justice-les-deux-modeles-de-justice-transitionn.html","og_site_name":"JusticeInfo.net","article_publisher":"https:\/\/www.facebook.com\/JusticeInfo\/","article_published_time":"2018-07-18T01:58:48+00:00","og_image":[{"width":2048,"height":895,"url":"https:\/\/www.justiceinfo.net\/wp-content\/uploads\/f78a865c2f4a93acf68ff55e586ff582.jpg","type":"image\/jpeg"}],"author":"Mohamed Limam","twitter_card":"summary_large_image","twitter_creator":"@justiceinfonet","twitter_site":"@justiceinfonet","twitter_misc":{"\u00c9crit par":"Mohamed Limam","Dur\u00e9e de lecture estim\u00e9e":"9 minutes"},"schema":{"@context":"https:\/\/schema.org","@graph":[{"@type":"NewsArticle","@id":"https:\/\/www.justiceinfo.net\/fr\/38035-de-la-justice-transitionnelle-a-une-transition-sans-justice-les-deux-modeles-de-justice-transitionn.html#article","isPartOf":{"@id":"https:\/\/www.justiceinfo.net\/fr\/38035-de-la-justice-transitionnelle-a-une-transition-sans-justice-les-deux-modeles-de-justice-transitionn.html"},"author":{"name":"solivri","@id":"https:\/\/www.justiceinfo.net\/fr#\/schema\/person\/6e53cba1629e2e66f3fc1821d3091865"},"headline":"De la justice transitionnelle \u00e0 une transition sans justice : les deux mod\u00e8les de justice transitionnelle en Tunisie et la gestion autocratique des conflits","datePublished":"2018-07-18T01:58:48+00:00","mainEntityOfPage":{"@id":"https:\/\/www.justiceinfo.net\/fr\/38035-de-la-justice-transitionnelle-a-une-transition-sans-justice-les-deux-modeles-de-justice-transitionn.html"},"wordCount":1791,"commentCount":0,"publisher":{"@id":"https:\/\/www.justiceinfo.net\/fr#organization"},"image":{"@id":"https:\/\/www.justiceinfo.net\/fr\/38035-de-la-justice-transitionnelle-a-une-transition-sans-justice-les-deux-modeles-de-justice-transitionn.html#primaryimage"},"thumbnailUrl":"https:\/\/www.justiceinfo.net\/wp-content\/uploads\/f78a865c2f4a93acf68ff55e586ff582.jpg","articleSection":["Opinions"],"inLanguage":"fr-FR","potentialAction":[{"@type":"CommentAction","name":"Comment","target":["https:\/\/www.justiceinfo.net\/fr\/38035-de-la-justice-transitionnelle-a-une-transition-sans-justice-les-deux-modeles-de-justice-transitionn.html#respond"]}]},{"@type":"WebPage","@id":"https:\/\/www.justiceinfo.net\/fr\/38035-de-la-justice-transitionnelle-a-une-transition-sans-justice-les-deux-modeles-de-justice-transitionn.html","url":"https:\/\/www.justiceinfo.net\/fr\/38035-de-la-justice-transitionnelle-a-une-transition-sans-justice-les-deux-modeles-de-justice-transitionn.html","name":"De la justice transitionnelle \u00e0 une transition sans justice : les deux mod\u00e8les de justice transitionnelle en Tunisie et la gestion autocratique des conflits - JusticeInfo.net","isPartOf":{"@id":"https:\/\/www.justiceinfo.net\/fr#website"},"primaryImageOfPage":{"@id":"https:\/\/www.justiceinfo.net\/fr\/38035-de-la-justice-transitionnelle-a-une-transition-sans-justice-les-deux-modeles-de-justice-transitionn.html#primaryimage"},"image":{"@id":"https:\/\/www.justiceinfo.net\/fr\/38035-de-la-justice-transitionnelle-a-une-transition-sans-justice-les-deux-modeles-de-justice-transitionn.html#primaryimage"},"thumbnailUrl":"https:\/\/www.justiceinfo.net\/wp-content\/uploads\/f78a865c2f4a93acf68ff55e586ff582.jpg","datePublished":"2018-07-18T01:58:48+00:00","description":"La sustice transitionnelle peut \u00eatre utilis\u00e9e pour remodeler l\u2019\u00c9tat et la soci\u00e9t\u00e9 post-conflictuelle. Elle exprime une certaine conception de la r\u00e9conciliation. Focus sur l'exp\u00e9rience de justice transitionnelle en Tunisie.","breadcrumb":{"@id":"https:\/\/www.justiceinfo.net\/fr\/38035-de-la-justice-transitionnelle-a-une-transition-sans-justice-les-deux-modeles-de-justice-transitionn.html#breadcrumb"},"inLanguage":"fr-FR","potentialAction":[{"@type":"ReadAction","target":["https:\/\/www.justiceinfo.net\/fr\/38035-de-la-justice-transitionnelle-a-une-transition-sans-justice-les-deux-modeles-de-justice-transitionn.html"]}]},{"@type":"ImageObject","inLanguage":"fr-FR","@id":"https:\/\/www.justiceinfo.net\/fr\/38035-de-la-justice-transitionnelle-a-une-transition-sans-justice-les-deux-modeles-de-justice-transitionn.html#primaryimage","url":"https:\/\/www.justiceinfo.net\/wp-content\/uploads\/f78a865c2f4a93acf68ff55e586ff582.jpg","contentUrl":"https:\/\/www.justiceinfo.net\/wp-content\/uploads\/f78a865c2f4a93acf68ff55e586ff582.jpg","width":2048,"height":895},{"@type":"BreadcrumbList","@id":"https:\/\/www.justiceinfo.net\/fr\/38035-de-la-justice-transitionnelle-a-une-transition-sans-justice-les-deux-modeles-de-justice-transitionn.html#breadcrumb","itemListElement":[{"@type":"ListItem","position":1,"name":"Home","item":"https:\/\/www.justiceinfo.net\/fr"},{"@type":"ListItem","position":2,"name":"De la justice transitionnelle \u00e0 une transition sans justice : les deux mod\u00e8les de justice transitionnelle en Tunisie et la gestion autocratique des conflits"}]},{"@type":"WebSite","@id":"https:\/\/www.justiceinfo.net\/fr#website","url":"https:\/\/www.justiceinfo.net\/fr","name":"JusticeInfo.net","description":"La justice doit \u00eatre vue pour \u00eatre rendue","publisher":{"@id":"https:\/\/www.justiceinfo.net\/fr#organization"},"potentialAction":[{"@type":"SearchAction","target":{"@type":"EntryPoint","urlTemplate":"https:\/\/www.justiceinfo.net\/fr?s={search_term_string}"},"query-input":{"@type":"PropertyValueSpecification","valueRequired":true,"valueName":"search_term_string"}}],"inLanguage":"fr-FR"},{"@type":"Organization","@id":"https:\/\/www.justiceinfo.net\/fr#organization","name":"Justice Info","url":"https:\/\/www.justiceinfo.net\/fr","logo":{"@type":"ImageObject","inLanguage":"fr-FR","@id":"https:\/\/www.justiceinfo.net\/fr#\/schema\/logo\/image\/","url":"https:\/\/www.justiceinfo.net\/wp-content\/uploads\/justiceinfo_logo-trans_1200x1200px.png","contentUrl":"https:\/\/www.justiceinfo.net\/wp-content\/uploads\/justiceinfo_logo-trans_1200x1200px.png","width":1199,"height":1200,"caption":"Justice Info"},"image":{"@id":"https:\/\/www.justiceinfo.net\/fr#\/schema\/logo\/image\/"},"sameAs":["https:\/\/www.facebook.com\/JusticeInfo\/","https:\/\/x.com\/justiceinfonet","https:\/\/www.linkedin.com\/company\/justice-info","https:\/\/www.youtube.com\/channel\/UCyCEsARodyuWtkWyhn-e7pA"]},{"@type":"Person","name":"Mohamed Limam","url":"\/fr\/?s=Mohamed Limam"}]}},"_links":{"self":[{"href":"https:\/\/www.justiceinfo.net\/fr\/wp-json\/wp\/v2\/posts\/38035","targetHints":{"allow":["GET"]}}],"collection":[{"href":"https:\/\/www.justiceinfo.net\/fr\/wp-json\/wp\/v2\/posts"}],"about":[{"href":"https:\/\/www.justiceinfo.net\/fr\/wp-json\/wp\/v2\/types\/post"}],"author":[{"embeddable":true,"href":"https:\/\/www.justiceinfo.net\/fr\/wp-json\/wp\/v2\/users\/64"}],"replies":[{"embeddable":true,"href":"https:\/\/www.justiceinfo.net\/fr\/wp-json\/wp\/v2\/comments?post=38035"}],"version-history":[{"count":0,"href":"https:\/\/www.justiceinfo.net\/fr\/wp-json\/wp\/v2\/posts\/38035\/revisions"}],"wp:featuredmedia":[{"embeddable":true,"href":"https:\/\/www.justiceinfo.net\/fr\/wp-json\/wp\/v2\/media\/66621"}],"wp:attachment":[{"href":"https:\/\/www.justiceinfo.net\/fr\/wp-json\/wp\/v2\/media?parent=38035"}],"wp:term":[{"taxonomy":"category","embeddable":true,"href":"https:\/\/www.justiceinfo.net\/fr\/wp-json\/wp\/v2\/categories?post=38035"},{"taxonomy":"post_tag","embeddable":true,"href":"https:\/\/www.justiceinfo.net\/fr\/wp-json\/wp\/v2\/tags?post=38035"},{"taxonomy":"ji_location","embeddable":true,"href":"https:\/\/www.justiceinfo.net\/fr\/wp-json\/wp\/v2\/ji_location?post=38035"}],"curies":[{"name":"wp","href":"https:\/\/api.w.org\/{rel}","templated":true}]}}