{"id":38040,"date":"2018-07-18T06:55:59","date_gmt":"2018-07-18T04:55:59","guid":{"rendered":"https:\/\/www.justiceinfo.net\/38040-est-de-la-rdc-pour-une-complementarite-entre-les-initiatives-locales-et-le-systeme-judiciaire-class.html"},"modified":"2018-07-18T06:55:59","modified_gmt":"2018-07-18T04:55:59","slug":"est-de-la-rdc-pour-une-complementarite-entre-les-initiatives-locales-et-le-systeme-judiciaire-class","status":"publish","type":"post","link":"https:\/\/www.justiceinfo.net\/fr\/38040-est-de-la-rdc-pour-une-complementarite-entre-les-initiatives-locales-et-le-systeme-judiciaire-class.html","title":{"rendered":"Est de la RDC : pour une compl\u00e9mentarit\u00e9 entre les initiatives locales et le syst\u00e8me judiciaire classique"},"content":{"rendered":"<div class=\"content-excerpt\">\n<p>\u00a0A l\u2019occasion de la c\u00e9l\u00e9bration du vingti\u00e8me anniversaire du Trait\u00e9 de Rome cr\u00e9ant la Cour p\u00e9nale internationale, l\u2019organisation n\u00e9erlandaise, Impunity Watch, sp\u00e9cialis\u00e9e dans le traitement du pass\u00e9, plaide, dans un <a href=\"https:\/\/www.impunitywatch.org\/docs\/IW_Great_Lakes_Dispatches_(Numero_7_-_Juin_2018).pdf\">rapport<\/a>, pour la compl\u00e9mentarit\u00e9 entre les initiatives locales de justice transitionnelle dans le Sud-Kivu et le travail des juridictions nationales et internationales. JusticeInfo s\u2019est entretenu avec Gentil Kasongo Safari, auteur du rapport.<\/p>\n<\/div>\n<div class=\"content-questionsITV\">\n<p><strong>Justiceinfo.net\u00a0: Pourquoi s\u2019\u00eatre concentr\u00e9 sur le Sud-Kivu et comment se porte la justice transitionnelle dans cette province de l\u2019Est du Congo\u00a0?<\/strong><\/p>\n<\/div>\n<p><strong>Gentil Kasongo<\/strong>\u00a0: Le choix de la province du Sud-Kivu se fonde sur plusieurs raisons. \u00a0Mais l\u2019importante \u00e0 retenir est qu\u2019il s\u2019agit de l\u2019une des parties de la RDC qui sont instables du fait d\u2019innombrables cas des violations graves des droits humains et des conflits arm\u00e9s qui ont caus\u00e9 beaucoup de d\u00e9g\u00e2ts depuis plus de vingt ans, et qui persistent jusqu\u2019\u00e0 pr\u00e9sent, malheureusement, dans certaines parties de cette province. Ainsi, nous avons d\u00e9cid\u00e9 de mener cette recherche au Sud-Kivu en vue d\u2019y rencontrer les victimes et les communaut\u00e9s affect\u00e9es par les violences et les conflits. Il y a un besoin immense au sein de la population du Sud-Kivu de voir les m\u00e9canismes et initiatives de justice transitionnelle \u00eatre mis en \u0153uvre, mais il y a des nombreux d\u00e9fis auxquels la population et d\u2019autres acteurs locaux font face. Certes, par rapport aux poursuites p\u00e9nales il y a eu des avanc\u00e9es significatives notamment avec quelques proc\u00e8s des cas embl\u00e9matiques dans le cadre des violences sexuelles, au cours des audiences foraines ces derni\u00e8res ann\u00e9es, mais au regard des nombreux cas qui ne sont pas encore trait\u00e9s, le travail \u00e0 faire reste \u00e9norme.<\/p>\n<figure class=\"pull-right\"><img loading=\"lazy\" decoding=\"async\" src=\"images\/RDC-AAAAAAAA.jpg\" alt=\"Gentil Kasongo \" width=\"397\" height=\"208\" \/><figcaption><em>\u00a0 Gentil Kasongo<\/em><\/figcaption><\/figure>\n<div class=\"content-questionsITV\">\n<p><strong>Votre rapport r\u00e9v\u00e8le qu\u2019en ce qui concerne le traitement du pass\u00e9, les habitants du Sud-Kivu sont satisfaits des initiatives locales de justice transitionnelle. Pourquoi cette satisfaction\u00a0?<\/strong><\/p>\n<\/div>\n<p>Oui, la majorit\u00e9 des participants \u00e0 la recherche nous a fait savoir que les initiatives locales procurent plus de satisfaction aux communaut\u00e9s b\u00e9n\u00e9ficiaires pour plusieurs raisons. Il s\u2019agit notamment du fait que les initiatives locales arrivent souvent \u00e0 prendre en compte, de mani\u00e8re effective, les besoins r\u00e9els des communaut\u00e9s concern\u00e9es. Il y a aussi le fait que les initiatives locales sont souvent mises en \u0153uvre avec rapidit\u00e9 et apportent le soutien ou les r\u00e9ponses voulus au moment opportun. D\u2019apr\u00e8s les participants \u00e0\u00a0la recherche, ces principaux facteurs contrastent avec les initiatives nationales, par exemple des proc\u00e8s organis\u00e9s par des juridictions nationales, qui, non seulement sont rares au niveau de la province, mais aussi prennent moins en compte les besoins r\u00e9els des communaut\u00e9s et arrivent souvent en retard. Aussi, les initiatives locales sont physiquement et culturellement plus proches des communaut\u00e9s o\u00f9 les violences ont \u00e9t\u00e9 perp\u00e9tr\u00e9es, ce qui permet \u00e0 ces communaut\u00e9s de pouvoir participer \u00e0 la conception et la mise en \u0153uvre de ces initiatives. Je le dis parce que la participation des victimes aux processus de justice transitionnelle est cruciale afin de garantir les droits des victimes mais aussi pour faire en sorte qu\u2019au final ces processus soient per\u00e7us par les victimes comme \u00e9tant une r\u00e9ussite \u00e0 la faveur de leur participation.\u00a0<\/p>\n<div class=\"content-questionsITV\">\n<p><strong>Ces initiatives locales sont-elles si importantes qu\u2019il faut se passer du travail des juridictions nationales ou de la CPI\u00a0?<\/strong><\/p>\n<\/div>\n<p>Non, pas du tout. Il n\u2019est pas question de se passer des initiatives nationales et internationales, notamment en ce qui concerne les poursuites p\u00e9nales \u00e0 travers les juridictions nationales ou la CPI. Les participants \u00e0 la recherche ne sont pas contre ces m\u00e9canismes en tant que tels\u00a0; ils ont juste exprim\u00e9 une pr\u00e9f\u00e9rence pour les initiatives locales parce que ce sont ces derni\u00e8res qui ont un impact positif dans les communaut\u00e9s pour le moment. Par exemple, un acteur de la soci\u00e9t\u00e9 civile d\u2019Uvira avait dit pendant les discussions que n\u2019eussent \u00e9t\u00e9 les initiatives de la soci\u00e9t\u00e9 civile locale et de certains leaders communautaires locaux\u00a0; il n\u2019y aurait pas le minimum d\u2019accalmie et la prise en charge des victimes qui sont observ\u00e9s dans la province. Je dois souligner aussi le fait que l\u2019un des constats majeurs de cette recherche c\u2019est qu\u2019il y a une n\u00e9cessit\u00e9 de compl\u00e9mentarit\u00e9 entre les initiatives locales et les initiatives nationales et internationales. Ceci est aussi le reflet de certaines opinions exprim\u00e9es durant la collecte d\u2019informations sur terrain au Sud-Kivu. Et en cette semaine o\u00f9 l\u2019on comm\u00e9more le 20 \u00e8me anniversaire du Statut de Rome instituant la CPI, la compl\u00e9mentarit\u00e9 entre les processus nationaux et la justice internationale s\u2019av\u00e8re cruciale plus que jamais, afin de lutter efficacement contre l\u2019impunit\u00e9 et faire justice aux victimes.<\/p>\n<div class=\"content-questionsITV\">\n<p><strong>Ces initiatives locales\u00a0de traitement du pass\u00e9 n\u2019ont-elles pas aussi leurs limites\u00a0?<\/strong><\/p>\n<\/div>\n<p>Ces initiatives locales ont aussi des limites de plusieurs ordres. Je peux citer notamment le fait que certaines initiatives locales, pour \u00eatre mises en \u0153uvre, n\u00e9cessitent l\u2019intervention ou l\u2019implication de l\u2019\u00c9tat, mais lorsque la volont\u00e9 politique manque, \u00e7a devient tr\u00e8s difficile et m\u00eame impossible de r\u00e9aliser certains programmes. Pendant la recherche, nous avons entendu plusieurs t\u00e9moignages relatifs \u00e0 certains projets initi\u00e9s par la soci\u00e9t\u00e9 civile ou les leaders communautaires locaux mais qui n\u2019ont jamais pu voir le jour \u00e0 cause du manque de volont\u00e9 politique de la part des acteurs \u00e9tatiques qui \u00e9taient cens\u00e9s autoriser, accompagner ou appuyer ces initiatives. Ainsi, faute d\u2019appui institutionnel, certaines initiatives locales ont un impact tr\u00e8s limit\u00e9 et ne durent pas longtemps. Par ailleurs, la plupart d\u2019initiatives locales ont souvent \u00e9t\u00e9 financ\u00e9es par des partenaires ext\u00e9rieurs, mais lorsque le financement prend fin, les activit\u00e9s s\u2019arr\u00eatent par la suite alors que les communaut\u00e9s en ont encore besoin. Il se pose donc aussi le probl\u00e8me de durabilit\u00e9.<\/p>\n<div class=\"content-questionsITV\">\n<p><strong>D\u2019autres provinces du Congo affect\u00e9es par les violences, peuvent-elles s\u2019inspirer de l\u2019exemple du Sud-Kivu en mati\u00e8re du traitement de pass\u00e9\u00a0?<\/strong><\/p>\n<\/div>\n<p>Le Sud-Kivu est un contexte particulier mais je dirais qu\u2019il y a des similitudes avec d\u2019autres provinces, surtout celles de l\u2019Est de la RDC. Des \u00e9tudes pr\u00e9c\u00e9dentes montrent que dans d\u2019autres provinces, notamment le Nord-Kivu et l\u2019Ituri, il y a eu des initiatives locales similaires \u00e0 celles v\u00e9cues au Sud-Kivu. C\u2019est par exemple les cas des initiatives en mati\u00e8re de r\u00e8glement pacifique des conflits et d\u2019assistance aux victimes des violences. Aussi, un des constats curieux de la recherche, c\u2019est que les communaut\u00e9s ont cit\u00e9 \u00e0 plusieurs reprises l\u2019autod\u00e9fense comme une initiative locale pour faire face aux violences. L\u2019autod\u00e9fense est pratiqu\u00e9e presque dans toutes les provinces de l\u2019Est de la RDC, non pas parce qu\u2019elle est bonne ou id\u00e9ale en soit, mais c\u2019est souvent pour pallier le manque ou l\u2019insuffisance des mesures de protection des civils par l\u2019\u00c9tat. Je pense qu\u2019il y a un certain nombre d\u2019autres initiatives similaires dans les diff\u00e9rentes provinces mais il faudrait mener aussi des recherches dans d\u2019autres provinces pour faire une comparaison objective.\u00a0<\/p>\n<div class=\"content-questionsITV\">\n<p><strong>Dans votre conclusion, vous plaidez pour la mise en place d\u2019une nouvelle Commission V\u00e9rit\u00e9 et de chambres sp\u00e9ciales mixtes au sein des juridictions p\u00e9nales congolaises. En quoi cela est-il si n\u00e9cessaire aujourd\u2019hui\u00a0?<\/strong><\/p>\n<\/div>\n<p>Il s\u2019agit l\u00e0 des m\u00e9canismes tr\u00e8s importants dans le traitement du pass\u00e9 en RDC. Nos recherches et celles d\u2019autres organisations en RDC, y compris le <a href=\"https:\/\/www.ohchr.org\/en\/countries\/africaregion\/pages\/rdcprojetmapping.aspx\">rapport Mapping des Nations Unies<\/a>, ont eu \u00e0 recommander la mise en place de ces m\u00e9canismes en vue de respecter les droits des victimes \u00e0 la v\u00e9rit\u00e9 et \u00e0 la justice. Il y a eu une Commission V\u00e9rit\u00e9 et R\u00e9conciliation en RDC, entre 2003 et 2006, mais elle avait compl\u00e8tement rat\u00e9 sa mission. Et cette m\u00eame commission avait recommand\u00e9, dans son rapport final, qu\u2019il soit mis en place une nouvelle commission V\u00e9rit\u00e9 en RDC. Le Chef de l\u2019\u00c9tat actuel aussi avait fait une d\u00e9claration en faveur d\u2019une nouvelle commission V\u00e9rit\u00e9.<\/p>\n<p>En plus, le besoin de la population de connaitre la v\u00e9rit\u00e9 sur les crimes et violences du pass\u00e9 est toujours vif, tel que nous l\u2019avons encore constat\u00e9 au cours de cette derni\u00e8re recherche men\u00e9e au Sud-Kivu. S\u2019agissant des poursuites p\u00e9nales, les cas \u00e0 traiter sont tellement nombreux que toutes les parties prenantes, y compris le gouvernement congolais, sont presqu\u2019unanimes sur le fait qu\u2019il faut mettre en place un m\u00e9canisme qui puisse compl\u00e9ter et appuyer la justice p\u00e9nale congolaise dont les limites ne sont plus \u00e0 d\u00e9montrer.<\/p>\n<div class=\"content-questionsITV\">\n<p><strong>Et comment \u00e9volue le processus de la mise en place de ces m\u00e9canismes\u00a0?<\/strong><\/p>\n<\/div>\n<p>Depuis une dizaine d\u2019ann\u00e9es il y a eu deux propositions dans les d\u00e9bats. La premi\u00e8re concerne un tribunal p\u00e9nal international sur la RDC et la seconde concerne les chambres sp\u00e9cialis\u00e9es mixtes \u00e0 mettre en place au sein des juridictions p\u00e9nales congolaises. Au fil des ann\u00e9es, c\u2019est cette seconde proposition qui s\u2019est impos\u00e9e et qui b\u00e9n\u00e9ficie de l\u2019assentiment de la plupart d\u2019acteurs, y compris parmi ceux qui sont au pouvoir actuellement. Le principe, en quelque sorte, pour la mise en place de ces m\u00e9canismes semble donc \u00eatre acquis mais c\u2019est plut\u00f4t la mat\u00e9rialisation qui traine depuis plusieurs ann\u00e9es d\u00e9j\u00e0, apparemment \u00e0 cause du manque de volont\u00e9 politique. C\u2019est pourquoi nous plaidons pour que ces m\u00e9canismes puissent enfin \u00eatre mis en place. Certes, le contexte politique actuel dans le pays ne s\u2019y pr\u00eate pas mais nous plaidons pour que des actions soient men\u00e9es dans la perspective que ces m\u00e9canismes soient effectivement mis en place apr\u00e8s la transition politique actuelle. C\u2019est pourquoi nous soutenons les efforts de plaidoyer de nos partenaires de la soci\u00e9t\u00e9 civile en RDC pour faire en sorte que les questions de justice transitionnelle fassent partie des d\u00e9bats politiques qui sont en cours en RDC actuellement. Au fait, nous sommes convaincus que le traitement des crimes et violences du pass\u00e9 et la protection des droits des citoyens dans le pr\u00e9sent sont des questions qui se renforcent mutuellement et s\u2019entrecroisent.<\/p>\n","protected":false},"excerpt":{"rendered":"<p>\u00a0A l\u2019occasion de la c\u00e9l\u00e9bration du vingti\u00e8me anniversaire du Trait\u00e9 de Rome cr\u00e9ant la Cour p\u00e9nale internationale, l\u2019organisation n\u00e9erlandaise, Impunity Watch, sp\u00e9cialis\u00e9e dans le traitement du pass\u00e9, plaide, dans un rapport, pour la compl\u00e9mentarit\u00e9 entre les initiatives locales de justice transitionnelle dans le Sud-Kivu et le travail des juridictions nationales et internationales. JusticeInfo s\u2019est entretenu [&hellip;]<\/p>\n","protected":false},"author":64,"featured_media":64768,"comment_status":"open","ping_status":"closed","sticky":false,"template":"","format":"standard","meta":{"_acf_changed":false,"footnotes":""},"categories":[549],"tags":[],"ji_location":[2196],"class_list":["post-38040","post","type-post","status-publish","format-standard","has-post-thumbnail","hentry","category-reconciliation","ji_location-republique-democratique-du-congo"],"acf":[],"yoast_head":"<!-- This site is optimized with the Yoast SEO Premium plugin v25.3.1 (Yoast SEO v25.3.1) - https:\/\/yoast.com\/wordpress\/plugins\/seo\/ -->\n<title>Est de la RDC : pour une compl\u00e9mentarit\u00e9 entre les initiatives locales et le syst\u00e8me judiciaire classique - JusticeInfo.net<\/title>\n<meta name=\"robots\" content=\"index, follow, max-snippet:-1, max-image-preview:large, max-video-preview:-1\" \/>\n<link rel=\"canonical\" href=\"https:\/\/www.justiceinfo.net\/fr\/38040-est-de-la-rdc-pour-une-complementarite-entre-les-initiatives-locales-et-le-systeme-judiciaire-class.html\" \/>\n<meta property=\"og:locale\" content=\"fr_FR\" \/>\n<meta property=\"og:type\" content=\"article\" \/>\n<meta property=\"og:title\" content=\"Est de la RDC : pour une compl\u00e9mentarit\u00e9 entre les initiatives locales et le syst\u00e8me judiciaire classique\" \/>\n<meta property=\"og:description\" content=\"\u00a0A l\u2019occasion de la c\u00e9l\u00e9bration du vingti\u00e8me anniversaire du Trait\u00e9 de Rome cr\u00e9ant la Cour p\u00e9nale internationale, l\u2019organisation n\u00e9erlandaise, Impunity Watch, sp\u00e9cialis\u00e9e dans le traitement du pass\u00e9, plaide, dans un rapport, pour la compl\u00e9mentarit\u00e9 entre les initiatives locales de justice transitionnelle dans le Sud-Kivu et le travail des juridictions nationales et internationales. JusticeInfo s\u2019est entretenu [&hellip;]\" \/>\n<meta property=\"og:url\" content=\"https:\/\/www.justiceinfo.net\/fr\/38040-est-de-la-rdc-pour-une-complementarite-entre-les-initiatives-locales-et-le-systeme-judiciaire-class.html\" \/>\n<meta property=\"og:site_name\" content=\"JusticeInfo.net\" \/>\n<meta property=\"article:publisher\" content=\"https:\/\/www.facebook.com\/JusticeInfo\/\" \/>\n<meta property=\"article:published_time\" content=\"2018-07-18T04:55:59+00:00\" \/>\n<meta property=\"og:image\" content=\"https:\/\/www.justiceinfo.net\/wp-content\/uploads\/a79c06c740a11aa3bdc7bd84e111a295.jpg\" \/>\n\t<meta property=\"og:image:width\" content=\"1051\" \/>\n\t<meta property=\"og:image:height\" content=\"700\" \/>\n\t<meta property=\"og:image:type\" content=\"image\/jpeg\" \/>\n<meta name=\"author\" content=\"Claude Sengenya\" \/>\n<meta name=\"twitter:card\" content=\"summary_large_image\" \/>\n<meta name=\"twitter:creator\" content=\"@justiceinfonet\" \/>\n<meta name=\"twitter:site\" content=\"@justiceinfonet\" \/>\n<meta name=\"twitter:label1\" content=\"\u00c9crit par\" \/>\n\t<meta name=\"twitter:data1\" content=\"Claude Sengenya\" \/>\n\t<meta name=\"twitter:label2\" content=\"Dur\u00e9e de lecture estim\u00e9e\" \/>\n\t<meta name=\"twitter:data2\" content=\"9 minutes\" \/>\n<script type=\"application\/ld+json\" class=\"yoast-schema-graph\">{\"@context\":\"https:\/\/schema.org\",\"@graph\":[{\"@type\":\"NewsArticle\",\"@id\":\"https:\/\/www.justiceinfo.net\/fr\/38040-est-de-la-rdc-pour-une-complementarite-entre-les-initiatives-locales-et-le-systeme-judiciaire-class.html#article\",\"isPartOf\":{\"@id\":\"https:\/\/www.justiceinfo.net\/fr\/38040-est-de-la-rdc-pour-une-complementarite-entre-les-initiatives-locales-et-le-systeme-judiciaire-class.html\"},\"author\":{\"name\":\"solivri\",\"@id\":\"https:\/\/www.justiceinfo.net\/fr#\/schema\/person\/6e53cba1629e2e66f3fc1821d3091865\"},\"headline\":\"Est de la RDC : pour une compl\u00e9mentarit\u00e9 entre les initiatives locales et le syst\u00e8me judiciaire classique\",\"datePublished\":\"2018-07-18T04:55:59+00:00\",\"mainEntityOfPage\":{\"@id\":\"https:\/\/www.justiceinfo.net\/fr\/38040-est-de-la-rdc-pour-une-complementarite-entre-les-initiatives-locales-et-le-systeme-judiciaire-class.html\"},\"wordCount\":1793,\"commentCount\":0,\"publisher\":{\"@id\":\"https:\/\/www.justiceinfo.net\/fr#organization\"},\"image\":{\"@id\":\"https:\/\/www.justiceinfo.net\/fr\/38040-est-de-la-rdc-pour-une-complementarite-entre-les-initiatives-locales-et-le-systeme-judiciaire-class.html#primaryimage\"},\"thumbnailUrl\":\"https:\/\/www.justiceinfo.net\/wp-content\/uploads\/a79c06c740a11aa3bdc7bd84e111a295.jpg\",\"articleSection\":[\"R\u00e9conciliation\"],\"inLanguage\":\"fr-FR\",\"potentialAction\":[{\"@type\":\"CommentAction\",\"name\":\"Comment\",\"target\":[\"https:\/\/www.justiceinfo.net\/fr\/38040-est-de-la-rdc-pour-une-complementarite-entre-les-initiatives-locales-et-le-systeme-judiciaire-class.html#respond\"]}]},{\"@type\":\"WebPage\",\"@id\":\"https:\/\/www.justiceinfo.net\/fr\/38040-est-de-la-rdc-pour-une-complementarite-entre-les-initiatives-locales-et-le-systeme-judiciaire-class.html\",\"url\":\"https:\/\/www.justiceinfo.net\/fr\/38040-est-de-la-rdc-pour-une-complementarite-entre-les-initiatives-locales-et-le-systeme-judiciaire-class.html\",\"name\":\"Est de la RDC : pour une compl\u00e9mentarit\u00e9 entre les initiatives locales et le syst\u00e8me judiciaire classique - JusticeInfo.net\",\"isPartOf\":{\"@id\":\"https:\/\/www.justiceinfo.net\/fr#website\"},\"primaryImageOfPage\":{\"@id\":\"https:\/\/www.justiceinfo.net\/fr\/38040-est-de-la-rdc-pour-une-complementarite-entre-les-initiatives-locales-et-le-systeme-judiciaire-class.html#primaryimage\"},\"image\":{\"@id\":\"https:\/\/www.justiceinfo.net\/fr\/38040-est-de-la-rdc-pour-une-complementarite-entre-les-initiatives-locales-et-le-systeme-judiciaire-class.html#primaryimage\"},\"thumbnailUrl\":\"https:\/\/www.justiceinfo.net\/wp-content\/uploads\/a79c06c740a11aa3bdc7bd84e111a295.jpg\",\"datePublished\":\"2018-07-18T04:55:59+00:00\",\"breadcrumb\":{\"@id\":\"https:\/\/www.justiceinfo.net\/fr\/38040-est-de-la-rdc-pour-une-complementarite-entre-les-initiatives-locales-et-le-systeme-judiciaire-class.html#breadcrumb\"},\"inLanguage\":\"fr-FR\",\"potentialAction\":[{\"@type\":\"ReadAction\",\"target\":[\"https:\/\/www.justiceinfo.net\/fr\/38040-est-de-la-rdc-pour-une-complementarite-entre-les-initiatives-locales-et-le-systeme-judiciaire-class.html\"]}]},{\"@type\":\"ImageObject\",\"inLanguage\":\"fr-FR\",\"@id\":\"https:\/\/www.justiceinfo.net\/fr\/38040-est-de-la-rdc-pour-une-complementarite-entre-les-initiatives-locales-et-le-systeme-judiciaire-class.html#primaryimage\",\"url\":\"https:\/\/www.justiceinfo.net\/wp-content\/uploads\/a79c06c740a11aa3bdc7bd84e111a295.jpg\",\"contentUrl\":\"https:\/\/www.justiceinfo.net\/wp-content\/uploads\/a79c06c740a11aa3bdc7bd84e111a295.jpg\",\"width\":1051,\"height\":700},{\"@type\":\"BreadcrumbList\",\"@id\":\"https:\/\/www.justiceinfo.net\/fr\/38040-est-de-la-rdc-pour-une-complementarite-entre-les-initiatives-locales-et-le-systeme-judiciaire-class.html#breadcrumb\",\"itemListElement\":[{\"@type\":\"ListItem\",\"position\":1,\"name\":\"Home\",\"item\":\"https:\/\/www.justiceinfo.net\/fr\"},{\"@type\":\"ListItem\",\"position\":2,\"name\":\"Est de la RDC : pour une compl\u00e9mentarit\u00e9 entre les initiatives locales et le syst\u00e8me judiciaire classique\"}]},{\"@type\":\"WebSite\",\"@id\":\"https:\/\/www.justiceinfo.net\/fr#website\",\"url\":\"https:\/\/www.justiceinfo.net\/fr\",\"name\":\"JusticeInfo.net\",\"description\":\"La justice doit \u00eatre vue pour \u00eatre rendue\",\"publisher\":{\"@id\":\"https:\/\/www.justiceinfo.net\/fr#organization\"},\"potentialAction\":[{\"@type\":\"SearchAction\",\"target\":{\"@type\":\"EntryPoint\",\"urlTemplate\":\"https:\/\/www.justiceinfo.net\/fr?s={search_term_string}\"},\"query-input\":{\"@type\":\"PropertyValueSpecification\",\"valueRequired\":true,\"valueName\":\"search_term_string\"}}],\"inLanguage\":\"fr-FR\"},{\"@type\":\"Organization\",\"@id\":\"https:\/\/www.justiceinfo.net\/fr#organization\",\"name\":\"Justice Info\",\"url\":\"https:\/\/www.justiceinfo.net\/fr\",\"logo\":{\"@type\":\"ImageObject\",\"inLanguage\":\"fr-FR\",\"@id\":\"https:\/\/www.justiceinfo.net\/fr#\/schema\/logo\/image\/\",\"url\":\"https:\/\/www.justiceinfo.net\/wp-content\/uploads\/justiceinfo_logo-trans_1200x1200px.png\",\"contentUrl\":\"https:\/\/www.justiceinfo.net\/wp-content\/uploads\/justiceinfo_logo-trans_1200x1200px.png\",\"width\":1199,\"height\":1200,\"caption\":\"Justice Info\"},\"image\":{\"@id\":\"https:\/\/www.justiceinfo.net\/fr#\/schema\/logo\/image\/\"},\"sameAs\":[\"https:\/\/www.facebook.com\/JusticeInfo\/\",\"https:\/\/x.com\/justiceinfonet\",\"https:\/\/www.linkedin.com\/company\/justice-info\",\"https:\/\/www.youtube.com\/channel\/UCyCEsARodyuWtkWyhn-e7pA\"]},{\"@type\":\"Person\",\"name\":\"Claude Sengenya\",\"url\":\"\/fr\/?s=Claude Sengenya\"}]}<\/script>\n<!-- \/ Yoast SEO Premium plugin. -->","yoast_head_json":{"title":"Est de la RDC : pour une compl\u00e9mentarit\u00e9 entre les initiatives locales et le syst\u00e8me judiciaire classique - JusticeInfo.net","robots":{"index":"index","follow":"follow","max-snippet":"max-snippet:-1","max-image-preview":"max-image-preview:large","max-video-preview":"max-video-preview:-1"},"canonical":"https:\/\/www.justiceinfo.net\/fr\/38040-est-de-la-rdc-pour-une-complementarite-entre-les-initiatives-locales-et-le-systeme-judiciaire-class.html","og_locale":"fr_FR","og_type":"article","og_title":"Est de la RDC : pour une compl\u00e9mentarit\u00e9 entre les initiatives locales et le syst\u00e8me judiciaire classique","og_description":"\u00a0A l\u2019occasion de la c\u00e9l\u00e9bration du vingti\u00e8me anniversaire du Trait\u00e9 de Rome cr\u00e9ant la Cour p\u00e9nale internationale, l\u2019organisation n\u00e9erlandaise, Impunity Watch, sp\u00e9cialis\u00e9e dans le traitement du pass\u00e9, plaide, dans un rapport, pour la compl\u00e9mentarit\u00e9 entre les initiatives locales de justice transitionnelle dans le Sud-Kivu et le travail des juridictions nationales et internationales. JusticeInfo s\u2019est entretenu [&hellip;]","og_url":"https:\/\/www.justiceinfo.net\/fr\/38040-est-de-la-rdc-pour-une-complementarite-entre-les-initiatives-locales-et-le-systeme-judiciaire-class.html","og_site_name":"JusticeInfo.net","article_publisher":"https:\/\/www.facebook.com\/JusticeInfo\/","article_published_time":"2018-07-18T04:55:59+00:00","og_image":[{"width":1051,"height":700,"url":"https:\/\/www.justiceinfo.net\/wp-content\/uploads\/a79c06c740a11aa3bdc7bd84e111a295.jpg","type":"image\/jpeg"}],"author":"Claude Sengenya","twitter_card":"summary_large_image","twitter_creator":"@justiceinfonet","twitter_site":"@justiceinfonet","twitter_misc":{"\u00c9crit par":"Claude Sengenya","Dur\u00e9e de lecture estim\u00e9e":"9 minutes"},"schema":{"@context":"https:\/\/schema.org","@graph":[{"@type":"NewsArticle","@id":"https:\/\/www.justiceinfo.net\/fr\/38040-est-de-la-rdc-pour-une-complementarite-entre-les-initiatives-locales-et-le-systeme-judiciaire-class.html#article","isPartOf":{"@id":"https:\/\/www.justiceinfo.net\/fr\/38040-est-de-la-rdc-pour-une-complementarite-entre-les-initiatives-locales-et-le-systeme-judiciaire-class.html"},"author":{"name":"solivri","@id":"https:\/\/www.justiceinfo.net\/fr#\/schema\/person\/6e53cba1629e2e66f3fc1821d3091865"},"headline":"Est de la RDC : pour une compl\u00e9mentarit\u00e9 entre les initiatives locales et le syst\u00e8me judiciaire classique","datePublished":"2018-07-18T04:55:59+00:00","mainEntityOfPage":{"@id":"https:\/\/www.justiceinfo.net\/fr\/38040-est-de-la-rdc-pour-une-complementarite-entre-les-initiatives-locales-et-le-systeme-judiciaire-class.html"},"wordCount":1793,"commentCount":0,"publisher":{"@id":"https:\/\/www.justiceinfo.net\/fr#organization"},"image":{"@id":"https:\/\/www.justiceinfo.net\/fr\/38040-est-de-la-rdc-pour-une-complementarite-entre-les-initiatives-locales-et-le-systeme-judiciaire-class.html#primaryimage"},"thumbnailUrl":"https:\/\/www.justiceinfo.net\/wp-content\/uploads\/a79c06c740a11aa3bdc7bd84e111a295.jpg","articleSection":["R\u00e9conciliation"],"inLanguage":"fr-FR","potentialAction":[{"@type":"CommentAction","name":"Comment","target":["https:\/\/www.justiceinfo.net\/fr\/38040-est-de-la-rdc-pour-une-complementarite-entre-les-initiatives-locales-et-le-systeme-judiciaire-class.html#respond"]}]},{"@type":"WebPage","@id":"https:\/\/www.justiceinfo.net\/fr\/38040-est-de-la-rdc-pour-une-complementarite-entre-les-initiatives-locales-et-le-systeme-judiciaire-class.html","url":"https:\/\/www.justiceinfo.net\/fr\/38040-est-de-la-rdc-pour-une-complementarite-entre-les-initiatives-locales-et-le-systeme-judiciaire-class.html","name":"Est de la RDC : pour une compl\u00e9mentarit\u00e9 entre les initiatives locales et le syst\u00e8me judiciaire classique - JusticeInfo.net","isPartOf":{"@id":"https:\/\/www.justiceinfo.net\/fr#website"},"primaryImageOfPage":{"@id":"https:\/\/www.justiceinfo.net\/fr\/38040-est-de-la-rdc-pour-une-complementarite-entre-les-initiatives-locales-et-le-systeme-judiciaire-class.html#primaryimage"},"image":{"@id":"https:\/\/www.justiceinfo.net\/fr\/38040-est-de-la-rdc-pour-une-complementarite-entre-les-initiatives-locales-et-le-systeme-judiciaire-class.html#primaryimage"},"thumbnailUrl":"https:\/\/www.justiceinfo.net\/wp-content\/uploads\/a79c06c740a11aa3bdc7bd84e111a295.jpg","datePublished":"2018-07-18T04:55:59+00:00","breadcrumb":{"@id":"https:\/\/www.justiceinfo.net\/fr\/38040-est-de-la-rdc-pour-une-complementarite-entre-les-initiatives-locales-et-le-systeme-judiciaire-class.html#breadcrumb"},"inLanguage":"fr-FR","potentialAction":[{"@type":"ReadAction","target":["https:\/\/www.justiceinfo.net\/fr\/38040-est-de-la-rdc-pour-une-complementarite-entre-les-initiatives-locales-et-le-systeme-judiciaire-class.html"]}]},{"@type":"ImageObject","inLanguage":"fr-FR","@id":"https:\/\/www.justiceinfo.net\/fr\/38040-est-de-la-rdc-pour-une-complementarite-entre-les-initiatives-locales-et-le-systeme-judiciaire-class.html#primaryimage","url":"https:\/\/www.justiceinfo.net\/wp-content\/uploads\/a79c06c740a11aa3bdc7bd84e111a295.jpg","contentUrl":"https:\/\/www.justiceinfo.net\/wp-content\/uploads\/a79c06c740a11aa3bdc7bd84e111a295.jpg","width":1051,"height":700},{"@type":"BreadcrumbList","@id":"https:\/\/www.justiceinfo.net\/fr\/38040-est-de-la-rdc-pour-une-complementarite-entre-les-initiatives-locales-et-le-systeme-judiciaire-class.html#breadcrumb","itemListElement":[{"@type":"ListItem","position":1,"name":"Home","item":"https:\/\/www.justiceinfo.net\/fr"},{"@type":"ListItem","position":2,"name":"Est de la RDC : pour une compl\u00e9mentarit\u00e9 entre les initiatives locales et le syst\u00e8me judiciaire classique"}]},{"@type":"WebSite","@id":"https:\/\/www.justiceinfo.net\/fr#website","url":"https:\/\/www.justiceinfo.net\/fr","name":"JusticeInfo.net","description":"La justice doit \u00eatre vue pour \u00eatre rendue","publisher":{"@id":"https:\/\/www.justiceinfo.net\/fr#organization"},"potentialAction":[{"@type":"SearchAction","target":{"@type":"EntryPoint","urlTemplate":"https:\/\/www.justiceinfo.net\/fr?s={search_term_string}"},"query-input":{"@type":"PropertyValueSpecification","valueRequired":true,"valueName":"search_term_string"}}],"inLanguage":"fr-FR"},{"@type":"Organization","@id":"https:\/\/www.justiceinfo.net\/fr#organization","name":"Justice Info","url":"https:\/\/www.justiceinfo.net\/fr","logo":{"@type":"ImageObject","inLanguage":"fr-FR","@id":"https:\/\/www.justiceinfo.net\/fr#\/schema\/logo\/image\/","url":"https:\/\/www.justiceinfo.net\/wp-content\/uploads\/justiceinfo_logo-trans_1200x1200px.png","contentUrl":"https:\/\/www.justiceinfo.net\/wp-content\/uploads\/justiceinfo_logo-trans_1200x1200px.png","width":1199,"height":1200,"caption":"Justice Info"},"image":{"@id":"https:\/\/www.justiceinfo.net\/fr#\/schema\/logo\/image\/"},"sameAs":["https:\/\/www.facebook.com\/JusticeInfo\/","https:\/\/x.com\/justiceinfonet","https:\/\/www.linkedin.com\/company\/justice-info","https:\/\/www.youtube.com\/channel\/UCyCEsARodyuWtkWyhn-e7pA"]},{"@type":"Person","name":"Claude Sengenya","url":"\/fr\/?s=Claude Sengenya"}]}},"_links":{"self":[{"href":"https:\/\/www.justiceinfo.net\/fr\/wp-json\/wp\/v2\/posts\/38040","targetHints":{"allow":["GET"]}}],"collection":[{"href":"https:\/\/www.justiceinfo.net\/fr\/wp-json\/wp\/v2\/posts"}],"about":[{"href":"https:\/\/www.justiceinfo.net\/fr\/wp-json\/wp\/v2\/types\/post"}],"author":[{"embeddable":true,"href":"https:\/\/www.justiceinfo.net\/fr\/wp-json\/wp\/v2\/users\/64"}],"replies":[{"embeddable":true,"href":"https:\/\/www.justiceinfo.net\/fr\/wp-json\/wp\/v2\/comments?post=38040"}],"version-history":[{"count":0,"href":"https:\/\/www.justiceinfo.net\/fr\/wp-json\/wp\/v2\/posts\/38040\/revisions"}],"wp:featuredmedia":[{"embeddable":true,"href":"https:\/\/www.justiceinfo.net\/fr\/wp-json\/wp\/v2\/media\/64768"}],"wp:attachment":[{"href":"https:\/\/www.justiceinfo.net\/fr\/wp-json\/wp\/v2\/media?parent=38040"}],"wp:term":[{"taxonomy":"category","embeddable":true,"href":"https:\/\/www.justiceinfo.net\/fr\/wp-json\/wp\/v2\/categories?post=38040"},{"taxonomy":"post_tag","embeddable":true,"href":"https:\/\/www.justiceinfo.net\/fr\/wp-json\/wp\/v2\/tags?post=38040"},{"taxonomy":"ji_location","embeddable":true,"href":"https:\/\/www.justiceinfo.net\/fr\/wp-json\/wp\/v2\/ji_location?post=38040"}],"curies":[{"name":"wp","href":"https:\/\/api.w.org\/{rel}","templated":true}]}}