{"id":38043,"date":"2018-07-18T12:30:41","date_gmt":"2018-07-18T10:30:41","guid":{"rendered":"https:\/\/www.justiceinfo.net\/38043-guinee-equatoriale-un-opposant-demande-le-depart-du-gouvernement-en-plein-dialogue.html"},"modified":"2018-07-18T12:30:41","modified_gmt":"2018-07-18T10:30:41","slug":"guinee-equatoriale-un-opposant-demande-le-depart-du-gouvernement-en-plein-dialogue","status":"publish","type":"post","link":"https:\/\/www.justiceinfo.net\/fr\/38043-guinee-equatoriale-un-opposant-demande-le-depart-du-gouvernement-en-plein-dialogue.html","title":{"rendered":"Guin\u00e9e \u00e9quatoriale: un opposant demande le d\u00e9part du gouvernement en plein dialogue"},"content":{"rendered":"<div class=\"txt-textContent\">\n<div class=\"text fontsize_0 jq_Content jq_langdir\">\n<p>Un dirigeant de l'opposition en Guin\u00e9e \u00e9quatoriale a r\u00e9clam\u00e9, mardi, en plein \"dialogue national\" \u00e0 Malabo, la d\u00e9mission du gouvernement qui n'a pas respect\u00e9 la promesse du pr\u00e9sident Teodoro Obiang Nguema de lib\u00e9rer les prisonniers politiques.<\/p>\n<p>\"Ce gouvernement est incapable d'appliquer et de respecter les lois, il doit d\u00e9missionner\", a d\u00e9clar\u00e9 au deuxi\u00e8me jour du \"dialogue national\" Andres Esono Ondo, secr\u00e9taire g\u00e9n\u00e9ral de Convergence pour la d\u00e9mocratie sociale (CPDS), deuxi\u00e8me parti d'opposition de Guin\u00e9e \u00e9quatoriale.<\/p>\n<p>Il a not\u00e9 que \"treize jours apr\u00e8s\" un d\u00e9cret pr\u00e9sidentiel du 4 juillet portant sur une amnistie totale des prisonniers politiques, \"aucun n'a \u00e9t\u00e9 lib\u00e9r\u00e9\".<\/p>\n<p>\"Le gouvernement est parfaitement l\u00e9gitime\", a r\u00e9torqu\u00e9 Eugenio Nze Obiang, ministre de l'Information et porte-parole du gouvernement. \"Et ce n'est pas \u00e0 ce forum (du dialogue national) que sa continuit\u00e9 doit \u00eatre questionn\u00e9e\".<\/p>\n<p>M. Nze Obiang a ensuite assur\u00e9 \u00e0 l'AFP que \"le gouvernement a instruit au parquet (...) qu'il appelle les personnalit\u00e9s judiciaires indiqu\u00e9es pour lib\u00e9rer les b\u00e9n\u00e9ficiaires de cette amnistie\".<\/p>\n<p>A la surprise g\u00e9n\u00e9rale, le pr\u00e9sident avait d\u00e9cr\u00e9t\u00e9, le 4 juillet, avant l'ouverture du \"dialogue politique\", une \"amnistie totale\" en faveur de tous les prisonniers politiques et de tous les opposants condamn\u00e9s ou interdits d'activit\u00e9.<\/p>\n<p>Cette amnistie \u00e9tait l'une des principales conditions pos\u00e9es par l'opposition de l'int\u00e9rieur et de la diaspora pour prendre part \u00e0 ce dialogue national.<\/p>\n<p>En 2014, le pouvoir avait \u00e9galement annonc\u00e9 une amnistie mais tous les prisonniers n'avaient pas \u00e9t\u00e9 lib\u00e9r\u00e9s, selon Amnesty International.<\/p>\n<p>Lundi, un \"dialogue national\" voulu par le pr\u00e9sident Teodoro Obiang Nguema s'est ouvert \u00e0 Malabo en l'absence des principaux leaders de l'opposition.<\/p>\n<p>Ni Gabriel Nse Obiang, chef du principal parti d'opposition, Citoyens pour l'innovation (CI) dissous en f\u00e9vrier, ni Severo Moto Nsa, chef d'un gouvernement en exil, n'\u00e9taient pr\u00e9sents.<\/p>\n<p>\"Ce dialogue ne doit pas seulement nous servir pour voir d'o\u00f9 on vient, mais aussi de regarder vers o\u00f9 on va\", avait d\u00e9clar\u00e9 le pr\u00e9sident Obiang Nguema en ouvrant les travaux de ce dialogue qui doit s'achever vendredi.<\/p>\n<p>Lors du dialogue doivent \u00eatre abord\u00e9s \"des sujets tels que la d\u00e9mocratie, les droits de l'homme\", selon le ministre de l'Int\u00e9rieur, Clemente Engonga Nguema Onguene.<\/p>\n<p>Les ONG et la communaut\u00e9 internationale ne cessent de s'inqui\u00e9ter du non-respect des droits de l'homme dans ce pays d'Afrique centrale, malgr\u00e9 les d\u00e9mentis des autorit\u00e9s.<\/p>\n<p>L'opposition d\u00e9nonce r\u00e9guli\u00e8rement les exactions dont sont victimes ses militants emprisonn\u00e9s.<\/p>\n<p>CI a r\u00e9cemment d\u00e9nonc\u00e9, pour la deuxi\u00e8me fois en 2018, le d\u00e9c\u00e8s d'un de ses militants \"des suites de tortures\".<\/p>\n<p>sam-stb-ah\/fjb<\/p>\n<\/div>\n<\/div>\n","protected":false},"excerpt":{"rendered":"<p>Un dirigeant de l'opposition en Guin\u00e9e \u00e9quatoriale a r\u00e9clam\u00e9, mardi, en plein \"dialogue national\" \u00e0 Malabo, la d\u00e9mission du gouvernement qui n'a pas respect\u00e9 la promesse du pr\u00e9sident Teodoro Obiang Nguema de lib\u00e9rer les prisonniers politiques. \"Ce gouvernement est incapable d'appliquer et de respecter les lois, il doit d\u00e9missionner\", a d\u00e9clar\u00e9 au deuxi\u00e8me jour du [&hellip;]<\/p>\n","protected":false},"author":60,"featured_media":0,"comment_status":"open","ping_status":"closed","sticky":false,"template":"","format":"standard","meta":{"_acf_changed":false,"footnotes":""},"categories":[2576],"tags":[],"ji_location":[2212],"class_list":["post-38043","post","type-post","status-publish","format-standard","hentry","category-fil-d-actualite","ji_location-guinee-equatoriale"],"acf":[],"yoast_head":"<!-- This site is optimized with the Yoast SEO Premium plugin v25.3.1 (Yoast SEO v25.3.1) - https:\/\/yoast.com\/wordpress\/plugins\/seo\/ -->\n<title>Guin\u00e9e \u00e9quatoriale: un opposant demande le d\u00e9part du gouvernement en plein dialogue - JusticeInfo.net<\/title>\n<meta name=\"robots\" content=\"index, follow, max-snippet:-1, max-image-preview:large, max-video-preview:-1\" \/>\n<link rel=\"canonical\" href=\"https:\/\/www.justiceinfo.net\/fr\/38043-guinee-equatoriale-un-opposant-demande-le-depart-du-gouvernement-en-plein-dialogue.html\" \/>\n<meta property=\"og:locale\" content=\"fr_FR\" \/>\n<meta property=\"og:type\" content=\"article\" \/>\n<meta property=\"og:title\" content=\"Guin\u00e9e \u00e9quatoriale: un opposant demande le d\u00e9part du gouvernement en plein dialogue\" \/>\n<meta property=\"og:description\" content=\"Un dirigeant de l&#039;opposition en Guin\u00e9e \u00e9quatoriale a r\u00e9clam\u00e9, mardi, en plein &quot;dialogue national&quot; \u00e0 Malabo, la d\u00e9mission du gouvernement qui n&#039;a pas respect\u00e9 la promesse du pr\u00e9sident Teodoro Obiang Nguema de lib\u00e9rer les prisonniers politiques. &quot;Ce gouvernement est incapable d&#039;appliquer et de respecter les lois, il doit d\u00e9missionner&quot;, a d\u00e9clar\u00e9 au deuxi\u00e8me jour du [&hellip;]\" \/>\n<meta property=\"og:url\" content=\"https:\/\/www.justiceinfo.net\/fr\/38043-guinee-equatoriale-un-opposant-demande-le-depart-du-gouvernement-en-plein-dialogue.html\" \/>\n<meta property=\"og:site_name\" content=\"JusticeInfo.net\" \/>\n<meta property=\"article:publisher\" content=\"https:\/\/www.facebook.com\/JusticeInfo\/\" \/>\n<meta property=\"article:published_time\" content=\"2018-07-18T10:30:41+00:00\" \/>\n<meta property=\"og:image\" content=\"https:\/\/www.justiceinfo.net\/wp-content\/uploads\/JusticeInfoNet_logo_1200x630px.jpg\" \/>\n\t<meta property=\"og:image:width\" content=\"1200\" \/>\n\t<meta property=\"og:image:height\" content=\"630\" \/>\n\t<meta property=\"og:image:type\" content=\"image\/jpeg\" \/>\n<meta name=\"author\" content=\"afp.com\" \/>\n<meta name=\"twitter:card\" content=\"summary_large_image\" \/>\n<meta name=\"twitter:creator\" content=\"@justiceinfonet\" \/>\n<meta name=\"twitter:site\" content=\"@justiceinfonet\" \/>\n<meta name=\"twitter:label1\" content=\"\u00c9crit par\" \/>\n\t<meta name=\"twitter:data1\" content=\"afp.com\" \/>\n\t<meta name=\"twitter:label2\" content=\"Dur\u00e9e de lecture estim\u00e9e\" \/>\n\t<meta name=\"twitter:data2\" content=\"2 minutes\" \/>\n<script type=\"application\/ld+json\" class=\"yoast-schema-graph\">{\"@context\":\"https:\/\/schema.org\",\"@graph\":[{\"@type\":\"NewsArticle\",\"@id\":\"https:\/\/www.justiceinfo.net\/fr\/38043-guinee-equatoriale-un-opposant-demande-le-depart-du-gouvernement-en-plein-dialogue.html#article\",\"isPartOf\":{\"@id\":\"https:\/\/www.justiceinfo.net\/fr\/38043-guinee-equatoriale-un-opposant-demande-le-depart-du-gouvernement-en-plein-dialogue.html\"},\"author\":{\"name\":\"afp\",\"@id\":\"https:\/\/www.justiceinfo.net\/fr#\/schema\/person\/713d340ef5f218fc36ce9b4244364a7f\"},\"headline\":\"Guin\u00e9e \u00e9quatoriale: un opposant demande le d\u00e9part du gouvernement en plein dialogue\",\"datePublished\":\"2018-07-18T10:30:41+00:00\",\"mainEntityOfPage\":{\"@id\":\"https:\/\/www.justiceinfo.net\/fr\/38043-guinee-equatoriale-un-opposant-demande-le-depart-du-gouvernement-en-plein-dialogue.html\"},\"wordCount\":502,\"commentCount\":0,\"publisher\":{\"@id\":\"https:\/\/www.justiceinfo.net\/fr#organization\"},\"articleSection\":[\"Fil d'info AFP\"],\"inLanguage\":\"fr-FR\",\"potentialAction\":[{\"@type\":\"CommentAction\",\"name\":\"Comment\",\"target\":[\"https:\/\/www.justiceinfo.net\/fr\/38043-guinee-equatoriale-un-opposant-demande-le-depart-du-gouvernement-en-plein-dialogue.html#respond\"]}]},{\"@type\":\"WebPage\",\"@id\":\"https:\/\/www.justiceinfo.net\/fr\/38043-guinee-equatoriale-un-opposant-demande-le-depart-du-gouvernement-en-plein-dialogue.html\",\"url\":\"https:\/\/www.justiceinfo.net\/fr\/38043-guinee-equatoriale-un-opposant-demande-le-depart-du-gouvernement-en-plein-dialogue.html\",\"name\":\"Guin\u00e9e \u00e9quatoriale: un opposant demande le d\u00e9part du gouvernement en plein dialogue - JusticeInfo.net\",\"isPartOf\":{\"@id\":\"https:\/\/www.justiceinfo.net\/fr#website\"},\"datePublished\":\"2018-07-18T10:30:41+00:00\",\"breadcrumb\":{\"@id\":\"https:\/\/www.justiceinfo.net\/fr\/38043-guinee-equatoriale-un-opposant-demande-le-depart-du-gouvernement-en-plein-dialogue.html#breadcrumb\"},\"inLanguage\":\"fr-FR\",\"potentialAction\":[{\"@type\":\"ReadAction\",\"target\":[\"https:\/\/www.justiceinfo.net\/fr\/38043-guinee-equatoriale-un-opposant-demande-le-depart-du-gouvernement-en-plein-dialogue.html\"]}]},{\"@type\":\"BreadcrumbList\",\"@id\":\"https:\/\/www.justiceinfo.net\/fr\/38043-guinee-equatoriale-un-opposant-demande-le-depart-du-gouvernement-en-plein-dialogue.html#breadcrumb\",\"itemListElement\":[{\"@type\":\"ListItem\",\"position\":1,\"name\":\"Home\",\"item\":\"https:\/\/www.justiceinfo.net\/fr\"},{\"@type\":\"ListItem\",\"position\":2,\"name\":\"Guin\u00e9e \u00e9quatoriale: un opposant demande le d\u00e9part du gouvernement en plein dialogue\"}]},{\"@type\":\"WebSite\",\"@id\":\"https:\/\/www.justiceinfo.net\/fr#website\",\"url\":\"https:\/\/www.justiceinfo.net\/fr\",\"name\":\"JusticeInfo.net\",\"description\":\"La justice doit \u00eatre vue pour \u00eatre rendue\",\"publisher\":{\"@id\":\"https:\/\/www.justiceinfo.net\/fr#organization\"},\"potentialAction\":[{\"@type\":\"SearchAction\",\"target\":{\"@type\":\"EntryPoint\",\"urlTemplate\":\"https:\/\/www.justiceinfo.net\/fr?s={search_term_string}\"},\"query-input\":{\"@type\":\"PropertyValueSpecification\",\"valueRequired\":true,\"valueName\":\"search_term_string\"}}],\"inLanguage\":\"fr-FR\"},{\"@type\":\"Organization\",\"@id\":\"https:\/\/www.justiceinfo.net\/fr#organization\",\"name\":\"Justice Info\",\"url\":\"https:\/\/www.justiceinfo.net\/fr\",\"logo\":{\"@type\":\"ImageObject\",\"inLanguage\":\"fr-FR\",\"@id\":\"https:\/\/www.justiceinfo.net\/fr#\/schema\/logo\/image\/\",\"url\":\"https:\/\/www.justiceinfo.net\/wp-content\/uploads\/justiceinfo_logo-trans_1200x1200px.png\",\"contentUrl\":\"https:\/\/www.justiceinfo.net\/wp-content\/uploads\/justiceinfo_logo-trans_1200x1200px.png\",\"width\":1199,\"height\":1200,\"caption\":\"Justice Info\"},\"image\":{\"@id\":\"https:\/\/www.justiceinfo.net\/fr#\/schema\/logo\/image\/\"},\"sameAs\":[\"https:\/\/www.facebook.com\/JusticeInfo\/\",\"https:\/\/x.com\/justiceinfonet\",\"https:\/\/www.linkedin.com\/company\/justice-info\",\"https:\/\/www.youtube.com\/channel\/UCyCEsARodyuWtkWyhn-e7pA\"]},{\"@type\":\"Person\",\"name\":\"afp.com\",\"url\":\"\/fr\/?s=afp.com\"}]}<\/script>\n<!-- \/ Yoast SEO Premium plugin. -->","yoast_head_json":{"title":"Guin\u00e9e \u00e9quatoriale: un opposant demande le d\u00e9part du gouvernement en plein dialogue - JusticeInfo.net","robots":{"index":"index","follow":"follow","max-snippet":"max-snippet:-1","max-image-preview":"max-image-preview:large","max-video-preview":"max-video-preview:-1"},"canonical":"https:\/\/www.justiceinfo.net\/fr\/38043-guinee-equatoriale-un-opposant-demande-le-depart-du-gouvernement-en-plein-dialogue.html","og_locale":"fr_FR","og_type":"article","og_title":"Guin\u00e9e \u00e9quatoriale: un opposant demande le d\u00e9part du gouvernement en plein dialogue","og_description":"Un dirigeant de l'opposition en Guin\u00e9e \u00e9quatoriale a r\u00e9clam\u00e9, mardi, en plein \"dialogue national\" \u00e0 Malabo, la d\u00e9mission du gouvernement qui n'a pas respect\u00e9 la promesse du pr\u00e9sident Teodoro Obiang Nguema de lib\u00e9rer les prisonniers politiques. \"Ce gouvernement est incapable d'appliquer et de respecter les lois, il doit d\u00e9missionner\", a d\u00e9clar\u00e9 au deuxi\u00e8me jour du [&hellip;]","og_url":"https:\/\/www.justiceinfo.net\/fr\/38043-guinee-equatoriale-un-opposant-demande-le-depart-du-gouvernement-en-plein-dialogue.html","og_site_name":"JusticeInfo.net","article_publisher":"https:\/\/www.facebook.com\/JusticeInfo\/","article_published_time":"2018-07-18T10:30:41+00:00","og_image":[{"width":1200,"height":630,"url":"https:\/\/www.justiceinfo.net\/wp-content\/uploads\/JusticeInfoNet_logo_1200x630px.jpg","type":"image\/jpeg"}],"author":"afp.com","twitter_card":"summary_large_image","twitter_creator":"@justiceinfonet","twitter_site":"@justiceinfonet","twitter_misc":{"\u00c9crit par":"afp.com","Dur\u00e9e de lecture estim\u00e9e":"2 minutes"},"schema":{"@context":"https:\/\/schema.org","@graph":[{"@type":"NewsArticle","@id":"https:\/\/www.justiceinfo.net\/fr\/38043-guinee-equatoriale-un-opposant-demande-le-depart-du-gouvernement-en-plein-dialogue.html#article","isPartOf":{"@id":"https:\/\/www.justiceinfo.net\/fr\/38043-guinee-equatoriale-un-opposant-demande-le-depart-du-gouvernement-en-plein-dialogue.html"},"author":{"name":"afp","@id":"https:\/\/www.justiceinfo.net\/fr#\/schema\/person\/713d340ef5f218fc36ce9b4244364a7f"},"headline":"Guin\u00e9e \u00e9quatoriale: un opposant demande le d\u00e9part du gouvernement en plein dialogue","datePublished":"2018-07-18T10:30:41+00:00","mainEntityOfPage":{"@id":"https:\/\/www.justiceinfo.net\/fr\/38043-guinee-equatoriale-un-opposant-demande-le-depart-du-gouvernement-en-plein-dialogue.html"},"wordCount":502,"commentCount":0,"publisher":{"@id":"https:\/\/www.justiceinfo.net\/fr#organization"},"articleSection":["Fil d'info AFP"],"inLanguage":"fr-FR","potentialAction":[{"@type":"CommentAction","name":"Comment","target":["https:\/\/www.justiceinfo.net\/fr\/38043-guinee-equatoriale-un-opposant-demande-le-depart-du-gouvernement-en-plein-dialogue.html#respond"]}]},{"@type":"WebPage","@id":"https:\/\/www.justiceinfo.net\/fr\/38043-guinee-equatoriale-un-opposant-demande-le-depart-du-gouvernement-en-plein-dialogue.html","url":"https:\/\/www.justiceinfo.net\/fr\/38043-guinee-equatoriale-un-opposant-demande-le-depart-du-gouvernement-en-plein-dialogue.html","name":"Guin\u00e9e \u00e9quatoriale: un opposant demande le d\u00e9part du gouvernement en plein dialogue - JusticeInfo.net","isPartOf":{"@id":"https:\/\/www.justiceinfo.net\/fr#website"},"datePublished":"2018-07-18T10:30:41+00:00","breadcrumb":{"@id":"https:\/\/www.justiceinfo.net\/fr\/38043-guinee-equatoriale-un-opposant-demande-le-depart-du-gouvernement-en-plein-dialogue.html#breadcrumb"},"inLanguage":"fr-FR","potentialAction":[{"@type":"ReadAction","target":["https:\/\/www.justiceinfo.net\/fr\/38043-guinee-equatoriale-un-opposant-demande-le-depart-du-gouvernement-en-plein-dialogue.html"]}]},{"@type":"BreadcrumbList","@id":"https:\/\/www.justiceinfo.net\/fr\/38043-guinee-equatoriale-un-opposant-demande-le-depart-du-gouvernement-en-plein-dialogue.html#breadcrumb","itemListElement":[{"@type":"ListItem","position":1,"name":"Home","item":"https:\/\/www.justiceinfo.net\/fr"},{"@type":"ListItem","position":2,"name":"Guin\u00e9e \u00e9quatoriale: un opposant demande le d\u00e9part du gouvernement en plein dialogue"}]},{"@type":"WebSite","@id":"https:\/\/www.justiceinfo.net\/fr#website","url":"https:\/\/www.justiceinfo.net\/fr","name":"JusticeInfo.net","description":"La justice doit \u00eatre vue pour \u00eatre rendue","publisher":{"@id":"https:\/\/www.justiceinfo.net\/fr#organization"},"potentialAction":[{"@type":"SearchAction","target":{"@type":"EntryPoint","urlTemplate":"https:\/\/www.justiceinfo.net\/fr?s={search_term_string}"},"query-input":{"@type":"PropertyValueSpecification","valueRequired":true,"valueName":"search_term_string"}}],"inLanguage":"fr-FR"},{"@type":"Organization","@id":"https:\/\/www.justiceinfo.net\/fr#organization","name":"Justice Info","url":"https:\/\/www.justiceinfo.net\/fr","logo":{"@type":"ImageObject","inLanguage":"fr-FR","@id":"https:\/\/www.justiceinfo.net\/fr#\/schema\/logo\/image\/","url":"https:\/\/www.justiceinfo.net\/wp-content\/uploads\/justiceinfo_logo-trans_1200x1200px.png","contentUrl":"https:\/\/www.justiceinfo.net\/wp-content\/uploads\/justiceinfo_logo-trans_1200x1200px.png","width":1199,"height":1200,"caption":"Justice Info"},"image":{"@id":"https:\/\/www.justiceinfo.net\/fr#\/schema\/logo\/image\/"},"sameAs":["https:\/\/www.facebook.com\/JusticeInfo\/","https:\/\/x.com\/justiceinfonet","https:\/\/www.linkedin.com\/company\/justice-info","https:\/\/www.youtube.com\/channel\/UCyCEsARodyuWtkWyhn-e7pA"]},{"@type":"Person","name":"afp.com","url":"\/fr\/?s=afp.com"}]}},"_links":{"self":[{"href":"https:\/\/www.justiceinfo.net\/fr\/wp-json\/wp\/v2\/posts\/38043","targetHints":{"allow":["GET"]}}],"collection":[{"href":"https:\/\/www.justiceinfo.net\/fr\/wp-json\/wp\/v2\/posts"}],"about":[{"href":"https:\/\/www.justiceinfo.net\/fr\/wp-json\/wp\/v2\/types\/post"}],"author":[{"embeddable":true,"href":"https:\/\/www.justiceinfo.net\/fr\/wp-json\/wp\/v2\/users\/60"}],"replies":[{"embeddable":true,"href":"https:\/\/www.justiceinfo.net\/fr\/wp-json\/wp\/v2\/comments?post=38043"}],"version-history":[{"count":0,"href":"https:\/\/www.justiceinfo.net\/fr\/wp-json\/wp\/v2\/posts\/38043\/revisions"}],"wp:attachment":[{"href":"https:\/\/www.justiceinfo.net\/fr\/wp-json\/wp\/v2\/media?parent=38043"}],"wp:term":[{"taxonomy":"category","embeddable":true,"href":"https:\/\/www.justiceinfo.net\/fr\/wp-json\/wp\/v2\/categories?post=38043"},{"taxonomy":"post_tag","embeddable":true,"href":"https:\/\/www.justiceinfo.net\/fr\/wp-json\/wp\/v2\/tags?post=38043"},{"taxonomy":"ji_location","embeddable":true,"href":"https:\/\/www.justiceinfo.net\/fr\/wp-json\/wp\/v2\/ji_location?post=38043"}],"curies":[{"name":"wp","href":"https:\/\/api.w.org\/{rel}","templated":true}]}}