{"id":38049,"date":"2018-07-18T17:32:44","date_gmt":"2018-07-18T15:32:44","guid":{"rendered":"https:\/\/www.justiceinfo.net\/38049-rdc-deux-journalistes-en-fuite-apres-la-diffusion-d-un-documentaire.html"},"modified":"2018-07-18T17:32:44","modified_gmt":"2018-07-18T15:32:44","slug":"rdc-deux-journalistes-en-fuite-apres-la-diffusion-d-un-documentaire","status":"publish","type":"post","link":"https:\/\/www.justiceinfo.net\/fr\/38049-rdc-deux-journalistes-en-fuite-apres-la-diffusion-d-un-documentaire.html","title":{"rendered":"RDC: deux journalistes en fuite apr\u00e8s la diffusion d'un documentaire"},"content":{"rendered":"<div class=\"txt-textContent\">\n<div class=\"text fontsize_0 jq_Content jq_langdir\">\n<p>Deux journalistes congolais ont \u00e9t\u00e9 oblig\u00e9s de fuir leur ville apr\u00e8s la diffusion de leur documentaire sur des victimes d'expropriation d'un terrain revendiqu\u00e9 par le pr\u00e9sident Kabila, a accus\u00e9 mercredi l'ONG Reporters sans fronti\u00e8res, qui demande aux autorit\u00e9s de garantir leur protection.<\/p>\n<p>Le r\u00e9alisateur Ga\u00ebl Mpoyo et le monteur Franck Zongwe Lukawa du film \u00a0\"Mbobero: la raison du plus fort est toujours la meilleure\" ont d\u00fb fuir la ville de Bukavu, dans l'est de la R\u00e9publique d\u00e9mocratique du Congo, le 7 juillet, apr\u00e8s la diffusion de ce documentaire.<\/p>\n<p>La veille, \"les deux journalistes, se sentant d\u00e9j\u00e0 menac\u00e9s, avaient pr\u00e9f\u00e9r\u00e9 ne pas assister \u00e0 la premi\u00e8re\" de leur documentaire, affirme RSF. Ces menaces se sont poursuivis par la suite.<\/p>\n<p>Cette enqu\u00eate de 27 minutes rassemble les t\u00e9moignages de plusieurs habitants chass\u00e9s de leurs villages sur un terrain revendiqu\u00e9 par le pr\u00e9sident Joseph Kabila, explique RSF.<\/p>\n<p>Apr\u00e8s la diffusion du film, Ga\u00ebl Mpoyo a re\u00e7u un appel t\u00e9l\u00e9phonique du gouverneur de la province du Sud-Kivu, Jean-Claude Nyamugabo, lui demandant avec insistance de \"ne pas s'exposer en se hasardant de diffuser ce film-documentaire qui, selon son entendement, \u00e9nervera davantage le Pr\u00e9sident de la R\u00e9publique\", note un communiqu\u00e9 du Journaliste en danger (JED), une organisation partenaire de RSF en RDC.<\/p>\n<p>Le documentaire command\u00e9 par l'ONG Nouvelle dynamique de la soci\u00e9t\u00e9 civile en RDC (NDSCI) fait \u00e9galement intervenir des avocats qui contestent la politique de \"d\u00e9guerpissement\" (expulsions) men\u00e9e par les forces de s\u00e9curit\u00e9. D'apr\u00e8s l'enqu\u00eate, plus de 2.500 personnes ont \u00e9t\u00e9 d\u00e9log\u00e9es, 317 maisons ont \u00e9t\u00e9 d\u00e9truites et un h\u00f4pital a \u00e9t\u00e9 ras\u00e9 depuis 2016, rapporte RSF.<\/p>\n<p>MM. Mpoyo et Zongwe travaillaient, entre autres, pour Vision Shala t\u00e9l\u00e9vision, une cha\u00eene locale appartenant un homme politique de la majorit\u00e9 au pouvoir.<\/p>\n<p>\"En plus des deux journalistes, au moins trois autres personnes ayant particip\u00e9 au documentaire ont d\u00fb quitter leur domicile par mesure de pr\u00e9caution\", selon RSF.<\/p>\n<p>A Bukavu, l'Union nationale de la presse du Congo (UNPC) a appel\u00e9 mardi le gouverneur Nyamugabo \u00e0 s'impliquer personnellement pour \"s\u00e9curiser\" ces journalistes et leurs proches.<\/p>\n<p>M. Nyamugabo n'a pu \u00eatre joint par l'AFP.<\/p>\n<p>La RDC occupe la 154e place dans le classement mondial de la libert\u00e9 de la presse \u00e9tabli par RSF en 2018.<\/p>\n<p>Le climat politique est tendu en RDC, \u00e0 l'approche d'\u00e9ch\u00e9ances explosives, en perspectives des \u00e9lections pr\u00e9vues le 23 d\u00e9cembre 2018 qui doivent \u00e9lire le successeur de Joseph Kabila, au pouvoir depuis 2001.<\/p>\n<p>str-mbb\/bmb\/thm<\/p>\n<\/div>\n<\/div>\n","protected":false},"excerpt":{"rendered":"<p>Deux journalistes congolais ont \u00e9t\u00e9 oblig\u00e9s de fuir leur ville apr\u00e8s la diffusion de leur documentaire sur des victimes d'expropriation d'un terrain revendiqu\u00e9 par le pr\u00e9sident Kabila, a accus\u00e9 mercredi l'ONG Reporters sans fronti\u00e8res, qui demande aux autorit\u00e9s de garantir leur protection. Le r\u00e9alisateur Ga\u00ebl Mpoyo et le monteur Franck Zongwe Lukawa du film \u00a0\"Mbobero: [&hellip;]<\/p>\n","protected":false},"author":60,"featured_media":0,"comment_status":"open","ping_status":"closed","sticky":false,"template":"","format":"standard","meta":{"_acf_changed":false,"footnotes":""},"categories":[2576],"tags":[],"ji_location":[2196],"class_list":["post-38049","post","type-post","status-publish","format-standard","hentry","category-fil-d-actualite","ji_location-republique-democratique-du-congo"],"acf":[],"yoast_head":"<!-- This site is optimized with the Yoast SEO Premium plugin v25.3.1 (Yoast SEO v25.3.1) - https:\/\/yoast.com\/wordpress\/plugins\/seo\/ -->\n<title>RDC: deux journalistes en fuite apr\u00e8s la diffusion d&#039;un documentaire - JusticeInfo.net<\/title>\n<meta name=\"robots\" content=\"index, follow, max-snippet:-1, max-image-preview:large, max-video-preview:-1\" \/>\n<link rel=\"canonical\" href=\"https:\/\/www.justiceinfo.net\/fr\/38049-rdc-deux-journalistes-en-fuite-apres-la-diffusion-d-un-documentaire.html\" \/>\n<meta property=\"og:locale\" content=\"fr_FR\" \/>\n<meta property=\"og:type\" content=\"article\" \/>\n<meta property=\"og:title\" content=\"RDC: deux journalistes en fuite apr\u00e8s la diffusion d&#039;un documentaire\" \/>\n<meta property=\"og:description\" content=\"Deux journalistes congolais ont \u00e9t\u00e9 oblig\u00e9s de fuir leur ville apr\u00e8s la diffusion de leur documentaire sur des victimes d&#039;expropriation d&#039;un terrain revendiqu\u00e9 par le pr\u00e9sident Kabila, a accus\u00e9 mercredi l&#039;ONG Reporters sans fronti\u00e8res, qui demande aux autorit\u00e9s de garantir leur protection. Le r\u00e9alisateur Ga\u00ebl Mpoyo et le monteur Franck Zongwe Lukawa du film \u00a0&quot;Mbobero: [&hellip;]\" \/>\n<meta property=\"og:url\" content=\"https:\/\/www.justiceinfo.net\/fr\/38049-rdc-deux-journalistes-en-fuite-apres-la-diffusion-d-un-documentaire.html\" \/>\n<meta property=\"og:site_name\" content=\"JusticeInfo.net\" \/>\n<meta property=\"article:publisher\" content=\"https:\/\/www.facebook.com\/JusticeInfo\/\" \/>\n<meta property=\"article:published_time\" content=\"2018-07-18T15:32:44+00:00\" \/>\n<meta property=\"og:image\" content=\"https:\/\/www.justiceinfo.net\/wp-content\/uploads\/JusticeInfoNet_logo_1200x630px.jpg\" \/>\n\t<meta property=\"og:image:width\" content=\"1200\" \/>\n\t<meta property=\"og:image:height\" content=\"630\" \/>\n\t<meta property=\"og:image:type\" content=\"image\/jpeg\" \/>\n<meta name=\"author\" content=\"afp.com\" \/>\n<meta name=\"twitter:card\" content=\"summary_large_image\" \/>\n<meta name=\"twitter:creator\" content=\"@justiceinfonet\" \/>\n<meta name=\"twitter:site\" content=\"@justiceinfonet\" \/>\n<meta name=\"twitter:label1\" content=\"\u00c9crit par\" \/>\n\t<meta name=\"twitter:data1\" content=\"afp.com\" \/>\n\t<meta name=\"twitter:label2\" content=\"Dur\u00e9e de lecture estim\u00e9e\" \/>\n\t<meta name=\"twitter:data2\" content=\"2 minutes\" \/>\n<script type=\"application\/ld+json\" class=\"yoast-schema-graph\">{\"@context\":\"https:\/\/schema.org\",\"@graph\":[{\"@type\":\"NewsArticle\",\"@id\":\"https:\/\/www.justiceinfo.net\/fr\/38049-rdc-deux-journalistes-en-fuite-apres-la-diffusion-d-un-documentaire.html#article\",\"isPartOf\":{\"@id\":\"https:\/\/www.justiceinfo.net\/fr\/38049-rdc-deux-journalistes-en-fuite-apres-la-diffusion-d-un-documentaire.html\"},\"author\":{\"name\":\"afp\",\"@id\":\"https:\/\/www.justiceinfo.net\/fr#\/schema\/person\/713d340ef5f218fc36ce9b4244364a7f\"},\"headline\":\"RDC: deux journalistes en fuite apr\u00e8s la diffusion d'un documentaire\",\"datePublished\":\"2018-07-18T15:32:44+00:00\",\"mainEntityOfPage\":{\"@id\":\"https:\/\/www.justiceinfo.net\/fr\/38049-rdc-deux-journalistes-en-fuite-apres-la-diffusion-d-un-documentaire.html\"},\"wordCount\":458,\"commentCount\":0,\"publisher\":{\"@id\":\"https:\/\/www.justiceinfo.net\/fr#organization\"},\"articleSection\":[\"Fil d'info AFP\"],\"inLanguage\":\"fr-FR\",\"potentialAction\":[{\"@type\":\"CommentAction\",\"name\":\"Comment\",\"target\":[\"https:\/\/www.justiceinfo.net\/fr\/38049-rdc-deux-journalistes-en-fuite-apres-la-diffusion-d-un-documentaire.html#respond\"]}]},{\"@type\":\"WebPage\",\"@id\":\"https:\/\/www.justiceinfo.net\/fr\/38049-rdc-deux-journalistes-en-fuite-apres-la-diffusion-d-un-documentaire.html\",\"url\":\"https:\/\/www.justiceinfo.net\/fr\/38049-rdc-deux-journalistes-en-fuite-apres-la-diffusion-d-un-documentaire.html\",\"name\":\"RDC: deux journalistes en fuite apr\u00e8s la diffusion d'un documentaire - JusticeInfo.net\",\"isPartOf\":{\"@id\":\"https:\/\/www.justiceinfo.net\/fr#website\"},\"datePublished\":\"2018-07-18T15:32:44+00:00\",\"breadcrumb\":{\"@id\":\"https:\/\/www.justiceinfo.net\/fr\/38049-rdc-deux-journalistes-en-fuite-apres-la-diffusion-d-un-documentaire.html#breadcrumb\"},\"inLanguage\":\"fr-FR\",\"potentialAction\":[{\"@type\":\"ReadAction\",\"target\":[\"https:\/\/www.justiceinfo.net\/fr\/38049-rdc-deux-journalistes-en-fuite-apres-la-diffusion-d-un-documentaire.html\"]}]},{\"@type\":\"BreadcrumbList\",\"@id\":\"https:\/\/www.justiceinfo.net\/fr\/38049-rdc-deux-journalistes-en-fuite-apres-la-diffusion-d-un-documentaire.html#breadcrumb\",\"itemListElement\":[{\"@type\":\"ListItem\",\"position\":1,\"name\":\"Home\",\"item\":\"https:\/\/www.justiceinfo.net\/fr\"},{\"@type\":\"ListItem\",\"position\":2,\"name\":\"RDC: deux journalistes en fuite apr\u00e8s la diffusion d'un documentaire\"}]},{\"@type\":\"WebSite\",\"@id\":\"https:\/\/www.justiceinfo.net\/fr#website\",\"url\":\"https:\/\/www.justiceinfo.net\/fr\",\"name\":\"JusticeInfo.net\",\"description\":\"La justice doit \u00eatre vue pour \u00eatre rendue\",\"publisher\":{\"@id\":\"https:\/\/www.justiceinfo.net\/fr#organization\"},\"potentialAction\":[{\"@type\":\"SearchAction\",\"target\":{\"@type\":\"EntryPoint\",\"urlTemplate\":\"https:\/\/www.justiceinfo.net\/fr?s={search_term_string}\"},\"query-input\":{\"@type\":\"PropertyValueSpecification\",\"valueRequired\":true,\"valueName\":\"search_term_string\"}}],\"inLanguage\":\"fr-FR\"},{\"@type\":\"Organization\",\"@id\":\"https:\/\/www.justiceinfo.net\/fr#organization\",\"name\":\"Justice Info\",\"url\":\"https:\/\/www.justiceinfo.net\/fr\",\"logo\":{\"@type\":\"ImageObject\",\"inLanguage\":\"fr-FR\",\"@id\":\"https:\/\/www.justiceinfo.net\/fr#\/schema\/logo\/image\/\",\"url\":\"https:\/\/www.justiceinfo.net\/wp-content\/uploads\/justiceinfo_logo-trans_1200x1200px.png\",\"contentUrl\":\"https:\/\/www.justiceinfo.net\/wp-content\/uploads\/justiceinfo_logo-trans_1200x1200px.png\",\"width\":1199,\"height\":1200,\"caption\":\"Justice Info\"},\"image\":{\"@id\":\"https:\/\/www.justiceinfo.net\/fr#\/schema\/logo\/image\/\"},\"sameAs\":[\"https:\/\/www.facebook.com\/JusticeInfo\/\",\"https:\/\/x.com\/justiceinfonet\",\"https:\/\/www.linkedin.com\/company\/justice-info\",\"https:\/\/www.youtube.com\/channel\/UCyCEsARodyuWtkWyhn-e7pA\"]},{\"@type\":\"Person\",\"name\":\"afp.com\",\"url\":\"\/fr\/?s=afp.com\"}]}<\/script>\n<!-- \/ Yoast SEO Premium plugin. -->","yoast_head_json":{"title":"RDC: deux journalistes en fuite apr\u00e8s la diffusion d'un documentaire - JusticeInfo.net","robots":{"index":"index","follow":"follow","max-snippet":"max-snippet:-1","max-image-preview":"max-image-preview:large","max-video-preview":"max-video-preview:-1"},"canonical":"https:\/\/www.justiceinfo.net\/fr\/38049-rdc-deux-journalistes-en-fuite-apres-la-diffusion-d-un-documentaire.html","og_locale":"fr_FR","og_type":"article","og_title":"RDC: deux journalistes en fuite apr\u00e8s la diffusion d'un documentaire","og_description":"Deux journalistes congolais ont \u00e9t\u00e9 oblig\u00e9s de fuir leur ville apr\u00e8s la diffusion de leur documentaire sur des victimes d'expropriation d'un terrain revendiqu\u00e9 par le pr\u00e9sident Kabila, a accus\u00e9 mercredi l'ONG Reporters sans fronti\u00e8res, qui demande aux autorit\u00e9s de garantir leur protection. Le r\u00e9alisateur Ga\u00ebl Mpoyo et le monteur Franck Zongwe Lukawa du film \u00a0\"Mbobero: [&hellip;]","og_url":"https:\/\/www.justiceinfo.net\/fr\/38049-rdc-deux-journalistes-en-fuite-apres-la-diffusion-d-un-documentaire.html","og_site_name":"JusticeInfo.net","article_publisher":"https:\/\/www.facebook.com\/JusticeInfo\/","article_published_time":"2018-07-18T15:32:44+00:00","og_image":[{"width":1200,"height":630,"url":"https:\/\/www.justiceinfo.net\/wp-content\/uploads\/JusticeInfoNet_logo_1200x630px.jpg","type":"image\/jpeg"}],"author":"afp.com","twitter_card":"summary_large_image","twitter_creator":"@justiceinfonet","twitter_site":"@justiceinfonet","twitter_misc":{"\u00c9crit par":"afp.com","Dur\u00e9e de lecture estim\u00e9e":"2 minutes"},"schema":{"@context":"https:\/\/schema.org","@graph":[{"@type":"NewsArticle","@id":"https:\/\/www.justiceinfo.net\/fr\/38049-rdc-deux-journalistes-en-fuite-apres-la-diffusion-d-un-documentaire.html#article","isPartOf":{"@id":"https:\/\/www.justiceinfo.net\/fr\/38049-rdc-deux-journalistes-en-fuite-apres-la-diffusion-d-un-documentaire.html"},"author":{"name":"afp","@id":"https:\/\/www.justiceinfo.net\/fr#\/schema\/person\/713d340ef5f218fc36ce9b4244364a7f"},"headline":"RDC: deux journalistes en fuite apr\u00e8s la diffusion d'un documentaire","datePublished":"2018-07-18T15:32:44+00:00","mainEntityOfPage":{"@id":"https:\/\/www.justiceinfo.net\/fr\/38049-rdc-deux-journalistes-en-fuite-apres-la-diffusion-d-un-documentaire.html"},"wordCount":458,"commentCount":0,"publisher":{"@id":"https:\/\/www.justiceinfo.net\/fr#organization"},"articleSection":["Fil d'info AFP"],"inLanguage":"fr-FR","potentialAction":[{"@type":"CommentAction","name":"Comment","target":["https:\/\/www.justiceinfo.net\/fr\/38049-rdc-deux-journalistes-en-fuite-apres-la-diffusion-d-un-documentaire.html#respond"]}]},{"@type":"WebPage","@id":"https:\/\/www.justiceinfo.net\/fr\/38049-rdc-deux-journalistes-en-fuite-apres-la-diffusion-d-un-documentaire.html","url":"https:\/\/www.justiceinfo.net\/fr\/38049-rdc-deux-journalistes-en-fuite-apres-la-diffusion-d-un-documentaire.html","name":"RDC: deux journalistes en fuite apr\u00e8s la diffusion d'un documentaire - JusticeInfo.net","isPartOf":{"@id":"https:\/\/www.justiceinfo.net\/fr#website"},"datePublished":"2018-07-18T15:32:44+00:00","breadcrumb":{"@id":"https:\/\/www.justiceinfo.net\/fr\/38049-rdc-deux-journalistes-en-fuite-apres-la-diffusion-d-un-documentaire.html#breadcrumb"},"inLanguage":"fr-FR","potentialAction":[{"@type":"ReadAction","target":["https:\/\/www.justiceinfo.net\/fr\/38049-rdc-deux-journalistes-en-fuite-apres-la-diffusion-d-un-documentaire.html"]}]},{"@type":"BreadcrumbList","@id":"https:\/\/www.justiceinfo.net\/fr\/38049-rdc-deux-journalistes-en-fuite-apres-la-diffusion-d-un-documentaire.html#breadcrumb","itemListElement":[{"@type":"ListItem","position":1,"name":"Home","item":"https:\/\/www.justiceinfo.net\/fr"},{"@type":"ListItem","position":2,"name":"RDC: deux journalistes en fuite apr\u00e8s la diffusion d'un documentaire"}]},{"@type":"WebSite","@id":"https:\/\/www.justiceinfo.net\/fr#website","url":"https:\/\/www.justiceinfo.net\/fr","name":"JusticeInfo.net","description":"La justice doit \u00eatre vue pour \u00eatre rendue","publisher":{"@id":"https:\/\/www.justiceinfo.net\/fr#organization"},"potentialAction":[{"@type":"SearchAction","target":{"@type":"EntryPoint","urlTemplate":"https:\/\/www.justiceinfo.net\/fr?s={search_term_string}"},"query-input":{"@type":"PropertyValueSpecification","valueRequired":true,"valueName":"search_term_string"}}],"inLanguage":"fr-FR"},{"@type":"Organization","@id":"https:\/\/www.justiceinfo.net\/fr#organization","name":"Justice Info","url":"https:\/\/www.justiceinfo.net\/fr","logo":{"@type":"ImageObject","inLanguage":"fr-FR","@id":"https:\/\/www.justiceinfo.net\/fr#\/schema\/logo\/image\/","url":"https:\/\/www.justiceinfo.net\/wp-content\/uploads\/justiceinfo_logo-trans_1200x1200px.png","contentUrl":"https:\/\/www.justiceinfo.net\/wp-content\/uploads\/justiceinfo_logo-trans_1200x1200px.png","width":1199,"height":1200,"caption":"Justice Info"},"image":{"@id":"https:\/\/www.justiceinfo.net\/fr#\/schema\/logo\/image\/"},"sameAs":["https:\/\/www.facebook.com\/JusticeInfo\/","https:\/\/x.com\/justiceinfonet","https:\/\/www.linkedin.com\/company\/justice-info","https:\/\/www.youtube.com\/channel\/UCyCEsARodyuWtkWyhn-e7pA"]},{"@type":"Person","name":"afp.com","url":"\/fr\/?s=afp.com"}]}},"_links":{"self":[{"href":"https:\/\/www.justiceinfo.net\/fr\/wp-json\/wp\/v2\/posts\/38049","targetHints":{"allow":["GET"]}}],"collection":[{"href":"https:\/\/www.justiceinfo.net\/fr\/wp-json\/wp\/v2\/posts"}],"about":[{"href":"https:\/\/www.justiceinfo.net\/fr\/wp-json\/wp\/v2\/types\/post"}],"author":[{"embeddable":true,"href":"https:\/\/www.justiceinfo.net\/fr\/wp-json\/wp\/v2\/users\/60"}],"replies":[{"embeddable":true,"href":"https:\/\/www.justiceinfo.net\/fr\/wp-json\/wp\/v2\/comments?post=38049"}],"version-history":[{"count":0,"href":"https:\/\/www.justiceinfo.net\/fr\/wp-json\/wp\/v2\/posts\/38049\/revisions"}],"wp:attachment":[{"href":"https:\/\/www.justiceinfo.net\/fr\/wp-json\/wp\/v2\/media?parent=38049"}],"wp:term":[{"taxonomy":"category","embeddable":true,"href":"https:\/\/www.justiceinfo.net\/fr\/wp-json\/wp\/v2\/categories?post=38049"},{"taxonomy":"post_tag","embeddable":true,"href":"https:\/\/www.justiceinfo.net\/fr\/wp-json\/wp\/v2\/tags?post=38049"},{"taxonomy":"ji_location","embeddable":true,"href":"https:\/\/www.justiceinfo.net\/fr\/wp-json\/wp\/v2\/ji_location?post=38049"}],"curies":[{"name":"wp","href":"https:\/\/api.w.org\/{rel}","templated":true}]}}