{"id":38050,"date":"2018-07-18T17:35:58","date_gmt":"2018-07-18T15:35:58","guid":{"rendered":"https:\/\/www.justiceinfo.net\/38050-rdc-allocution-du-president-kabila-jeudi-devant-le-parlement.html"},"modified":"2018-07-18T17:35:58","modified_gmt":"2018-07-18T15:35:58","slug":"rdc-allocution-du-president-kabila-jeudi-devant-le-parlement","status":"publish","type":"post","link":"https:\/\/www.justiceinfo.net\/fr\/38050-rdc-allocution-du-president-kabila-jeudi-devant-le-parlement.html","title":{"rendered":"RDC: allocution du pr\u00e9sident Kabila jeudi devant le Parlement"},"content":{"rendered":"<div class=\"txt-textContent\">\n<div class=\"text fontsize_0 jq_Content jq_langdir\">\n<p>L\u2019Assembl\u00e9e nationale et le S\u00e9nat congolais sont convoqu\u00e9s en congr\u00e8s jeudi pour suivre un message \u00e0 la nation du pr\u00e9sident Joseph Kabila, \u00e0 six jours du d\u00e9p\u00f4t des candidatures \u00e0 la pr\u00e9sidentielle \u00e0 laquelle il ne peut se repr\u00e9senter, selon une d\u00e9cision des deux chambres.<\/p>\n<p>\"L'Assembl\u00e9e nationale et le S\u00e9nat sont convoqu\u00e9s en congr\u00e8s le jeudi 19 juillet 2018, \u00e0 15 heures\", ont \u00e9crit les pr\u00e9sidents de ces deux chambres dans un communiqu\u00e9 conjoint.<\/p>\n<p>\"L'ordre du jour dudit congr\u00e8s comporte un seul point, \u00e0 savoir le discours du pr\u00e9sident de la R\u00e9publique sur l'\u00e9tat de la Nation\", pr\u00e9cise le document.<\/p>\n<p>Il y a une semaine, le secr\u00e9taire g\u00e9n\u00e9ral de l'ONU, Antonio Guterres, avait indiqu\u00e9 que le pr\u00e9sident Kabila allait annoncer une s\u00e9rie des \"d\u00e9cisions importantes\" pour justifier le report de sa visite en RDC.<\/p>\n<p>Le collectif d'actions de la soci\u00e9t\u00e9 civile de RDC (CASC) a estim\u00e9 mercredi \u00e0 Kinshasa que M. Kabila \"n'incarne plus les valeurs l\u00e9gitimes pour la R\u00e9publique\".\u00a0<\/p>\n<p>\"Quel que soit ce qu'il dira demain, \u00e7a ne sera pas une faveur, ni un cadeau fait aux Congolais. S'il dit qu'il ne sera pas candidat, \u00e7a sera le r\u00e9sultat d'un combat qui a vu des dignes fils de ce pays tomber\", victimes de la r\u00e9pression li\u00e9e \u00e0 son maintien au pouvoir, a d\u00e9clar\u00e9 Herman Mbuwa, un des orateurs.\u00a0<\/p>\n<p>M. Kabila est au pouvoir depuis 2001, son deuxi\u00e8me et dernier mandat a pris fin en d\u00e9cembre 2016, la Constitution lui interdit de se repr\u00e9senter.<\/p>\n<p>La pr\u00e9sidentielle cens\u00e9e \u00e9lire son successeur a \u00e9t\u00e9 repouss\u00e9e au 23 d\u00e9cembre 2018.\u00a0<\/p>\n<p>L'opposition, la soci\u00e9t\u00e9 civile, l\u2019\u00c9glise catholique et des partenaires soup\u00e7onnent M. Kabila, qui reste silencieux sur son avenir politique, de vouloir s\u2019accrocher \u00e0 la t\u00eate du pays.<\/p>\n<p>Des universitaires congolais ont derni\u00e8rement qualifi\u00e9 d'\"infraction imprescriptible de haute trahison contre la nation et l\u2019\u00c9tat\" toute candidature du pr\u00e9sident Kabila pour un troisi\u00e8me mandat.<\/p>\n<p>Le d\u00e9p\u00f4t des candidatures \u00e0 la pr\u00e9sidentielle est pr\u00e9vu entre le 24 juillet et le 8 ao\u00fbt.<\/p>\n<p>Ancienne colonie belge, la RDC n'a jamais connu de passation pacifique du pouvoir depuis son accession \u00e0 l'ind\u00e9pendance en 1960.<\/p>\n<p>bmb-mbb\/sd<\/p>\n<\/div>\n<\/div>\n","protected":false},"excerpt":{"rendered":"<p>L\u2019Assembl\u00e9e nationale et le S\u00e9nat congolais sont convoqu\u00e9s en congr\u00e8s jeudi pour suivre un message \u00e0 la nation du pr\u00e9sident Joseph Kabila, \u00e0 six jours du d\u00e9p\u00f4t des candidatures \u00e0 la pr\u00e9sidentielle \u00e0 laquelle il ne peut se repr\u00e9senter, selon une d\u00e9cision des deux chambres. \"L'Assembl\u00e9e nationale et le S\u00e9nat sont convoqu\u00e9s en congr\u00e8s le [&hellip;]<\/p>\n","protected":false},"author":60,"featured_media":0,"comment_status":"open","ping_status":"closed","sticky":false,"template":"","format":"standard","meta":{"_acf_changed":false,"footnotes":""},"categories":[2576],"tags":[],"ji_location":[2196],"class_list":["post-38050","post","type-post","status-publish","format-standard","hentry","category-fil-d-actualite","ji_location-republique-democratique-du-congo"],"acf":[],"yoast_head":"<!-- This site is optimized with the Yoast SEO Premium plugin v25.3.1 (Yoast SEO v25.3.1) - https:\/\/yoast.com\/wordpress\/plugins\/seo\/ -->\n<title>RDC: allocution du pr\u00e9sident Kabila jeudi devant le Parlement - JusticeInfo.net<\/title>\n<meta name=\"robots\" content=\"index, follow, max-snippet:-1, max-image-preview:large, max-video-preview:-1\" \/>\n<link rel=\"canonical\" href=\"https:\/\/www.justiceinfo.net\/fr\/38050-rdc-allocution-du-president-kabila-jeudi-devant-le-parlement.html\" \/>\n<meta property=\"og:locale\" content=\"fr_FR\" \/>\n<meta property=\"og:type\" content=\"article\" \/>\n<meta property=\"og:title\" content=\"RDC: allocution du pr\u00e9sident Kabila jeudi devant le Parlement\" \/>\n<meta property=\"og:description\" content=\"L\u2019Assembl\u00e9e nationale et le S\u00e9nat congolais sont convoqu\u00e9s en congr\u00e8s jeudi pour suivre un message \u00e0 la nation du pr\u00e9sident Joseph Kabila, \u00e0 six jours du d\u00e9p\u00f4t des candidatures \u00e0 la pr\u00e9sidentielle \u00e0 laquelle il ne peut se repr\u00e9senter, selon une d\u00e9cision des deux chambres. &quot;L&#039;Assembl\u00e9e nationale et le S\u00e9nat sont convoqu\u00e9s en congr\u00e8s le [&hellip;]\" \/>\n<meta property=\"og:url\" content=\"https:\/\/www.justiceinfo.net\/fr\/38050-rdc-allocution-du-president-kabila-jeudi-devant-le-parlement.html\" \/>\n<meta property=\"og:site_name\" content=\"JusticeInfo.net\" \/>\n<meta property=\"article:publisher\" content=\"https:\/\/www.facebook.com\/JusticeInfo\/\" \/>\n<meta property=\"article:published_time\" content=\"2018-07-18T15:35:58+00:00\" \/>\n<meta property=\"og:image\" content=\"https:\/\/www.justiceinfo.net\/wp-content\/uploads\/JusticeInfoNet_logo_1200x630px.jpg\" \/>\n\t<meta property=\"og:image:width\" content=\"1200\" \/>\n\t<meta property=\"og:image:height\" content=\"630\" \/>\n\t<meta property=\"og:image:type\" content=\"image\/jpeg\" \/>\n<meta name=\"author\" content=\"afp.com\" \/>\n<meta name=\"twitter:card\" content=\"summary_large_image\" \/>\n<meta name=\"twitter:creator\" content=\"@justiceinfonet\" \/>\n<meta name=\"twitter:site\" content=\"@justiceinfonet\" \/>\n<meta name=\"twitter:label1\" content=\"\u00c9crit par\" \/>\n\t<meta name=\"twitter:data1\" content=\"afp.com\" \/>\n\t<meta name=\"twitter:label2\" content=\"Dur\u00e9e de lecture estim\u00e9e\" \/>\n\t<meta name=\"twitter:data2\" content=\"2 minutes\" \/>\n<script type=\"application\/ld+json\" class=\"yoast-schema-graph\">{\"@context\":\"https:\/\/schema.org\",\"@graph\":[{\"@type\":\"NewsArticle\",\"@id\":\"https:\/\/www.justiceinfo.net\/fr\/38050-rdc-allocution-du-president-kabila-jeudi-devant-le-parlement.html#article\",\"isPartOf\":{\"@id\":\"https:\/\/www.justiceinfo.net\/fr\/38050-rdc-allocution-du-president-kabila-jeudi-devant-le-parlement.html\"},\"author\":{\"name\":\"afp\",\"@id\":\"https:\/\/www.justiceinfo.net\/fr#\/schema\/person\/713d340ef5f218fc36ce9b4244364a7f\"},\"headline\":\"RDC: allocution du pr\u00e9sident Kabila jeudi devant le Parlement\",\"datePublished\":\"2018-07-18T15:35:58+00:00\",\"mainEntityOfPage\":{\"@id\":\"https:\/\/www.justiceinfo.net\/fr\/38050-rdc-allocution-du-president-kabila-jeudi-devant-le-parlement.html\"},\"wordCount\":406,\"commentCount\":0,\"publisher\":{\"@id\":\"https:\/\/www.justiceinfo.net\/fr#organization\"},\"articleSection\":[\"Fil d'info AFP\"],\"inLanguage\":\"fr-FR\",\"potentialAction\":[{\"@type\":\"CommentAction\",\"name\":\"Comment\",\"target\":[\"https:\/\/www.justiceinfo.net\/fr\/38050-rdc-allocution-du-president-kabila-jeudi-devant-le-parlement.html#respond\"]}]},{\"@type\":\"WebPage\",\"@id\":\"https:\/\/www.justiceinfo.net\/fr\/38050-rdc-allocution-du-president-kabila-jeudi-devant-le-parlement.html\",\"url\":\"https:\/\/www.justiceinfo.net\/fr\/38050-rdc-allocution-du-president-kabila-jeudi-devant-le-parlement.html\",\"name\":\"RDC: allocution du pr\u00e9sident Kabila jeudi devant le Parlement - JusticeInfo.net\",\"isPartOf\":{\"@id\":\"https:\/\/www.justiceinfo.net\/fr#website\"},\"datePublished\":\"2018-07-18T15:35:58+00:00\",\"breadcrumb\":{\"@id\":\"https:\/\/www.justiceinfo.net\/fr\/38050-rdc-allocution-du-president-kabila-jeudi-devant-le-parlement.html#breadcrumb\"},\"inLanguage\":\"fr-FR\",\"potentialAction\":[{\"@type\":\"ReadAction\",\"target\":[\"https:\/\/www.justiceinfo.net\/fr\/38050-rdc-allocution-du-president-kabila-jeudi-devant-le-parlement.html\"]}]},{\"@type\":\"BreadcrumbList\",\"@id\":\"https:\/\/www.justiceinfo.net\/fr\/38050-rdc-allocution-du-president-kabila-jeudi-devant-le-parlement.html#breadcrumb\",\"itemListElement\":[{\"@type\":\"ListItem\",\"position\":1,\"name\":\"Home\",\"item\":\"https:\/\/www.justiceinfo.net\/fr\"},{\"@type\":\"ListItem\",\"position\":2,\"name\":\"RDC: allocution du pr\u00e9sident Kabila jeudi devant le Parlement\"}]},{\"@type\":\"WebSite\",\"@id\":\"https:\/\/www.justiceinfo.net\/fr#website\",\"url\":\"https:\/\/www.justiceinfo.net\/fr\",\"name\":\"JusticeInfo.net\",\"description\":\"La justice doit \u00eatre vue pour \u00eatre rendue\",\"publisher\":{\"@id\":\"https:\/\/www.justiceinfo.net\/fr#organization\"},\"potentialAction\":[{\"@type\":\"SearchAction\",\"target\":{\"@type\":\"EntryPoint\",\"urlTemplate\":\"https:\/\/www.justiceinfo.net\/fr?s={search_term_string}\"},\"query-input\":{\"@type\":\"PropertyValueSpecification\",\"valueRequired\":true,\"valueName\":\"search_term_string\"}}],\"inLanguage\":\"fr-FR\"},{\"@type\":\"Organization\",\"@id\":\"https:\/\/www.justiceinfo.net\/fr#organization\",\"name\":\"Justice Info\",\"url\":\"https:\/\/www.justiceinfo.net\/fr\",\"logo\":{\"@type\":\"ImageObject\",\"inLanguage\":\"fr-FR\",\"@id\":\"https:\/\/www.justiceinfo.net\/fr#\/schema\/logo\/image\/\",\"url\":\"https:\/\/www.justiceinfo.net\/wp-content\/uploads\/justiceinfo_logo-trans_1200x1200px.png\",\"contentUrl\":\"https:\/\/www.justiceinfo.net\/wp-content\/uploads\/justiceinfo_logo-trans_1200x1200px.png\",\"width\":1199,\"height\":1200,\"caption\":\"Justice Info\"},\"image\":{\"@id\":\"https:\/\/www.justiceinfo.net\/fr#\/schema\/logo\/image\/\"},\"sameAs\":[\"https:\/\/www.facebook.com\/JusticeInfo\/\",\"https:\/\/x.com\/justiceinfonet\",\"https:\/\/www.linkedin.com\/company\/justice-info\",\"https:\/\/www.youtube.com\/channel\/UCyCEsARodyuWtkWyhn-e7pA\"]},{\"@type\":\"Person\",\"name\":\"afp.com\",\"url\":\"\/fr\/?s=afp.com\"}]}<\/script>\n<!-- \/ Yoast SEO Premium plugin. -->","yoast_head_json":{"title":"RDC: allocution du pr\u00e9sident Kabila jeudi devant le Parlement - JusticeInfo.net","robots":{"index":"index","follow":"follow","max-snippet":"max-snippet:-1","max-image-preview":"max-image-preview:large","max-video-preview":"max-video-preview:-1"},"canonical":"https:\/\/www.justiceinfo.net\/fr\/38050-rdc-allocution-du-president-kabila-jeudi-devant-le-parlement.html","og_locale":"fr_FR","og_type":"article","og_title":"RDC: allocution du pr\u00e9sident Kabila jeudi devant le Parlement","og_description":"L\u2019Assembl\u00e9e nationale et le S\u00e9nat congolais sont convoqu\u00e9s en congr\u00e8s jeudi pour suivre un message \u00e0 la nation du pr\u00e9sident Joseph Kabila, \u00e0 six jours du d\u00e9p\u00f4t des candidatures \u00e0 la pr\u00e9sidentielle \u00e0 laquelle il ne peut se repr\u00e9senter, selon une d\u00e9cision des deux chambres. \"L'Assembl\u00e9e nationale et le S\u00e9nat sont convoqu\u00e9s en congr\u00e8s le [&hellip;]","og_url":"https:\/\/www.justiceinfo.net\/fr\/38050-rdc-allocution-du-president-kabila-jeudi-devant-le-parlement.html","og_site_name":"JusticeInfo.net","article_publisher":"https:\/\/www.facebook.com\/JusticeInfo\/","article_published_time":"2018-07-18T15:35:58+00:00","og_image":[{"width":1200,"height":630,"url":"https:\/\/www.justiceinfo.net\/wp-content\/uploads\/JusticeInfoNet_logo_1200x630px.jpg","type":"image\/jpeg"}],"author":"afp.com","twitter_card":"summary_large_image","twitter_creator":"@justiceinfonet","twitter_site":"@justiceinfonet","twitter_misc":{"\u00c9crit par":"afp.com","Dur\u00e9e de lecture estim\u00e9e":"2 minutes"},"schema":{"@context":"https:\/\/schema.org","@graph":[{"@type":"NewsArticle","@id":"https:\/\/www.justiceinfo.net\/fr\/38050-rdc-allocution-du-president-kabila-jeudi-devant-le-parlement.html#article","isPartOf":{"@id":"https:\/\/www.justiceinfo.net\/fr\/38050-rdc-allocution-du-president-kabila-jeudi-devant-le-parlement.html"},"author":{"name":"afp","@id":"https:\/\/www.justiceinfo.net\/fr#\/schema\/person\/713d340ef5f218fc36ce9b4244364a7f"},"headline":"RDC: allocution du pr\u00e9sident Kabila jeudi devant le Parlement","datePublished":"2018-07-18T15:35:58+00:00","mainEntityOfPage":{"@id":"https:\/\/www.justiceinfo.net\/fr\/38050-rdc-allocution-du-president-kabila-jeudi-devant-le-parlement.html"},"wordCount":406,"commentCount":0,"publisher":{"@id":"https:\/\/www.justiceinfo.net\/fr#organization"},"articleSection":["Fil d'info AFP"],"inLanguage":"fr-FR","potentialAction":[{"@type":"CommentAction","name":"Comment","target":["https:\/\/www.justiceinfo.net\/fr\/38050-rdc-allocution-du-president-kabila-jeudi-devant-le-parlement.html#respond"]}]},{"@type":"WebPage","@id":"https:\/\/www.justiceinfo.net\/fr\/38050-rdc-allocution-du-president-kabila-jeudi-devant-le-parlement.html","url":"https:\/\/www.justiceinfo.net\/fr\/38050-rdc-allocution-du-president-kabila-jeudi-devant-le-parlement.html","name":"RDC: allocution du pr\u00e9sident Kabila jeudi devant le Parlement - JusticeInfo.net","isPartOf":{"@id":"https:\/\/www.justiceinfo.net\/fr#website"},"datePublished":"2018-07-18T15:35:58+00:00","breadcrumb":{"@id":"https:\/\/www.justiceinfo.net\/fr\/38050-rdc-allocution-du-president-kabila-jeudi-devant-le-parlement.html#breadcrumb"},"inLanguage":"fr-FR","potentialAction":[{"@type":"ReadAction","target":["https:\/\/www.justiceinfo.net\/fr\/38050-rdc-allocution-du-president-kabila-jeudi-devant-le-parlement.html"]}]},{"@type":"BreadcrumbList","@id":"https:\/\/www.justiceinfo.net\/fr\/38050-rdc-allocution-du-president-kabila-jeudi-devant-le-parlement.html#breadcrumb","itemListElement":[{"@type":"ListItem","position":1,"name":"Home","item":"https:\/\/www.justiceinfo.net\/fr"},{"@type":"ListItem","position":2,"name":"RDC: allocution du pr\u00e9sident Kabila jeudi devant le Parlement"}]},{"@type":"WebSite","@id":"https:\/\/www.justiceinfo.net\/fr#website","url":"https:\/\/www.justiceinfo.net\/fr","name":"JusticeInfo.net","description":"La justice doit \u00eatre vue pour \u00eatre rendue","publisher":{"@id":"https:\/\/www.justiceinfo.net\/fr#organization"},"potentialAction":[{"@type":"SearchAction","target":{"@type":"EntryPoint","urlTemplate":"https:\/\/www.justiceinfo.net\/fr?s={search_term_string}"},"query-input":{"@type":"PropertyValueSpecification","valueRequired":true,"valueName":"search_term_string"}}],"inLanguage":"fr-FR"},{"@type":"Organization","@id":"https:\/\/www.justiceinfo.net\/fr#organization","name":"Justice Info","url":"https:\/\/www.justiceinfo.net\/fr","logo":{"@type":"ImageObject","inLanguage":"fr-FR","@id":"https:\/\/www.justiceinfo.net\/fr#\/schema\/logo\/image\/","url":"https:\/\/www.justiceinfo.net\/wp-content\/uploads\/justiceinfo_logo-trans_1200x1200px.png","contentUrl":"https:\/\/www.justiceinfo.net\/wp-content\/uploads\/justiceinfo_logo-trans_1200x1200px.png","width":1199,"height":1200,"caption":"Justice Info"},"image":{"@id":"https:\/\/www.justiceinfo.net\/fr#\/schema\/logo\/image\/"},"sameAs":["https:\/\/www.facebook.com\/JusticeInfo\/","https:\/\/x.com\/justiceinfonet","https:\/\/www.linkedin.com\/company\/justice-info","https:\/\/www.youtube.com\/channel\/UCyCEsARodyuWtkWyhn-e7pA"]},{"@type":"Person","name":"afp.com","url":"\/fr\/?s=afp.com"}]}},"_links":{"self":[{"href":"https:\/\/www.justiceinfo.net\/fr\/wp-json\/wp\/v2\/posts\/38050","targetHints":{"allow":["GET"]}}],"collection":[{"href":"https:\/\/www.justiceinfo.net\/fr\/wp-json\/wp\/v2\/posts"}],"about":[{"href":"https:\/\/www.justiceinfo.net\/fr\/wp-json\/wp\/v2\/types\/post"}],"author":[{"embeddable":true,"href":"https:\/\/www.justiceinfo.net\/fr\/wp-json\/wp\/v2\/users\/60"}],"replies":[{"embeddable":true,"href":"https:\/\/www.justiceinfo.net\/fr\/wp-json\/wp\/v2\/comments?post=38050"}],"version-history":[{"count":0,"href":"https:\/\/www.justiceinfo.net\/fr\/wp-json\/wp\/v2\/posts\/38050\/revisions"}],"wp:attachment":[{"href":"https:\/\/www.justiceinfo.net\/fr\/wp-json\/wp\/v2\/media?parent=38050"}],"wp:term":[{"taxonomy":"category","embeddable":true,"href":"https:\/\/www.justiceinfo.net\/fr\/wp-json\/wp\/v2\/categories?post=38050"},{"taxonomy":"post_tag","embeddable":true,"href":"https:\/\/www.justiceinfo.net\/fr\/wp-json\/wp\/v2\/tags?post=38050"},{"taxonomy":"ji_location","embeddable":true,"href":"https:\/\/www.justiceinfo.net\/fr\/wp-json\/wp\/v2\/ji_location?post=38050"}],"curies":[{"name":"wp","href":"https:\/\/api.w.org\/{rel}","templated":true}]}}