{"id":38062,"date":"2018-07-19T17:32:55","date_gmt":"2018-07-19T15:32:55","guid":{"rendered":"https:\/\/www.justiceinfo.net\/38062-rdc-kabila-muet-sur-son-avenir-s-engage-de-nouveau-a-respecter-la-constitution.html"},"modified":"2018-07-19T17:32:55","modified_gmt":"2018-07-19T15:32:55","slug":"rdc-kabila-muet-sur-son-avenir-s-engage-de-nouveau-a-respecter-la-constitution","status":"publish","type":"post","link":"https:\/\/www.justiceinfo.net\/fr\/38062-rdc-kabila-muet-sur-son-avenir-s-engage-de-nouveau-a-respecter-la-constitution.html","title":{"rendered":"RDC : Kabila muet sur son avenir, s'engage de nouveau \u00e0 respecter la constitution"},"content":{"rendered":"<div class=\"txt-textContent\">\n<div class=\"text fontsize_0 jq_Content jq_langdir\">\n<p>Le pr\u00e9sident congolais Joseph Kabila s'est engag\u00e9 de nouveau jeudi \u00e0 respecter la Constitution de la R\u00e9publique d\u00e9mocratique du Congo, sans dire un mot sur son avenir politique, \u00e0 cinq mois de la pr\u00e9sidentielle cens\u00e9e \u00e9lire son successeur \u00e0 la t\u00eate de ce pays qu'il dirige depuis 17 ans.<\/p>\n<p>La date des \u00e9lections fix\u00e9es pour le 23 d\u00e9cembre 2018 \"reste maintenue\" et \"notre engagement \u00e0 respecter la Constitution demeure lui aussi non \u00e9quivoque\", a d\u00e9clar\u00e9 M. Kabila dans une allocution attendue au Parlement.<\/p>\n<p>L'organisation des \u00e9lections en RDC est \"une affaire de souverainet\u00e9\" et par cons\u00e9quent financ\u00e9e par l\u2019\u00c9tat congolais, a-t-il r\u00e9affirm\u00e9, en vantant son bilan \u00e0 la t\u00eate du pays.<\/p>\n<p>Le discours de Kabila \u00e9tait tr\u00e8s attendu aussi bien par la classe politique congolaise que par les partenaires de la RDC, esp\u00e9rant que le chef de l\u2019\u00c9tat dise un mot sur son avenir politique.<\/p>\n<p>Le secr\u00e9taire g\u00e9n\u00e9ral de l'ONU, Antonio Guterres, avait r\u00e9cemment indiqu\u00e9 que le pr\u00e9sident Kabila allait annoncer une s\u00e9rie de \"d\u00e9cisions importantes\" pour justifier le report de sa visite en RDC.<\/p>\n<p>\"Ce ne sont ni les accusations gratuites et infond\u00e9es, ni les pressions et menaces inconsid\u00e9r\u00e9es, des sanctions arbitraires et injustes qui nous d\u00e9tournerons de la voie que nous nous sommes trac\u00e9es nous m\u00eames, volontairement et librement\", a dit M. Kabila.<\/p>\n<p>\"Aujourd'hui, notre mod\u00e8le d\u00e9mocratique a fait ses preuves et ceux qui tentaient de s'improviser en donneurs de le\u00e7on l'on bien compris: la R\u00e9publique d\u00e9mocratique du Congo, n'ayant jamais donn\u00e9 de le\u00e7on \u00e0 personne, (elle) n'est pas dispos\u00e9e d'en recevoir dans ce domaine. Et surtout pas de la part de ceux qui ont assassin\u00e9 la d\u00e9mocratie dans ce pays et ailleurs\", a encore dit M. Kabila.<\/p>\n<p>\"N'en d\u00e9plaise \u00e0 ceux qui ne voient que ce qui reste \u00e0 faire et non ce qui a \u00e9t\u00e9 fait\", a-t-il lanc\u00e9 sous les acclamations de ses partisans.<\/p>\n<p>Quelques heures avant le discours, le mouvement citoyen congolais Lutte pour le changement (Lucha) a \u00e9crit sur son compte twitter: \"Candidat? Levons-nous tous aussit\u00f4t pour le d\u00e9mettre comme on aurait d\u00fb le faire depuis longtemps. Pas candidat? continuons \u00e0 exiger des vraies \u00e9lections, impossibles avec lui et sa Ceni (commission \u00e9lectorale) aux commandes\".<\/p>\n<p>Ce mouvement des jeunes indign\u00e9s n\u00e9 \u00e0 Goma (Est) est \u00e0 la pointe de la contestation contre le maintient au pouvoir de M. Kabila dont le mandat s'est achev\u00e9 le 20 d\u00e9cembre. La Constitution lui interdit de se repr\u00e9senter.<\/p>\n<p>Le d\u00e9p\u00f4t des candidatures \u00e0 la pr\u00e9sidentielle doit s'ouvrir le 24 juillet pour se cl\u00f4re le 8 ao\u00fbt.<\/p>\n<p>mbb-bmb\/jp<\/p>\n<\/div>\n<\/div>\n","protected":false},"excerpt":{"rendered":"<p>Le pr\u00e9sident congolais Joseph Kabila s'est engag\u00e9 de nouveau jeudi \u00e0 respecter la Constitution de la R\u00e9publique d\u00e9mocratique du Congo, sans dire un mot sur son avenir politique, \u00e0 cinq mois de la pr\u00e9sidentielle cens\u00e9e \u00e9lire son successeur \u00e0 la t\u00eate de ce pays qu'il dirige depuis 17 ans. La date des \u00e9lections fix\u00e9es pour [&hellip;]<\/p>\n","protected":false},"author":60,"featured_media":0,"comment_status":"open","ping_status":"closed","sticky":false,"template":"","format":"standard","meta":{"_acf_changed":false,"footnotes":""},"categories":[2576],"tags":[],"ji_location":[2196],"class_list":["post-38062","post","type-post","status-publish","format-standard","hentry","category-fil-d-actualite","ji_location-republique-democratique-du-congo"],"acf":[],"yoast_head":"<!-- This site is optimized with the Yoast SEO Premium plugin v25.3.1 (Yoast SEO v25.3.1) - https:\/\/yoast.com\/wordpress\/plugins\/seo\/ -->\n<title>RDC : Kabila muet sur son avenir, s&#039;engage de nouveau \u00e0 respecter la constitution - JusticeInfo.net<\/title>\n<meta name=\"robots\" content=\"index, follow, max-snippet:-1, max-image-preview:large, max-video-preview:-1\" \/>\n<link rel=\"canonical\" href=\"https:\/\/www.justiceinfo.net\/fr\/38062-rdc-kabila-muet-sur-son-avenir-s-engage-de-nouveau-a-respecter-la-constitution.html\" \/>\n<meta property=\"og:locale\" content=\"fr_FR\" \/>\n<meta property=\"og:type\" content=\"article\" \/>\n<meta property=\"og:title\" content=\"RDC : Kabila muet sur son avenir, s&#039;engage de nouveau \u00e0 respecter la constitution\" \/>\n<meta property=\"og:description\" content=\"Le pr\u00e9sident congolais Joseph Kabila s&#039;est engag\u00e9 de nouveau jeudi \u00e0 respecter la Constitution de la R\u00e9publique d\u00e9mocratique du Congo, sans dire un mot sur son avenir politique, \u00e0 cinq mois de la pr\u00e9sidentielle cens\u00e9e \u00e9lire son successeur \u00e0 la t\u00eate de ce pays qu&#039;il dirige depuis 17 ans. La date des \u00e9lections fix\u00e9es pour [&hellip;]\" \/>\n<meta property=\"og:url\" content=\"https:\/\/www.justiceinfo.net\/fr\/38062-rdc-kabila-muet-sur-son-avenir-s-engage-de-nouveau-a-respecter-la-constitution.html\" \/>\n<meta property=\"og:site_name\" content=\"JusticeInfo.net\" \/>\n<meta property=\"article:publisher\" content=\"https:\/\/www.facebook.com\/JusticeInfo\/\" \/>\n<meta property=\"article:published_time\" content=\"2018-07-19T15:32:55+00:00\" \/>\n<meta property=\"og:image\" content=\"https:\/\/www.justiceinfo.net\/wp-content\/uploads\/JusticeInfoNet_logo_1200x630px.jpg\" \/>\n\t<meta property=\"og:image:width\" content=\"1200\" \/>\n\t<meta property=\"og:image:height\" content=\"630\" \/>\n\t<meta property=\"og:image:type\" content=\"image\/jpeg\" \/>\n<meta name=\"author\" content=\"afp.com\" \/>\n<meta name=\"twitter:card\" content=\"summary_large_image\" \/>\n<meta name=\"twitter:creator\" content=\"@justiceinfonet\" \/>\n<meta name=\"twitter:site\" content=\"@justiceinfonet\" \/>\n<meta name=\"twitter:label1\" content=\"\u00c9crit par\" \/>\n\t<meta name=\"twitter:data1\" content=\"afp.com\" \/>\n\t<meta name=\"twitter:label2\" content=\"Dur\u00e9e de lecture estim\u00e9e\" \/>\n\t<meta name=\"twitter:data2\" content=\"2 minutes\" \/>\n<script type=\"application\/ld+json\" class=\"yoast-schema-graph\">{\"@context\":\"https:\/\/schema.org\",\"@graph\":[{\"@type\":\"NewsArticle\",\"@id\":\"https:\/\/www.justiceinfo.net\/fr\/38062-rdc-kabila-muet-sur-son-avenir-s-engage-de-nouveau-a-respecter-la-constitution.html#article\",\"isPartOf\":{\"@id\":\"https:\/\/www.justiceinfo.net\/fr\/38062-rdc-kabila-muet-sur-son-avenir-s-engage-de-nouveau-a-respecter-la-constitution.html\"},\"author\":{\"name\":\"afp\",\"@id\":\"https:\/\/www.justiceinfo.net\/fr#\/schema\/person\/713d340ef5f218fc36ce9b4244364a7f\"},\"headline\":\"RDC : Kabila muet sur son avenir, s'engage de nouveau \u00e0 respecter la constitution\",\"datePublished\":\"2018-07-19T15:32:55+00:00\",\"mainEntityOfPage\":{\"@id\":\"https:\/\/www.justiceinfo.net\/fr\/38062-rdc-kabila-muet-sur-son-avenir-s-engage-de-nouveau-a-respecter-la-constitution.html\"},\"wordCount\":477,\"commentCount\":0,\"publisher\":{\"@id\":\"https:\/\/www.justiceinfo.net\/fr#organization\"},\"articleSection\":[\"Fil d'info AFP\"],\"inLanguage\":\"fr-FR\",\"potentialAction\":[{\"@type\":\"CommentAction\",\"name\":\"Comment\",\"target\":[\"https:\/\/www.justiceinfo.net\/fr\/38062-rdc-kabila-muet-sur-son-avenir-s-engage-de-nouveau-a-respecter-la-constitution.html#respond\"]}]},{\"@type\":\"WebPage\",\"@id\":\"https:\/\/www.justiceinfo.net\/fr\/38062-rdc-kabila-muet-sur-son-avenir-s-engage-de-nouveau-a-respecter-la-constitution.html\",\"url\":\"https:\/\/www.justiceinfo.net\/fr\/38062-rdc-kabila-muet-sur-son-avenir-s-engage-de-nouveau-a-respecter-la-constitution.html\",\"name\":\"RDC : Kabila muet sur son avenir, s'engage de nouveau \u00e0 respecter la constitution - JusticeInfo.net\",\"isPartOf\":{\"@id\":\"https:\/\/www.justiceinfo.net\/fr#website\"},\"datePublished\":\"2018-07-19T15:32:55+00:00\",\"breadcrumb\":{\"@id\":\"https:\/\/www.justiceinfo.net\/fr\/38062-rdc-kabila-muet-sur-son-avenir-s-engage-de-nouveau-a-respecter-la-constitution.html#breadcrumb\"},\"inLanguage\":\"fr-FR\",\"potentialAction\":[{\"@type\":\"ReadAction\",\"target\":[\"https:\/\/www.justiceinfo.net\/fr\/38062-rdc-kabila-muet-sur-son-avenir-s-engage-de-nouveau-a-respecter-la-constitution.html\"]}]},{\"@type\":\"BreadcrumbList\",\"@id\":\"https:\/\/www.justiceinfo.net\/fr\/38062-rdc-kabila-muet-sur-son-avenir-s-engage-de-nouveau-a-respecter-la-constitution.html#breadcrumb\",\"itemListElement\":[{\"@type\":\"ListItem\",\"position\":1,\"name\":\"Home\",\"item\":\"https:\/\/www.justiceinfo.net\/fr\"},{\"@type\":\"ListItem\",\"position\":2,\"name\":\"RDC : Kabila muet sur son avenir, s'engage de nouveau \u00e0 respecter la constitution\"}]},{\"@type\":\"WebSite\",\"@id\":\"https:\/\/www.justiceinfo.net\/fr#website\",\"url\":\"https:\/\/www.justiceinfo.net\/fr\",\"name\":\"JusticeInfo.net\",\"description\":\"La justice doit \u00eatre vue pour \u00eatre rendue\",\"publisher\":{\"@id\":\"https:\/\/www.justiceinfo.net\/fr#organization\"},\"potentialAction\":[{\"@type\":\"SearchAction\",\"target\":{\"@type\":\"EntryPoint\",\"urlTemplate\":\"https:\/\/www.justiceinfo.net\/fr?s={search_term_string}\"},\"query-input\":{\"@type\":\"PropertyValueSpecification\",\"valueRequired\":true,\"valueName\":\"search_term_string\"}}],\"inLanguage\":\"fr-FR\"},{\"@type\":\"Organization\",\"@id\":\"https:\/\/www.justiceinfo.net\/fr#organization\",\"name\":\"Justice Info\",\"url\":\"https:\/\/www.justiceinfo.net\/fr\",\"logo\":{\"@type\":\"ImageObject\",\"inLanguage\":\"fr-FR\",\"@id\":\"https:\/\/www.justiceinfo.net\/fr#\/schema\/logo\/image\/\",\"url\":\"https:\/\/www.justiceinfo.net\/wp-content\/uploads\/justiceinfo_logo-trans_1200x1200px.png\",\"contentUrl\":\"https:\/\/www.justiceinfo.net\/wp-content\/uploads\/justiceinfo_logo-trans_1200x1200px.png\",\"width\":1199,\"height\":1200,\"caption\":\"Justice Info\"},\"image\":{\"@id\":\"https:\/\/www.justiceinfo.net\/fr#\/schema\/logo\/image\/\"},\"sameAs\":[\"https:\/\/www.facebook.com\/JusticeInfo\/\",\"https:\/\/x.com\/justiceinfonet\",\"https:\/\/www.linkedin.com\/company\/justice-info\",\"https:\/\/www.youtube.com\/channel\/UCyCEsARodyuWtkWyhn-e7pA\"]},{\"@type\":\"Person\",\"name\":\"afp.com\",\"url\":\"\/fr\/?s=afp.com\"}]}<\/script>\n<!-- \/ Yoast SEO Premium plugin. -->","yoast_head_json":{"title":"RDC : Kabila muet sur son avenir, s'engage de nouveau \u00e0 respecter la constitution - JusticeInfo.net","robots":{"index":"index","follow":"follow","max-snippet":"max-snippet:-1","max-image-preview":"max-image-preview:large","max-video-preview":"max-video-preview:-1"},"canonical":"https:\/\/www.justiceinfo.net\/fr\/38062-rdc-kabila-muet-sur-son-avenir-s-engage-de-nouveau-a-respecter-la-constitution.html","og_locale":"fr_FR","og_type":"article","og_title":"RDC : Kabila muet sur son avenir, s'engage de nouveau \u00e0 respecter la constitution","og_description":"Le pr\u00e9sident congolais Joseph Kabila s'est engag\u00e9 de nouveau jeudi \u00e0 respecter la Constitution de la R\u00e9publique d\u00e9mocratique du Congo, sans dire un mot sur son avenir politique, \u00e0 cinq mois de la pr\u00e9sidentielle cens\u00e9e \u00e9lire son successeur \u00e0 la t\u00eate de ce pays qu'il dirige depuis 17 ans. La date des \u00e9lections fix\u00e9es pour [&hellip;]","og_url":"https:\/\/www.justiceinfo.net\/fr\/38062-rdc-kabila-muet-sur-son-avenir-s-engage-de-nouveau-a-respecter-la-constitution.html","og_site_name":"JusticeInfo.net","article_publisher":"https:\/\/www.facebook.com\/JusticeInfo\/","article_published_time":"2018-07-19T15:32:55+00:00","og_image":[{"width":1200,"height":630,"url":"https:\/\/www.justiceinfo.net\/wp-content\/uploads\/JusticeInfoNet_logo_1200x630px.jpg","type":"image\/jpeg"}],"author":"afp.com","twitter_card":"summary_large_image","twitter_creator":"@justiceinfonet","twitter_site":"@justiceinfonet","twitter_misc":{"\u00c9crit par":"afp.com","Dur\u00e9e de lecture estim\u00e9e":"2 minutes"},"schema":{"@context":"https:\/\/schema.org","@graph":[{"@type":"NewsArticle","@id":"https:\/\/www.justiceinfo.net\/fr\/38062-rdc-kabila-muet-sur-son-avenir-s-engage-de-nouveau-a-respecter-la-constitution.html#article","isPartOf":{"@id":"https:\/\/www.justiceinfo.net\/fr\/38062-rdc-kabila-muet-sur-son-avenir-s-engage-de-nouveau-a-respecter-la-constitution.html"},"author":{"name":"afp","@id":"https:\/\/www.justiceinfo.net\/fr#\/schema\/person\/713d340ef5f218fc36ce9b4244364a7f"},"headline":"RDC : Kabila muet sur son avenir, s'engage de nouveau \u00e0 respecter la constitution","datePublished":"2018-07-19T15:32:55+00:00","mainEntityOfPage":{"@id":"https:\/\/www.justiceinfo.net\/fr\/38062-rdc-kabila-muet-sur-son-avenir-s-engage-de-nouveau-a-respecter-la-constitution.html"},"wordCount":477,"commentCount":0,"publisher":{"@id":"https:\/\/www.justiceinfo.net\/fr#organization"},"articleSection":["Fil d'info AFP"],"inLanguage":"fr-FR","potentialAction":[{"@type":"CommentAction","name":"Comment","target":["https:\/\/www.justiceinfo.net\/fr\/38062-rdc-kabila-muet-sur-son-avenir-s-engage-de-nouveau-a-respecter-la-constitution.html#respond"]}]},{"@type":"WebPage","@id":"https:\/\/www.justiceinfo.net\/fr\/38062-rdc-kabila-muet-sur-son-avenir-s-engage-de-nouveau-a-respecter-la-constitution.html","url":"https:\/\/www.justiceinfo.net\/fr\/38062-rdc-kabila-muet-sur-son-avenir-s-engage-de-nouveau-a-respecter-la-constitution.html","name":"RDC : Kabila muet sur son avenir, s'engage de nouveau \u00e0 respecter la constitution - JusticeInfo.net","isPartOf":{"@id":"https:\/\/www.justiceinfo.net\/fr#website"},"datePublished":"2018-07-19T15:32:55+00:00","breadcrumb":{"@id":"https:\/\/www.justiceinfo.net\/fr\/38062-rdc-kabila-muet-sur-son-avenir-s-engage-de-nouveau-a-respecter-la-constitution.html#breadcrumb"},"inLanguage":"fr-FR","potentialAction":[{"@type":"ReadAction","target":["https:\/\/www.justiceinfo.net\/fr\/38062-rdc-kabila-muet-sur-son-avenir-s-engage-de-nouveau-a-respecter-la-constitution.html"]}]},{"@type":"BreadcrumbList","@id":"https:\/\/www.justiceinfo.net\/fr\/38062-rdc-kabila-muet-sur-son-avenir-s-engage-de-nouveau-a-respecter-la-constitution.html#breadcrumb","itemListElement":[{"@type":"ListItem","position":1,"name":"Home","item":"https:\/\/www.justiceinfo.net\/fr"},{"@type":"ListItem","position":2,"name":"RDC : Kabila muet sur son avenir, s'engage de nouveau \u00e0 respecter la constitution"}]},{"@type":"WebSite","@id":"https:\/\/www.justiceinfo.net\/fr#website","url":"https:\/\/www.justiceinfo.net\/fr","name":"JusticeInfo.net","description":"La justice doit \u00eatre vue pour \u00eatre rendue","publisher":{"@id":"https:\/\/www.justiceinfo.net\/fr#organization"},"potentialAction":[{"@type":"SearchAction","target":{"@type":"EntryPoint","urlTemplate":"https:\/\/www.justiceinfo.net\/fr?s={search_term_string}"},"query-input":{"@type":"PropertyValueSpecification","valueRequired":true,"valueName":"search_term_string"}}],"inLanguage":"fr-FR"},{"@type":"Organization","@id":"https:\/\/www.justiceinfo.net\/fr#organization","name":"Justice Info","url":"https:\/\/www.justiceinfo.net\/fr","logo":{"@type":"ImageObject","inLanguage":"fr-FR","@id":"https:\/\/www.justiceinfo.net\/fr#\/schema\/logo\/image\/","url":"https:\/\/www.justiceinfo.net\/wp-content\/uploads\/justiceinfo_logo-trans_1200x1200px.png","contentUrl":"https:\/\/www.justiceinfo.net\/wp-content\/uploads\/justiceinfo_logo-trans_1200x1200px.png","width":1199,"height":1200,"caption":"Justice Info"},"image":{"@id":"https:\/\/www.justiceinfo.net\/fr#\/schema\/logo\/image\/"},"sameAs":["https:\/\/www.facebook.com\/JusticeInfo\/","https:\/\/x.com\/justiceinfonet","https:\/\/www.linkedin.com\/company\/justice-info","https:\/\/www.youtube.com\/channel\/UCyCEsARodyuWtkWyhn-e7pA"]},{"@type":"Person","name":"afp.com","url":"\/fr\/?s=afp.com"}]}},"_links":{"self":[{"href":"https:\/\/www.justiceinfo.net\/fr\/wp-json\/wp\/v2\/posts\/38062","targetHints":{"allow":["GET"]}}],"collection":[{"href":"https:\/\/www.justiceinfo.net\/fr\/wp-json\/wp\/v2\/posts"}],"about":[{"href":"https:\/\/www.justiceinfo.net\/fr\/wp-json\/wp\/v2\/types\/post"}],"author":[{"embeddable":true,"href":"https:\/\/www.justiceinfo.net\/fr\/wp-json\/wp\/v2\/users\/60"}],"replies":[{"embeddable":true,"href":"https:\/\/www.justiceinfo.net\/fr\/wp-json\/wp\/v2\/comments?post=38062"}],"version-history":[{"count":0,"href":"https:\/\/www.justiceinfo.net\/fr\/wp-json\/wp\/v2\/posts\/38062\/revisions"}],"wp:attachment":[{"href":"https:\/\/www.justiceinfo.net\/fr\/wp-json\/wp\/v2\/media?parent=38062"}],"wp:term":[{"taxonomy":"category","embeddable":true,"href":"https:\/\/www.justiceinfo.net\/fr\/wp-json\/wp\/v2\/categories?post=38062"},{"taxonomy":"post_tag","embeddable":true,"href":"https:\/\/www.justiceinfo.net\/fr\/wp-json\/wp\/v2\/tags?post=38062"},{"taxonomy":"ji_location","embeddable":true,"href":"https:\/\/www.justiceinfo.net\/fr\/wp-json\/wp\/v2\/ji_location?post=38062"}],"curies":[{"name":"wp","href":"https:\/\/api.w.org\/{rel}","templated":true}]}}