{"id":3807,"date":"2008-05-15T07:00:02","date_gmt":"2008-05-15T05:00:02","guid":{"rendered":"https:\/\/www.justiceinfo.net\/3807-140508-tpirkaremera-le-premier-condamne-du-tpir-est-sorti-de-sa-prison-au-mali-pour-defendre-597.html"},"modified":"2008-05-15T07:00:02","modified_gmt":"2008-05-15T05:00:02","slug":"140508-tpirkaremera-le-premier-condamne-du-tpir-est-sorti-de-sa-prison-au-mali-pour-defendre-597","status":"publish","type":"post","link":"https:\/\/www.justiceinfo.net\/fr\/3807-140508-tpirkaremera-le-premier-condamne-du-tpir-est-sorti-de-sa-prison-au-mali-pour-defendre-597.html","title":{"rendered":"14.05.08 - TPIR\/KAREMERA - LE PREMIER CONDAMNE DU TPIR EST SORTI DE SA PRISON AU MALI POUR DEFENDRE"},"content":{"rendered":"<p  >\nArusha, 14 mai 2008 (FH) - Jean-Paul Akayesu, premier condamn\u00e9 du Tribunal international pour le Rwanda (TPIR), a t\u00e9moign\u00e9 mercredi pour la d\u00e9fense de trois dirigeants de l\u2019ex-parti pr\u00e9sidentiel, niant l\u2019existence d\u2019une entreprise criminelle \u00e0 laquelle ces accus\u00e9s l\u2019auraient associ\u00e9.  <\/p>\n<p>Condamn\u00e9 en premi\u00e8re instance le 2 octobre 1998 puis en appel le 1er juin 2001, Akayesu dirigeait la commune de Taba, dans l\u2019ancienne pr\u00e9fecture de Gitarama (centre du Rwanda).\n<\/p>\n<p><!--more--><\/p>\n<p  >\nIl a \u00e9t\u00e9 appel\u00e9 pour la d\u00e9fense d'Edouard Karemera, vice pr\u00e9sident du Mouvement r\u00e9publicain national pour la d\u00e9mocratie et le d\u00e9veloppement (MRND). Deux autres responsables du MRND sont accus\u00e9s \u00e0 ses cot\u00e9s : Mathieu Ngirumpatse, le pr\u00e9sident, et Joseph Nzirorera, le secr\u00e9taire g\u00e9n\u00e9ral. <\/p>\n<p>\u00abCela n\u2019\u00e9tait pas possible\" a-t-il dit \u00e0 propos d'une \"entreprise criminelle commune\" que reproche le procureur aux trois accus\u00e9s et au t\u00e9moin. \"Ils avaient leur ligne, nous avions la n\u00f4tre \u00bb, a affirm\u00e9 avec force Akayesu, soulignant qu\u2019il ne pouvait y avoir d\u2019entente criminelle entre des membres du MRND et lui qui venait du Mouvement d\u00e9mocratique r\u00e9publicain (MDR). <\/p>\n<p>\u00ab Le MRND et le MDR s\u2019opposaient, se battaient \u00e0 tous les niveaux\" a-t-il dit. \"Il s'\u00e9tait cr\u00e9\u00e9e une haine, une m\u00e9fiance totale \u00bb (entre les deux partis), a d\u00e9clar\u00e9 le prisonnier venu, pour sa d\u00e9position, de Bamako (Mali) o\u00f9 il est incarc\u00e9r\u00e9 depuis d\u00e9cembre 2001. <\/p>\n<p>Le t\u00e9moin, v\u00e9tu d'un magnifique boubou brod\u00e9 typique de l'Afrique de l'Ouest, s\u2019est par ailleurs d\u00e9clar\u00e9 \u00ab \u00e9tonn\u00e9 \u00bb d\u2019entendre les all\u00e9gations selon lesquelles Karemera aurait particip\u00e9 \u00e0 une r\u00e9union pr\u00e9sid\u00e9e le 18 avril 1995 \u00e0 Murambi (Gitarama) par le Premier ministre Jean Kambanda, \u00e9galement en prison au Mali. <\/p>\n<p>L\u2019ancien pr\u00e9fet de Gitarama, Fid\u00e8le Uwizeye, a d\u00e9clar\u00e9, lors de son t\u00e9moignage dans l\u2019affaire, que Karemera avait tenu un discours incitant \u00e0 l\u2019extermination des Tutsis lors de cette r\u00e9union. <\/p>\n<p>\u00abS\u2019il (Uwizeye)  a dit cela, il n\u2019est pas du tout honn\u00eate. Il est venu mentir. Je vous le jure au nom de Dieu, Karemera n\u2019y \u00e9tait pas. S\u2019il avait \u00e9t\u00e9 l\u00e0, je l\u2019aurais vu. Je le connaissais \u00bb, a affirm\u00e9 Akayesu. <\/p>\n<p>\u00ab Cela me rappelle des t\u00e9moins venus dans mon proc\u00e8s parachuter des choses qui n\u2019ont jamais exist\u00e9. J\u2019ai \u00e9t\u00e9 victime de mensonges de ce genre \u00bb, a-t-il poursuivi. <\/p>\n<p>\u00ab Tr\u00e8s honn\u00eatement vous qui n\u2019\u00eates pas Rwandais, il y a des choses (concernant le Rwanda) que vous ne comprendrez jamais \u00bb, a ajout\u00e9 le condamn\u00e9 qui r\u00e9pondait aux questions de Me Dior Diagne, l\u2019avocate s\u00e9n\u00e9galaise de Karemera. <\/p>\n<p>Accus\u00e9s de crimes de g\u00e9nocide et de crimes contre l\u2019humanit\u00e9, Karemera, Nzirorera et Ngirumpatse plaident non coupables. <\/p>\n<p>Leur proc\u00e8s se d\u00e9roule devant une chambre pr\u00e9sid\u00e9e par le juge Dennis Byron originaire des \u00eeles de Saint-Kitts-et-Nevis. <\/p>\n<p>ER\/PB\/GF<\/p>\n","protected":false},"excerpt":{"rendered":"<p>Arusha, 14 mai 2008 (FH) - Jean-Paul Akayesu, premier condamn\u00e9 du Tribunal international pour le Rwanda (TPIR), a t\u00e9moign\u00e9 mercredi pour la d\u00e9fense de trois dirigeants de l\u2019ex-parti pr\u00e9sidentiel, niant l\u2019existence d\u2019une entreprise criminelle \u00e0 laquelle ces accus\u00e9s l\u2019auraient associ\u00e9. Condamn\u00e9 en premi\u00e8re instance le 2 octobre 1998 puis en appel le 1er juin 2001, [&hellip;]<\/p>\n","protected":false},"author":64,"featured_media":0,"comment_status":"open","ping_status":"closed","sticky":false,"template":"","format":"standard","meta":{"_acf_changed":false,"footnotes":""},"categories":[554],"tags":[],"ji_location":[],"class_list":["post-3807","post","type-post","status-publish","format-standard","hentry","category-hirondellenews"],"acf":[],"yoast_head":"<!-- This site is optimized with the Yoast SEO Premium plugin v25.3.1 (Yoast SEO v25.3.1) - https:\/\/yoast.com\/wordpress\/plugins\/seo\/ -->\n<title>14.05.08 - TPIR\/KAREMERA - LE PREMIER CONDAMNE DU TPIR EST SORTI DE SA PRISON AU MALI POUR DEFENDRE - JusticeInfo.net<\/title>\n<meta name=\"robots\" content=\"index, follow, max-snippet:-1, max-image-preview:large, max-video-preview:-1\" \/>\n<link rel=\"canonical\" href=\"https:\/\/www.justiceinfo.net\/fr\/3807-140508-tpirkaremera-le-premier-condamne-du-tpir-est-sorti-de-sa-prison-au-mali-pour-defendre-597.html\" \/>\n<meta property=\"og:locale\" content=\"fr_FR\" \/>\n<meta property=\"og:type\" content=\"article\" \/>\n<meta property=\"og:title\" content=\"14.05.08 - TPIR\/KAREMERA - LE PREMIER CONDAMNE DU TPIR EST SORTI DE SA PRISON AU MALI POUR DEFENDRE\" \/>\n<meta property=\"og:description\" content=\"Arusha, 14 mai 2008 (FH) - Jean-Paul Akayesu, premier condamn\u00e9 du Tribunal international pour le Rwanda (TPIR), a t\u00e9moign\u00e9 mercredi pour la d\u00e9fense de trois dirigeants de l\u2019ex-parti pr\u00e9sidentiel, niant l\u2019existence d\u2019une entreprise criminelle \u00e0 laquelle ces accus\u00e9s l\u2019auraient associ\u00e9. Condamn\u00e9 en premi\u00e8re instance le 2 octobre 1998 puis en appel le 1er juin 2001, [&hellip;]\" \/>\n<meta property=\"og:url\" content=\"https:\/\/www.justiceinfo.net\/fr\/3807-140508-tpirkaremera-le-premier-condamne-du-tpir-est-sorti-de-sa-prison-au-mali-pour-defendre-597.html\" \/>\n<meta property=\"og:site_name\" content=\"JusticeInfo.net\" \/>\n<meta property=\"article:publisher\" content=\"https:\/\/www.facebook.com\/JusticeInfo\/\" \/>\n<meta property=\"article:published_time\" content=\"2008-05-15T05:00:02+00:00\" \/>\n<meta property=\"og:image\" content=\"https:\/\/www.justiceinfo.net\/wp-content\/uploads\/JusticeInfoNet_logo_1200x630px.jpg\" \/>\n\t<meta property=\"og:image:width\" content=\"1200\" \/>\n\t<meta property=\"og:image:height\" content=\"630\" \/>\n\t<meta property=\"og:image:type\" content=\"image\/jpeg\" \/>\n<meta name=\"author\" content=\"solivri\" \/>\n<meta name=\"twitter:card\" content=\"summary_large_image\" \/>\n<meta name=\"twitter:creator\" content=\"@justiceinfonet\" \/>\n<meta name=\"twitter:site\" content=\"@justiceinfonet\" \/>\n<meta name=\"twitter:label1\" content=\"\u00c9crit par\" \/>\n\t<meta name=\"twitter:data1\" content=\"solivri\" \/>\n\t<meta name=\"twitter:label2\" content=\"Dur\u00e9e de lecture estim\u00e9e\" \/>\n\t<meta name=\"twitter:data2\" content=\"2 minutes\" \/>\n<script type=\"application\/ld+json\" class=\"yoast-schema-graph\">{\"@context\":\"https:\/\/schema.org\",\"@graph\":[{\"@type\":\"NewsArticle\",\"@id\":\"https:\/\/www.justiceinfo.net\/fr\/3807-140508-tpirkaremera-le-premier-condamne-du-tpir-est-sorti-de-sa-prison-au-mali-pour-defendre-597.html#article\",\"isPartOf\":{\"@id\":\"https:\/\/www.justiceinfo.net\/fr\/3807-140508-tpirkaremera-le-premier-condamne-du-tpir-est-sorti-de-sa-prison-au-mali-pour-defendre-597.html\"},\"author\":{\"name\":\"solivri\",\"@id\":\"https:\/\/www.justiceinfo.net\/fr#\/schema\/person\/6e53cba1629e2e66f3fc1821d3091865\"},\"headline\":\"14.05.08 - TPIR\/KAREMERA - LE PREMIER CONDAMNE DU TPIR EST SORTI DE SA PRISON AU MALI POUR DEFENDRE\",\"datePublished\":\"2008-05-15T05:00:02+00:00\",\"mainEntityOfPage\":{\"@id\":\"https:\/\/www.justiceinfo.net\/fr\/3807-140508-tpirkaremera-le-premier-condamne-du-tpir-est-sorti-de-sa-prison-au-mali-pour-defendre-597.html\"},\"wordCount\":515,\"commentCount\":0,\"publisher\":{\"@id\":\"https:\/\/www.justiceinfo.net\/fr#organization\"},\"articleSection\":[\"Hirondelle News\"],\"inLanguage\":\"fr-FR\",\"potentialAction\":[{\"@type\":\"CommentAction\",\"name\":\"Comment\",\"target\":[\"https:\/\/www.justiceinfo.net\/fr\/3807-140508-tpirkaremera-le-premier-condamne-du-tpir-est-sorti-de-sa-prison-au-mali-pour-defendre-597.html#respond\"]}]},{\"@type\":\"WebPage\",\"@id\":\"https:\/\/www.justiceinfo.net\/fr\/3807-140508-tpirkaremera-le-premier-condamne-du-tpir-est-sorti-de-sa-prison-au-mali-pour-defendre-597.html\",\"url\":\"https:\/\/www.justiceinfo.net\/fr\/3807-140508-tpirkaremera-le-premier-condamne-du-tpir-est-sorti-de-sa-prison-au-mali-pour-defendre-597.html\",\"name\":\"14.05.08 - TPIR\/KAREMERA - LE PREMIER CONDAMNE DU TPIR EST SORTI DE SA PRISON AU MALI POUR DEFENDRE - JusticeInfo.net\",\"isPartOf\":{\"@id\":\"https:\/\/www.justiceinfo.net\/fr#website\"},\"datePublished\":\"2008-05-15T05:00:02+00:00\",\"breadcrumb\":{\"@id\":\"https:\/\/www.justiceinfo.net\/fr\/3807-140508-tpirkaremera-le-premier-condamne-du-tpir-est-sorti-de-sa-prison-au-mali-pour-defendre-597.html#breadcrumb\"},\"inLanguage\":\"fr-FR\",\"potentialAction\":[{\"@type\":\"ReadAction\",\"target\":[\"https:\/\/www.justiceinfo.net\/fr\/3807-140508-tpirkaremera-le-premier-condamne-du-tpir-est-sorti-de-sa-prison-au-mali-pour-defendre-597.html\"]}]},{\"@type\":\"BreadcrumbList\",\"@id\":\"https:\/\/www.justiceinfo.net\/fr\/3807-140508-tpirkaremera-le-premier-condamne-du-tpir-est-sorti-de-sa-prison-au-mali-pour-defendre-597.html#breadcrumb\",\"itemListElement\":[{\"@type\":\"ListItem\",\"position\":1,\"name\":\"Home\",\"item\":\"https:\/\/www.justiceinfo.net\/fr\"},{\"@type\":\"ListItem\",\"position\":2,\"name\":\"14.05.08 - TPIR\/KAREMERA - LE PREMIER CONDAMNE DU TPIR EST SORTI DE SA PRISON AU MALI POUR DEFENDRE\"}]},{\"@type\":\"WebSite\",\"@id\":\"https:\/\/www.justiceinfo.net\/fr#website\",\"url\":\"https:\/\/www.justiceinfo.net\/fr\",\"name\":\"JusticeInfo.net\",\"description\":\"La justice doit \u00eatre vue pour \u00eatre rendue\",\"publisher\":{\"@id\":\"https:\/\/www.justiceinfo.net\/fr#organization\"},\"potentialAction\":[{\"@type\":\"SearchAction\",\"target\":{\"@type\":\"EntryPoint\",\"urlTemplate\":\"https:\/\/www.justiceinfo.net\/fr?s={search_term_string}\"},\"query-input\":{\"@type\":\"PropertyValueSpecification\",\"valueRequired\":true,\"valueName\":\"search_term_string\"}}],\"inLanguage\":\"fr-FR\"},{\"@type\":\"Organization\",\"@id\":\"https:\/\/www.justiceinfo.net\/fr#organization\",\"name\":\"Justice Info\",\"url\":\"https:\/\/www.justiceinfo.net\/fr\",\"logo\":{\"@type\":\"ImageObject\",\"inLanguage\":\"fr-FR\",\"@id\":\"https:\/\/www.justiceinfo.net\/fr#\/schema\/logo\/image\/\",\"url\":\"https:\/\/www.justiceinfo.net\/wp-content\/uploads\/justiceinfo_logo-trans_1200x1200px.png\",\"contentUrl\":\"https:\/\/www.justiceinfo.net\/wp-content\/uploads\/justiceinfo_logo-trans_1200x1200px.png\",\"width\":1199,\"height\":1200,\"caption\":\"Justice Info\"},\"image\":{\"@id\":\"https:\/\/www.justiceinfo.net\/fr#\/schema\/logo\/image\/\"},\"sameAs\":[\"https:\/\/www.facebook.com\/JusticeInfo\/\",\"https:\/\/x.com\/justiceinfonet\",\"https:\/\/www.linkedin.com\/company\/justice-info\",\"https:\/\/www.youtube.com\/channel\/UCyCEsARodyuWtkWyhn-e7pA\"]},{\"@type\":\"Person\",\"name\":\"solivri\",\"url\":\"\/fr\/?s=solivri\"}]}<\/script>\n<!-- \/ Yoast SEO Premium plugin. -->","yoast_head_json":{"title":"14.05.08 - TPIR\/KAREMERA - LE PREMIER CONDAMNE DU TPIR EST SORTI DE SA PRISON AU MALI POUR DEFENDRE - JusticeInfo.net","robots":{"index":"index","follow":"follow","max-snippet":"max-snippet:-1","max-image-preview":"max-image-preview:large","max-video-preview":"max-video-preview:-1"},"canonical":"https:\/\/www.justiceinfo.net\/fr\/3807-140508-tpirkaremera-le-premier-condamne-du-tpir-est-sorti-de-sa-prison-au-mali-pour-defendre-597.html","og_locale":"fr_FR","og_type":"article","og_title":"14.05.08 - TPIR\/KAREMERA - LE PREMIER CONDAMNE DU TPIR EST SORTI DE SA PRISON AU MALI POUR DEFENDRE","og_description":"Arusha, 14 mai 2008 (FH) - Jean-Paul Akayesu, premier condamn\u00e9 du Tribunal international pour le Rwanda (TPIR), a t\u00e9moign\u00e9 mercredi pour la d\u00e9fense de trois dirigeants de l\u2019ex-parti pr\u00e9sidentiel, niant l\u2019existence d\u2019une entreprise criminelle \u00e0 laquelle ces accus\u00e9s l\u2019auraient associ\u00e9. Condamn\u00e9 en premi\u00e8re instance le 2 octobre 1998 puis en appel le 1er juin 2001, [&hellip;]","og_url":"https:\/\/www.justiceinfo.net\/fr\/3807-140508-tpirkaremera-le-premier-condamne-du-tpir-est-sorti-de-sa-prison-au-mali-pour-defendre-597.html","og_site_name":"JusticeInfo.net","article_publisher":"https:\/\/www.facebook.com\/JusticeInfo\/","article_published_time":"2008-05-15T05:00:02+00:00","og_image":[{"width":1200,"height":630,"url":"https:\/\/www.justiceinfo.net\/wp-content\/uploads\/JusticeInfoNet_logo_1200x630px.jpg","type":"image\/jpeg"}],"author":"solivri","twitter_card":"summary_large_image","twitter_creator":"@justiceinfonet","twitter_site":"@justiceinfonet","twitter_misc":{"\u00c9crit par":"solivri","Dur\u00e9e de lecture estim\u00e9e":"2 minutes"},"schema":{"@context":"https:\/\/schema.org","@graph":[{"@type":"NewsArticle","@id":"https:\/\/www.justiceinfo.net\/fr\/3807-140508-tpirkaremera-le-premier-condamne-du-tpir-est-sorti-de-sa-prison-au-mali-pour-defendre-597.html#article","isPartOf":{"@id":"https:\/\/www.justiceinfo.net\/fr\/3807-140508-tpirkaremera-le-premier-condamne-du-tpir-est-sorti-de-sa-prison-au-mali-pour-defendre-597.html"},"author":{"name":"solivri","@id":"https:\/\/www.justiceinfo.net\/fr#\/schema\/person\/6e53cba1629e2e66f3fc1821d3091865"},"headline":"14.05.08 - TPIR\/KAREMERA - LE PREMIER CONDAMNE DU TPIR EST SORTI DE SA PRISON AU MALI POUR DEFENDRE","datePublished":"2008-05-15T05:00:02+00:00","mainEntityOfPage":{"@id":"https:\/\/www.justiceinfo.net\/fr\/3807-140508-tpirkaremera-le-premier-condamne-du-tpir-est-sorti-de-sa-prison-au-mali-pour-defendre-597.html"},"wordCount":515,"commentCount":0,"publisher":{"@id":"https:\/\/www.justiceinfo.net\/fr#organization"},"articleSection":["Hirondelle News"],"inLanguage":"fr-FR","potentialAction":[{"@type":"CommentAction","name":"Comment","target":["https:\/\/www.justiceinfo.net\/fr\/3807-140508-tpirkaremera-le-premier-condamne-du-tpir-est-sorti-de-sa-prison-au-mali-pour-defendre-597.html#respond"]}]},{"@type":"WebPage","@id":"https:\/\/www.justiceinfo.net\/fr\/3807-140508-tpirkaremera-le-premier-condamne-du-tpir-est-sorti-de-sa-prison-au-mali-pour-defendre-597.html","url":"https:\/\/www.justiceinfo.net\/fr\/3807-140508-tpirkaremera-le-premier-condamne-du-tpir-est-sorti-de-sa-prison-au-mali-pour-defendre-597.html","name":"14.05.08 - TPIR\/KAREMERA - LE PREMIER CONDAMNE DU TPIR EST SORTI DE SA PRISON AU MALI POUR DEFENDRE - JusticeInfo.net","isPartOf":{"@id":"https:\/\/www.justiceinfo.net\/fr#website"},"datePublished":"2008-05-15T05:00:02+00:00","breadcrumb":{"@id":"https:\/\/www.justiceinfo.net\/fr\/3807-140508-tpirkaremera-le-premier-condamne-du-tpir-est-sorti-de-sa-prison-au-mali-pour-defendre-597.html#breadcrumb"},"inLanguage":"fr-FR","potentialAction":[{"@type":"ReadAction","target":["https:\/\/www.justiceinfo.net\/fr\/3807-140508-tpirkaremera-le-premier-condamne-du-tpir-est-sorti-de-sa-prison-au-mali-pour-defendre-597.html"]}]},{"@type":"BreadcrumbList","@id":"https:\/\/www.justiceinfo.net\/fr\/3807-140508-tpirkaremera-le-premier-condamne-du-tpir-est-sorti-de-sa-prison-au-mali-pour-defendre-597.html#breadcrumb","itemListElement":[{"@type":"ListItem","position":1,"name":"Home","item":"https:\/\/www.justiceinfo.net\/fr"},{"@type":"ListItem","position":2,"name":"14.05.08 - TPIR\/KAREMERA - LE PREMIER CONDAMNE DU TPIR EST SORTI DE SA PRISON AU MALI POUR DEFENDRE"}]},{"@type":"WebSite","@id":"https:\/\/www.justiceinfo.net\/fr#website","url":"https:\/\/www.justiceinfo.net\/fr","name":"JusticeInfo.net","description":"La justice doit \u00eatre vue pour \u00eatre rendue","publisher":{"@id":"https:\/\/www.justiceinfo.net\/fr#organization"},"potentialAction":[{"@type":"SearchAction","target":{"@type":"EntryPoint","urlTemplate":"https:\/\/www.justiceinfo.net\/fr?s={search_term_string}"},"query-input":{"@type":"PropertyValueSpecification","valueRequired":true,"valueName":"search_term_string"}}],"inLanguage":"fr-FR"},{"@type":"Organization","@id":"https:\/\/www.justiceinfo.net\/fr#organization","name":"Justice Info","url":"https:\/\/www.justiceinfo.net\/fr","logo":{"@type":"ImageObject","inLanguage":"fr-FR","@id":"https:\/\/www.justiceinfo.net\/fr#\/schema\/logo\/image\/","url":"https:\/\/www.justiceinfo.net\/wp-content\/uploads\/justiceinfo_logo-trans_1200x1200px.png","contentUrl":"https:\/\/www.justiceinfo.net\/wp-content\/uploads\/justiceinfo_logo-trans_1200x1200px.png","width":1199,"height":1200,"caption":"Justice Info"},"image":{"@id":"https:\/\/www.justiceinfo.net\/fr#\/schema\/logo\/image\/"},"sameAs":["https:\/\/www.facebook.com\/JusticeInfo\/","https:\/\/x.com\/justiceinfonet","https:\/\/www.linkedin.com\/company\/justice-info","https:\/\/www.youtube.com\/channel\/UCyCEsARodyuWtkWyhn-e7pA"]},{"@type":"Person","name":"solivri","url":"\/fr\/?s=solivri"}]}},"_links":{"self":[{"href":"https:\/\/www.justiceinfo.net\/fr\/wp-json\/wp\/v2\/posts\/3807","targetHints":{"allow":["GET"]}}],"collection":[{"href":"https:\/\/www.justiceinfo.net\/fr\/wp-json\/wp\/v2\/posts"}],"about":[{"href":"https:\/\/www.justiceinfo.net\/fr\/wp-json\/wp\/v2\/types\/post"}],"author":[{"embeddable":true,"href":"https:\/\/www.justiceinfo.net\/fr\/wp-json\/wp\/v2\/users\/64"}],"replies":[{"embeddable":true,"href":"https:\/\/www.justiceinfo.net\/fr\/wp-json\/wp\/v2\/comments?post=3807"}],"version-history":[{"count":0,"href":"https:\/\/www.justiceinfo.net\/fr\/wp-json\/wp\/v2\/posts\/3807\/revisions"}],"wp:attachment":[{"href":"https:\/\/www.justiceinfo.net\/fr\/wp-json\/wp\/v2\/media?parent=3807"}],"wp:term":[{"taxonomy":"category","embeddable":true,"href":"https:\/\/www.justiceinfo.net\/fr\/wp-json\/wp\/v2\/categories?post=3807"},{"taxonomy":"post_tag","embeddable":true,"href":"https:\/\/www.justiceinfo.net\/fr\/wp-json\/wp\/v2\/tags?post=3807"},{"taxonomy":"ji_location","embeddable":true,"href":"https:\/\/www.justiceinfo.net\/fr\/wp-json\/wp\/v2\/ji_location?post=3807"}],"curies":[{"name":"wp","href":"https:\/\/api.w.org\/{rel}","templated":true}]}}