{"id":38098,"date":"2018-07-23T16:27:29","date_gmt":"2018-07-23T14:27:29","guid":{"rendered":"https:\/\/www.justiceinfo.net\/38098-rdc-elections-l-opposition-ne-boycotte-pas-mais-pose-des-prealables.html"},"modified":"2018-07-23T16:27:29","modified_gmt":"2018-07-23T14:27:29","slug":"rdc-elections-l-opposition-ne-boycotte-pas-mais-pose-des-prealables","status":"publish","type":"post","link":"https:\/\/www.justiceinfo.net\/fr\/38098-rdc-elections-l-opposition-ne-boycotte-pas-mais-pose-des-prealables.html","title":{"rendered":"RDC\/\u00e9lections: l'opposition ne boycotte pas mais pose des pr\u00e9alables"},"content":{"rendered":"<div class=\"txt-textContent\">\n<div class=\"text fontsize_0 jq_Content jq_langdir\">\n<p>L'opposition congolaise a d\u00e9clar\u00e9 lundi qu'elle ne boycotterait pas les \u00e9lections pr\u00e9vues le 23 d\u00e9cembre en R\u00e9publique d\u00e9mocratique du Congo mais a r\u00e9p\u00e9t\u00e9 qu'elle exigeait des pr\u00e9alables, \u00e0 commencer par le retrait du pr\u00e9sident Kabila, \u00e0 deux jours de l'ouverture du d\u00e9p\u00f4t des candidatures.<\/p>\n<p>\"Nous n'allons pas boycotter les \u00e9lections parce que nous savons depuis le d\u00e9but que le plan de la majorit\u00e9, c'est de pousser l\u2019opposition \u00e0 boycotter les \u00e9lections\", a d\u00e9clar\u00e9 Delly Sesanga, un proche de l'opposant en exil et candidat d\u00e9clar\u00e9 Mo\u00efse Katumbi.<\/p>\n<p>R\u00e9unie le temps d'une d\u00e9claration commune, pr\u00e9sent\u00e9e lundi \u00e0 la presse, l'opposition exige des \u00e9lections \"libres, d\u00e9mocratiques et transparentes\".<\/p>\n<p>Ces \u00e9lections doivent se faire \"sans la machine \u00e0 voter, sans la candidature du pr\u00e9sident (Joseph) Kabila et sans les dix millions d'\u00e9lecteurs sans empreintes digitales inscrits sur les listes \u00e9lectorales\", a pr\u00e9cis\u00e9 \u00c8ve Baza\u00efba, la porte-parole d'un autre candidat, Jean-Pierre Bemba, r\u00e9cemment acquitt\u00e9 par la Cour p\u00e9nale internationale.<\/p>\n<p>Au total, cinq forces d'opposition r\u00e9agissaient au discours du pr\u00e9sident Kabila \u00e0 la Nation jeudi au cours duquel il a confirm\u00e9 la tenue des \u00e9lections le 23 d\u00e9cembre, sans rien dire sur son avenir politique.<\/p>\n<p>M. Kabila est au pouvoir depuis 2001, son deuxi\u00e8me mandat de cinq ans s'est achev\u00e9 le 20 d\u00e9cembre 2016 dans un climat de violence. La Constitution lui interdit de se repr\u00e9senter.<\/p>\n<p>Cette d\u00e9claration a \u00e9t\u00e9 \u00e9galement sign\u00e9e par le parti historique d'opposition, Union pour la d\u00e9mocratie et le progr\u00e8s social (UDPS), l'Union pour la nation congolaise (UNC) de l'ancien pr\u00e9sident de l'Assembl\u00e9e nationale Vital Kamerhe et la Dynamique de l'opposition de l'opposant Martin Fayulu.<\/p>\n<p>Le d\u00e9p\u00f4t des candidatures \u00e0 la pr\u00e9sidentielle en RDC est pr\u00e9vu du 25 juillet au 8 ao\u00fbt.<\/p>\n<p>Un collectif des la\u00efcs catholiques a pr\u00e9vu trois marches d\u00e9but ao\u00fbt pour demander au pr\u00e9sident Kabila de d\u00e9clarer clairement qu'il ne briguera pas un troisi\u00e8me mandat.<\/p>\n<p>La RDC n'a jamais connu de passation pacifique de pouvoir depuis son ind\u00e9pendance de la Belgique le 30 juin 1960.<\/p>\n<p>bbm\/st\/sd<\/p>\n<\/div>\n<\/div>\n","protected":false},"excerpt":{"rendered":"<p>L'opposition congolaise a d\u00e9clar\u00e9 lundi qu'elle ne boycotterait pas les \u00e9lections pr\u00e9vues le 23 d\u00e9cembre en R\u00e9publique d\u00e9mocratique du Congo mais a r\u00e9p\u00e9t\u00e9 qu'elle exigeait des pr\u00e9alables, \u00e0 commencer par le retrait du pr\u00e9sident Kabila, \u00e0 deux jours de l'ouverture du d\u00e9p\u00f4t des candidatures. \"Nous n'allons pas boycotter les \u00e9lections parce que nous savons depuis [&hellip;]<\/p>\n","protected":false},"author":60,"featured_media":0,"comment_status":"open","ping_status":"closed","sticky":false,"template":"","format":"standard","meta":{"_acf_changed":false,"footnotes":""},"categories":[2576],"tags":[],"ji_location":[2196],"class_list":["post-38098","post","type-post","status-publish","format-standard","hentry","category-fil-d-actualite","ji_location-republique-democratique-du-congo"],"acf":[],"yoast_head":"<!-- This site is optimized with the Yoast SEO Premium plugin v25.3.1 (Yoast SEO v25.3.1) - https:\/\/yoast.com\/wordpress\/plugins\/seo\/ -->\n<title>RDC\/\u00e9lections: l&#039;opposition ne boycotte pas mais pose des pr\u00e9alables - JusticeInfo.net<\/title>\n<meta name=\"robots\" content=\"index, follow, max-snippet:-1, max-image-preview:large, max-video-preview:-1\" \/>\n<link rel=\"canonical\" href=\"https:\/\/www.justiceinfo.net\/fr\/38098-rdc-elections-l-opposition-ne-boycotte-pas-mais-pose-des-prealables.html\" \/>\n<meta property=\"og:locale\" content=\"fr_FR\" \/>\n<meta property=\"og:type\" content=\"article\" \/>\n<meta property=\"og:title\" content=\"RDC\/\u00e9lections: l&#039;opposition ne boycotte pas mais pose des pr\u00e9alables\" \/>\n<meta property=\"og:description\" content=\"L&#039;opposition congolaise a d\u00e9clar\u00e9 lundi qu&#039;elle ne boycotterait pas les \u00e9lections pr\u00e9vues le 23 d\u00e9cembre en R\u00e9publique d\u00e9mocratique du Congo mais a r\u00e9p\u00e9t\u00e9 qu&#039;elle exigeait des pr\u00e9alables, \u00e0 commencer par le retrait du pr\u00e9sident Kabila, \u00e0 deux jours de l&#039;ouverture du d\u00e9p\u00f4t des candidatures. &quot;Nous n&#039;allons pas boycotter les \u00e9lections parce que nous savons depuis [&hellip;]\" \/>\n<meta property=\"og:url\" content=\"https:\/\/www.justiceinfo.net\/fr\/38098-rdc-elections-l-opposition-ne-boycotte-pas-mais-pose-des-prealables.html\" \/>\n<meta property=\"og:site_name\" content=\"JusticeInfo.net\" \/>\n<meta property=\"article:publisher\" content=\"https:\/\/www.facebook.com\/JusticeInfo\/\" \/>\n<meta property=\"article:published_time\" content=\"2018-07-23T14:27:29+00:00\" \/>\n<meta property=\"og:image\" content=\"https:\/\/www.justiceinfo.net\/wp-content\/uploads\/JusticeInfoNet_logo_1200x630px.jpg\" \/>\n\t<meta property=\"og:image:width\" content=\"1200\" \/>\n\t<meta property=\"og:image:height\" content=\"630\" \/>\n\t<meta property=\"og:image:type\" content=\"image\/jpeg\" \/>\n<meta name=\"author\" content=\"afp.com\" \/>\n<meta name=\"twitter:card\" content=\"summary_large_image\" \/>\n<meta name=\"twitter:creator\" content=\"@justiceinfonet\" \/>\n<meta name=\"twitter:site\" content=\"@justiceinfonet\" \/>\n<meta name=\"twitter:label1\" content=\"\u00c9crit par\" \/>\n\t<meta name=\"twitter:data1\" content=\"afp.com\" \/>\n\t<meta name=\"twitter:label2\" content=\"Dur\u00e9e de lecture estim\u00e9e\" \/>\n\t<meta name=\"twitter:data2\" content=\"2 minutes\" \/>\n<script type=\"application\/ld+json\" class=\"yoast-schema-graph\">{\"@context\":\"https:\/\/schema.org\",\"@graph\":[{\"@type\":\"NewsArticle\",\"@id\":\"https:\/\/www.justiceinfo.net\/fr\/38098-rdc-elections-l-opposition-ne-boycotte-pas-mais-pose-des-prealables.html#article\",\"isPartOf\":{\"@id\":\"https:\/\/www.justiceinfo.net\/fr\/38098-rdc-elections-l-opposition-ne-boycotte-pas-mais-pose-des-prealables.html\"},\"author\":{\"name\":\"afp\",\"@id\":\"https:\/\/www.justiceinfo.net\/fr#\/schema\/person\/713d340ef5f218fc36ce9b4244364a7f\"},\"headline\":\"RDC\/\u00e9lections: l'opposition ne boycotte pas mais pose des pr\u00e9alables\",\"datePublished\":\"2018-07-23T14:27:29+00:00\",\"mainEntityOfPage\":{\"@id\":\"https:\/\/www.justiceinfo.net\/fr\/38098-rdc-elections-l-opposition-ne-boycotte-pas-mais-pose-des-prealables.html\"},\"wordCount\":397,\"commentCount\":0,\"publisher\":{\"@id\":\"https:\/\/www.justiceinfo.net\/fr#organization\"},\"articleSection\":[\"Fil d'info AFP\"],\"inLanguage\":\"fr-FR\",\"potentialAction\":[{\"@type\":\"CommentAction\",\"name\":\"Comment\",\"target\":[\"https:\/\/www.justiceinfo.net\/fr\/38098-rdc-elections-l-opposition-ne-boycotte-pas-mais-pose-des-prealables.html#respond\"]}]},{\"@type\":\"WebPage\",\"@id\":\"https:\/\/www.justiceinfo.net\/fr\/38098-rdc-elections-l-opposition-ne-boycotte-pas-mais-pose-des-prealables.html\",\"url\":\"https:\/\/www.justiceinfo.net\/fr\/38098-rdc-elections-l-opposition-ne-boycotte-pas-mais-pose-des-prealables.html\",\"name\":\"RDC\/\u00e9lections: l'opposition ne boycotte pas mais pose des pr\u00e9alables - JusticeInfo.net\",\"isPartOf\":{\"@id\":\"https:\/\/www.justiceinfo.net\/fr#website\"},\"datePublished\":\"2018-07-23T14:27:29+00:00\",\"breadcrumb\":{\"@id\":\"https:\/\/www.justiceinfo.net\/fr\/38098-rdc-elections-l-opposition-ne-boycotte-pas-mais-pose-des-prealables.html#breadcrumb\"},\"inLanguage\":\"fr-FR\",\"potentialAction\":[{\"@type\":\"ReadAction\",\"target\":[\"https:\/\/www.justiceinfo.net\/fr\/38098-rdc-elections-l-opposition-ne-boycotte-pas-mais-pose-des-prealables.html\"]}]},{\"@type\":\"BreadcrumbList\",\"@id\":\"https:\/\/www.justiceinfo.net\/fr\/38098-rdc-elections-l-opposition-ne-boycotte-pas-mais-pose-des-prealables.html#breadcrumb\",\"itemListElement\":[{\"@type\":\"ListItem\",\"position\":1,\"name\":\"Home\",\"item\":\"https:\/\/www.justiceinfo.net\/fr\"},{\"@type\":\"ListItem\",\"position\":2,\"name\":\"RDC\/\u00e9lections: l'opposition ne boycotte pas mais pose des pr\u00e9alables\"}]},{\"@type\":\"WebSite\",\"@id\":\"https:\/\/www.justiceinfo.net\/fr#website\",\"url\":\"https:\/\/www.justiceinfo.net\/fr\",\"name\":\"JusticeInfo.net\",\"description\":\"La justice doit \u00eatre vue pour \u00eatre rendue\",\"publisher\":{\"@id\":\"https:\/\/www.justiceinfo.net\/fr#organization\"},\"potentialAction\":[{\"@type\":\"SearchAction\",\"target\":{\"@type\":\"EntryPoint\",\"urlTemplate\":\"https:\/\/www.justiceinfo.net\/fr?s={search_term_string}\"},\"query-input\":{\"@type\":\"PropertyValueSpecification\",\"valueRequired\":true,\"valueName\":\"search_term_string\"}}],\"inLanguage\":\"fr-FR\"},{\"@type\":\"Organization\",\"@id\":\"https:\/\/www.justiceinfo.net\/fr#organization\",\"name\":\"Justice Info\",\"url\":\"https:\/\/www.justiceinfo.net\/fr\",\"logo\":{\"@type\":\"ImageObject\",\"inLanguage\":\"fr-FR\",\"@id\":\"https:\/\/www.justiceinfo.net\/fr#\/schema\/logo\/image\/\",\"url\":\"https:\/\/www.justiceinfo.net\/wp-content\/uploads\/justiceinfo_logo-trans_1200x1200px.png\",\"contentUrl\":\"https:\/\/www.justiceinfo.net\/wp-content\/uploads\/justiceinfo_logo-trans_1200x1200px.png\",\"width\":1199,\"height\":1200,\"caption\":\"Justice Info\"},\"image\":{\"@id\":\"https:\/\/www.justiceinfo.net\/fr#\/schema\/logo\/image\/\"},\"sameAs\":[\"https:\/\/www.facebook.com\/JusticeInfo\/\",\"https:\/\/x.com\/justiceinfonet\",\"https:\/\/www.linkedin.com\/company\/justice-info\",\"https:\/\/www.youtube.com\/channel\/UCyCEsARodyuWtkWyhn-e7pA\"]},{\"@type\":\"Person\",\"name\":\"afp.com\",\"url\":\"\/fr\/?s=afp.com\"}]}<\/script>\n<!-- \/ Yoast SEO Premium plugin. -->","yoast_head_json":{"title":"RDC\/\u00e9lections: l'opposition ne boycotte pas mais pose des pr\u00e9alables - JusticeInfo.net","robots":{"index":"index","follow":"follow","max-snippet":"max-snippet:-1","max-image-preview":"max-image-preview:large","max-video-preview":"max-video-preview:-1"},"canonical":"https:\/\/www.justiceinfo.net\/fr\/38098-rdc-elections-l-opposition-ne-boycotte-pas-mais-pose-des-prealables.html","og_locale":"fr_FR","og_type":"article","og_title":"RDC\/\u00e9lections: l'opposition ne boycotte pas mais pose des pr\u00e9alables","og_description":"L'opposition congolaise a d\u00e9clar\u00e9 lundi qu'elle ne boycotterait pas les \u00e9lections pr\u00e9vues le 23 d\u00e9cembre en R\u00e9publique d\u00e9mocratique du Congo mais a r\u00e9p\u00e9t\u00e9 qu'elle exigeait des pr\u00e9alables, \u00e0 commencer par le retrait du pr\u00e9sident Kabila, \u00e0 deux jours de l'ouverture du d\u00e9p\u00f4t des candidatures. \"Nous n'allons pas boycotter les \u00e9lections parce que nous savons depuis [&hellip;]","og_url":"https:\/\/www.justiceinfo.net\/fr\/38098-rdc-elections-l-opposition-ne-boycotte-pas-mais-pose-des-prealables.html","og_site_name":"JusticeInfo.net","article_publisher":"https:\/\/www.facebook.com\/JusticeInfo\/","article_published_time":"2018-07-23T14:27:29+00:00","og_image":[{"width":1200,"height":630,"url":"https:\/\/www.justiceinfo.net\/wp-content\/uploads\/JusticeInfoNet_logo_1200x630px.jpg","type":"image\/jpeg"}],"author":"afp.com","twitter_card":"summary_large_image","twitter_creator":"@justiceinfonet","twitter_site":"@justiceinfonet","twitter_misc":{"\u00c9crit par":"afp.com","Dur\u00e9e de lecture estim\u00e9e":"2 minutes"},"schema":{"@context":"https:\/\/schema.org","@graph":[{"@type":"NewsArticle","@id":"https:\/\/www.justiceinfo.net\/fr\/38098-rdc-elections-l-opposition-ne-boycotte-pas-mais-pose-des-prealables.html#article","isPartOf":{"@id":"https:\/\/www.justiceinfo.net\/fr\/38098-rdc-elections-l-opposition-ne-boycotte-pas-mais-pose-des-prealables.html"},"author":{"name":"afp","@id":"https:\/\/www.justiceinfo.net\/fr#\/schema\/person\/713d340ef5f218fc36ce9b4244364a7f"},"headline":"RDC\/\u00e9lections: l'opposition ne boycotte pas mais pose des pr\u00e9alables","datePublished":"2018-07-23T14:27:29+00:00","mainEntityOfPage":{"@id":"https:\/\/www.justiceinfo.net\/fr\/38098-rdc-elections-l-opposition-ne-boycotte-pas-mais-pose-des-prealables.html"},"wordCount":397,"commentCount":0,"publisher":{"@id":"https:\/\/www.justiceinfo.net\/fr#organization"},"articleSection":["Fil d'info AFP"],"inLanguage":"fr-FR","potentialAction":[{"@type":"CommentAction","name":"Comment","target":["https:\/\/www.justiceinfo.net\/fr\/38098-rdc-elections-l-opposition-ne-boycotte-pas-mais-pose-des-prealables.html#respond"]}]},{"@type":"WebPage","@id":"https:\/\/www.justiceinfo.net\/fr\/38098-rdc-elections-l-opposition-ne-boycotte-pas-mais-pose-des-prealables.html","url":"https:\/\/www.justiceinfo.net\/fr\/38098-rdc-elections-l-opposition-ne-boycotte-pas-mais-pose-des-prealables.html","name":"RDC\/\u00e9lections: l'opposition ne boycotte pas mais pose des pr\u00e9alables - JusticeInfo.net","isPartOf":{"@id":"https:\/\/www.justiceinfo.net\/fr#website"},"datePublished":"2018-07-23T14:27:29+00:00","breadcrumb":{"@id":"https:\/\/www.justiceinfo.net\/fr\/38098-rdc-elections-l-opposition-ne-boycotte-pas-mais-pose-des-prealables.html#breadcrumb"},"inLanguage":"fr-FR","potentialAction":[{"@type":"ReadAction","target":["https:\/\/www.justiceinfo.net\/fr\/38098-rdc-elections-l-opposition-ne-boycotte-pas-mais-pose-des-prealables.html"]}]},{"@type":"BreadcrumbList","@id":"https:\/\/www.justiceinfo.net\/fr\/38098-rdc-elections-l-opposition-ne-boycotte-pas-mais-pose-des-prealables.html#breadcrumb","itemListElement":[{"@type":"ListItem","position":1,"name":"Home","item":"https:\/\/www.justiceinfo.net\/fr"},{"@type":"ListItem","position":2,"name":"RDC\/\u00e9lections: l'opposition ne boycotte pas mais pose des pr\u00e9alables"}]},{"@type":"WebSite","@id":"https:\/\/www.justiceinfo.net\/fr#website","url":"https:\/\/www.justiceinfo.net\/fr","name":"JusticeInfo.net","description":"La justice doit \u00eatre vue pour \u00eatre rendue","publisher":{"@id":"https:\/\/www.justiceinfo.net\/fr#organization"},"potentialAction":[{"@type":"SearchAction","target":{"@type":"EntryPoint","urlTemplate":"https:\/\/www.justiceinfo.net\/fr?s={search_term_string}"},"query-input":{"@type":"PropertyValueSpecification","valueRequired":true,"valueName":"search_term_string"}}],"inLanguage":"fr-FR"},{"@type":"Organization","@id":"https:\/\/www.justiceinfo.net\/fr#organization","name":"Justice Info","url":"https:\/\/www.justiceinfo.net\/fr","logo":{"@type":"ImageObject","inLanguage":"fr-FR","@id":"https:\/\/www.justiceinfo.net\/fr#\/schema\/logo\/image\/","url":"https:\/\/www.justiceinfo.net\/wp-content\/uploads\/justiceinfo_logo-trans_1200x1200px.png","contentUrl":"https:\/\/www.justiceinfo.net\/wp-content\/uploads\/justiceinfo_logo-trans_1200x1200px.png","width":1199,"height":1200,"caption":"Justice Info"},"image":{"@id":"https:\/\/www.justiceinfo.net\/fr#\/schema\/logo\/image\/"},"sameAs":["https:\/\/www.facebook.com\/JusticeInfo\/","https:\/\/x.com\/justiceinfonet","https:\/\/www.linkedin.com\/company\/justice-info","https:\/\/www.youtube.com\/channel\/UCyCEsARodyuWtkWyhn-e7pA"]},{"@type":"Person","name":"afp.com","url":"\/fr\/?s=afp.com"}]}},"_links":{"self":[{"href":"https:\/\/www.justiceinfo.net\/fr\/wp-json\/wp\/v2\/posts\/38098","targetHints":{"allow":["GET"]}}],"collection":[{"href":"https:\/\/www.justiceinfo.net\/fr\/wp-json\/wp\/v2\/posts"}],"about":[{"href":"https:\/\/www.justiceinfo.net\/fr\/wp-json\/wp\/v2\/types\/post"}],"author":[{"embeddable":true,"href":"https:\/\/www.justiceinfo.net\/fr\/wp-json\/wp\/v2\/users\/60"}],"replies":[{"embeddable":true,"href":"https:\/\/www.justiceinfo.net\/fr\/wp-json\/wp\/v2\/comments?post=38098"}],"version-history":[{"count":0,"href":"https:\/\/www.justiceinfo.net\/fr\/wp-json\/wp\/v2\/posts\/38098\/revisions"}],"wp:attachment":[{"href":"https:\/\/www.justiceinfo.net\/fr\/wp-json\/wp\/v2\/media?parent=38098"}],"wp:term":[{"taxonomy":"category","embeddable":true,"href":"https:\/\/www.justiceinfo.net\/fr\/wp-json\/wp\/v2\/categories?post=38098"},{"taxonomy":"post_tag","embeddable":true,"href":"https:\/\/www.justiceinfo.net\/fr\/wp-json\/wp\/v2\/tags?post=38098"},{"taxonomy":"ji_location","embeddable":true,"href":"https:\/\/www.justiceinfo.net\/fr\/wp-json\/wp\/v2\/ji_location?post=38098"}],"curies":[{"name":"wp","href":"https:\/\/api.w.org\/{rel}","templated":true}]}}