{"id":38118,"date":"2018-07-25T02:00:17","date_gmt":"2018-07-25T00:00:17","guid":{"rendered":"https:\/\/www.justiceinfo.net\/38118-elections-en-rdc-si-kabila-se-presente-le-processus-electoral-va-s-arreter.html"},"modified":"2018-07-25T02:00:17","modified_gmt":"2018-07-25T00:00:17","slug":"elections-en-rdc-si-kabila-se-presente-le-processus-electoral-va-s-arreter","status":"publish","type":"post","link":"https:\/\/www.justiceinfo.net\/fr\/38118-elections-en-rdc-si-kabila-se-presente-le-processus-electoral-va-s-arreter.html","title":{"rendered":"Elections en RDC : \u00ab Si Kabila se pr\u00e9sente, le processus va s\u2019arr\u00eater \u00bb"},"content":{"rendered":"<div class=\"content-excerpt\">\n<p><strong><em>En R\u00e9publique d\u00e9mocratique du Congo (RDC), la Commission \u00e9lectorale nationale ind\u00e9pendante (CENI) enregistre \u00e0 compter de ce 25 juillet les candidatures \u00e0 la pr\u00e9sidentielle cens\u00e9e se tenir en d\u00e9cembre prochain. Alors que la lutte pour l\u2019alternance d\u00e9mocratique a d\u00e9j\u00e0 fait ses martyrs au cours des derniers mois, les Congolais ne savent toujours pas si Joseph Kabila, dont le second mandat constitutionnel a expir\u00e9 en d\u00e9cembre 2016, aspire toujours ou non \u00e0 la magistrature supr\u00eame de son pays.<\/em><\/strong><\/p>\n<\/div>\n<p>Le 20 juillet 2018, Joseph Kabila \u00e9tait devant le Parlement pour un discours tr\u00e8s attendu \u00e0 moins d\u2019une semaine de l\u2019ouverture du d\u00e9p\u00f4t des candidatures \u00e0 la prochaine \u00e9lection pr\u00e9sidentielle. Va-t-il enfin dire clairement s\u2019il jette l\u2019\u00e9ponge ou non\u00a0? C\u2019est la question se trouvait sur toutes les l\u00e8vres. Pendant les 50 longues minutes qu\u2019a dur\u00e9 son allocution, le \u00ab\u00a0Rais\u00a0\u00bb n\u2019a pas r\u00e9pondu \u00e0 cette question, se contentant de r\u00e9it\u00e9rer son engagement \u00e0 \u00ab respecter la constitution \u00bb, qui lui interdit de briguer un troisi\u00e8me mandat \u00e0 la t\u00eate du pays. \u00ab <em>Le cap des troisi\u00e8mes consultations \u00e9lectorales, fix\u00e9es en d\u00e9cembre prochain, reste donc maintenu. Notre engagement \u00e0 respecter la constitution demeure lui aussi non \u00e9quivoque <\/em>\u00bb, a d\u00e9clar\u00e9 le pr\u00e9sident Kabila.<\/p>\n<p>Ce n\u2019est pas la premi\u00e8re fois que les Congolais entendent cette promesse. \u00ab <em>Respecter la constitution, c\u2019est un refrain qui n\u2019est plus nouveau dans son discours. Malheureusement, il peine \u00e0 poser des actes qui rassurent quant \u00e0 sa bonne foi <\/em>\u00bb, fait remarquer Jonas Tshombela, pr\u00e9sident national du Forum pour la d\u00e9mocratie et la bonne gouvernance et coordonnateur de la Nouvelle soci\u00e9t\u00e9 civile congolaise.<\/p>\n<h3><strong>D\u00e9sillusion<\/strong><\/h3>\n<p>Quarante-huit heures avant le discours de Joseph Kabila, le Parlement congolais (s\u00e9nat et assembl\u00e9e nationale, Ndlr) venait d\u2019adopter la loi portant statut des anciens pr\u00e9sidents de la R\u00e9publique \u00e9lus. Le texte avait \u00e9t\u00e9 initi\u00e9 en 2015 par le s\u00e9nateur Modeste Mutinga, alors vice-pr\u00e9sident du Mouvement social pour le renouveau (MSR), l\u2019un des partis du G7, cette plate-forme de sept partis politiques qui venaient de claquer la porte de la Majorit\u00e9 pr\u00e9sidentielle pour soutenir la candidature de Moise Katumbi, l\u2019ex-gouverneur de la province mini\u00e8re du Katanga \u00e0 la future pr\u00e9sidentielle. En initiant cette loi, il voulait encourager le pr\u00e9sident Joseph Kabila, arriv\u00e9 au terme de son second mandat constitutionnel, \u00e0 ne pas se repr\u00e9senter. La nouvelle loi vient compl\u00e9ter la constitution qui pr\u00e9voit que les anciens chefs de l\u2019Etat sont s\u00e9nateurs \u00e0 vie, avec des dispositions sp\u00e9cifiques sur leurs ressources, leur s\u00e9curit\u00e9 personnelle et leur statut juridique. Mais cette loi a \u00e9t\u00e9 adopt\u00e9e sans l\u2019opposition\u00a0: les d\u00e9put\u00e9s des groupes parlementaires du Mouvement de lib\u00e9ration du Congo (MLC-Jean Pierre Bemba), de l\u2019Union pour la nation congolaise (UNC-Vital Kamerhe), de l\u2019Union pour la d\u00e9mocratie et le progr\u00e8s social (UDPS-Tshisekedi) et ceux du G7 avaient claqu\u00e9 la porte de l\u2019h\u00e9micycle, lorsque la majorit\u00e9 pr\u00e9sidentielle avait d\u00e9cid\u00e9 d\u2019\u00e9tendre ses co\u00fbteux avantages aux membres des corps constitu\u00e9s, notamment des hauts dignitaires du r\u00e9gime. \u00ab <em>C\u2019est inacceptable que des gens qui ont vol\u00e9 la r\u00e9publique puissent encore avoir des r\u00e9mun\u00e9rations et immunit\u00e9s \u00e0 vie <\/em>\u00bb, a d\u00e9clar\u00e9 \u00e0 Justiceinfo.net, Nzangi Muhindo Butondo, d\u00e9put\u00e9 national et coll\u00e8gue du s\u00e9nateur Modeste Mutinga au G7. C\u2019est aujourd\u2019hui la d\u00e9sillusion pour cet \u00e9lu du Nord-Kivu qui croyait \u00e0 \u00ab <em>une volont\u00e9 d\u2019alternance au sommet de l\u2019Etat <\/em>\u00bb quand Joseph Kabila avait demand\u00e9 l\u2019examen urgent de cette loi. \u00ab <em>On attendait qu\u2019il nous dise qu\u2019il ne va pas se porter candidat. Malheureusement, il a donn\u00e9 l\u2019impression qu\u2019il veut continuer sa gouvernance de crise. Nous sommes alors tent\u00e9s de croire que sa demande d\u2019examen de cette loi n\u2019\u00e9tait qu\u2019une strat\u00e9gie pour gagner du temps, en faisant croire \u00e0 l\u2019opinion qu\u2019il pr\u00e9pare ce qu\u2019il va devenir apr\u00e8s la pr\u00e9sidence\u00a0\u00bb. <\/em>Ou alors, pense-t-il, s\u2019agissait-il pour Kabila d\u2019un plan B pour se prot\u00e9ger, lui et son entourage, s\u2019il \u00e9tait enfin chass\u00e9 du pouvoir<em>. <\/em><\/p>\n<p>L\u2019autre acte qui fait douter de la sinc\u00e9rit\u00e9 du pr\u00e9sident Kabila, c\u2019est la vague de nominations qu\u2019il a op\u00e9r\u00e9es le week-end du 15 juillet au sein de l\u2019arm\u00e9e. Des officiers pourtant vis\u00e9s par des sanctions am\u00e9ricaines en raison d\u2019entraves \u00e0 la d\u00e9mocratie, tels les g\u00e9n\u00e9raux Gabriel Amisi et John Numbi, ont b\u00e9n\u00e9fici\u00e9 ont \u00e9t\u00e9 promus. \u00ab <em>Le chef de l\u2019Etat remet dans son entourage des personnalit\u00e9s qui sont dans l\u2019obligation de le maintenir au pouvoir, pour aussi assurer leur protection. Car elles sont conscientes des menaces de poursuites judiciaires qui p\u00e8sent sur elles au vu des faits infractionnels qu\u2019elles ont commis <\/em>\u00bb, analyse le juriste R\u00e9ginald Masinda, militant au mouvement citoyen pro-d\u00e9mocratie Lutte pour le changement (LUCHA).<\/p>\n<h3><em>\u00ab\u00a0Kabila doit revenir \u00e0 la raison\u00a0\u00bb<\/em><\/h3>\n<p>Mais pour l\u2019universitaire Muhindo Mughanda, qui enseigne les sciences politiques dans des universit\u00e9s du pays, il n\u2019y a, en l\u2019\u00e9tat, aucune raison de s\u2019alarmer. \u00ab <em>Le pr\u00e9sident Kabila pose des actes qui nous font<\/em> <em>croire que nous sommes \u00e0 la porte de l\u2019alternance\u00a0: on vient de promulguer une loi qui va assurer sa protection, il a fait le m\u00e9nage au sein de l\u2019arm\u00e9e, comme pour dire qu\u2019il veut laisser chaque chose \u00e0 sa place, il a dit qu\u2019il va respecter la constitution. Le probl\u00e8me est que nous voulons qu\u2019il se comporte comme un petit enfant\u00a0: qu\u2019il dise ce que nous voulons\u00a0\u00bb, <\/em>argumente Mughanda<em>.<\/em> \u00ab <em>Il a fait un<\/em> <em>discours bilan\u00a0: pour faire comprendre qu\u2019il a quand- m\u00eame fait quelque chose. Il a \u00e9galement fait des projections\u00a0\u00bb, <\/em>poursuit \u2013il, laissant entendre que le pr\u00e9sident Kabila pr\u00e9parerait le terrain \u00e0 un dauphin<em>. <\/em>Ne vient-il pas de mettre en place le Front commun pour le Congo (FCC), une vaste plateforme au sein de laquelle se retrouvent d\u2019\u00e9minentes figures ? \u00ab <em>Maintenir le suspense sur l\u2019avenir de Kabila semble \u00eatre une strat\u00e9gie pour son camp\u00a0: distraire l\u2019opposition dans une musique anti-kabiliste, l\u2019emp\u00eacher de r\u00e9fl\u00e9chir sur son projet de soci\u00e9t\u00e9, de recenser les critiques contre le probable dauphin que le FCC pourra pr\u00e9senter le moment venu <\/em>\u00bb, pense le professeur Muhindo Mughanda.<\/p>\n<p>Pour le d\u00e9put\u00e9 Nzangi Muhindo Butondo, l\u2019exercice des supputations devrait bient\u00f4t prendre fin, maintenant que le d\u00e9p\u00f4t des candidatures est ouvert. Le parlementaire appelle le peuple \u00e0 <em>\u00ab\u00a0\u00eatre vigilant<\/em>\u00a0\u00bb car, dit-il, \u00ab\u00a0<em>Si Joseph Kabila se pr\u00e9sente, le processus \u00e9lectoral va s\u2019arr\u00eater\u00a0\u00bb. <\/em>De son c\u00f4t\u00e9, Jonas Tshombela exhorte Kabila \u00e0 cesser de prendre tout un pays en otage<em>. <\/em>\u00ab<em> Kabila doit revenir \u00e0 la raison. Il n\u2019est pas le chef de la majorit\u00e9 pr\u00e9sidentielle seule, il est le chef de toute une r\u00e9publique. Il nous faut sauver la d\u00e9mocratie en p\u00e9ril\u00a0\u00bb, <\/em>demande l\u2019activiste<em>. Car, <\/em>redoute-t-il,<em> \u00ab\u00a0si la solution n\u2019est pas trouv\u00e9e, le pays, si pas la r\u00e9gion des grands lacs, risque une grande crise <\/em>\u00bb.<\/p>\n","protected":false},"excerpt":{"rendered":"<p>En R\u00e9publique d\u00e9mocratique du Congo (RDC), la Commission \u00e9lectorale nationale ind\u00e9pendante (CENI) enregistre \u00e0 compter de ce 25 juillet les candidatures \u00e0 la pr\u00e9sidentielle cens\u00e9e se tenir en d\u00e9cembre prochain. Alors que la lutte pour l\u2019alternance d\u00e9mocratique a d\u00e9j\u00e0 fait ses martyrs au cours des derniers mois, les Congolais ne savent toujours pas si Joseph [&hellip;]<\/p>\n","protected":false},"author":64,"featured_media":64764,"comment_status":"open","ping_status":"closed","sticky":false,"template":"","format":"standard","meta":{"_acf_changed":false,"footnotes":""},"categories":[549],"tags":[],"ji_location":[2196],"class_list":["post-38118","post","type-post","status-publish","format-standard","has-post-thumbnail","hentry","category-reconciliation","ji_location-republique-democratique-du-congo"],"acf":[],"yoast_head":"<!-- This site is optimized with the Yoast SEO Premium plugin v25.3.1 (Yoast SEO v25.3.1) - https:\/\/yoast.com\/wordpress\/plugins\/seo\/ -->\n<title>Elections en RDC : \u00ab Si Kabila se pr\u00e9sente, le processus va s\u2019arr\u00eater \u00bb - JusticeInfo.net<\/title>\n<meta name=\"robots\" content=\"index, follow, max-snippet:-1, max-image-preview:large, max-video-preview:-1\" \/>\n<link rel=\"canonical\" href=\"https:\/\/www.justiceinfo.net\/fr\/38118-elections-en-rdc-si-kabila-se-presente-le-processus-electoral-va-s-arreter.html\" \/>\n<meta property=\"og:locale\" content=\"fr_FR\" \/>\n<meta property=\"og:type\" content=\"article\" \/>\n<meta property=\"og:title\" content=\"Elections en RDC : \u00ab Si Kabila se pr\u00e9sente, le processus va s\u2019arr\u00eater \u00bb\" \/>\n<meta property=\"og:description\" content=\"En R\u00e9publique d\u00e9mocratique du Congo (RDC), la Commission \u00e9lectorale nationale ind\u00e9pendante (CENI) enregistre \u00e0 compter de ce 25 juillet les candidatures \u00e0 la pr\u00e9sidentielle cens\u00e9e se tenir en d\u00e9cembre prochain. Alors que la lutte pour l\u2019alternance d\u00e9mocratique a d\u00e9j\u00e0 fait ses martyrs au cours des derniers mois, les Congolais ne savent toujours pas si Joseph [&hellip;]\" \/>\n<meta property=\"og:url\" content=\"https:\/\/www.justiceinfo.net\/fr\/38118-elections-en-rdc-si-kabila-se-presente-le-processus-electoral-va-s-arreter.html\" \/>\n<meta property=\"og:site_name\" content=\"JusticeInfo.net\" \/>\n<meta property=\"article:publisher\" content=\"https:\/\/www.facebook.com\/JusticeInfo\/\" \/>\n<meta property=\"article:published_time\" content=\"2018-07-25T00:00:17+00:00\" \/>\n<meta property=\"og:image\" content=\"https:\/\/www.justiceinfo.net\/wp-content\/uploads\/cc9d9536933eca33f7c66dec712c7cde-scaled.jpg\" \/>\n\t<meta property=\"og:image:width\" content=\"2560\" \/>\n\t<meta property=\"og:image:height\" content=\"1920\" \/>\n\t<meta property=\"og:image:type\" content=\"image\/jpeg\" \/>\n<meta name=\"author\" content=\"Claude Sengenya, Correspondant en R\u00e9publique d\u00e9mocratique du Congo\" \/>\n<meta name=\"twitter:card\" content=\"summary_large_image\" \/>\n<meta name=\"twitter:creator\" content=\"@justiceinfonet\" \/>\n<meta name=\"twitter:site\" content=\"@justiceinfonet\" \/>\n<meta name=\"twitter:label1\" content=\"\u00c9crit par\" \/>\n\t<meta name=\"twitter:data1\" content=\"Claude Sengenya, Correspondant en R\u00e9publique d\u00e9mocratique du Congo\" \/>\n\t<meta name=\"twitter:label2\" content=\"Dur\u00e9e de lecture estim\u00e9e\" \/>\n\t<meta name=\"twitter:data2\" content=\"6 minutes\" \/>\n<script type=\"application\/ld+json\" class=\"yoast-schema-graph\">{\"@context\":\"https:\/\/schema.org\",\"@graph\":[{\"@type\":\"NewsArticle\",\"@id\":\"https:\/\/www.justiceinfo.net\/fr\/38118-elections-en-rdc-si-kabila-se-presente-le-processus-electoral-va-s-arreter.html#article\",\"isPartOf\":{\"@id\":\"https:\/\/www.justiceinfo.net\/fr\/38118-elections-en-rdc-si-kabila-se-presente-le-processus-electoral-va-s-arreter.html\"},\"author\":{\"name\":\"solivri\",\"@id\":\"https:\/\/www.justiceinfo.net\/fr#\/schema\/person\/6e53cba1629e2e66f3fc1821d3091865\"},\"headline\":\"Elections en RDC : \u00ab Si Kabila se pr\u00e9sente, le processus va s\u2019arr\u00eater \u00bb\",\"datePublished\":\"2018-07-25T00:00:17+00:00\",\"mainEntityOfPage\":{\"@id\":\"https:\/\/www.justiceinfo.net\/fr\/38118-elections-en-rdc-si-kabila-se-presente-le-processus-electoral-va-s-arreter.html\"},\"wordCount\":1229,\"commentCount\":0,\"publisher\":{\"@id\":\"https:\/\/www.justiceinfo.net\/fr#organization\"},\"image\":{\"@id\":\"https:\/\/www.justiceinfo.net\/fr\/38118-elections-en-rdc-si-kabila-se-presente-le-processus-electoral-va-s-arreter.html#primaryimage\"},\"thumbnailUrl\":\"https:\/\/www.justiceinfo.net\/wp-content\/uploads\/cc9d9536933eca33f7c66dec712c7cde-scaled.jpg\",\"articleSection\":[\"R\u00e9conciliation\"],\"inLanguage\":\"fr-FR\",\"potentialAction\":[{\"@type\":\"CommentAction\",\"name\":\"Comment\",\"target\":[\"https:\/\/www.justiceinfo.net\/fr\/38118-elections-en-rdc-si-kabila-se-presente-le-processus-electoral-va-s-arreter.html#respond\"]}]},{\"@type\":\"WebPage\",\"@id\":\"https:\/\/www.justiceinfo.net\/fr\/38118-elections-en-rdc-si-kabila-se-presente-le-processus-electoral-va-s-arreter.html\",\"url\":\"https:\/\/www.justiceinfo.net\/fr\/38118-elections-en-rdc-si-kabila-se-presente-le-processus-electoral-va-s-arreter.html\",\"name\":\"Elections en RDC : \u00ab Si Kabila se pr\u00e9sente, le processus va s\u2019arr\u00eater \u00bb - JusticeInfo.net\",\"isPartOf\":{\"@id\":\"https:\/\/www.justiceinfo.net\/fr#website\"},\"primaryImageOfPage\":{\"@id\":\"https:\/\/www.justiceinfo.net\/fr\/38118-elections-en-rdc-si-kabila-se-presente-le-processus-electoral-va-s-arreter.html#primaryimage\"},\"image\":{\"@id\":\"https:\/\/www.justiceinfo.net\/fr\/38118-elections-en-rdc-si-kabila-se-presente-le-processus-electoral-va-s-arreter.html#primaryimage\"},\"thumbnailUrl\":\"https:\/\/www.justiceinfo.net\/wp-content\/uploads\/cc9d9536933eca33f7c66dec712c7cde-scaled.jpg\",\"datePublished\":\"2018-07-25T00:00:17+00:00\",\"breadcrumb\":{\"@id\":\"https:\/\/www.justiceinfo.net\/fr\/38118-elections-en-rdc-si-kabila-se-presente-le-processus-electoral-va-s-arreter.html#breadcrumb\"},\"inLanguage\":\"fr-FR\",\"potentialAction\":[{\"@type\":\"ReadAction\",\"target\":[\"https:\/\/www.justiceinfo.net\/fr\/38118-elections-en-rdc-si-kabila-se-presente-le-processus-electoral-va-s-arreter.html\"]}]},{\"@type\":\"ImageObject\",\"inLanguage\":\"fr-FR\",\"@id\":\"https:\/\/www.justiceinfo.net\/fr\/38118-elections-en-rdc-si-kabila-se-presente-le-processus-electoral-va-s-arreter.html#primaryimage\",\"url\":\"https:\/\/www.justiceinfo.net\/wp-content\/uploads\/cc9d9536933eca33f7c66dec712c7cde-scaled.jpg\",\"contentUrl\":\"https:\/\/www.justiceinfo.net\/wp-content\/uploads\/cc9d9536933eca33f7c66dec712c7cde-scaled.jpg\",\"width\":2560,\"height\":1920},{\"@type\":\"BreadcrumbList\",\"@id\":\"https:\/\/www.justiceinfo.net\/fr\/38118-elections-en-rdc-si-kabila-se-presente-le-processus-electoral-va-s-arreter.html#breadcrumb\",\"itemListElement\":[{\"@type\":\"ListItem\",\"position\":1,\"name\":\"Home\",\"item\":\"https:\/\/www.justiceinfo.net\/fr\"},{\"@type\":\"ListItem\",\"position\":2,\"name\":\"Elections en RDC : \u00ab Si Kabila se pr\u00e9sente, le processus va s\u2019arr\u00eater \u00bb\"}]},{\"@type\":\"WebSite\",\"@id\":\"https:\/\/www.justiceinfo.net\/fr#website\",\"url\":\"https:\/\/www.justiceinfo.net\/fr\",\"name\":\"JusticeInfo.net\",\"description\":\"La justice doit \u00eatre vue pour \u00eatre rendue\",\"publisher\":{\"@id\":\"https:\/\/www.justiceinfo.net\/fr#organization\"},\"potentialAction\":[{\"@type\":\"SearchAction\",\"target\":{\"@type\":\"EntryPoint\",\"urlTemplate\":\"https:\/\/www.justiceinfo.net\/fr?s={search_term_string}\"},\"query-input\":{\"@type\":\"PropertyValueSpecification\",\"valueRequired\":true,\"valueName\":\"search_term_string\"}}],\"inLanguage\":\"fr-FR\"},{\"@type\":\"Organization\",\"@id\":\"https:\/\/www.justiceinfo.net\/fr#organization\",\"name\":\"Justice Info\",\"url\":\"https:\/\/www.justiceinfo.net\/fr\",\"logo\":{\"@type\":\"ImageObject\",\"inLanguage\":\"fr-FR\",\"@id\":\"https:\/\/www.justiceinfo.net\/fr#\/schema\/logo\/image\/\",\"url\":\"https:\/\/www.justiceinfo.net\/wp-content\/uploads\/justiceinfo_logo-trans_1200x1200px.png\",\"contentUrl\":\"https:\/\/www.justiceinfo.net\/wp-content\/uploads\/justiceinfo_logo-trans_1200x1200px.png\",\"width\":1199,\"height\":1200,\"caption\":\"Justice Info\"},\"image\":{\"@id\":\"https:\/\/www.justiceinfo.net\/fr#\/schema\/logo\/image\/\"},\"sameAs\":[\"https:\/\/www.facebook.com\/JusticeInfo\/\",\"https:\/\/x.com\/justiceinfonet\",\"https:\/\/www.linkedin.com\/company\/justice-info\",\"https:\/\/www.youtube.com\/channel\/UCyCEsARodyuWtkWyhn-e7pA\"]},{\"@type\":\"Person\",\"name\":\"Claude Sengenya, Correspondant en R\u00e9publique d\u00e9mocratique du Congo\",\"url\":\"\/fr\/?s=Claude Sengenya, Correspondant en R\u00e9publique d\u00e9mocratique du Congo\"}]}<\/script>\n<!-- \/ Yoast SEO Premium plugin. -->","yoast_head_json":{"title":"Elections en RDC : \u00ab Si Kabila se pr\u00e9sente, le processus va s\u2019arr\u00eater \u00bb - JusticeInfo.net","robots":{"index":"index","follow":"follow","max-snippet":"max-snippet:-1","max-image-preview":"max-image-preview:large","max-video-preview":"max-video-preview:-1"},"canonical":"https:\/\/www.justiceinfo.net\/fr\/38118-elections-en-rdc-si-kabila-se-presente-le-processus-electoral-va-s-arreter.html","og_locale":"fr_FR","og_type":"article","og_title":"Elections en RDC : \u00ab Si Kabila se pr\u00e9sente, le processus va s\u2019arr\u00eater \u00bb","og_description":"En R\u00e9publique d\u00e9mocratique du Congo (RDC), la Commission \u00e9lectorale nationale ind\u00e9pendante (CENI) enregistre \u00e0 compter de ce 25 juillet les candidatures \u00e0 la pr\u00e9sidentielle cens\u00e9e se tenir en d\u00e9cembre prochain. Alors que la lutte pour l\u2019alternance d\u00e9mocratique a d\u00e9j\u00e0 fait ses martyrs au cours des derniers mois, les Congolais ne savent toujours pas si Joseph [&hellip;]","og_url":"https:\/\/www.justiceinfo.net\/fr\/38118-elections-en-rdc-si-kabila-se-presente-le-processus-electoral-va-s-arreter.html","og_site_name":"JusticeInfo.net","article_publisher":"https:\/\/www.facebook.com\/JusticeInfo\/","article_published_time":"2018-07-25T00:00:17+00:00","og_image":[{"width":2560,"height":1920,"url":"https:\/\/www.justiceinfo.net\/wp-content\/uploads\/cc9d9536933eca33f7c66dec712c7cde-scaled.jpg","type":"image\/jpeg"}],"author":"Claude Sengenya, Correspondant en R\u00e9publique d\u00e9mocratique du Congo","twitter_card":"summary_large_image","twitter_creator":"@justiceinfonet","twitter_site":"@justiceinfonet","twitter_misc":{"\u00c9crit par":"Claude Sengenya, Correspondant en R\u00e9publique d\u00e9mocratique du Congo","Dur\u00e9e de lecture estim\u00e9e":"6 minutes"},"schema":{"@context":"https:\/\/schema.org","@graph":[{"@type":"NewsArticle","@id":"https:\/\/www.justiceinfo.net\/fr\/38118-elections-en-rdc-si-kabila-se-presente-le-processus-electoral-va-s-arreter.html#article","isPartOf":{"@id":"https:\/\/www.justiceinfo.net\/fr\/38118-elections-en-rdc-si-kabila-se-presente-le-processus-electoral-va-s-arreter.html"},"author":{"name":"solivri","@id":"https:\/\/www.justiceinfo.net\/fr#\/schema\/person\/6e53cba1629e2e66f3fc1821d3091865"},"headline":"Elections en RDC : \u00ab Si Kabila se pr\u00e9sente, le processus va s\u2019arr\u00eater \u00bb","datePublished":"2018-07-25T00:00:17+00:00","mainEntityOfPage":{"@id":"https:\/\/www.justiceinfo.net\/fr\/38118-elections-en-rdc-si-kabila-se-presente-le-processus-electoral-va-s-arreter.html"},"wordCount":1229,"commentCount":0,"publisher":{"@id":"https:\/\/www.justiceinfo.net\/fr#organization"},"image":{"@id":"https:\/\/www.justiceinfo.net\/fr\/38118-elections-en-rdc-si-kabila-se-presente-le-processus-electoral-va-s-arreter.html#primaryimage"},"thumbnailUrl":"https:\/\/www.justiceinfo.net\/wp-content\/uploads\/cc9d9536933eca33f7c66dec712c7cde-scaled.jpg","articleSection":["R\u00e9conciliation"],"inLanguage":"fr-FR","potentialAction":[{"@type":"CommentAction","name":"Comment","target":["https:\/\/www.justiceinfo.net\/fr\/38118-elections-en-rdc-si-kabila-se-presente-le-processus-electoral-va-s-arreter.html#respond"]}]},{"@type":"WebPage","@id":"https:\/\/www.justiceinfo.net\/fr\/38118-elections-en-rdc-si-kabila-se-presente-le-processus-electoral-va-s-arreter.html","url":"https:\/\/www.justiceinfo.net\/fr\/38118-elections-en-rdc-si-kabila-se-presente-le-processus-electoral-va-s-arreter.html","name":"Elections en RDC : \u00ab Si Kabila se pr\u00e9sente, le processus va s\u2019arr\u00eater \u00bb - JusticeInfo.net","isPartOf":{"@id":"https:\/\/www.justiceinfo.net\/fr#website"},"primaryImageOfPage":{"@id":"https:\/\/www.justiceinfo.net\/fr\/38118-elections-en-rdc-si-kabila-se-presente-le-processus-electoral-va-s-arreter.html#primaryimage"},"image":{"@id":"https:\/\/www.justiceinfo.net\/fr\/38118-elections-en-rdc-si-kabila-se-presente-le-processus-electoral-va-s-arreter.html#primaryimage"},"thumbnailUrl":"https:\/\/www.justiceinfo.net\/wp-content\/uploads\/cc9d9536933eca33f7c66dec712c7cde-scaled.jpg","datePublished":"2018-07-25T00:00:17+00:00","breadcrumb":{"@id":"https:\/\/www.justiceinfo.net\/fr\/38118-elections-en-rdc-si-kabila-se-presente-le-processus-electoral-va-s-arreter.html#breadcrumb"},"inLanguage":"fr-FR","potentialAction":[{"@type":"ReadAction","target":["https:\/\/www.justiceinfo.net\/fr\/38118-elections-en-rdc-si-kabila-se-presente-le-processus-electoral-va-s-arreter.html"]}]},{"@type":"ImageObject","inLanguage":"fr-FR","@id":"https:\/\/www.justiceinfo.net\/fr\/38118-elections-en-rdc-si-kabila-se-presente-le-processus-electoral-va-s-arreter.html#primaryimage","url":"https:\/\/www.justiceinfo.net\/wp-content\/uploads\/cc9d9536933eca33f7c66dec712c7cde-scaled.jpg","contentUrl":"https:\/\/www.justiceinfo.net\/wp-content\/uploads\/cc9d9536933eca33f7c66dec712c7cde-scaled.jpg","width":2560,"height":1920},{"@type":"BreadcrumbList","@id":"https:\/\/www.justiceinfo.net\/fr\/38118-elections-en-rdc-si-kabila-se-presente-le-processus-electoral-va-s-arreter.html#breadcrumb","itemListElement":[{"@type":"ListItem","position":1,"name":"Home","item":"https:\/\/www.justiceinfo.net\/fr"},{"@type":"ListItem","position":2,"name":"Elections en RDC : \u00ab Si Kabila se pr\u00e9sente, le processus va s\u2019arr\u00eater \u00bb"}]},{"@type":"WebSite","@id":"https:\/\/www.justiceinfo.net\/fr#website","url":"https:\/\/www.justiceinfo.net\/fr","name":"JusticeInfo.net","description":"La justice doit \u00eatre vue pour \u00eatre rendue","publisher":{"@id":"https:\/\/www.justiceinfo.net\/fr#organization"},"potentialAction":[{"@type":"SearchAction","target":{"@type":"EntryPoint","urlTemplate":"https:\/\/www.justiceinfo.net\/fr?s={search_term_string}"},"query-input":{"@type":"PropertyValueSpecification","valueRequired":true,"valueName":"search_term_string"}}],"inLanguage":"fr-FR"},{"@type":"Organization","@id":"https:\/\/www.justiceinfo.net\/fr#organization","name":"Justice Info","url":"https:\/\/www.justiceinfo.net\/fr","logo":{"@type":"ImageObject","inLanguage":"fr-FR","@id":"https:\/\/www.justiceinfo.net\/fr#\/schema\/logo\/image\/","url":"https:\/\/www.justiceinfo.net\/wp-content\/uploads\/justiceinfo_logo-trans_1200x1200px.png","contentUrl":"https:\/\/www.justiceinfo.net\/wp-content\/uploads\/justiceinfo_logo-trans_1200x1200px.png","width":1199,"height":1200,"caption":"Justice Info"},"image":{"@id":"https:\/\/www.justiceinfo.net\/fr#\/schema\/logo\/image\/"},"sameAs":["https:\/\/www.facebook.com\/JusticeInfo\/","https:\/\/x.com\/justiceinfonet","https:\/\/www.linkedin.com\/company\/justice-info","https:\/\/www.youtube.com\/channel\/UCyCEsARodyuWtkWyhn-e7pA"]},{"@type":"Person","name":"Claude Sengenya, Correspondant en R\u00e9publique d\u00e9mocratique du Congo","url":"\/fr\/?s=Claude Sengenya, Correspondant en R\u00e9publique d\u00e9mocratique du Congo"}]}},"_links":{"self":[{"href":"https:\/\/www.justiceinfo.net\/fr\/wp-json\/wp\/v2\/posts\/38118","targetHints":{"allow":["GET"]}}],"collection":[{"href":"https:\/\/www.justiceinfo.net\/fr\/wp-json\/wp\/v2\/posts"}],"about":[{"href":"https:\/\/www.justiceinfo.net\/fr\/wp-json\/wp\/v2\/types\/post"}],"author":[{"embeddable":true,"href":"https:\/\/www.justiceinfo.net\/fr\/wp-json\/wp\/v2\/users\/64"}],"replies":[{"embeddable":true,"href":"https:\/\/www.justiceinfo.net\/fr\/wp-json\/wp\/v2\/comments?post=38118"}],"version-history":[{"count":0,"href":"https:\/\/www.justiceinfo.net\/fr\/wp-json\/wp\/v2\/posts\/38118\/revisions"}],"wp:featuredmedia":[{"embeddable":true,"href":"https:\/\/www.justiceinfo.net\/fr\/wp-json\/wp\/v2\/media\/64764"}],"wp:attachment":[{"href":"https:\/\/www.justiceinfo.net\/fr\/wp-json\/wp\/v2\/media?parent=38118"}],"wp:term":[{"taxonomy":"category","embeddable":true,"href":"https:\/\/www.justiceinfo.net\/fr\/wp-json\/wp\/v2\/categories?post=38118"},{"taxonomy":"post_tag","embeddable":true,"href":"https:\/\/www.justiceinfo.net\/fr\/wp-json\/wp\/v2\/tags?post=38118"},{"taxonomy":"ji_location","embeddable":true,"href":"https:\/\/www.justiceinfo.net\/fr\/wp-json\/wp\/v2\/ji_location?post=38118"}],"curies":[{"name":"wp","href":"https:\/\/api.w.org\/{rel}","templated":true}]}}