{"id":3819,"date":"2008-05-06T05:51:24","date_gmt":"2008-05-06T03:51:24","guid":{"rendered":"https:\/\/www.justiceinfo.net\/3819-050508-tpirkalimanzira-ouverture-du-proces-de-callixte-kalimanzira609.html"},"modified":"2008-05-06T05:51:24","modified_gmt":"2008-05-06T03:51:24","slug":"050508-tpirkalimanzira-ouverture-du-proces-de-callixte-kalimanzira609","status":"publish","type":"post","link":"https:\/\/www.justiceinfo.net\/fr\/3819-050508-tpirkalimanzira-ouverture-du-proces-de-callixte-kalimanzira609.html","title":{"rendered":"05.05.08 - TPIR\/KALIMANZIRA  - OUVERTURE DU PROCES DE CALLIXTE KALIMANZIRA"},"content":{"rendered":"<p  >\nArusha, 5 mai 2008 (FH) \u2013 Le proc\u00e8s de Callixte Kalimanzira, un ancien haut fonctionnaire rwandais poursuivi pour g\u00e9nocide devant le Tribunal p\u00e9nal international pour le Rwanda (TPIR), a d\u00e9marr\u00e9 lundi apr\u00e8s plusieurs retards, a constat\u00e9 l\u2019agence Hirondelle.  <\/p>\n<p>N\u00e9 en 1953 dans le commune de Muganza, dans la pr\u00e9fecture de Butare (sud), l\u2019accus\u00e9, un agronome de formation, r\u00e9pond de trois chefs : g\u00e9nocide, complicit\u00e9 dans le g\u00e9nocide, incitation directe et publique \u00e0 commettre le g\u00e9nocide.\n<\/p>\n<p><!--more--><\/p>\n<p  >\n\u00ab Kalimanzira a particip\u00e9 aux campagnes g\u00e9nocidaires dans la pr\u00e9fecture de Butare \u00bb, a d\u00e9clar\u00e9 \u00e0 l\u2019ouverture du proc\u00e8s, Christine Graham, repr\u00e9sentant le bureau du procureur. Il jouissait, \u00e0 Butare, a-t-elle poursuivi \u00ab d\u2019un pouvoir, d\u2019une autorit\u00e9 et d\u2019une influence \u00bb dont il a abus\u00e9 en incitant la population hutu \u00e0 tuer les Tutsis en plusieurs endroits de la pr\u00e9fecture. <\/p>\n<p>Mme Graham a accus\u00e9 Kalimanzira d\u2019avoir jou\u00e9 \u00ab un r\u00f4le cl\u00e9 \u00bb dans le massacre vers fin avril 1994 de milliers de Tutsis qui avaient cherch\u00e9 refuge sur la colline de Kabuye, dans la commune de Ndora. <\/p>\n<p>\u00ab Des r\u00e9fugi\u00e9s tutsis se sont approch\u00e9s de lui, lui ont demand\u00e9 de l\u2019aide mais au lieu de cela, il a encourag\u00e9 les assaillants \u00e0 poursuivre le massacre \u00bb, a ass\u00e9n\u00e9 la repr\u00e9sentante du procureur. Elle a indiqu\u00e9 que ces tueries de Kabuye commises par des soldats, des miliciens Interahamwe et des r\u00e9fugi\u00e9s burundais, avaient dur\u00e9 plusieurs jours. <\/p>\n<p>Dans la pr\u00e9fecture de Butare, le g\u00e9nocide n\u2019a commenc\u00e9 que vers la fin avril 1994 apr\u00e8s une r\u00e9union publique qui a connu la participation de plusieurs membres du gouvernement int\u00e9rimaire dont la pr\u00e9sident Th\u00e9odore Sindikubwabo et le Premier ministre Jean Kambanda. <\/p>\n<p>Le procureur soutient dans de nombreux actes d\u2019accusation que les discours prononc\u00e9s lors de cette r\u00e9union du 19 avril 1994 appelaient les Hutus de Butare \u00e0 commencer les massacres de Tutsis. <\/p>\n<p>Pour Mme Graham, Kalimanzira qui a jou\u00e9 le r\u00f4le de ma\u00eetre de c\u00e9r\u00e9monies ce jour-l\u00e0, a enti\u00e8rement apport\u00e9 son appui aux orateurs. Elle a promis de citer, parmi ses t\u00e9moins, des victimes ainsi que des auteurs du g\u00e9nocide. Son premier t\u00e9moin, surnomm\u00e9 BCF, pour preserver sa s\u00e9curit\u00e9 a expliqu\u00e9 que Kalimanzira \u00e9tait aux cot\u00e9s du sous prefet de Gisagara, Dominique Ntawukuriyayo, actuellement d\u00e9tenu en France sous mandat d'arr\u00eat lanc\u00e9 par le TPIR, quand il a appel\u00e9 les r\u00e9fugi\u00e9s \u00e0 se rendre sur la colline de Kabuye, o\u00f9 ils ont \u00e9t\u00e9 tu\u00e9s. <\/p>\n<p>\u00ab M.Kalimanzira plaide non coupable et persiste \u00e0 plaider non coupable \u00bb, a d\u00e9clar\u00e9 pour sa part, Me Anta Guiss\u00e9, co-conseil. L\u2019avocat principal de la d\u00e9fense, Arthur Vercken, francais \u00e9galement, emp\u00each\u00e9 pour l\u2019ouverture du proc\u00e8s, sera pr\u00e9sent \u00e0 l\u2019audience \u00e0 partir de lundi prochain. <\/p>\n<p>Du 6 avril au 25 mai 1994, Kalimanzira a assur\u00e9 \u00e0 titre int\u00e9rimaire la direction du minist\u00e8re l'Int\u00e9rieur dont le titulaire avait refus\u00e9 de revenir au Rwanda apr\u00e9s la mort du pr\u00e9sident Juv\u00e9nal Habyarimana bien qu'il ait \u00e9t\u00e9 renouvel\u00e9 \u00e0 ce poste par le gouvernement int\u00e9rimaire. Kalimanzira venait du Mouvement r\u00e9publicain national pour la d\u00e9mocratie et le d\u00e9veloppement (MRND), le parti pr\u00e9sidentiel. <\/p>\n<p>Le 8 novembre 2005, il s\u2019est rendu volontairement au TPIR \u00e0 Arusha en Tanzanie dans des circonstances qui devraient \u00eatre \u00e9claircies lors du proc\u00e8s.. <\/p>\n<p>Il est jug\u00e9 par une chambre pr\u00e9sid\u00e9e par le juge Dennis Byron et comprenant \u00e9galement les juges Gustav Kam et Vagn Joensen. C'est le premier proc\u00e8s \u00e0 s'ouvrir depuis Juin 2007. Le TPIR depuis sa premi\u00e8re audience en 1997 a jug\u00e9 35 personnes, 28 sont en cours de jugements dans 11 proc\u00e8s dont 4 o\u00f9 les d\u00e9bats sont clos et en attente de jugement, Il doit th\u00e9oriquement avoir termin\u00e9 ses proc\u00e8s en premi\u00e8re instance le 31 d\u00e9cembre de cette ann\u00e9e. Six personnes attendent encore d'\u00eatre jug\u00e9es. <\/p>\n<p>ER\/PB\/GF<\/p>\n","protected":false},"excerpt":{"rendered":"<p>Arusha, 5 mai 2008 (FH) \u2013 Le proc\u00e8s de Callixte Kalimanzira, un ancien haut fonctionnaire rwandais poursuivi pour g\u00e9nocide devant le Tribunal p\u00e9nal international pour le Rwanda (TPIR), a d\u00e9marr\u00e9 lundi apr\u00e8s plusieurs retards, a constat\u00e9 l\u2019agence Hirondelle. N\u00e9 en 1953 dans le commune de Muganza, dans la pr\u00e9fecture de Butare (sud), l\u2019accus\u00e9, un agronome [&hellip;]<\/p>\n","protected":false},"author":64,"featured_media":0,"comment_status":"open","ping_status":"closed","sticky":false,"template":"","format":"standard","meta":{"_acf_changed":false,"footnotes":""},"categories":[554],"tags":[],"ji_location":[],"class_list":["post-3819","post","type-post","status-publish","format-standard","hentry","category-hirondellenews"],"acf":[],"yoast_head":"<!-- This site is optimized with the Yoast SEO Premium plugin v25.3.1 (Yoast SEO v25.3.1) - https:\/\/yoast.com\/wordpress\/plugins\/seo\/ -->\n<title>05.05.08 - TPIR\/KALIMANZIRA - OUVERTURE DU PROCES DE CALLIXTE KALIMANZIRA - JusticeInfo.net<\/title>\n<meta name=\"robots\" content=\"index, follow, max-snippet:-1, max-image-preview:large, max-video-preview:-1\" \/>\n<link rel=\"canonical\" href=\"https:\/\/www.justiceinfo.net\/fr\/3819-050508-tpirkalimanzira-ouverture-du-proces-de-callixte-kalimanzira609.html\" \/>\n<meta property=\"og:locale\" content=\"fr_FR\" \/>\n<meta property=\"og:type\" content=\"article\" \/>\n<meta property=\"og:title\" content=\"05.05.08 - TPIR\/KALIMANZIRA - OUVERTURE DU PROCES DE CALLIXTE KALIMANZIRA\" \/>\n<meta property=\"og:description\" content=\"Arusha, 5 mai 2008 (FH) \u2013 Le proc\u00e8s de Callixte Kalimanzira, un ancien haut fonctionnaire rwandais poursuivi pour g\u00e9nocide devant le Tribunal p\u00e9nal international pour le Rwanda (TPIR), a d\u00e9marr\u00e9 lundi apr\u00e8s plusieurs retards, a constat\u00e9 l\u2019agence Hirondelle. N\u00e9 en 1953 dans le commune de Muganza, dans la pr\u00e9fecture de Butare (sud), l\u2019accus\u00e9, un agronome [&hellip;]\" \/>\n<meta property=\"og:url\" content=\"https:\/\/www.justiceinfo.net\/fr\/3819-050508-tpirkalimanzira-ouverture-du-proces-de-callixte-kalimanzira609.html\" \/>\n<meta property=\"og:site_name\" content=\"JusticeInfo.net\" \/>\n<meta property=\"article:publisher\" content=\"https:\/\/www.facebook.com\/JusticeInfo\/\" \/>\n<meta property=\"article:published_time\" content=\"2008-05-06T03:51:24+00:00\" \/>\n<meta property=\"og:image\" content=\"https:\/\/www.justiceinfo.net\/wp-content\/uploads\/JusticeInfoNet_logo_1200x630px.jpg\" \/>\n\t<meta property=\"og:image:width\" content=\"1200\" \/>\n\t<meta property=\"og:image:height\" content=\"630\" \/>\n\t<meta property=\"og:image:type\" content=\"image\/jpeg\" \/>\n<meta name=\"author\" content=\"solivri\" \/>\n<meta name=\"twitter:card\" content=\"summary_large_image\" \/>\n<meta name=\"twitter:creator\" content=\"@justiceinfonet\" \/>\n<meta name=\"twitter:site\" content=\"@justiceinfonet\" \/>\n<meta name=\"twitter:label1\" content=\"\u00c9crit par\" \/>\n\t<meta name=\"twitter:data1\" content=\"solivri\" \/>\n\t<meta name=\"twitter:label2\" content=\"Dur\u00e9e de lecture estim\u00e9e\" \/>\n\t<meta name=\"twitter:data2\" content=\"3 minutes\" \/>\n<script type=\"application\/ld+json\" class=\"yoast-schema-graph\">{\"@context\":\"https:\/\/schema.org\",\"@graph\":[{\"@type\":\"NewsArticle\",\"@id\":\"https:\/\/www.justiceinfo.net\/fr\/3819-050508-tpirkalimanzira-ouverture-du-proces-de-callixte-kalimanzira609.html#article\",\"isPartOf\":{\"@id\":\"https:\/\/www.justiceinfo.net\/fr\/3819-050508-tpirkalimanzira-ouverture-du-proces-de-callixte-kalimanzira609.html\"},\"author\":{\"name\":\"solivri\",\"@id\":\"https:\/\/www.justiceinfo.net\/fr#\/schema\/person\/6e53cba1629e2e66f3fc1821d3091865\"},\"headline\":\"05.05.08 - TPIR\/KALIMANZIRA - OUVERTURE DU PROCES DE CALLIXTE KALIMANZIRA\",\"datePublished\":\"2008-05-06T03:51:24+00:00\",\"mainEntityOfPage\":{\"@id\":\"https:\/\/www.justiceinfo.net\/fr\/3819-050508-tpirkalimanzira-ouverture-du-proces-de-callixte-kalimanzira609.html\"},\"wordCount\":675,\"commentCount\":0,\"publisher\":{\"@id\":\"https:\/\/www.justiceinfo.net\/fr#organization\"},\"articleSection\":[\"Hirondelle News\"],\"inLanguage\":\"fr-FR\",\"potentialAction\":[{\"@type\":\"CommentAction\",\"name\":\"Comment\",\"target\":[\"https:\/\/www.justiceinfo.net\/fr\/3819-050508-tpirkalimanzira-ouverture-du-proces-de-callixte-kalimanzira609.html#respond\"]}]},{\"@type\":\"WebPage\",\"@id\":\"https:\/\/www.justiceinfo.net\/fr\/3819-050508-tpirkalimanzira-ouverture-du-proces-de-callixte-kalimanzira609.html\",\"url\":\"https:\/\/www.justiceinfo.net\/fr\/3819-050508-tpirkalimanzira-ouverture-du-proces-de-callixte-kalimanzira609.html\",\"name\":\"05.05.08 - TPIR\/KALIMANZIRA - OUVERTURE DU PROCES DE CALLIXTE KALIMANZIRA - JusticeInfo.net\",\"isPartOf\":{\"@id\":\"https:\/\/www.justiceinfo.net\/fr#website\"},\"datePublished\":\"2008-05-06T03:51:24+00:00\",\"breadcrumb\":{\"@id\":\"https:\/\/www.justiceinfo.net\/fr\/3819-050508-tpirkalimanzira-ouverture-du-proces-de-callixte-kalimanzira609.html#breadcrumb\"},\"inLanguage\":\"fr-FR\",\"potentialAction\":[{\"@type\":\"ReadAction\",\"target\":[\"https:\/\/www.justiceinfo.net\/fr\/3819-050508-tpirkalimanzira-ouverture-du-proces-de-callixte-kalimanzira609.html\"]}]},{\"@type\":\"BreadcrumbList\",\"@id\":\"https:\/\/www.justiceinfo.net\/fr\/3819-050508-tpirkalimanzira-ouverture-du-proces-de-callixte-kalimanzira609.html#breadcrumb\",\"itemListElement\":[{\"@type\":\"ListItem\",\"position\":1,\"name\":\"Home\",\"item\":\"https:\/\/www.justiceinfo.net\/fr\"},{\"@type\":\"ListItem\",\"position\":2,\"name\":\"05.05.08 - TPIR\/KALIMANZIRA - OUVERTURE DU PROCES DE CALLIXTE KALIMANZIRA\"}]},{\"@type\":\"WebSite\",\"@id\":\"https:\/\/www.justiceinfo.net\/fr#website\",\"url\":\"https:\/\/www.justiceinfo.net\/fr\",\"name\":\"JusticeInfo.net\",\"description\":\"La justice doit \u00eatre vue pour \u00eatre rendue\",\"publisher\":{\"@id\":\"https:\/\/www.justiceinfo.net\/fr#organization\"},\"potentialAction\":[{\"@type\":\"SearchAction\",\"target\":{\"@type\":\"EntryPoint\",\"urlTemplate\":\"https:\/\/www.justiceinfo.net\/fr?s={search_term_string}\"},\"query-input\":{\"@type\":\"PropertyValueSpecification\",\"valueRequired\":true,\"valueName\":\"search_term_string\"}}],\"inLanguage\":\"fr-FR\"},{\"@type\":\"Organization\",\"@id\":\"https:\/\/www.justiceinfo.net\/fr#organization\",\"name\":\"Justice Info\",\"url\":\"https:\/\/www.justiceinfo.net\/fr\",\"logo\":{\"@type\":\"ImageObject\",\"inLanguage\":\"fr-FR\",\"@id\":\"https:\/\/www.justiceinfo.net\/fr#\/schema\/logo\/image\/\",\"url\":\"https:\/\/www.justiceinfo.net\/wp-content\/uploads\/justiceinfo_logo-trans_1200x1200px.png\",\"contentUrl\":\"https:\/\/www.justiceinfo.net\/wp-content\/uploads\/justiceinfo_logo-trans_1200x1200px.png\",\"width\":1199,\"height\":1200,\"caption\":\"Justice Info\"},\"image\":{\"@id\":\"https:\/\/www.justiceinfo.net\/fr#\/schema\/logo\/image\/\"},\"sameAs\":[\"https:\/\/www.facebook.com\/JusticeInfo\/\",\"https:\/\/x.com\/justiceinfonet\",\"https:\/\/www.linkedin.com\/company\/justice-info\",\"https:\/\/www.youtube.com\/channel\/UCyCEsARodyuWtkWyhn-e7pA\"]},{\"@type\":\"Person\",\"name\":\"solivri\",\"url\":\"\/fr\/?s=solivri\"}]}<\/script>\n<!-- \/ Yoast SEO Premium plugin. -->","yoast_head_json":{"title":"05.05.08 - TPIR\/KALIMANZIRA - OUVERTURE DU PROCES DE CALLIXTE KALIMANZIRA - JusticeInfo.net","robots":{"index":"index","follow":"follow","max-snippet":"max-snippet:-1","max-image-preview":"max-image-preview:large","max-video-preview":"max-video-preview:-1"},"canonical":"https:\/\/www.justiceinfo.net\/fr\/3819-050508-tpirkalimanzira-ouverture-du-proces-de-callixte-kalimanzira609.html","og_locale":"fr_FR","og_type":"article","og_title":"05.05.08 - TPIR\/KALIMANZIRA - OUVERTURE DU PROCES DE CALLIXTE KALIMANZIRA","og_description":"Arusha, 5 mai 2008 (FH) \u2013 Le proc\u00e8s de Callixte Kalimanzira, un ancien haut fonctionnaire rwandais poursuivi pour g\u00e9nocide devant le Tribunal p\u00e9nal international pour le Rwanda (TPIR), a d\u00e9marr\u00e9 lundi apr\u00e8s plusieurs retards, a constat\u00e9 l\u2019agence Hirondelle. N\u00e9 en 1953 dans le commune de Muganza, dans la pr\u00e9fecture de Butare (sud), l\u2019accus\u00e9, un agronome [&hellip;]","og_url":"https:\/\/www.justiceinfo.net\/fr\/3819-050508-tpirkalimanzira-ouverture-du-proces-de-callixte-kalimanzira609.html","og_site_name":"JusticeInfo.net","article_publisher":"https:\/\/www.facebook.com\/JusticeInfo\/","article_published_time":"2008-05-06T03:51:24+00:00","og_image":[{"width":1200,"height":630,"url":"https:\/\/www.justiceinfo.net\/wp-content\/uploads\/JusticeInfoNet_logo_1200x630px.jpg","type":"image\/jpeg"}],"author":"solivri","twitter_card":"summary_large_image","twitter_creator":"@justiceinfonet","twitter_site":"@justiceinfonet","twitter_misc":{"\u00c9crit par":"solivri","Dur\u00e9e de lecture estim\u00e9e":"3 minutes"},"schema":{"@context":"https:\/\/schema.org","@graph":[{"@type":"NewsArticle","@id":"https:\/\/www.justiceinfo.net\/fr\/3819-050508-tpirkalimanzira-ouverture-du-proces-de-callixte-kalimanzira609.html#article","isPartOf":{"@id":"https:\/\/www.justiceinfo.net\/fr\/3819-050508-tpirkalimanzira-ouverture-du-proces-de-callixte-kalimanzira609.html"},"author":{"name":"solivri","@id":"https:\/\/www.justiceinfo.net\/fr#\/schema\/person\/6e53cba1629e2e66f3fc1821d3091865"},"headline":"05.05.08 - TPIR\/KALIMANZIRA - OUVERTURE DU PROCES DE CALLIXTE KALIMANZIRA","datePublished":"2008-05-06T03:51:24+00:00","mainEntityOfPage":{"@id":"https:\/\/www.justiceinfo.net\/fr\/3819-050508-tpirkalimanzira-ouverture-du-proces-de-callixte-kalimanzira609.html"},"wordCount":675,"commentCount":0,"publisher":{"@id":"https:\/\/www.justiceinfo.net\/fr#organization"},"articleSection":["Hirondelle News"],"inLanguage":"fr-FR","potentialAction":[{"@type":"CommentAction","name":"Comment","target":["https:\/\/www.justiceinfo.net\/fr\/3819-050508-tpirkalimanzira-ouverture-du-proces-de-callixte-kalimanzira609.html#respond"]}]},{"@type":"WebPage","@id":"https:\/\/www.justiceinfo.net\/fr\/3819-050508-tpirkalimanzira-ouverture-du-proces-de-callixte-kalimanzira609.html","url":"https:\/\/www.justiceinfo.net\/fr\/3819-050508-tpirkalimanzira-ouverture-du-proces-de-callixte-kalimanzira609.html","name":"05.05.08 - TPIR\/KALIMANZIRA - OUVERTURE DU PROCES DE CALLIXTE KALIMANZIRA - JusticeInfo.net","isPartOf":{"@id":"https:\/\/www.justiceinfo.net\/fr#website"},"datePublished":"2008-05-06T03:51:24+00:00","breadcrumb":{"@id":"https:\/\/www.justiceinfo.net\/fr\/3819-050508-tpirkalimanzira-ouverture-du-proces-de-callixte-kalimanzira609.html#breadcrumb"},"inLanguage":"fr-FR","potentialAction":[{"@type":"ReadAction","target":["https:\/\/www.justiceinfo.net\/fr\/3819-050508-tpirkalimanzira-ouverture-du-proces-de-callixte-kalimanzira609.html"]}]},{"@type":"BreadcrumbList","@id":"https:\/\/www.justiceinfo.net\/fr\/3819-050508-tpirkalimanzira-ouverture-du-proces-de-callixte-kalimanzira609.html#breadcrumb","itemListElement":[{"@type":"ListItem","position":1,"name":"Home","item":"https:\/\/www.justiceinfo.net\/fr"},{"@type":"ListItem","position":2,"name":"05.05.08 - TPIR\/KALIMANZIRA - OUVERTURE DU PROCES DE CALLIXTE KALIMANZIRA"}]},{"@type":"WebSite","@id":"https:\/\/www.justiceinfo.net\/fr#website","url":"https:\/\/www.justiceinfo.net\/fr","name":"JusticeInfo.net","description":"La justice doit \u00eatre vue pour \u00eatre rendue","publisher":{"@id":"https:\/\/www.justiceinfo.net\/fr#organization"},"potentialAction":[{"@type":"SearchAction","target":{"@type":"EntryPoint","urlTemplate":"https:\/\/www.justiceinfo.net\/fr?s={search_term_string}"},"query-input":{"@type":"PropertyValueSpecification","valueRequired":true,"valueName":"search_term_string"}}],"inLanguage":"fr-FR"},{"@type":"Organization","@id":"https:\/\/www.justiceinfo.net\/fr#organization","name":"Justice Info","url":"https:\/\/www.justiceinfo.net\/fr","logo":{"@type":"ImageObject","inLanguage":"fr-FR","@id":"https:\/\/www.justiceinfo.net\/fr#\/schema\/logo\/image\/","url":"https:\/\/www.justiceinfo.net\/wp-content\/uploads\/justiceinfo_logo-trans_1200x1200px.png","contentUrl":"https:\/\/www.justiceinfo.net\/wp-content\/uploads\/justiceinfo_logo-trans_1200x1200px.png","width":1199,"height":1200,"caption":"Justice Info"},"image":{"@id":"https:\/\/www.justiceinfo.net\/fr#\/schema\/logo\/image\/"},"sameAs":["https:\/\/www.facebook.com\/JusticeInfo\/","https:\/\/x.com\/justiceinfonet","https:\/\/www.linkedin.com\/company\/justice-info","https:\/\/www.youtube.com\/channel\/UCyCEsARodyuWtkWyhn-e7pA"]},{"@type":"Person","name":"solivri","url":"\/fr\/?s=solivri"}]}},"_links":{"self":[{"href":"https:\/\/www.justiceinfo.net\/fr\/wp-json\/wp\/v2\/posts\/3819","targetHints":{"allow":["GET"]}}],"collection":[{"href":"https:\/\/www.justiceinfo.net\/fr\/wp-json\/wp\/v2\/posts"}],"about":[{"href":"https:\/\/www.justiceinfo.net\/fr\/wp-json\/wp\/v2\/types\/post"}],"author":[{"embeddable":true,"href":"https:\/\/www.justiceinfo.net\/fr\/wp-json\/wp\/v2\/users\/64"}],"replies":[{"embeddable":true,"href":"https:\/\/www.justiceinfo.net\/fr\/wp-json\/wp\/v2\/comments?post=3819"}],"version-history":[{"count":0,"href":"https:\/\/www.justiceinfo.net\/fr\/wp-json\/wp\/v2\/posts\/3819\/revisions"}],"wp:attachment":[{"href":"https:\/\/www.justiceinfo.net\/fr\/wp-json\/wp\/v2\/media?parent=3819"}],"wp:term":[{"taxonomy":"category","embeddable":true,"href":"https:\/\/www.justiceinfo.net\/fr\/wp-json\/wp\/v2\/categories?post=3819"},{"taxonomy":"post_tag","embeddable":true,"href":"https:\/\/www.justiceinfo.net\/fr\/wp-json\/wp\/v2\/tags?post=3819"},{"taxonomy":"ji_location","embeddable":true,"href":"https:\/\/www.justiceinfo.net\/fr\/wp-json\/wp\/v2\/ji_location?post=3819"}],"curies":[{"name":"wp","href":"https:\/\/api.w.org\/{rel}","templated":true}]}}