{"id":38202,"date":"2018-07-30T14:54:38","date_gmt":"2018-07-30T12:54:38","guid":{"rendered":"https:\/\/www.justiceinfo.net\/38202-rdc-kabila-demande-a-ses-proches-de-lui-chercher-un-dauphin.html"},"modified":"2018-07-30T14:54:38","modified_gmt":"2018-07-30T12:54:38","slug":"rdc-kabila-demande-a-ses-proches-de-lui-chercher-un-dauphin","status":"publish","type":"post","link":"https:\/\/www.justiceinfo.net\/fr\/38202-rdc-kabila-demande-a-ses-proches-de-lui-chercher-un-dauphin.html","title":{"rendered":"RDC: Kabila demande \u00e0 ses proches de lui chercher un \"dauphin\""},"content":{"rendered":"<div class=\"txt-textContent\">\n<div class=\"text fontsize_0 jq_Content jq_langdir\">\n<p>Le pr\u00e9sident congolais Joseph Kabila a demand\u00e9 \u00e0 ses proches de lui chercher un dauphin en lui sugg\u00e9rant quatre noms \u00e0 l'approche de la date-butoir du 8 ao\u00fbt en R\u00e9publique d\u00e9mocratique du Congo, a-t-on appris lundi aupr\u00e8s de membres du gouvernement et de la majorit\u00e9 pr\u00e9sidentielle.<\/p>\n<p>\"Il veut que chaque regroupement (politique) lui propose quatre noms dans les 48 heures, afin qu'il choisisse le candidat du Front commun pour le Congo (FCC) \u00e0 la pr\u00e9sidentielle\", a d\u00e9clar\u00e9 \u00e0 l'AFP un ministre qui refuse d'\u00eatre cit\u00e9 en cette p\u00e9riode ultra-sensible.<\/p>\n<p>Le pr\u00e9sident Kabila, qui ne peut pas briguer de troisi\u00e8me mandat, affirme qu'il respectera la Constitution sans jamais \u00e9voquer la question de son successeur.<\/p>\n<p>Ses adversaires l'accusent de chercher une strat\u00e9gie pour rester au pouvoir. Les forces politiques doivent d\u00e9poser au plus tard le 8 ao\u00fbt leur dossier de candidature pour l'\u00e9lection pr\u00e9sidentielle pr\u00e9vue le 23 d\u00e9cembre.<\/p>\n<p>Le \"dauphin\" devra remplir une liste de onze crit\u00e8res \u00e9nonc\u00e9s par le chef de l'Etat, a pr\u00e9cis\u00e9 \u00e0 l'AFP un autre ministre issu de l'opposition, toujours sous le couvert de l'anonymat.<\/p>\n<p>Toutefois, M. Kabila \"n'a pas dit express\u00e9ment qu'il n'\u00e9tait pas lui-m\u00eame concern\u00e9 par ces crit\u00e8res\", a pr\u00e9cis\u00e9 un chef de parti qui a pris part \u00e0 la rencontre. Trois autres participants ont d\u00e9clar\u00e9 la m\u00eame chose.<\/p>\n<p>Commenc\u00e9es samedi, ces consultations se sont poursuivies lundi, selon au moins six responsables de la majorit\u00e9 et du gouvernement interrog\u00e9s par l'AFP.\u00a0<\/p>\n<p>Lundi, le pr\u00e9sident Kabila a consult\u00e9 notamment le groupe du ministre des M\u00e9dias Lambert Mende, selon une source de la pr\u00e9sidence interrog\u00e9e par l'AFP.<\/p>\n<p>La veille, le pr\u00e9sident Kabila \"a consult\u00e9 le PPRD (parti pr\u00e9sidentiel)\" dans sa ferme de Kingakati dans la banlieue de Kinshasa.<\/p>\n<p>Le Front commun pour le Congo (FCC) est la plateforme \u00e9lectorale dont le pr\u00e9sident Kabila est \"l'autorit\u00e9 morale\".<\/p>\n<p>M. Kabila, 47 ans, au pouvoir depuis l'assasinat de son p\u00e8re en 2001, a \u00e9t\u00e9 \u00e9lu en 2006 et r\u00e9\u00e9lu en 2011. Son deuxi\u00e8me et dernier mandat de cinq ans s'est achev\u00e9 le 20 d\u00e9cembre 2016.<\/p>\n<p>bmb\/st\/sba<\/p>\n<\/div>\n<\/div>\n","protected":false},"excerpt":{"rendered":"<p>Le pr\u00e9sident congolais Joseph Kabila a demand\u00e9 \u00e0 ses proches de lui chercher un dauphin en lui sugg\u00e9rant quatre noms \u00e0 l'approche de la date-butoir du 8 ao\u00fbt en R\u00e9publique d\u00e9mocratique du Congo, a-t-on appris lundi aupr\u00e8s de membres du gouvernement et de la majorit\u00e9 pr\u00e9sidentielle. \"Il veut que chaque regroupement (politique) lui propose quatre [&hellip;]<\/p>\n","protected":false},"author":60,"featured_media":0,"comment_status":"open","ping_status":"closed","sticky":false,"template":"","format":"standard","meta":{"_acf_changed":false,"footnotes":""},"categories":[2576],"tags":[],"ji_location":[2196],"class_list":["post-38202","post","type-post","status-publish","format-standard","hentry","category-fil-d-actualite","ji_location-republique-democratique-du-congo"],"acf":[],"yoast_head":"<!-- This site is optimized with the Yoast SEO Premium plugin v25.3.1 (Yoast SEO v25.3.1) - https:\/\/yoast.com\/wordpress\/plugins\/seo\/ -->\n<title>RDC: Kabila demande \u00e0 ses proches de lui chercher un &quot;dauphin&quot; - JusticeInfo.net<\/title>\n<meta name=\"robots\" content=\"index, follow, max-snippet:-1, max-image-preview:large, max-video-preview:-1\" \/>\n<link rel=\"canonical\" href=\"https:\/\/www.justiceinfo.net\/fr\/38202-rdc-kabila-demande-a-ses-proches-de-lui-chercher-un-dauphin.html\" \/>\n<meta property=\"og:locale\" content=\"fr_FR\" \/>\n<meta property=\"og:type\" content=\"article\" \/>\n<meta property=\"og:title\" content=\"RDC: Kabila demande \u00e0 ses proches de lui chercher un &quot;dauphin&quot;\" \/>\n<meta property=\"og:description\" content=\"Le pr\u00e9sident congolais Joseph Kabila a demand\u00e9 \u00e0 ses proches de lui chercher un dauphin en lui sugg\u00e9rant quatre noms \u00e0 l&#039;approche de la date-butoir du 8 ao\u00fbt en R\u00e9publique d\u00e9mocratique du Congo, a-t-on appris lundi aupr\u00e8s de membres du gouvernement et de la majorit\u00e9 pr\u00e9sidentielle. &quot;Il veut que chaque regroupement (politique) lui propose quatre [&hellip;]\" \/>\n<meta property=\"og:url\" content=\"https:\/\/www.justiceinfo.net\/fr\/38202-rdc-kabila-demande-a-ses-proches-de-lui-chercher-un-dauphin.html\" \/>\n<meta property=\"og:site_name\" content=\"JusticeInfo.net\" \/>\n<meta property=\"article:publisher\" content=\"https:\/\/www.facebook.com\/JusticeInfo\/\" \/>\n<meta property=\"article:published_time\" content=\"2018-07-30T12:54:38+00:00\" \/>\n<meta property=\"og:image\" content=\"https:\/\/www.justiceinfo.net\/wp-content\/uploads\/JusticeInfoNet_logo_1200x630px.jpg\" \/>\n\t<meta property=\"og:image:width\" content=\"1200\" \/>\n\t<meta property=\"og:image:height\" content=\"630\" \/>\n\t<meta property=\"og:image:type\" content=\"image\/jpeg\" \/>\n<meta name=\"author\" content=\"afp.com\" \/>\n<meta name=\"twitter:card\" content=\"summary_large_image\" \/>\n<meta name=\"twitter:creator\" content=\"@justiceinfonet\" \/>\n<meta name=\"twitter:site\" content=\"@justiceinfonet\" \/>\n<meta name=\"twitter:label1\" content=\"\u00c9crit par\" \/>\n\t<meta name=\"twitter:data1\" content=\"afp.com\" \/>\n\t<meta name=\"twitter:label2\" content=\"Dur\u00e9e de lecture estim\u00e9e\" \/>\n\t<meta name=\"twitter:data2\" content=\"2 minutes\" \/>\n<script type=\"application\/ld+json\" class=\"yoast-schema-graph\">{\"@context\":\"https:\/\/schema.org\",\"@graph\":[{\"@type\":\"NewsArticle\",\"@id\":\"https:\/\/www.justiceinfo.net\/fr\/38202-rdc-kabila-demande-a-ses-proches-de-lui-chercher-un-dauphin.html#article\",\"isPartOf\":{\"@id\":\"https:\/\/www.justiceinfo.net\/fr\/38202-rdc-kabila-demande-a-ses-proches-de-lui-chercher-un-dauphin.html\"},\"author\":{\"name\":\"afp\",\"@id\":\"https:\/\/www.justiceinfo.net\/fr#\/schema\/person\/713d340ef5f218fc36ce9b4244364a7f\"},\"headline\":\"RDC: Kabila demande \u00e0 ses proches de lui chercher un \\\"dauphin\\\"\",\"datePublished\":\"2018-07-30T12:54:38+00:00\",\"mainEntityOfPage\":{\"@id\":\"https:\/\/www.justiceinfo.net\/fr\/38202-rdc-kabila-demande-a-ses-proches-de-lui-chercher-un-dauphin.html\"},\"wordCount\":390,\"commentCount\":0,\"publisher\":{\"@id\":\"https:\/\/www.justiceinfo.net\/fr#organization\"},\"articleSection\":[\"Fil d'info AFP\"],\"inLanguage\":\"fr-FR\",\"potentialAction\":[{\"@type\":\"CommentAction\",\"name\":\"Comment\",\"target\":[\"https:\/\/www.justiceinfo.net\/fr\/38202-rdc-kabila-demande-a-ses-proches-de-lui-chercher-un-dauphin.html#respond\"]}]},{\"@type\":\"WebPage\",\"@id\":\"https:\/\/www.justiceinfo.net\/fr\/38202-rdc-kabila-demande-a-ses-proches-de-lui-chercher-un-dauphin.html\",\"url\":\"https:\/\/www.justiceinfo.net\/fr\/38202-rdc-kabila-demande-a-ses-proches-de-lui-chercher-un-dauphin.html\",\"name\":\"RDC: Kabila demande \u00e0 ses proches de lui chercher un \\\"dauphin\\\" - JusticeInfo.net\",\"isPartOf\":{\"@id\":\"https:\/\/www.justiceinfo.net\/fr#website\"},\"datePublished\":\"2018-07-30T12:54:38+00:00\",\"breadcrumb\":{\"@id\":\"https:\/\/www.justiceinfo.net\/fr\/38202-rdc-kabila-demande-a-ses-proches-de-lui-chercher-un-dauphin.html#breadcrumb\"},\"inLanguage\":\"fr-FR\",\"potentialAction\":[{\"@type\":\"ReadAction\",\"target\":[\"https:\/\/www.justiceinfo.net\/fr\/38202-rdc-kabila-demande-a-ses-proches-de-lui-chercher-un-dauphin.html\"]}]},{\"@type\":\"BreadcrumbList\",\"@id\":\"https:\/\/www.justiceinfo.net\/fr\/38202-rdc-kabila-demande-a-ses-proches-de-lui-chercher-un-dauphin.html#breadcrumb\",\"itemListElement\":[{\"@type\":\"ListItem\",\"position\":1,\"name\":\"Home\",\"item\":\"https:\/\/www.justiceinfo.net\/fr\"},{\"@type\":\"ListItem\",\"position\":2,\"name\":\"RDC: Kabila demande \u00e0 ses proches de lui chercher un \\\"dauphin\\\"\"}]},{\"@type\":\"WebSite\",\"@id\":\"https:\/\/www.justiceinfo.net\/fr#website\",\"url\":\"https:\/\/www.justiceinfo.net\/fr\",\"name\":\"JusticeInfo.net\",\"description\":\"La justice doit \u00eatre vue pour \u00eatre rendue\",\"publisher\":{\"@id\":\"https:\/\/www.justiceinfo.net\/fr#organization\"},\"potentialAction\":[{\"@type\":\"SearchAction\",\"target\":{\"@type\":\"EntryPoint\",\"urlTemplate\":\"https:\/\/www.justiceinfo.net\/fr?s={search_term_string}\"},\"query-input\":{\"@type\":\"PropertyValueSpecification\",\"valueRequired\":true,\"valueName\":\"search_term_string\"}}],\"inLanguage\":\"fr-FR\"},{\"@type\":\"Organization\",\"@id\":\"https:\/\/www.justiceinfo.net\/fr#organization\",\"name\":\"Justice Info\",\"url\":\"https:\/\/www.justiceinfo.net\/fr\",\"logo\":{\"@type\":\"ImageObject\",\"inLanguage\":\"fr-FR\",\"@id\":\"https:\/\/www.justiceinfo.net\/fr#\/schema\/logo\/image\/\",\"url\":\"https:\/\/www.justiceinfo.net\/wp-content\/uploads\/justiceinfo_logo-trans_1200x1200px.png\",\"contentUrl\":\"https:\/\/www.justiceinfo.net\/wp-content\/uploads\/justiceinfo_logo-trans_1200x1200px.png\",\"width\":1199,\"height\":1200,\"caption\":\"Justice Info\"},\"image\":{\"@id\":\"https:\/\/www.justiceinfo.net\/fr#\/schema\/logo\/image\/\"},\"sameAs\":[\"https:\/\/www.facebook.com\/JusticeInfo\/\",\"https:\/\/x.com\/justiceinfonet\",\"https:\/\/www.linkedin.com\/company\/justice-info\",\"https:\/\/www.youtube.com\/channel\/UCyCEsARodyuWtkWyhn-e7pA\"]},{\"@type\":\"Person\",\"name\":\"afp.com\",\"url\":\"\/fr\/?s=afp.com\"}]}<\/script>\n<!-- \/ Yoast SEO Premium plugin. -->","yoast_head_json":{"title":"RDC: Kabila demande \u00e0 ses proches de lui chercher un \"dauphin\" - JusticeInfo.net","robots":{"index":"index","follow":"follow","max-snippet":"max-snippet:-1","max-image-preview":"max-image-preview:large","max-video-preview":"max-video-preview:-1"},"canonical":"https:\/\/www.justiceinfo.net\/fr\/38202-rdc-kabila-demande-a-ses-proches-de-lui-chercher-un-dauphin.html","og_locale":"fr_FR","og_type":"article","og_title":"RDC: Kabila demande \u00e0 ses proches de lui chercher un \"dauphin\"","og_description":"Le pr\u00e9sident congolais Joseph Kabila a demand\u00e9 \u00e0 ses proches de lui chercher un dauphin en lui sugg\u00e9rant quatre noms \u00e0 l'approche de la date-butoir du 8 ao\u00fbt en R\u00e9publique d\u00e9mocratique du Congo, a-t-on appris lundi aupr\u00e8s de membres du gouvernement et de la majorit\u00e9 pr\u00e9sidentielle. \"Il veut que chaque regroupement (politique) lui propose quatre [&hellip;]","og_url":"https:\/\/www.justiceinfo.net\/fr\/38202-rdc-kabila-demande-a-ses-proches-de-lui-chercher-un-dauphin.html","og_site_name":"JusticeInfo.net","article_publisher":"https:\/\/www.facebook.com\/JusticeInfo\/","article_published_time":"2018-07-30T12:54:38+00:00","og_image":[{"width":1200,"height":630,"url":"https:\/\/www.justiceinfo.net\/wp-content\/uploads\/JusticeInfoNet_logo_1200x630px.jpg","type":"image\/jpeg"}],"author":"afp.com","twitter_card":"summary_large_image","twitter_creator":"@justiceinfonet","twitter_site":"@justiceinfonet","twitter_misc":{"\u00c9crit par":"afp.com","Dur\u00e9e de lecture estim\u00e9e":"2 minutes"},"schema":{"@context":"https:\/\/schema.org","@graph":[{"@type":"NewsArticle","@id":"https:\/\/www.justiceinfo.net\/fr\/38202-rdc-kabila-demande-a-ses-proches-de-lui-chercher-un-dauphin.html#article","isPartOf":{"@id":"https:\/\/www.justiceinfo.net\/fr\/38202-rdc-kabila-demande-a-ses-proches-de-lui-chercher-un-dauphin.html"},"author":{"name":"afp","@id":"https:\/\/www.justiceinfo.net\/fr#\/schema\/person\/713d340ef5f218fc36ce9b4244364a7f"},"headline":"RDC: Kabila demande \u00e0 ses proches de lui chercher un \"dauphin\"","datePublished":"2018-07-30T12:54:38+00:00","mainEntityOfPage":{"@id":"https:\/\/www.justiceinfo.net\/fr\/38202-rdc-kabila-demande-a-ses-proches-de-lui-chercher-un-dauphin.html"},"wordCount":390,"commentCount":0,"publisher":{"@id":"https:\/\/www.justiceinfo.net\/fr#organization"},"articleSection":["Fil d'info AFP"],"inLanguage":"fr-FR","potentialAction":[{"@type":"CommentAction","name":"Comment","target":["https:\/\/www.justiceinfo.net\/fr\/38202-rdc-kabila-demande-a-ses-proches-de-lui-chercher-un-dauphin.html#respond"]}]},{"@type":"WebPage","@id":"https:\/\/www.justiceinfo.net\/fr\/38202-rdc-kabila-demande-a-ses-proches-de-lui-chercher-un-dauphin.html","url":"https:\/\/www.justiceinfo.net\/fr\/38202-rdc-kabila-demande-a-ses-proches-de-lui-chercher-un-dauphin.html","name":"RDC: Kabila demande \u00e0 ses proches de lui chercher un \"dauphin\" - JusticeInfo.net","isPartOf":{"@id":"https:\/\/www.justiceinfo.net\/fr#website"},"datePublished":"2018-07-30T12:54:38+00:00","breadcrumb":{"@id":"https:\/\/www.justiceinfo.net\/fr\/38202-rdc-kabila-demande-a-ses-proches-de-lui-chercher-un-dauphin.html#breadcrumb"},"inLanguage":"fr-FR","potentialAction":[{"@type":"ReadAction","target":["https:\/\/www.justiceinfo.net\/fr\/38202-rdc-kabila-demande-a-ses-proches-de-lui-chercher-un-dauphin.html"]}]},{"@type":"BreadcrumbList","@id":"https:\/\/www.justiceinfo.net\/fr\/38202-rdc-kabila-demande-a-ses-proches-de-lui-chercher-un-dauphin.html#breadcrumb","itemListElement":[{"@type":"ListItem","position":1,"name":"Home","item":"https:\/\/www.justiceinfo.net\/fr"},{"@type":"ListItem","position":2,"name":"RDC: Kabila demande \u00e0 ses proches de lui chercher un \"dauphin\""}]},{"@type":"WebSite","@id":"https:\/\/www.justiceinfo.net\/fr#website","url":"https:\/\/www.justiceinfo.net\/fr","name":"JusticeInfo.net","description":"La justice doit \u00eatre vue pour \u00eatre rendue","publisher":{"@id":"https:\/\/www.justiceinfo.net\/fr#organization"},"potentialAction":[{"@type":"SearchAction","target":{"@type":"EntryPoint","urlTemplate":"https:\/\/www.justiceinfo.net\/fr?s={search_term_string}"},"query-input":{"@type":"PropertyValueSpecification","valueRequired":true,"valueName":"search_term_string"}}],"inLanguage":"fr-FR"},{"@type":"Organization","@id":"https:\/\/www.justiceinfo.net\/fr#organization","name":"Justice Info","url":"https:\/\/www.justiceinfo.net\/fr","logo":{"@type":"ImageObject","inLanguage":"fr-FR","@id":"https:\/\/www.justiceinfo.net\/fr#\/schema\/logo\/image\/","url":"https:\/\/www.justiceinfo.net\/wp-content\/uploads\/justiceinfo_logo-trans_1200x1200px.png","contentUrl":"https:\/\/www.justiceinfo.net\/wp-content\/uploads\/justiceinfo_logo-trans_1200x1200px.png","width":1199,"height":1200,"caption":"Justice Info"},"image":{"@id":"https:\/\/www.justiceinfo.net\/fr#\/schema\/logo\/image\/"},"sameAs":["https:\/\/www.facebook.com\/JusticeInfo\/","https:\/\/x.com\/justiceinfonet","https:\/\/www.linkedin.com\/company\/justice-info","https:\/\/www.youtube.com\/channel\/UCyCEsARodyuWtkWyhn-e7pA"]},{"@type":"Person","name":"afp.com","url":"\/fr\/?s=afp.com"}]}},"_links":{"self":[{"href":"https:\/\/www.justiceinfo.net\/fr\/wp-json\/wp\/v2\/posts\/38202","targetHints":{"allow":["GET"]}}],"collection":[{"href":"https:\/\/www.justiceinfo.net\/fr\/wp-json\/wp\/v2\/posts"}],"about":[{"href":"https:\/\/www.justiceinfo.net\/fr\/wp-json\/wp\/v2\/types\/post"}],"author":[{"embeddable":true,"href":"https:\/\/www.justiceinfo.net\/fr\/wp-json\/wp\/v2\/users\/60"}],"replies":[{"embeddable":true,"href":"https:\/\/www.justiceinfo.net\/fr\/wp-json\/wp\/v2\/comments?post=38202"}],"version-history":[{"count":0,"href":"https:\/\/www.justiceinfo.net\/fr\/wp-json\/wp\/v2\/posts\/38202\/revisions"}],"wp:attachment":[{"href":"https:\/\/www.justiceinfo.net\/fr\/wp-json\/wp\/v2\/media?parent=38202"}],"wp:term":[{"taxonomy":"category","embeddable":true,"href":"https:\/\/www.justiceinfo.net\/fr\/wp-json\/wp\/v2\/categories?post=38202"},{"taxonomy":"post_tag","embeddable":true,"href":"https:\/\/www.justiceinfo.net\/fr\/wp-json\/wp\/v2\/tags?post=38202"},{"taxonomy":"ji_location","embeddable":true,"href":"https:\/\/www.justiceinfo.net\/fr\/wp-json\/wp\/v2\/ji_location?post=38202"}],"curies":[{"name":"wp","href":"https:\/\/api.w.org\/{rel}","templated":true}]}}