{"id":38255,"date":"2018-08-02T05:20:28","date_gmt":"2018-08-02T03:20:28","guid":{"rendered":"https:\/\/www.justiceinfo.net\/38255-conflit-israelo-palestinien-l-onu-appelle-au-respect-des-droits-de-l-enfant.html"},"modified":"2018-08-02T05:20:28","modified_gmt":"2018-08-02T03:20:28","slug":"conflit-israelo-palestinien-l-onu-appelle-au-respect-des-droits-de-l-enfant","status":"publish","type":"post","link":"https:\/\/www.justiceinfo.net\/fr\/38255-conflit-israelo-palestinien-l-onu-appelle-au-respect-des-droits-de-l-enfant.html","title":{"rendered":"Conflit isra\u00e9lo-palestinien : l\u2019ONU appelle au respect des droits de l\u2019enfant"},"content":{"rendered":"<div class=\"content-excerpt\">\n<p><strong>Trois responsables des Nations unies au Proche-Orient ont rappel\u00e9 mercredi 1<sup>er<\/sup> ao\u00fbt aux parties isra\u00e9lienne et palestinienne leur obligation de respecter les droits de l\u2019enfant, dans le conflit qui les oppose.<\/strong><\/p>\n<p><!--more--><\/div>\n<p>Dans une d\u00e9claration commune, le coordonnateur humanitaire de l\u2019ONU dans le Territoire palestinien occup\u00e9 , Jamie McGoldrick, le chef du bureau des droits de l'homme de l'ONU (HCDH) dans ce territoire, James Heenan et la repr\u00e9sentante sp\u00e9ciale du Fonds des Nations unies pour l\u2019enfance (UNICEF)\u00a0 dans l'\u00c9tat de Palestine, Genevi\u00e8ve Boutin, se sont d\u00e9clar\u00e9s \u00ab profond\u00e9ment pr\u00e9occup\u00e9s \u00bb par les informations faisant \u00e9tat d'enfants tu\u00e9s ou gri\u00e8vement bless\u00e9s, certains \u00e2g\u00e9s de 11 ans seulement, dans les zones administr\u00e9es par les Palestiniens\u00a0\u00bb.\u00a0 Ils ont \u00e9galement d\u00e9nonc\u00e9 le fait que \u00ab les enfants en Isra\u00ebl sont expos\u00e9s \u00e0 la peur, au traumatisme et aux blessures graves \u00bb, selon le service de presse de l\u2019ONU.<\/p>\n<p>\u00ab Ce mois-ci, sept enfants palestiniens ont \u00e9t\u00e9 tu\u00e9s par des tirs \u00e0 balles r\u00e9elles et des tirs isra\u00e9liens \u00bb, ont-ils d\u00e9plor\u00e9, ajoutant que \u00ab deux Isra\u00e9liennes de 14 et 15 ans auraient \u00e9galement \u00e9t\u00e9 bless\u00e9es par des roquettes et des obus de mortier lanc\u00e9s sans discrimination vers Isra\u00ebl \u00bb.<\/p>\n<p>Selon les chiffres fournis par les agences de l\u2019ONU dans la r\u00e9gion, 26 enfants palestiniens ont \u00e9t\u00e9 tu\u00e9s depuis le 30 mars, d\u00e9but des manifestations contre le blocus de longue date impos\u00e9 par Isra\u00ebl \u00e0 Gaza. Vingt-et-un de ces enfants ont \u00e9t\u00e9 abattus lors des manifestations tandis cinq autres ont \u00e9t\u00e9 tu\u00e9s par des bombardements isra\u00e9liens en dehors des manifestations. Au cours de la m\u00eame p\u00e9riode, des centaines d'autres enfants ont \u00e9t\u00e9 bless\u00e9s par des balles r\u00e9elles.<\/p>\n<p>\u00ab Un certain nombre de ces enfants (bless\u00e9s) souffriront d\u2019incapacit\u00e9s permanentes, y compris \u00e0 la suite de l'amputation de leurs membres \u00bb, ont d\u00e9clar\u00e9 les trois responsables de l'ONU.<\/p>\n<p>Les trois responsables onusiens d\u00e9plor\u00e9 en outre \u00ab l\u2019utilisation trop souvent cynique des enfants dans la rh\u00e9torique politique et la propagande de tous les c\u00f4t\u00e9s \u00bb, citant l'appel lanc\u00e9 par les organisateurs de la \u00ab <a href=\"https:\/\/fr.wikipedia.org\/wiki\/Marche_du_retour_(2018)\">Grande marche du retour<\/a> \u00bb pour que \u00ab les Palestiniens manifestent sous la banni\u00e8re de nos enfants martyrs\u00a0\u00bb. \u00ab Les enfants ne devraient jamais \u00eatre la cible de la violence et ne doivent pas \u00eatre expos\u00e9s \u00e0 un risque de violence, ni \u00eatre encourag\u00e9s \u00e0 participer \u00e0 la violence \u00bb, d\u00e9clarent les trois repr\u00e9sentants des Nations unies.<\/p>\n<p>\u00a0\u00ab Respecter les droits des enfants et s'abstenir d'instrumentaliser leur sort devrait \u00eatre une priorit\u00e9 pour tous \u00bb, ont-ils insist\u00e9, soulignant que le contexte isra\u00e9lo-palestinien ne constitue \u00ab pas une exception \u00bb.<\/p>\n<p>\u00a0<\/p>\n","protected":false},"excerpt":{"rendered":"<p>Trois responsables des Nations unies au Proche-Orient ont rappel\u00e9 mercredi 1er ao\u00fbt aux parties isra\u00e9lienne et palestinienne leur obligation de respecter les droits de l\u2019enfant, dans le conflit qui les oppose.<\/p>\n","protected":false},"author":64,"featured_media":61825,"comment_status":"open","ping_status":"closed","sticky":false,"template":"","format":"standard","meta":{"_acf_changed":false,"footnotes":""},"categories":[556],"tags":[],"ji_location":[2402],"class_list":["post-38255","post","type-post","status-publish","format-standard","has-post-thumbnail","hentry","category-divers","ji_location-palestine"],"acf":[],"yoast_head":"<!-- This site is optimized with the Yoast SEO Premium plugin v25.3.1 (Yoast SEO v25.3.1) - https:\/\/yoast.com\/wordpress\/plugins\/seo\/ -->\n<title>Conflit isra\u00e9lo-palestinien : l\u2019ONU appelle au respect des droits de l\u2019enfant - JusticeInfo.net<\/title>\n<meta name=\"robots\" content=\"index, follow, max-snippet:-1, max-image-preview:large, max-video-preview:-1\" \/>\n<link rel=\"canonical\" href=\"https:\/\/www.justiceinfo.net\/fr\/38255-conflit-israelo-palestinien-l-onu-appelle-au-respect-des-droits-de-l-enfant.html\" \/>\n<meta property=\"og:locale\" content=\"fr_FR\" \/>\n<meta property=\"og:type\" content=\"article\" \/>\n<meta property=\"og:title\" content=\"Conflit isra\u00e9lo-palestinien : l\u2019ONU appelle au respect des droits de l\u2019enfant\" \/>\n<meta property=\"og:description\" content=\"Trois responsables des Nations unies au Proche-Orient ont rappel\u00e9 mercredi 1er ao\u00fbt aux parties isra\u00e9lienne et palestinienne leur obligation de respecter les droits de l\u2019enfant, dans le conflit qui les oppose.\" \/>\n<meta property=\"og:url\" content=\"https:\/\/www.justiceinfo.net\/fr\/38255-conflit-israelo-palestinien-l-onu-appelle-au-respect-des-droits-de-l-enfant.html\" \/>\n<meta property=\"og:site_name\" content=\"JusticeInfo.net\" \/>\n<meta property=\"article:publisher\" content=\"https:\/\/www.facebook.com\/JusticeInfo\/\" \/>\n<meta property=\"article:published_time\" content=\"2018-08-02T03:20:28+00:00\" \/>\n<meta property=\"og:image\" content=\"https:\/\/www.justiceinfo.net\/wp-content\/uploads\/486e69716772b5d1d2b177793fde8f5e.jpg\" \/>\n\t<meta property=\"og:image:width\" content=\"2000\" \/>\n\t<meta property=\"og:image:height\" content=\"1335\" \/>\n\t<meta property=\"og:image:type\" content=\"image\/jpeg\" \/>\n<meta name=\"author\" content=\"JusticeInfo.Net\" \/>\n<meta name=\"twitter:card\" content=\"summary_large_image\" \/>\n<meta name=\"twitter:creator\" content=\"@justiceinfonet\" \/>\n<meta name=\"twitter:site\" content=\"@justiceinfonet\" \/>\n<meta name=\"twitter:label1\" content=\"\u00c9crit par\" \/>\n\t<meta name=\"twitter:data1\" content=\"JusticeInfo.Net\" \/>\n\t<meta name=\"twitter:label2\" content=\"Dur\u00e9e de lecture estim\u00e9e\" \/>\n\t<meta name=\"twitter:data2\" content=\"2 minutes\" \/>\n<script type=\"application\/ld+json\" class=\"yoast-schema-graph\">{\"@context\":\"https:\/\/schema.org\",\"@graph\":[{\"@type\":\"NewsArticle\",\"@id\":\"https:\/\/www.justiceinfo.net\/fr\/38255-conflit-israelo-palestinien-l-onu-appelle-au-respect-des-droits-de-l-enfant.html#article\",\"isPartOf\":{\"@id\":\"https:\/\/www.justiceinfo.net\/fr\/38255-conflit-israelo-palestinien-l-onu-appelle-au-respect-des-droits-de-l-enfant.html\"},\"author\":{\"name\":\"solivri\",\"@id\":\"https:\/\/www.justiceinfo.net\/fr#\/schema\/person\/6e53cba1629e2e66f3fc1821d3091865\"},\"headline\":\"Conflit isra\u00e9lo-palestinien : l\u2019ONU appelle au respect des droits de l\u2019enfant\",\"datePublished\":\"2018-08-02T03:20:28+00:00\",\"mainEntityOfPage\":{\"@id\":\"https:\/\/www.justiceinfo.net\/fr\/38255-conflit-israelo-palestinien-l-onu-appelle-au-respect-des-droits-de-l-enfant.html\"},\"wordCount\":469,\"commentCount\":0,\"publisher\":{\"@id\":\"https:\/\/www.justiceinfo.net\/fr#organization\"},\"image\":{\"@id\":\"https:\/\/www.justiceinfo.net\/fr\/38255-conflit-israelo-palestinien-l-onu-appelle-au-respect-des-droits-de-l-enfant.html#primaryimage\"},\"thumbnailUrl\":\"https:\/\/www.justiceinfo.net\/wp-content\/uploads\/486e69716772b5d1d2b177793fde8f5e.jpg\",\"articleSection\":[\"Divers\"],\"inLanguage\":\"fr-FR\",\"potentialAction\":[{\"@type\":\"CommentAction\",\"name\":\"Comment\",\"target\":[\"https:\/\/www.justiceinfo.net\/fr\/38255-conflit-israelo-palestinien-l-onu-appelle-au-respect-des-droits-de-l-enfant.html#respond\"]}]},{\"@type\":\"WebPage\",\"@id\":\"https:\/\/www.justiceinfo.net\/fr\/38255-conflit-israelo-palestinien-l-onu-appelle-au-respect-des-droits-de-l-enfant.html\",\"url\":\"https:\/\/www.justiceinfo.net\/fr\/38255-conflit-israelo-palestinien-l-onu-appelle-au-respect-des-droits-de-l-enfant.html\",\"name\":\"Conflit isra\u00e9lo-palestinien : l\u2019ONU appelle au respect des droits de l\u2019enfant - JusticeInfo.net\",\"isPartOf\":{\"@id\":\"https:\/\/www.justiceinfo.net\/fr#website\"},\"primaryImageOfPage\":{\"@id\":\"https:\/\/www.justiceinfo.net\/fr\/38255-conflit-israelo-palestinien-l-onu-appelle-au-respect-des-droits-de-l-enfant.html#primaryimage\"},\"image\":{\"@id\":\"https:\/\/www.justiceinfo.net\/fr\/38255-conflit-israelo-palestinien-l-onu-appelle-au-respect-des-droits-de-l-enfant.html#primaryimage\"},\"thumbnailUrl\":\"https:\/\/www.justiceinfo.net\/wp-content\/uploads\/486e69716772b5d1d2b177793fde8f5e.jpg\",\"datePublished\":\"2018-08-02T03:20:28+00:00\",\"breadcrumb\":{\"@id\":\"https:\/\/www.justiceinfo.net\/fr\/38255-conflit-israelo-palestinien-l-onu-appelle-au-respect-des-droits-de-l-enfant.html#breadcrumb\"},\"inLanguage\":\"fr-FR\",\"potentialAction\":[{\"@type\":\"ReadAction\",\"target\":[\"https:\/\/www.justiceinfo.net\/fr\/38255-conflit-israelo-palestinien-l-onu-appelle-au-respect-des-droits-de-l-enfant.html\"]}]},{\"@type\":\"ImageObject\",\"inLanguage\":\"fr-FR\",\"@id\":\"https:\/\/www.justiceinfo.net\/fr\/38255-conflit-israelo-palestinien-l-onu-appelle-au-respect-des-droits-de-l-enfant.html#primaryimage\",\"url\":\"https:\/\/www.justiceinfo.net\/wp-content\/uploads\/486e69716772b5d1d2b177793fde8f5e.jpg\",\"contentUrl\":\"https:\/\/www.justiceinfo.net\/wp-content\/uploads\/486e69716772b5d1d2b177793fde8f5e.jpg\",\"width\":2000,\"height\":1335},{\"@type\":\"BreadcrumbList\",\"@id\":\"https:\/\/www.justiceinfo.net\/fr\/38255-conflit-israelo-palestinien-l-onu-appelle-au-respect-des-droits-de-l-enfant.html#breadcrumb\",\"itemListElement\":[{\"@type\":\"ListItem\",\"position\":1,\"name\":\"Home\",\"item\":\"https:\/\/www.justiceinfo.net\/fr\"},{\"@type\":\"ListItem\",\"position\":2,\"name\":\"Conflit isra\u00e9lo-palestinien : l\u2019ONU appelle au respect des droits de l\u2019enfant\"}]},{\"@type\":\"WebSite\",\"@id\":\"https:\/\/www.justiceinfo.net\/fr#website\",\"url\":\"https:\/\/www.justiceinfo.net\/fr\",\"name\":\"JusticeInfo.net\",\"description\":\"La justice doit \u00eatre vue pour \u00eatre rendue\",\"publisher\":{\"@id\":\"https:\/\/www.justiceinfo.net\/fr#organization\"},\"potentialAction\":[{\"@type\":\"SearchAction\",\"target\":{\"@type\":\"EntryPoint\",\"urlTemplate\":\"https:\/\/www.justiceinfo.net\/fr?s={search_term_string}\"},\"query-input\":{\"@type\":\"PropertyValueSpecification\",\"valueRequired\":true,\"valueName\":\"search_term_string\"}}],\"inLanguage\":\"fr-FR\"},{\"@type\":\"Organization\",\"@id\":\"https:\/\/www.justiceinfo.net\/fr#organization\",\"name\":\"Justice Info\",\"url\":\"https:\/\/www.justiceinfo.net\/fr\",\"logo\":{\"@type\":\"ImageObject\",\"inLanguage\":\"fr-FR\",\"@id\":\"https:\/\/www.justiceinfo.net\/fr#\/schema\/logo\/image\/\",\"url\":\"https:\/\/www.justiceinfo.net\/wp-content\/uploads\/justiceinfo_logo-trans_1200x1200px.png\",\"contentUrl\":\"https:\/\/www.justiceinfo.net\/wp-content\/uploads\/justiceinfo_logo-trans_1200x1200px.png\",\"width\":1199,\"height\":1200,\"caption\":\"Justice Info\"},\"image\":{\"@id\":\"https:\/\/www.justiceinfo.net\/fr#\/schema\/logo\/image\/\"},\"sameAs\":[\"https:\/\/www.facebook.com\/JusticeInfo\/\",\"https:\/\/x.com\/justiceinfonet\",\"https:\/\/www.linkedin.com\/company\/justice-info\",\"https:\/\/www.youtube.com\/channel\/UCyCEsARodyuWtkWyhn-e7pA\"]},{\"@type\":\"Person\",\"name\":\"JusticeInfo.Net\",\"url\":\"\/fr\/?s=JusticeInfo.Net\"}]}<\/script>\n<!-- \/ Yoast SEO Premium plugin. -->","yoast_head_json":{"title":"Conflit isra\u00e9lo-palestinien : l\u2019ONU appelle au respect des droits de l\u2019enfant - JusticeInfo.net","robots":{"index":"index","follow":"follow","max-snippet":"max-snippet:-1","max-image-preview":"max-image-preview:large","max-video-preview":"max-video-preview:-1"},"canonical":"https:\/\/www.justiceinfo.net\/fr\/38255-conflit-israelo-palestinien-l-onu-appelle-au-respect-des-droits-de-l-enfant.html","og_locale":"fr_FR","og_type":"article","og_title":"Conflit isra\u00e9lo-palestinien : l\u2019ONU appelle au respect des droits de l\u2019enfant","og_description":"Trois responsables des Nations unies au Proche-Orient ont rappel\u00e9 mercredi 1er ao\u00fbt aux parties isra\u00e9lienne et palestinienne leur obligation de respecter les droits de l\u2019enfant, dans le conflit qui les oppose.","og_url":"https:\/\/www.justiceinfo.net\/fr\/38255-conflit-israelo-palestinien-l-onu-appelle-au-respect-des-droits-de-l-enfant.html","og_site_name":"JusticeInfo.net","article_publisher":"https:\/\/www.facebook.com\/JusticeInfo\/","article_published_time":"2018-08-02T03:20:28+00:00","og_image":[{"width":2000,"height":1335,"url":"https:\/\/www.justiceinfo.net\/wp-content\/uploads\/486e69716772b5d1d2b177793fde8f5e.jpg","type":"image\/jpeg"}],"author":"JusticeInfo.Net","twitter_card":"summary_large_image","twitter_creator":"@justiceinfonet","twitter_site":"@justiceinfonet","twitter_misc":{"\u00c9crit par":"JusticeInfo.Net","Dur\u00e9e de lecture estim\u00e9e":"2 minutes"},"schema":{"@context":"https:\/\/schema.org","@graph":[{"@type":"NewsArticle","@id":"https:\/\/www.justiceinfo.net\/fr\/38255-conflit-israelo-palestinien-l-onu-appelle-au-respect-des-droits-de-l-enfant.html#article","isPartOf":{"@id":"https:\/\/www.justiceinfo.net\/fr\/38255-conflit-israelo-palestinien-l-onu-appelle-au-respect-des-droits-de-l-enfant.html"},"author":{"name":"solivri","@id":"https:\/\/www.justiceinfo.net\/fr#\/schema\/person\/6e53cba1629e2e66f3fc1821d3091865"},"headline":"Conflit isra\u00e9lo-palestinien : l\u2019ONU appelle au respect des droits de l\u2019enfant","datePublished":"2018-08-02T03:20:28+00:00","mainEntityOfPage":{"@id":"https:\/\/www.justiceinfo.net\/fr\/38255-conflit-israelo-palestinien-l-onu-appelle-au-respect-des-droits-de-l-enfant.html"},"wordCount":469,"commentCount":0,"publisher":{"@id":"https:\/\/www.justiceinfo.net\/fr#organization"},"image":{"@id":"https:\/\/www.justiceinfo.net\/fr\/38255-conflit-israelo-palestinien-l-onu-appelle-au-respect-des-droits-de-l-enfant.html#primaryimage"},"thumbnailUrl":"https:\/\/www.justiceinfo.net\/wp-content\/uploads\/486e69716772b5d1d2b177793fde8f5e.jpg","articleSection":["Divers"],"inLanguage":"fr-FR","potentialAction":[{"@type":"CommentAction","name":"Comment","target":["https:\/\/www.justiceinfo.net\/fr\/38255-conflit-israelo-palestinien-l-onu-appelle-au-respect-des-droits-de-l-enfant.html#respond"]}]},{"@type":"WebPage","@id":"https:\/\/www.justiceinfo.net\/fr\/38255-conflit-israelo-palestinien-l-onu-appelle-au-respect-des-droits-de-l-enfant.html","url":"https:\/\/www.justiceinfo.net\/fr\/38255-conflit-israelo-palestinien-l-onu-appelle-au-respect-des-droits-de-l-enfant.html","name":"Conflit isra\u00e9lo-palestinien : l\u2019ONU appelle au respect des droits de l\u2019enfant - JusticeInfo.net","isPartOf":{"@id":"https:\/\/www.justiceinfo.net\/fr#website"},"primaryImageOfPage":{"@id":"https:\/\/www.justiceinfo.net\/fr\/38255-conflit-israelo-palestinien-l-onu-appelle-au-respect-des-droits-de-l-enfant.html#primaryimage"},"image":{"@id":"https:\/\/www.justiceinfo.net\/fr\/38255-conflit-israelo-palestinien-l-onu-appelle-au-respect-des-droits-de-l-enfant.html#primaryimage"},"thumbnailUrl":"https:\/\/www.justiceinfo.net\/wp-content\/uploads\/486e69716772b5d1d2b177793fde8f5e.jpg","datePublished":"2018-08-02T03:20:28+00:00","breadcrumb":{"@id":"https:\/\/www.justiceinfo.net\/fr\/38255-conflit-israelo-palestinien-l-onu-appelle-au-respect-des-droits-de-l-enfant.html#breadcrumb"},"inLanguage":"fr-FR","potentialAction":[{"@type":"ReadAction","target":["https:\/\/www.justiceinfo.net\/fr\/38255-conflit-israelo-palestinien-l-onu-appelle-au-respect-des-droits-de-l-enfant.html"]}]},{"@type":"ImageObject","inLanguage":"fr-FR","@id":"https:\/\/www.justiceinfo.net\/fr\/38255-conflit-israelo-palestinien-l-onu-appelle-au-respect-des-droits-de-l-enfant.html#primaryimage","url":"https:\/\/www.justiceinfo.net\/wp-content\/uploads\/486e69716772b5d1d2b177793fde8f5e.jpg","contentUrl":"https:\/\/www.justiceinfo.net\/wp-content\/uploads\/486e69716772b5d1d2b177793fde8f5e.jpg","width":2000,"height":1335},{"@type":"BreadcrumbList","@id":"https:\/\/www.justiceinfo.net\/fr\/38255-conflit-israelo-palestinien-l-onu-appelle-au-respect-des-droits-de-l-enfant.html#breadcrumb","itemListElement":[{"@type":"ListItem","position":1,"name":"Home","item":"https:\/\/www.justiceinfo.net\/fr"},{"@type":"ListItem","position":2,"name":"Conflit isra\u00e9lo-palestinien : l\u2019ONU appelle au respect des droits de l\u2019enfant"}]},{"@type":"WebSite","@id":"https:\/\/www.justiceinfo.net\/fr#website","url":"https:\/\/www.justiceinfo.net\/fr","name":"JusticeInfo.net","description":"La justice doit \u00eatre vue pour \u00eatre rendue","publisher":{"@id":"https:\/\/www.justiceinfo.net\/fr#organization"},"potentialAction":[{"@type":"SearchAction","target":{"@type":"EntryPoint","urlTemplate":"https:\/\/www.justiceinfo.net\/fr?s={search_term_string}"},"query-input":{"@type":"PropertyValueSpecification","valueRequired":true,"valueName":"search_term_string"}}],"inLanguage":"fr-FR"},{"@type":"Organization","@id":"https:\/\/www.justiceinfo.net\/fr#organization","name":"Justice Info","url":"https:\/\/www.justiceinfo.net\/fr","logo":{"@type":"ImageObject","inLanguage":"fr-FR","@id":"https:\/\/www.justiceinfo.net\/fr#\/schema\/logo\/image\/","url":"https:\/\/www.justiceinfo.net\/wp-content\/uploads\/justiceinfo_logo-trans_1200x1200px.png","contentUrl":"https:\/\/www.justiceinfo.net\/wp-content\/uploads\/justiceinfo_logo-trans_1200x1200px.png","width":1199,"height":1200,"caption":"Justice Info"},"image":{"@id":"https:\/\/www.justiceinfo.net\/fr#\/schema\/logo\/image\/"},"sameAs":["https:\/\/www.facebook.com\/JusticeInfo\/","https:\/\/x.com\/justiceinfonet","https:\/\/www.linkedin.com\/company\/justice-info","https:\/\/www.youtube.com\/channel\/UCyCEsARodyuWtkWyhn-e7pA"]},{"@type":"Person","name":"JusticeInfo.Net","url":"\/fr\/?s=JusticeInfo.Net"}]}},"_links":{"self":[{"href":"https:\/\/www.justiceinfo.net\/fr\/wp-json\/wp\/v2\/posts\/38255","targetHints":{"allow":["GET"]}}],"collection":[{"href":"https:\/\/www.justiceinfo.net\/fr\/wp-json\/wp\/v2\/posts"}],"about":[{"href":"https:\/\/www.justiceinfo.net\/fr\/wp-json\/wp\/v2\/types\/post"}],"author":[{"embeddable":true,"href":"https:\/\/www.justiceinfo.net\/fr\/wp-json\/wp\/v2\/users\/64"}],"replies":[{"embeddable":true,"href":"https:\/\/www.justiceinfo.net\/fr\/wp-json\/wp\/v2\/comments?post=38255"}],"version-history":[{"count":0,"href":"https:\/\/www.justiceinfo.net\/fr\/wp-json\/wp\/v2\/posts\/38255\/revisions"}],"wp:featuredmedia":[{"embeddable":true,"href":"https:\/\/www.justiceinfo.net\/fr\/wp-json\/wp\/v2\/media\/61825"}],"wp:attachment":[{"href":"https:\/\/www.justiceinfo.net\/fr\/wp-json\/wp\/v2\/media?parent=38255"}],"wp:term":[{"taxonomy":"category","embeddable":true,"href":"https:\/\/www.justiceinfo.net\/fr\/wp-json\/wp\/v2\/categories?post=38255"},{"taxonomy":"post_tag","embeddable":true,"href":"https:\/\/www.justiceinfo.net\/fr\/wp-json\/wp\/v2\/tags?post=38255"},{"taxonomy":"ji_location","embeddable":true,"href":"https:\/\/www.justiceinfo.net\/fr\/wp-json\/wp\/v2\/ji_location?post=38255"}],"curies":[{"name":"wp","href":"https:\/\/api.w.org\/{rel}","templated":true}]}}