{"id":38286,"date":"2018-08-04T05:18:34","date_gmt":"2018-08-04T03:18:34","guid":{"rendered":"https:\/\/www.justiceinfo.net\/38286-chili-abus-sexuels-les-eveques-s-excusent-d-avoir-manque-a-leurs-devoirs.html"},"modified":"2018-08-04T05:18:34","modified_gmt":"2018-08-04T03:18:34","slug":"chili-abus-sexuels-les-eveques-s-excusent-d-avoir-manque-a-leurs-devoirs","status":"publish","type":"post","link":"https:\/\/www.justiceinfo.net\/fr\/38286-chili-abus-sexuels-les-eveques-s-excusent-d-avoir-manque-a-leurs-devoirs.html","title":{"rendered":"Chili\/abus sexuels: les \u00e9v\u00eaques s\u2019excusent d'avoir \"manqu\u00e9 \u00e0 leurs devoirs\""},"content":{"rendered":"<div class=\"txt-textContent\">\n<div class=\"text fontsize_0 jq_Content jq_langdir\">\n<p>En plein scandale de p\u00e9dophilie et d\u2019omerta qui \u00e9branle l\u2019Eglise chilienne, les \u00e9v\u00eaques se sont excus\u00e9s vendredi d'avoir \"manqu\u00e9 \u00e0 leurs devoirs\" d'assistance aux victimes d\u2019abus sexuels.<\/p>\n<p>\"Nous avons manqu\u00e9 \u00e0 nos devoirs de pasteurs. Nous n\u2019avons pas \u00e9cout\u00e9, cru, re\u00e7u ou accompagn\u00e9 les victimes des graves p\u00e9ch\u00e9s et des injustices commises par les pr\u00eatres et par les membres de l'\u00e9glise. C\u2019est pour cela que nous demandons d\u2019abord pardon aux victimes et aux survivants\", ont-ils assur\u00e9 dans une d\u00e9claration, apr\u00e8s une r\u00e9union de cinq jours en assembl\u00e9e extraordinaire de la Conf\u00e9rence \u00e9piscopale \u00e0 Punta Tralca (centre).<\/p>\n<p>\"Le jour d'aujourd\u2019hui repr\u00e9sente un avant et un apr\u00e8s, un point d\u2019inflexion\", a confi\u00e9 le secr\u00e9taire g\u00e9n\u00e9ral de la Conf\u00e9rence \u00e9piscopale, Monseigneur Fernando Ramos, au sujet de la future collaboration de l\u2019\u00e9glise avec le parquet, une des mesures annonc\u00e9es vendredi.<\/p>\n<p>Par ailleurs, les \u00e9v\u00eaques se sont engag\u00e9s \u00e0 divulguer publiquement les enqu\u00eates pour abus sexuels pr\u00e9sum\u00e9es sur mineurs.\u00a0<\/p>\n<p>Ils ont \u00e9galement fait la promesse de rencontrer \"personnellement\" les victimes. Mais aussi de faire une \"autocritique\" pour comprendre ce qui \"a pu laisser ces abus se produire et pour que ces faits ne se reproduisent plus jamais\".<\/p>\n<p>\"Nous savons que les d\u00e9cisions et les compromis, \u00e0 court et moyen terme que nous avons annonc\u00e9, ne r\u00e9solvent ni le fl\u00e9au des abus sexuels qui ont eu lieu au sein de notre \u00e9glise, ni ses causes et ses racines\", ont-ils conclu.<\/p>\n<p>L'\u00e9glise chilienne est en pleine tourmente apr\u00e8s que 158 personnes - \u00e9v\u00eaques, pr\u00eatres ou la\u00efcs li\u00e9s \u00e0 celle-ci - sont ou ont \u00e9t\u00e9 vis\u00e9es par une enqu\u00eate pour abus sexuels sur des mineurs et des adultes depuis les ann\u00e9es 1960. Au total, le parquet g\u00e9n\u00e9ral a recens\u00e9 266 victimes, dont 178 \u00e9taient mineures.<\/p>\n<p>Aujourd'hui, 73 personnes sont impliqu\u00e9es dans 38 enqu\u00eates en cours concernant 104 victimes, la plupart mineures au moment des faits.<\/p>\n<p>Ces derniers mois, 14 responsables de l'\u00e9glise ont \u00e9t\u00e9 suspendus, selon la Conf\u00e9rence \u00e9piscopale. Au total, 43 religieux et un diacre ont \u00e9t\u00e9 suspendus par la justice civile (18) et par la justice canonique (25), sans pr\u00e9cision sur la dur\u00e9e de la sanction.<\/p>\n<p>L'archev\u00eaque de Santiago, le cardinal Ricardo Ezzati, a \u00e9t\u00e9 convoqu\u00e9 par le procureur r\u00e9gional de Rancagua (centre) afin de r\u00e9pondre, le 21 ao\u00fbt, aux accusations de dissimulation des abus sexuels perp\u00e9tr\u00e9s par le clerg\u00e9 chilien.<\/p>\n<p>Le 18 mai, l'ensemble de la hi\u00e9rarchie de l'Eglise chilienne avait pr\u00e9sent\u00e9 sa d\u00e9mission au pape Fran\u00e7ois dans le cadre de ce scandale de p\u00e9dophilie et d'omerta.<\/p>\n<p>Fran\u00e7ois - qui avait d\u00e9fendu l'\u00e9v\u00eaque chilien Juan Barros, soup\u00e7onn\u00e9 d'avoir tu les crimes d'un vieux pr\u00eatre p\u00e9dophile, avant de pr\u00e9senter des excuses, a jusqu'ici accept\u00e9 la d\u00e9mission de cinq \u00e9v\u00eaques chiliens.<\/p>\n<p>Les autorit\u00e9s de l'Eglise catholique chilienne \"auraient pu et auraient d\u00fb\" \u00e9viter de nombreux abus contre des enfants, avait d\u00e9plor\u00e9 pour sa part samedi le pr\u00e9sident chilien Sebastian Pi\u00f1era.<\/p>\n<p>af-str\/tup\/mz\/ple<\/p>\n<\/div>\n<\/div>\n","protected":false},"excerpt":{"rendered":"<p>En plein scandale de p\u00e9dophilie et d\u2019omerta qui \u00e9branle l\u2019Eglise chilienne, les \u00e9v\u00eaques se sont excus\u00e9s vendredi d'avoir \"manqu\u00e9 \u00e0 leurs devoirs\" d'assistance aux victimes d\u2019abus sexuels. \"Nous avons manqu\u00e9 \u00e0 nos devoirs de pasteurs. Nous n\u2019avons pas \u00e9cout\u00e9, cru, re\u00e7u ou accompagn\u00e9 les victimes des graves p\u00e9ch\u00e9s et des injustices commises par les pr\u00eatres [&hellip;]<\/p>\n","protected":false},"author":60,"featured_media":0,"comment_status":"open","ping_status":"closed","sticky":false,"template":"","format":"standard","meta":{"_acf_changed":false,"footnotes":""},"categories":[2576],"tags":[],"ji_location":[2168],"class_list":["post-38286","post","type-post","status-publish","format-standard","hentry","category-fil-d-actualite","ji_location-chili"],"acf":[],"yoast_head":"<!-- This site is optimized with the Yoast SEO Premium plugin v25.3.1 (Yoast SEO v25.3.1) - https:\/\/yoast.com\/wordpress\/plugins\/seo\/ -->\n<title>Chili\/abus sexuels: les \u00e9v\u00eaques s\u2019excusent d&#039;avoir &quot;manqu\u00e9 \u00e0 leurs devoirs&quot; - JusticeInfo.net<\/title>\n<meta name=\"robots\" content=\"index, follow, max-snippet:-1, max-image-preview:large, max-video-preview:-1\" \/>\n<link rel=\"canonical\" href=\"https:\/\/www.justiceinfo.net\/fr\/38286-chili-abus-sexuels-les-eveques-s-excusent-d-avoir-manque-a-leurs-devoirs.html\" \/>\n<meta property=\"og:locale\" content=\"fr_FR\" \/>\n<meta property=\"og:type\" content=\"article\" \/>\n<meta property=\"og:title\" content=\"Chili\/abus sexuels: les \u00e9v\u00eaques s\u2019excusent d&#039;avoir &quot;manqu\u00e9 \u00e0 leurs devoirs&quot;\" \/>\n<meta property=\"og:description\" content=\"En plein scandale de p\u00e9dophilie et d\u2019omerta qui \u00e9branle l\u2019Eglise chilienne, les \u00e9v\u00eaques se sont excus\u00e9s vendredi d&#039;avoir &quot;manqu\u00e9 \u00e0 leurs devoirs&quot; d&#039;assistance aux victimes d\u2019abus sexuels. &quot;Nous avons manqu\u00e9 \u00e0 nos devoirs de pasteurs. Nous n\u2019avons pas \u00e9cout\u00e9, cru, re\u00e7u ou accompagn\u00e9 les victimes des graves p\u00e9ch\u00e9s et des injustices commises par les pr\u00eatres [&hellip;]\" \/>\n<meta property=\"og:url\" content=\"https:\/\/www.justiceinfo.net\/fr\/38286-chili-abus-sexuels-les-eveques-s-excusent-d-avoir-manque-a-leurs-devoirs.html\" \/>\n<meta property=\"og:site_name\" content=\"JusticeInfo.net\" \/>\n<meta property=\"article:publisher\" content=\"https:\/\/www.facebook.com\/JusticeInfo\/\" \/>\n<meta property=\"article:published_time\" content=\"2018-08-04T03:18:34+00:00\" \/>\n<meta property=\"og:image\" content=\"https:\/\/www.justiceinfo.net\/wp-content\/uploads\/JusticeInfoNet_logo_1200x630px.jpg\" \/>\n\t<meta property=\"og:image:width\" content=\"1200\" \/>\n\t<meta property=\"og:image:height\" content=\"630\" \/>\n\t<meta property=\"og:image:type\" content=\"image\/jpeg\" \/>\n<meta name=\"author\" content=\"afp.com\" \/>\n<meta name=\"twitter:card\" content=\"summary_large_image\" \/>\n<meta name=\"twitter:creator\" content=\"@justiceinfonet\" \/>\n<meta name=\"twitter:site\" content=\"@justiceinfonet\" \/>\n<meta name=\"twitter:label1\" content=\"\u00c9crit par\" \/>\n\t<meta name=\"twitter:data1\" content=\"afp.com\" \/>\n\t<meta name=\"twitter:label2\" content=\"Dur\u00e9e de lecture estim\u00e9e\" \/>\n\t<meta name=\"twitter:data2\" content=\"3 minutes\" \/>\n<script type=\"application\/ld+json\" class=\"yoast-schema-graph\">{\"@context\":\"https:\/\/schema.org\",\"@graph\":[{\"@type\":\"NewsArticle\",\"@id\":\"https:\/\/www.justiceinfo.net\/fr\/38286-chili-abus-sexuels-les-eveques-s-excusent-d-avoir-manque-a-leurs-devoirs.html#article\",\"isPartOf\":{\"@id\":\"https:\/\/www.justiceinfo.net\/fr\/38286-chili-abus-sexuels-les-eveques-s-excusent-d-avoir-manque-a-leurs-devoirs.html\"},\"author\":{\"name\":\"afp\",\"@id\":\"https:\/\/www.justiceinfo.net\/fr#\/schema\/person\/713d340ef5f218fc36ce9b4244364a7f\"},\"headline\":\"Chili\/abus sexuels: les \u00e9v\u00eaques s\u2019excusent d'avoir \\\"manqu\u00e9 \u00e0 leurs devoirs\\\"\",\"datePublished\":\"2018-08-04T03:18:34+00:00\",\"mainEntityOfPage\":{\"@id\":\"https:\/\/www.justiceinfo.net\/fr\/38286-chili-abus-sexuels-les-eveques-s-excusent-d-avoir-manque-a-leurs-devoirs.html\"},\"wordCount\":562,\"commentCount\":0,\"publisher\":{\"@id\":\"https:\/\/www.justiceinfo.net\/fr#organization\"},\"articleSection\":[\"Fil d'info AFP\"],\"inLanguage\":\"fr-FR\",\"potentialAction\":[{\"@type\":\"CommentAction\",\"name\":\"Comment\",\"target\":[\"https:\/\/www.justiceinfo.net\/fr\/38286-chili-abus-sexuels-les-eveques-s-excusent-d-avoir-manque-a-leurs-devoirs.html#respond\"]}]},{\"@type\":\"WebPage\",\"@id\":\"https:\/\/www.justiceinfo.net\/fr\/38286-chili-abus-sexuels-les-eveques-s-excusent-d-avoir-manque-a-leurs-devoirs.html\",\"url\":\"https:\/\/www.justiceinfo.net\/fr\/38286-chili-abus-sexuels-les-eveques-s-excusent-d-avoir-manque-a-leurs-devoirs.html\",\"name\":\"Chili\/abus sexuels: les \u00e9v\u00eaques s\u2019excusent d'avoir \\\"manqu\u00e9 \u00e0 leurs devoirs\\\" - JusticeInfo.net\",\"isPartOf\":{\"@id\":\"https:\/\/www.justiceinfo.net\/fr#website\"},\"datePublished\":\"2018-08-04T03:18:34+00:00\",\"breadcrumb\":{\"@id\":\"https:\/\/www.justiceinfo.net\/fr\/38286-chili-abus-sexuels-les-eveques-s-excusent-d-avoir-manque-a-leurs-devoirs.html#breadcrumb\"},\"inLanguage\":\"fr-FR\",\"potentialAction\":[{\"@type\":\"ReadAction\",\"target\":[\"https:\/\/www.justiceinfo.net\/fr\/38286-chili-abus-sexuels-les-eveques-s-excusent-d-avoir-manque-a-leurs-devoirs.html\"]}]},{\"@type\":\"BreadcrumbList\",\"@id\":\"https:\/\/www.justiceinfo.net\/fr\/38286-chili-abus-sexuels-les-eveques-s-excusent-d-avoir-manque-a-leurs-devoirs.html#breadcrumb\",\"itemListElement\":[{\"@type\":\"ListItem\",\"position\":1,\"name\":\"Home\",\"item\":\"https:\/\/www.justiceinfo.net\/fr\"},{\"@type\":\"ListItem\",\"position\":2,\"name\":\"Chili\/abus sexuels: les \u00e9v\u00eaques s\u2019excusent d'avoir \\\"manqu\u00e9 \u00e0 leurs devoirs\\\"\"}]},{\"@type\":\"WebSite\",\"@id\":\"https:\/\/www.justiceinfo.net\/fr#website\",\"url\":\"https:\/\/www.justiceinfo.net\/fr\",\"name\":\"JusticeInfo.net\",\"description\":\"La justice doit \u00eatre vue pour \u00eatre rendue\",\"publisher\":{\"@id\":\"https:\/\/www.justiceinfo.net\/fr#organization\"},\"potentialAction\":[{\"@type\":\"SearchAction\",\"target\":{\"@type\":\"EntryPoint\",\"urlTemplate\":\"https:\/\/www.justiceinfo.net\/fr?s={search_term_string}\"},\"query-input\":{\"@type\":\"PropertyValueSpecification\",\"valueRequired\":true,\"valueName\":\"search_term_string\"}}],\"inLanguage\":\"fr-FR\"},{\"@type\":\"Organization\",\"@id\":\"https:\/\/www.justiceinfo.net\/fr#organization\",\"name\":\"Justice Info\",\"url\":\"https:\/\/www.justiceinfo.net\/fr\",\"logo\":{\"@type\":\"ImageObject\",\"inLanguage\":\"fr-FR\",\"@id\":\"https:\/\/www.justiceinfo.net\/fr#\/schema\/logo\/image\/\",\"url\":\"https:\/\/www.justiceinfo.net\/wp-content\/uploads\/justiceinfo_logo-trans_1200x1200px.png\",\"contentUrl\":\"https:\/\/www.justiceinfo.net\/wp-content\/uploads\/justiceinfo_logo-trans_1200x1200px.png\",\"width\":1199,\"height\":1200,\"caption\":\"Justice Info\"},\"image\":{\"@id\":\"https:\/\/www.justiceinfo.net\/fr#\/schema\/logo\/image\/\"},\"sameAs\":[\"https:\/\/www.facebook.com\/JusticeInfo\/\",\"https:\/\/x.com\/justiceinfonet\",\"https:\/\/www.linkedin.com\/company\/justice-info\",\"https:\/\/www.youtube.com\/channel\/UCyCEsARodyuWtkWyhn-e7pA\"]},{\"@type\":\"Person\",\"name\":\"afp.com\",\"url\":\"\/fr\/?s=afp.com\"}]}<\/script>\n<!-- \/ Yoast SEO Premium plugin. -->","yoast_head_json":{"title":"Chili\/abus sexuels: les \u00e9v\u00eaques s\u2019excusent d'avoir \"manqu\u00e9 \u00e0 leurs devoirs\" - JusticeInfo.net","robots":{"index":"index","follow":"follow","max-snippet":"max-snippet:-1","max-image-preview":"max-image-preview:large","max-video-preview":"max-video-preview:-1"},"canonical":"https:\/\/www.justiceinfo.net\/fr\/38286-chili-abus-sexuels-les-eveques-s-excusent-d-avoir-manque-a-leurs-devoirs.html","og_locale":"fr_FR","og_type":"article","og_title":"Chili\/abus sexuels: les \u00e9v\u00eaques s\u2019excusent d'avoir \"manqu\u00e9 \u00e0 leurs devoirs\"","og_description":"En plein scandale de p\u00e9dophilie et d\u2019omerta qui \u00e9branle l\u2019Eglise chilienne, les \u00e9v\u00eaques se sont excus\u00e9s vendredi d'avoir \"manqu\u00e9 \u00e0 leurs devoirs\" d'assistance aux victimes d\u2019abus sexuels. \"Nous avons manqu\u00e9 \u00e0 nos devoirs de pasteurs. Nous n\u2019avons pas \u00e9cout\u00e9, cru, re\u00e7u ou accompagn\u00e9 les victimes des graves p\u00e9ch\u00e9s et des injustices commises par les pr\u00eatres [&hellip;]","og_url":"https:\/\/www.justiceinfo.net\/fr\/38286-chili-abus-sexuels-les-eveques-s-excusent-d-avoir-manque-a-leurs-devoirs.html","og_site_name":"JusticeInfo.net","article_publisher":"https:\/\/www.facebook.com\/JusticeInfo\/","article_published_time":"2018-08-04T03:18:34+00:00","og_image":[{"width":1200,"height":630,"url":"https:\/\/www.justiceinfo.net\/wp-content\/uploads\/JusticeInfoNet_logo_1200x630px.jpg","type":"image\/jpeg"}],"author":"afp.com","twitter_card":"summary_large_image","twitter_creator":"@justiceinfonet","twitter_site":"@justiceinfonet","twitter_misc":{"\u00c9crit par":"afp.com","Dur\u00e9e de lecture estim\u00e9e":"3 minutes"},"schema":{"@context":"https:\/\/schema.org","@graph":[{"@type":"NewsArticle","@id":"https:\/\/www.justiceinfo.net\/fr\/38286-chili-abus-sexuels-les-eveques-s-excusent-d-avoir-manque-a-leurs-devoirs.html#article","isPartOf":{"@id":"https:\/\/www.justiceinfo.net\/fr\/38286-chili-abus-sexuels-les-eveques-s-excusent-d-avoir-manque-a-leurs-devoirs.html"},"author":{"name":"afp","@id":"https:\/\/www.justiceinfo.net\/fr#\/schema\/person\/713d340ef5f218fc36ce9b4244364a7f"},"headline":"Chili\/abus sexuels: les \u00e9v\u00eaques s\u2019excusent d'avoir \"manqu\u00e9 \u00e0 leurs devoirs\"","datePublished":"2018-08-04T03:18:34+00:00","mainEntityOfPage":{"@id":"https:\/\/www.justiceinfo.net\/fr\/38286-chili-abus-sexuels-les-eveques-s-excusent-d-avoir-manque-a-leurs-devoirs.html"},"wordCount":562,"commentCount":0,"publisher":{"@id":"https:\/\/www.justiceinfo.net\/fr#organization"},"articleSection":["Fil d'info AFP"],"inLanguage":"fr-FR","potentialAction":[{"@type":"CommentAction","name":"Comment","target":["https:\/\/www.justiceinfo.net\/fr\/38286-chili-abus-sexuels-les-eveques-s-excusent-d-avoir-manque-a-leurs-devoirs.html#respond"]}]},{"@type":"WebPage","@id":"https:\/\/www.justiceinfo.net\/fr\/38286-chili-abus-sexuels-les-eveques-s-excusent-d-avoir-manque-a-leurs-devoirs.html","url":"https:\/\/www.justiceinfo.net\/fr\/38286-chili-abus-sexuels-les-eveques-s-excusent-d-avoir-manque-a-leurs-devoirs.html","name":"Chili\/abus sexuels: les \u00e9v\u00eaques s\u2019excusent d'avoir \"manqu\u00e9 \u00e0 leurs devoirs\" - JusticeInfo.net","isPartOf":{"@id":"https:\/\/www.justiceinfo.net\/fr#website"},"datePublished":"2018-08-04T03:18:34+00:00","breadcrumb":{"@id":"https:\/\/www.justiceinfo.net\/fr\/38286-chili-abus-sexuels-les-eveques-s-excusent-d-avoir-manque-a-leurs-devoirs.html#breadcrumb"},"inLanguage":"fr-FR","potentialAction":[{"@type":"ReadAction","target":["https:\/\/www.justiceinfo.net\/fr\/38286-chili-abus-sexuels-les-eveques-s-excusent-d-avoir-manque-a-leurs-devoirs.html"]}]},{"@type":"BreadcrumbList","@id":"https:\/\/www.justiceinfo.net\/fr\/38286-chili-abus-sexuels-les-eveques-s-excusent-d-avoir-manque-a-leurs-devoirs.html#breadcrumb","itemListElement":[{"@type":"ListItem","position":1,"name":"Home","item":"https:\/\/www.justiceinfo.net\/fr"},{"@type":"ListItem","position":2,"name":"Chili\/abus sexuels: les \u00e9v\u00eaques s\u2019excusent d'avoir \"manqu\u00e9 \u00e0 leurs devoirs\""}]},{"@type":"WebSite","@id":"https:\/\/www.justiceinfo.net\/fr#website","url":"https:\/\/www.justiceinfo.net\/fr","name":"JusticeInfo.net","description":"La justice doit \u00eatre vue pour \u00eatre rendue","publisher":{"@id":"https:\/\/www.justiceinfo.net\/fr#organization"},"potentialAction":[{"@type":"SearchAction","target":{"@type":"EntryPoint","urlTemplate":"https:\/\/www.justiceinfo.net\/fr?s={search_term_string}"},"query-input":{"@type":"PropertyValueSpecification","valueRequired":true,"valueName":"search_term_string"}}],"inLanguage":"fr-FR"},{"@type":"Organization","@id":"https:\/\/www.justiceinfo.net\/fr#organization","name":"Justice Info","url":"https:\/\/www.justiceinfo.net\/fr","logo":{"@type":"ImageObject","inLanguage":"fr-FR","@id":"https:\/\/www.justiceinfo.net\/fr#\/schema\/logo\/image\/","url":"https:\/\/www.justiceinfo.net\/wp-content\/uploads\/justiceinfo_logo-trans_1200x1200px.png","contentUrl":"https:\/\/www.justiceinfo.net\/wp-content\/uploads\/justiceinfo_logo-trans_1200x1200px.png","width":1199,"height":1200,"caption":"Justice Info"},"image":{"@id":"https:\/\/www.justiceinfo.net\/fr#\/schema\/logo\/image\/"},"sameAs":["https:\/\/www.facebook.com\/JusticeInfo\/","https:\/\/x.com\/justiceinfonet","https:\/\/www.linkedin.com\/company\/justice-info","https:\/\/www.youtube.com\/channel\/UCyCEsARodyuWtkWyhn-e7pA"]},{"@type":"Person","name":"afp.com","url":"\/fr\/?s=afp.com"}]}},"_links":{"self":[{"href":"https:\/\/www.justiceinfo.net\/fr\/wp-json\/wp\/v2\/posts\/38286","targetHints":{"allow":["GET"]}}],"collection":[{"href":"https:\/\/www.justiceinfo.net\/fr\/wp-json\/wp\/v2\/posts"}],"about":[{"href":"https:\/\/www.justiceinfo.net\/fr\/wp-json\/wp\/v2\/types\/post"}],"author":[{"embeddable":true,"href":"https:\/\/www.justiceinfo.net\/fr\/wp-json\/wp\/v2\/users\/60"}],"replies":[{"embeddable":true,"href":"https:\/\/www.justiceinfo.net\/fr\/wp-json\/wp\/v2\/comments?post=38286"}],"version-history":[{"count":0,"href":"https:\/\/www.justiceinfo.net\/fr\/wp-json\/wp\/v2\/posts\/38286\/revisions"}],"wp:attachment":[{"href":"https:\/\/www.justiceinfo.net\/fr\/wp-json\/wp\/v2\/media?parent=38286"}],"wp:term":[{"taxonomy":"category","embeddable":true,"href":"https:\/\/www.justiceinfo.net\/fr\/wp-json\/wp\/v2\/categories?post=38286"},{"taxonomy":"post_tag","embeddable":true,"href":"https:\/\/www.justiceinfo.net\/fr\/wp-json\/wp\/v2\/tags?post=38286"},{"taxonomy":"ji_location","embeddable":true,"href":"https:\/\/www.justiceinfo.net\/fr\/wp-json\/wp\/v2\/ji_location?post=38286"}],"curies":[{"name":"wp","href":"https:\/\/api.w.org\/{rel}","templated":true}]}}