{"id":3833,"date":"2008-05-10T07:37:30","date_gmt":"2008-05-10T05:37:30","guid":{"rendered":"https:\/\/www.justiceinfo.net\/3833-090508-tpirsynthese-hebdomadaire-choc-au-tpir-apres-la-disparition-dun-temoin623.html"},"modified":"2008-05-10T07:37:30","modified_gmt":"2008-05-10T05:37:30","slug":"090508-tpirsynthese-hebdomadaire-choc-au-tpir-apres-la-disparition-dun-temoin623","status":"publish","type":"post","link":"https:\/\/www.justiceinfo.net\/fr\/3833-090508-tpirsynthese-hebdomadaire-choc-au-tpir-apres-la-disparition-dun-temoin623.html","title":{"rendered":"09.05.08 - TPIR\/SYNTHESE HEBDOMADAIRE  - CHOC AU TPIR APRES LA DISPARITION D\u2019UN TEMOIN"},"content":{"rendered":"<p  >\nArusha, 9 mai 2008 (FH) - Le Tribunal p\u00e9nal international pour le Rwanda (TPIR) est rest\u00e9 sous le choc depuis la disparition, mardi, d\u2019un t\u00e9moin prot\u00e9g\u00e9 qui s\u2019appr\u00eatait \u00e0 compara\u00eetre dans un proc\u00e8s en cours.<br \/>\n C\u2019est la premi\u00e8re fois qu\u2019un tel incident survient depuis le d\u00e9but des proc\u00e8s il y a onze ans.\n<\/p>\n<p><!--more--><\/p>\n<p  >\nLe t\u00e9moin, un Rwandais seulement d\u00e9sign\u00e9 par le nom de code GFA, avait \u00e9t\u00e9 rappel\u00e9 \u00e0 la barre apr\u00e8s avoir admis qu\u2019il avait fait un faux t\u00e9moignage dans une pr\u00e9c\u00e9dente d\u00e9position. Il a disparu alors qu\u2019il \u00e9tait h\u00e9berg\u00e9 dans \u00ab une maison s\u00e9curis\u00e9e \u00bb sous la garde d\u2019\u00e9l\u00e9ments de la police tanzanienne, supervis\u00e9s par des agents du TPIR, quelques heures seulement avant sa nouvelle comparution.<br \/>\nLa police tanzanienne, en collaboration avec le service de s\u00e9curit\u00e9 du TPIR, a lanc\u00e9 une op\u00e9ration visant \u00e0 le retrouver. Le chef de la police tanzanienne \u00e0 Arusha, Basilio Matei, a clarifi\u00e9 que le r\u00f4le de ses hommes se limitait \u00e0 contr\u00f4ler l\u2019entr\u00e9e de la maison s\u00e9curis\u00e9e et que toutes les op\u00e9rations \u00e0 l\u2019int\u00e9rieur de l\u2019enceinte relevaient de la responsabilit\u00e9 du tribunal.<\/p>\n<p>Basilio Matei a d\u00e9clar\u00e9 \u00e0 l\u2019agence Hirondelle que les premi\u00e8res informations tendent \u00e0 indiquer que le t\u00e9moin aurait saut\u00e9 par-dessus le mur de la maison s\u00e9curis\u00e9e, alors qu'il effectuait des exercices physiques. Dans la maison, il a cependant laiss\u00e9 un message expliquant qu'il se rendait chez son amie, sans indiquer le nom de cette derni\u00e8re ni le lieu o\u00f9 elle r\u00e9side, a expliqu\u00e9 le responsable.<br \/>\nDans ce message, le t\u00e9moin se plaint de ne pas avoir re\u00e7u les 400 dollars qu\u2019il attendait pour pouvoir les envoyer \u00e0 sa famille. Les t\u00e9moins prot\u00e9g\u00e9s qui viennent devant le TPIR sont indemnis\u00e9s \u00e0 hauteur de 20 USD par jour.<br \/>\nGFA avait t\u00e9moign\u00e9 pour l\u2019accusation dans plusieurs proc\u00e8s, dont celui de 4 ex-ministres du gouvernement int\u00e9rimaire en place pendant le g\u00e9nocide de 1994.\n<\/p>\n<p  >\nParmi les accus\u00e9s, figure l\u2019ex-ministre des affaires \u00e9trang\u00e8res, J\u00e9r\u00f4me Bicamumpaka.\n<\/p>\n<p  >\nR\u00e9cemment, GFA avait contact\u00e9 la d\u00e9fense de Bicamumpaka pour lui dire qu\u2019il avait menti lors de son t\u00e9moignage \u00e0 charge, en \u00e9change de sa lib\u00e9ration d\u2019une prison du Rwanda o\u00f9 il \u00e9tait poursuivi pour des crimes en rapport avec le g\u00e9nocide de 1994.\n<\/p>\n<p  >\nLa chambre avait alors autoris\u00e9 les d\u00e9fenseurs de l\u2019ex-ministre \u00e0 aller rencontrer \u00e0 Kampala (Ouganda) le t\u00e9moin en pr\u00e9sence d\u2019un repr\u00e9sentant du procureur.\n<\/p>\n<p  >\nAvant d\u2019entendre sa nouvelle d\u00e9position, \u00e0 son retour \u00e0 Arusha, la chambre lui a d\u2019abord expliqu\u00e9 qu\u2019un faux t\u00e9moignage est passible de sanctions. Il a alors demand\u00e9 l\u2019ajournement pour b\u00e9n\u00e9ficier de l\u2019assistance de juristes. Apr\u00e8s avoir rencontr\u00e9 de nouveau des avocats, il aurait d\u00fb compara\u00eetre mardi, le jour de sa disparition.\n<\/p>\n<p  >\nMercredi et jeudi, la d\u00e9fense de Bicamumpaka a fait compara\u00eetre Johann Swinnen, qui \u00e9tait ambassadeur de Belgique au Rwanda en 1994. Le diplomate a rencontr\u00e9 l\u2019ancien ministre Bicamumpaka, le 9 avril 1994, peu apr\u00e8s la prestation de serment du gouvernement int\u00e9rimaire. Bicamumpaka s\u2019\u00e9tait rendu \u00e0 la r\u00e9sidence de l\u2019ambassadeur en compagnie de deux de ses coll\u00e8gues au gouvernement.<br \/>\nSelon l\u2019ambassadeur, les ministres voulaient expliquer l\u2019extr\u00eame difficult\u00e9 dans laquelle se trouvait le gouvernement int\u00e9rimaire. Ils ont d\u00e9clar\u00e9 que le gouvernement \u00e9tait cependant d\u00e9termin\u00e9 \u00e0 restaurer la paix et la s\u00e9r\u00e9nit\u00e9 dans le pays et entamer un travail de reconstruction. Le diplomate leur a r\u00e9pondu que certaines conditions devaient \u00eatre remplies pour permettre d\u2019engager un dialogue serein et cr\u00e9dible avec son pays.<br \/>\nOn attendait de \u00ab voir rapidement, pour ne pas dire imm\u00e9diatement, des gestes, des signaux positifs et convaincants \u00bb, a indiqu\u00e9 Johann Swinnen. Bruxelles n\u2019a jamais reconnu le gouvernement int\u00e9rimaire rwandais.<br \/>\n Johann Swinnen est arriv\u00e9 au Rwanda le 16 ao\u00fbt 1990. Il a quitt\u00e9 ce pays le 12 avril 1994, \u00e9vacu\u00e9 par les militaires belges. Il est actuellement ambassadeur de son pays \u00e0 Kinshasa. Lors de son t\u00e9moignage, Johann Swinnen a d\u00e9plor\u00e9 qu\u2019aucune enqu\u00eate s\u00e9rieuse sur l\u2019attentat contre l\u2019avion du pr\u00e9sident Juv\u00e9nal Habyarimana n\u2019ait abouti. \u00ab Ca m\u2019\u00e9tonnera toujours qu\u2019on n\u2019ait pas r\u00e9ussi \u00e0 mener une enqu\u00eate s\u00e9rieuse aboutissant \u00e0 des r\u00e9sultats\u00bb a-t-il dit.<br \/>\n \u00ab Je serais le dernier \u00e0 affirmer quoique ce soit mais beaucoup de questions sont sans r\u00e9ponse \u00bb a-t-il ajout\u00e9. \u00ab Nous devons avoir l\u2019honn\u00eatet\u00e9 intellectuelle, morale, politique d\u2019admettre que beaucoup de choses n\u2019ont pas trouv\u00e9 de r\u00e9ponse \u00bb a-t-il soulign\u00e9.<br \/>\nLes d\u00e9bats se sont par ailleurs poursuivis dans le proc\u00e8s \u00ab Karemera et autres \u00bb dans lequel comparaissent trois anciens dirigeants de l\u2019ex-parti pr\u00e9sidentiel. Les accus\u00e9s sont Edouard Karemera, Matthieu Ngirumpatse et Joseph Nzirorera, tous membres du comit\u00e9 directeur du parti.<br \/>\nLe Tribunal a notamment entendu cette semaine, le t\u00e9moin prot\u00e9g\u00e9 XQL, une femme cadre du parti pr\u00e9sidentiel. Elle a \u00e9t\u00e9 cit\u00e9e par la d\u00e9fense de Karemera. Lors du contre-interrogatoire par le procureur, Mme XQL s'est vue demander si elle n\u2019avait pas \u00e9t\u00e9, \u00e0 un moment de sa vie, fianc\u00e9e avec Juv\u00e9nal Habyarimana, l'ancien chef de l\u2019Etat.<br \/>\n \u00abJ\u2019appelle \u00e7a des d\u00e9marches de macho\u00bb a r\u00e9pondu le t\u00e9moin, tr\u00e8s indign\u00e9, expliquant qu\u2019il est malheureux de penser qu\u2019une femme ne peut acc\u00e9der \u00e0 un poste de responsabilit\u00e9  sans se servir de ses charmes. Les avocats de la d\u00e9fense ont cri\u00e9 au \u00ab scandale \u00bb et \u00e0 \u00ab l\u2019outrage \u00bb.<br \/>\n  A noter enfin que le tribunal a commenc\u00e9 cette semaine un nouveau proc\u00e8s. Il s\u2019agit de celui de Callixte Kalimanzira, un ancien haut fonctionnaire rwandais poursuivi pour g\u00e9nocide.<br \/>\n Le proc\u00e8s a d\u00e9marr\u00e9 lundi apr\u00e8s plusieurs retards. N\u00e9 en 1953 dans le commune de Muganza, dans la pr\u00e9fecture de Butare (sud), l\u2019accus\u00e9, un agronome de formation, r\u00e9pond de trois chefs : g\u00e9nocide, complicit\u00e9 dans le g\u00e9nocide, incitation directe et publique \u00e0 commettre le g\u00e9nocide. Kalimanzira plaide non coupable.<br \/>\n\u00ab Kalimanzira a particip\u00e9 aux campagnes g\u00e9nocidaires dans la pr\u00e9fecture de Butare \u00bb, a d\u00e9clar\u00e9 \u00e0 l\u2019ouverture du proc\u00e8s, Christine Graham, repr\u00e9sentant le bureau du procureur. Il jouissait, \u00e0 Butare, a-t-elle poursuivi \u00ab d\u2019un pouvoir, d\u2019une autorit\u00e9 et d\u2019une influence \u00bb dont il a abus\u00e9 en incitant la population hutue \u00e0 tuer les Tutsis en plusieurs endroits de la pr\u00e9fecture. Mme Graham a accus\u00e9 Kalimanzira d\u2019avoir jou\u00e9 \u00ab un r\u00f4le cl\u00e9 \u00bb dans le massacre vers fin avril 1994 de plus de 20.000 Tutsis qui avaient cherch\u00e9 refuge sur la colline de Kabuye, dans la commune de Ndora. \u00ab Des r\u00e9fugi\u00e9s tutsis se sont approch\u00e9s de lui, lui ont demand\u00e9 de l\u2019aide mais au lieu de cela, il a encourag\u00e9 les assaillants \u00e0 poursuivre le massacre \u00bb, a assen\u00e9 la repr\u00e9sentante du procureur.<br \/>\n AT\/PB\/GF<\/p>\n","protected":false},"excerpt":{"rendered":"<p>Arusha, 9 mai 2008 (FH) - Le Tribunal p\u00e9nal international pour le Rwanda (TPIR) est rest\u00e9 sous le choc depuis la disparition, mardi, d\u2019un t\u00e9moin prot\u00e9g\u00e9 qui s\u2019appr\u00eatait \u00e0 compara\u00eetre dans un proc\u00e8s en cours. C\u2019est la premi\u00e8re fois qu\u2019un tel incident survient depuis le d\u00e9but des proc\u00e8s il y a onze ans.<\/p>\n","protected":false},"author":64,"featured_media":0,"comment_status":"open","ping_status":"closed","sticky":false,"template":"","format":"standard","meta":{"_acf_changed":false,"footnotes":""},"categories":[554],"tags":[],"ji_location":[],"class_list":["post-3833","post","type-post","status-publish","format-standard","hentry","category-hirondellenews"],"acf":[],"yoast_head":"<!-- This site is optimized with the Yoast SEO Premium plugin v25.3.1 (Yoast SEO v25.3.1) - https:\/\/yoast.com\/wordpress\/plugins\/seo\/ -->\n<title>09.05.08 - TPIR\/SYNTHESE HEBDOMADAIRE - CHOC AU TPIR APRES LA DISPARITION D\u2019UN TEMOIN - JusticeInfo.net<\/title>\n<meta name=\"robots\" content=\"index, follow, max-snippet:-1, max-image-preview:large, max-video-preview:-1\" \/>\n<link rel=\"canonical\" href=\"https:\/\/www.justiceinfo.net\/fr\/3833-090508-tpirsynthese-hebdomadaire-choc-au-tpir-apres-la-disparition-dun-temoin623.html\" \/>\n<meta property=\"og:locale\" content=\"fr_FR\" \/>\n<meta property=\"og:type\" content=\"article\" \/>\n<meta property=\"og:title\" content=\"09.05.08 - TPIR\/SYNTHESE HEBDOMADAIRE - CHOC AU TPIR APRES LA DISPARITION D\u2019UN TEMOIN\" \/>\n<meta property=\"og:description\" content=\"Arusha, 9 mai 2008 (FH) - Le Tribunal p\u00e9nal international pour le Rwanda (TPIR) est rest\u00e9 sous le choc depuis la disparition, mardi, d\u2019un t\u00e9moin prot\u00e9g\u00e9 qui s\u2019appr\u00eatait \u00e0 compara\u00eetre dans un proc\u00e8s en cours. C\u2019est la premi\u00e8re fois qu\u2019un tel incident survient depuis le d\u00e9but des proc\u00e8s il y a onze ans.\" \/>\n<meta property=\"og:url\" content=\"https:\/\/www.justiceinfo.net\/fr\/3833-090508-tpirsynthese-hebdomadaire-choc-au-tpir-apres-la-disparition-dun-temoin623.html\" \/>\n<meta property=\"og:site_name\" content=\"JusticeInfo.net\" \/>\n<meta property=\"article:publisher\" content=\"https:\/\/www.facebook.com\/JusticeInfo\/\" \/>\n<meta property=\"article:published_time\" content=\"2008-05-10T05:37:30+00:00\" \/>\n<meta property=\"og:image\" content=\"https:\/\/www.justiceinfo.net\/wp-content\/uploads\/JusticeInfoNet_logo_1200x630px.jpg\" \/>\n\t<meta property=\"og:image:width\" content=\"1200\" \/>\n\t<meta property=\"og:image:height\" content=\"630\" \/>\n\t<meta property=\"og:image:type\" content=\"image\/jpeg\" \/>\n<meta name=\"author\" content=\"solivri\" \/>\n<meta name=\"twitter:card\" content=\"summary_large_image\" \/>\n<meta name=\"twitter:creator\" content=\"@justiceinfonet\" \/>\n<meta name=\"twitter:site\" content=\"@justiceinfonet\" \/>\n<meta name=\"twitter:label1\" content=\"\u00c9crit par\" \/>\n\t<meta name=\"twitter:data1\" content=\"solivri\" \/>\n\t<meta name=\"twitter:label2\" content=\"Dur\u00e9e de lecture estim\u00e9e\" \/>\n\t<meta name=\"twitter:data2\" content=\"6 minutes\" \/>\n<script type=\"application\/ld+json\" class=\"yoast-schema-graph\">{\"@context\":\"https:\/\/schema.org\",\"@graph\":[{\"@type\":\"NewsArticle\",\"@id\":\"https:\/\/www.justiceinfo.net\/fr\/3833-090508-tpirsynthese-hebdomadaire-choc-au-tpir-apres-la-disparition-dun-temoin623.html#article\",\"isPartOf\":{\"@id\":\"https:\/\/www.justiceinfo.net\/fr\/3833-090508-tpirsynthese-hebdomadaire-choc-au-tpir-apres-la-disparition-dun-temoin623.html\"},\"author\":{\"name\":\"solivri\",\"@id\":\"https:\/\/www.justiceinfo.net\/fr#\/schema\/person\/6e53cba1629e2e66f3fc1821d3091865\"},\"headline\":\"09.05.08 - TPIR\/SYNTHESE HEBDOMADAIRE - CHOC AU TPIR APRES LA DISPARITION D\u2019UN TEMOIN\",\"datePublished\":\"2008-05-10T05:37:30+00:00\",\"mainEntityOfPage\":{\"@id\":\"https:\/\/www.justiceinfo.net\/fr\/3833-090508-tpirsynthese-hebdomadaire-choc-au-tpir-apres-la-disparition-dun-temoin623.html\"},\"wordCount\":1198,\"commentCount\":0,\"publisher\":{\"@id\":\"https:\/\/www.justiceinfo.net\/fr#organization\"},\"articleSection\":[\"Hirondelle News\"],\"inLanguage\":\"fr-FR\",\"potentialAction\":[{\"@type\":\"CommentAction\",\"name\":\"Comment\",\"target\":[\"https:\/\/www.justiceinfo.net\/fr\/3833-090508-tpirsynthese-hebdomadaire-choc-au-tpir-apres-la-disparition-dun-temoin623.html#respond\"]}]},{\"@type\":\"WebPage\",\"@id\":\"https:\/\/www.justiceinfo.net\/fr\/3833-090508-tpirsynthese-hebdomadaire-choc-au-tpir-apres-la-disparition-dun-temoin623.html\",\"url\":\"https:\/\/www.justiceinfo.net\/fr\/3833-090508-tpirsynthese-hebdomadaire-choc-au-tpir-apres-la-disparition-dun-temoin623.html\",\"name\":\"09.05.08 - TPIR\/SYNTHESE HEBDOMADAIRE - CHOC AU TPIR APRES LA DISPARITION D\u2019UN TEMOIN - JusticeInfo.net\",\"isPartOf\":{\"@id\":\"https:\/\/www.justiceinfo.net\/fr#website\"},\"datePublished\":\"2008-05-10T05:37:30+00:00\",\"breadcrumb\":{\"@id\":\"https:\/\/www.justiceinfo.net\/fr\/3833-090508-tpirsynthese-hebdomadaire-choc-au-tpir-apres-la-disparition-dun-temoin623.html#breadcrumb\"},\"inLanguage\":\"fr-FR\",\"potentialAction\":[{\"@type\":\"ReadAction\",\"target\":[\"https:\/\/www.justiceinfo.net\/fr\/3833-090508-tpirsynthese-hebdomadaire-choc-au-tpir-apres-la-disparition-dun-temoin623.html\"]}]},{\"@type\":\"BreadcrumbList\",\"@id\":\"https:\/\/www.justiceinfo.net\/fr\/3833-090508-tpirsynthese-hebdomadaire-choc-au-tpir-apres-la-disparition-dun-temoin623.html#breadcrumb\",\"itemListElement\":[{\"@type\":\"ListItem\",\"position\":1,\"name\":\"Home\",\"item\":\"https:\/\/www.justiceinfo.net\/fr\"},{\"@type\":\"ListItem\",\"position\":2,\"name\":\"09.05.08 - TPIR\/SYNTHESE HEBDOMADAIRE - CHOC AU TPIR APRES LA DISPARITION D\u2019UN TEMOIN\"}]},{\"@type\":\"WebSite\",\"@id\":\"https:\/\/www.justiceinfo.net\/fr#website\",\"url\":\"https:\/\/www.justiceinfo.net\/fr\",\"name\":\"JusticeInfo.net\",\"description\":\"La justice doit \u00eatre vue pour \u00eatre rendue\",\"publisher\":{\"@id\":\"https:\/\/www.justiceinfo.net\/fr#organization\"},\"potentialAction\":[{\"@type\":\"SearchAction\",\"target\":{\"@type\":\"EntryPoint\",\"urlTemplate\":\"https:\/\/www.justiceinfo.net\/fr?s={search_term_string}\"},\"query-input\":{\"@type\":\"PropertyValueSpecification\",\"valueRequired\":true,\"valueName\":\"search_term_string\"}}],\"inLanguage\":\"fr-FR\"},{\"@type\":\"Organization\",\"@id\":\"https:\/\/www.justiceinfo.net\/fr#organization\",\"name\":\"Justice Info\",\"url\":\"https:\/\/www.justiceinfo.net\/fr\",\"logo\":{\"@type\":\"ImageObject\",\"inLanguage\":\"fr-FR\",\"@id\":\"https:\/\/www.justiceinfo.net\/fr#\/schema\/logo\/image\/\",\"url\":\"https:\/\/www.justiceinfo.net\/wp-content\/uploads\/justiceinfo_logo-trans_1200x1200px.png\",\"contentUrl\":\"https:\/\/www.justiceinfo.net\/wp-content\/uploads\/justiceinfo_logo-trans_1200x1200px.png\",\"width\":1199,\"height\":1200,\"caption\":\"Justice Info\"},\"image\":{\"@id\":\"https:\/\/www.justiceinfo.net\/fr#\/schema\/logo\/image\/\"},\"sameAs\":[\"https:\/\/www.facebook.com\/JusticeInfo\/\",\"https:\/\/x.com\/justiceinfonet\",\"https:\/\/www.linkedin.com\/company\/justice-info\",\"https:\/\/www.youtube.com\/channel\/UCyCEsARodyuWtkWyhn-e7pA\"]},{\"@type\":\"Person\",\"name\":\"solivri\",\"url\":\"\/fr\/?s=solivri\"}]}<\/script>\n<!-- \/ Yoast SEO Premium plugin. -->","yoast_head_json":{"title":"09.05.08 - TPIR\/SYNTHESE HEBDOMADAIRE - CHOC AU TPIR APRES LA DISPARITION D\u2019UN TEMOIN - JusticeInfo.net","robots":{"index":"index","follow":"follow","max-snippet":"max-snippet:-1","max-image-preview":"max-image-preview:large","max-video-preview":"max-video-preview:-1"},"canonical":"https:\/\/www.justiceinfo.net\/fr\/3833-090508-tpirsynthese-hebdomadaire-choc-au-tpir-apres-la-disparition-dun-temoin623.html","og_locale":"fr_FR","og_type":"article","og_title":"09.05.08 - TPIR\/SYNTHESE HEBDOMADAIRE - CHOC AU TPIR APRES LA DISPARITION D\u2019UN TEMOIN","og_description":"Arusha, 9 mai 2008 (FH) - Le Tribunal p\u00e9nal international pour le Rwanda (TPIR) est rest\u00e9 sous le choc depuis la disparition, mardi, d\u2019un t\u00e9moin prot\u00e9g\u00e9 qui s\u2019appr\u00eatait \u00e0 compara\u00eetre dans un proc\u00e8s en cours. C\u2019est la premi\u00e8re fois qu\u2019un tel incident survient depuis le d\u00e9but des proc\u00e8s il y a onze ans.","og_url":"https:\/\/www.justiceinfo.net\/fr\/3833-090508-tpirsynthese-hebdomadaire-choc-au-tpir-apres-la-disparition-dun-temoin623.html","og_site_name":"JusticeInfo.net","article_publisher":"https:\/\/www.facebook.com\/JusticeInfo\/","article_published_time":"2008-05-10T05:37:30+00:00","og_image":[{"width":1200,"height":630,"url":"https:\/\/www.justiceinfo.net\/wp-content\/uploads\/JusticeInfoNet_logo_1200x630px.jpg","type":"image\/jpeg"}],"author":"solivri","twitter_card":"summary_large_image","twitter_creator":"@justiceinfonet","twitter_site":"@justiceinfonet","twitter_misc":{"\u00c9crit par":"solivri","Dur\u00e9e de lecture estim\u00e9e":"6 minutes"},"schema":{"@context":"https:\/\/schema.org","@graph":[{"@type":"NewsArticle","@id":"https:\/\/www.justiceinfo.net\/fr\/3833-090508-tpirsynthese-hebdomadaire-choc-au-tpir-apres-la-disparition-dun-temoin623.html#article","isPartOf":{"@id":"https:\/\/www.justiceinfo.net\/fr\/3833-090508-tpirsynthese-hebdomadaire-choc-au-tpir-apres-la-disparition-dun-temoin623.html"},"author":{"name":"solivri","@id":"https:\/\/www.justiceinfo.net\/fr#\/schema\/person\/6e53cba1629e2e66f3fc1821d3091865"},"headline":"09.05.08 - TPIR\/SYNTHESE HEBDOMADAIRE - CHOC AU TPIR APRES LA DISPARITION D\u2019UN TEMOIN","datePublished":"2008-05-10T05:37:30+00:00","mainEntityOfPage":{"@id":"https:\/\/www.justiceinfo.net\/fr\/3833-090508-tpirsynthese-hebdomadaire-choc-au-tpir-apres-la-disparition-dun-temoin623.html"},"wordCount":1198,"commentCount":0,"publisher":{"@id":"https:\/\/www.justiceinfo.net\/fr#organization"},"articleSection":["Hirondelle News"],"inLanguage":"fr-FR","potentialAction":[{"@type":"CommentAction","name":"Comment","target":["https:\/\/www.justiceinfo.net\/fr\/3833-090508-tpirsynthese-hebdomadaire-choc-au-tpir-apres-la-disparition-dun-temoin623.html#respond"]}]},{"@type":"WebPage","@id":"https:\/\/www.justiceinfo.net\/fr\/3833-090508-tpirsynthese-hebdomadaire-choc-au-tpir-apres-la-disparition-dun-temoin623.html","url":"https:\/\/www.justiceinfo.net\/fr\/3833-090508-tpirsynthese-hebdomadaire-choc-au-tpir-apres-la-disparition-dun-temoin623.html","name":"09.05.08 - TPIR\/SYNTHESE HEBDOMADAIRE - CHOC AU TPIR APRES LA DISPARITION D\u2019UN TEMOIN - JusticeInfo.net","isPartOf":{"@id":"https:\/\/www.justiceinfo.net\/fr#website"},"datePublished":"2008-05-10T05:37:30+00:00","breadcrumb":{"@id":"https:\/\/www.justiceinfo.net\/fr\/3833-090508-tpirsynthese-hebdomadaire-choc-au-tpir-apres-la-disparition-dun-temoin623.html#breadcrumb"},"inLanguage":"fr-FR","potentialAction":[{"@type":"ReadAction","target":["https:\/\/www.justiceinfo.net\/fr\/3833-090508-tpirsynthese-hebdomadaire-choc-au-tpir-apres-la-disparition-dun-temoin623.html"]}]},{"@type":"BreadcrumbList","@id":"https:\/\/www.justiceinfo.net\/fr\/3833-090508-tpirsynthese-hebdomadaire-choc-au-tpir-apres-la-disparition-dun-temoin623.html#breadcrumb","itemListElement":[{"@type":"ListItem","position":1,"name":"Home","item":"https:\/\/www.justiceinfo.net\/fr"},{"@type":"ListItem","position":2,"name":"09.05.08 - TPIR\/SYNTHESE HEBDOMADAIRE - CHOC AU TPIR APRES LA DISPARITION D\u2019UN TEMOIN"}]},{"@type":"WebSite","@id":"https:\/\/www.justiceinfo.net\/fr#website","url":"https:\/\/www.justiceinfo.net\/fr","name":"JusticeInfo.net","description":"La justice doit \u00eatre vue pour \u00eatre rendue","publisher":{"@id":"https:\/\/www.justiceinfo.net\/fr#organization"},"potentialAction":[{"@type":"SearchAction","target":{"@type":"EntryPoint","urlTemplate":"https:\/\/www.justiceinfo.net\/fr?s={search_term_string}"},"query-input":{"@type":"PropertyValueSpecification","valueRequired":true,"valueName":"search_term_string"}}],"inLanguage":"fr-FR"},{"@type":"Organization","@id":"https:\/\/www.justiceinfo.net\/fr#organization","name":"Justice Info","url":"https:\/\/www.justiceinfo.net\/fr","logo":{"@type":"ImageObject","inLanguage":"fr-FR","@id":"https:\/\/www.justiceinfo.net\/fr#\/schema\/logo\/image\/","url":"https:\/\/www.justiceinfo.net\/wp-content\/uploads\/justiceinfo_logo-trans_1200x1200px.png","contentUrl":"https:\/\/www.justiceinfo.net\/wp-content\/uploads\/justiceinfo_logo-trans_1200x1200px.png","width":1199,"height":1200,"caption":"Justice Info"},"image":{"@id":"https:\/\/www.justiceinfo.net\/fr#\/schema\/logo\/image\/"},"sameAs":["https:\/\/www.facebook.com\/JusticeInfo\/","https:\/\/x.com\/justiceinfonet","https:\/\/www.linkedin.com\/company\/justice-info","https:\/\/www.youtube.com\/channel\/UCyCEsARodyuWtkWyhn-e7pA"]},{"@type":"Person","name":"solivri","url":"\/fr\/?s=solivri"}]}},"_links":{"self":[{"href":"https:\/\/www.justiceinfo.net\/fr\/wp-json\/wp\/v2\/posts\/3833","targetHints":{"allow":["GET"]}}],"collection":[{"href":"https:\/\/www.justiceinfo.net\/fr\/wp-json\/wp\/v2\/posts"}],"about":[{"href":"https:\/\/www.justiceinfo.net\/fr\/wp-json\/wp\/v2\/types\/post"}],"author":[{"embeddable":true,"href":"https:\/\/www.justiceinfo.net\/fr\/wp-json\/wp\/v2\/users\/64"}],"replies":[{"embeddable":true,"href":"https:\/\/www.justiceinfo.net\/fr\/wp-json\/wp\/v2\/comments?post=3833"}],"version-history":[{"count":0,"href":"https:\/\/www.justiceinfo.net\/fr\/wp-json\/wp\/v2\/posts\/3833\/revisions"}],"wp:attachment":[{"href":"https:\/\/www.justiceinfo.net\/fr\/wp-json\/wp\/v2\/media?parent=3833"}],"wp:term":[{"taxonomy":"category","embeddable":true,"href":"https:\/\/www.justiceinfo.net\/fr\/wp-json\/wp\/v2\/categories?post=3833"},{"taxonomy":"post_tag","embeddable":true,"href":"https:\/\/www.justiceinfo.net\/fr\/wp-json\/wp\/v2\/tags?post=3833"},{"taxonomy":"ji_location","embeddable":true,"href":"https:\/\/www.justiceinfo.net\/fr\/wp-json\/wp\/v2\/ji_location?post=3833"}],"curies":[{"name":"wp","href":"https:\/\/api.w.org\/{rel}","templated":true}]}}