{"id":38356,"date":"2018-08-08T09:20:58","date_gmt":"2018-08-08T07:20:58","guid":{"rendered":"https:\/\/www.justiceinfo.net\/38356-il-est-capital-que-les-africains-comprennent-que-notre-communaute-de-problemes-doit-deboucher-sur-u.html"},"modified":"2018-08-08T09:20:58","modified_gmt":"2018-08-08T07:20:58","slug":"il-est-capital-que-les-africains-comprennent-que-notre-communaute-de-problemes-doit-deboucher-sur-u","status":"publish","type":"post","link":"https:\/\/www.justiceinfo.net\/fr\/38356-il-est-capital-que-les-africains-comprennent-que-notre-communaute-de-problemes-doit-deboucher-sur-u.html","title":{"rendered":"\u00ab Notre communaut\u00e9 de probl\u00e8mes doit d\u00e9boucher sur une communaut\u00e9 de solutions \u00bb, selon Florian Ngimbis, bloggeur du Cameroun"},"content":{"rendered":"<p>Multi-laur\u00e9at de concours d\u2019\u00e9criture et bloggeur depuis une dizaine d\u2019ann\u00e9es, Florian Ngimbis s\u2019est rendu c\u00e9l\u00e8bre dans la blogosph\u00e8re africaine, en tournant en d\u00e9rision, sur son blog <a href=\"http:\/\/kongossa.mondoblog.org\/\"><em>kongossa.mondoblog.org<\/em><\/a>, les r\u00e9alit\u00e9s politiques de son pays le Cameroun. \u00ab\u00a0Ecrivain refoul\u00e9\u00a0 ou bloggeurs par d\u00e9faut\u00a0\u00bb, comme il se d\u00e9finit lui-m\u00eame, Florian <em><strong>\u00ab essaie de faire avancer les choses en mettant les gens en face des r\u00e9alit\u00e9s qu\u2019ils vivent tous les jours mais \u00e0 propos desquels ils ont cess\u00e9 de se tourner<\/strong><\/em>\u00a0\u00bb. Il \u00e9tait aussi, bien-s\u00fbr, au 2<sup>e<\/sup> sommet de la Ligue africaine des web-activistes pour la d\u00e9mocratie (Africtivistes), rendez-vous majeur bisannuel des activistes africains. Pour lui, \u00ab\u00a0<em><strong>il est capital que les Africains comprennent que notre communaut\u00e9 de probl\u00e8me doit d\u00e9bouche sur une communaut\u00e9 de solutions<\/strong>\u00a0<\/em>\u00bb. Et voici, dans cette vid\u00e9o, pourquoi\u00a0il le dit.<\/p>\n<p><iframe loading=\"lazy\" src=\"https:\/\/www.youtube.com\/embed\/YcajovZYgHw\" width=\"560\" height=\"315\" frameborder=\"0\" allowfullscreen=\"allowfullscreen\"><\/iframe><\/p>\n","protected":false},"excerpt":{"rendered":"<p>Multi-laur\u00e9at de concours d\u2019\u00e9criture et bloggeur depuis une dizaine d\u2019ann\u00e9es, Florian Ngimbis s\u2019est rendu c\u00e9l\u00e8bre dans la blogosph\u00e8re africaine, en tournant en d\u00e9rision, sur son blog kongossa.mondoblog.org, les r\u00e9alit\u00e9s politiques de son pays le Cameroun. \u00ab\u00a0Ecrivain refoul\u00e9\u00a0 ou bloggeurs par d\u00e9faut\u00a0\u00bb, comme il se d\u00e9finit lui-m\u00eame, Florian \u00ab essaie de faire avancer les choses en [&hellip;]<\/p>\n","protected":false},"author":63,"featured_media":0,"comment_status":"open","ping_status":"closed","sticky":false,"template":"","format":"standard","meta":{"_acf_changed":false,"footnotes":""},"categories":[556],"tags":[],"ji_location":[2156],"class_list":["post-38356","post","type-post","status-publish","format-standard","hentry","category-divers","ji_location-cameroun"],"acf":[],"yoast_head":"<!-- This site is optimized with the Yoast SEO Premium plugin v25.3.1 (Yoast SEO v25.3.1) - https:\/\/yoast.com\/wordpress\/plugins\/seo\/ -->\n<title>\u00ab Notre communaut\u00e9 de probl\u00e8mes doit d\u00e9boucher sur une communaut\u00e9 de solutions \u00bb, selon Florian Ngimbis, bloggeur du Cameroun - JusticeInfo.net<\/title>\n<meta name=\"robots\" content=\"index, follow, max-snippet:-1, max-image-preview:large, max-video-preview:-1\" \/>\n<link rel=\"canonical\" href=\"https:\/\/www.justiceinfo.net\/fr\/38356-il-est-capital-que-les-africains-comprennent-que-notre-communaute-de-problemes-doit-deboucher-sur-u.html\" \/>\n<meta property=\"og:locale\" content=\"fr_FR\" \/>\n<meta property=\"og:type\" content=\"article\" \/>\n<meta property=\"og:title\" content=\"\u00ab Notre communaut\u00e9 de probl\u00e8mes doit d\u00e9boucher sur une communaut\u00e9 de solutions \u00bb, selon Florian Ngimbis, bloggeur du Cameroun\" \/>\n<meta property=\"og:description\" content=\"Multi-laur\u00e9at de concours d\u2019\u00e9criture et bloggeur depuis une dizaine d\u2019ann\u00e9es, Florian Ngimbis s\u2019est rendu c\u00e9l\u00e8bre dans la blogosph\u00e8re africaine, en tournant en d\u00e9rision, sur son blog kongossa.mondoblog.org, les r\u00e9alit\u00e9s politiques de son pays le Cameroun. \u00ab\u00a0Ecrivain refoul\u00e9\u00a0 ou bloggeurs par d\u00e9faut\u00a0\u00bb, comme il se d\u00e9finit lui-m\u00eame, Florian \u00ab essaie de faire avancer les choses en [&hellip;]\" \/>\n<meta property=\"og:url\" content=\"https:\/\/www.justiceinfo.net\/fr\/38356-il-est-capital-que-les-africains-comprennent-que-notre-communaute-de-problemes-doit-deboucher-sur-u.html\" \/>\n<meta property=\"og:site_name\" content=\"JusticeInfo.net\" \/>\n<meta property=\"article:publisher\" content=\"https:\/\/www.facebook.com\/JusticeInfo\/\" \/>\n<meta property=\"article:published_time\" content=\"2018-08-08T07:20:58+00:00\" \/>\n<meta property=\"og:image\" content=\"https:\/\/www.justiceinfo.net\/wp-content\/uploads\/JusticeInfoNet_logo_1200x630px.jpg\" \/>\n\t<meta property=\"og:image:width\" content=\"1200\" \/>\n\t<meta property=\"og:image:height\" content=\"630\" \/>\n\t<meta property=\"og:image:type\" content=\"image\/jpeg\" \/>\n<meta name=\"author\" content=\"Maxime Domegni\" \/>\n<meta name=\"twitter:card\" content=\"summary_large_image\" \/>\n<meta name=\"twitter:creator\" content=\"@justiceinfonet\" \/>\n<meta name=\"twitter:site\" content=\"@justiceinfonet\" \/>\n<meta name=\"twitter:label1\" content=\"\u00c9crit par\" \/>\n\t<meta name=\"twitter:data1\" content=\"Maxime Domegni\" \/>\n\t<meta name=\"twitter:label2\" content=\"Dur\u00e9e de lecture estim\u00e9e\" \/>\n\t<meta name=\"twitter:data2\" content=\"1 minute\" \/>\n<script type=\"application\/ld+json\" class=\"yoast-schema-graph\">{\"@context\":\"https:\/\/schema.org\",\"@graph\":[{\"@type\":\"NewsArticle\",\"@id\":\"https:\/\/www.justiceinfo.net\/fr\/38356-il-est-capital-que-les-africains-comprennent-que-notre-communaute-de-problemes-doit-deboucher-sur-u.html#article\",\"isPartOf\":{\"@id\":\"https:\/\/www.justiceinfo.net\/fr\/38356-il-est-capital-que-les-africains-comprennent-que-notre-communaute-de-problemes-doit-deboucher-sur-u.html\"},\"author\":{\"name\":\"civiliste\",\"@id\":\"https:\/\/www.justiceinfo.net\/fr#\/schema\/person\/015ad428615c9bd082c2b6aa8df6cad0\"},\"headline\":\"\u00ab Notre communaut\u00e9 de probl\u00e8mes doit d\u00e9boucher sur une communaut\u00e9 de solutions \u00bb, selon Florian Ngimbis, bloggeur du Cameroun\",\"datePublished\":\"2018-08-08T07:20:58+00:00\",\"mainEntityOfPage\":{\"@id\":\"https:\/\/www.justiceinfo.net\/fr\/38356-il-est-capital-que-les-africains-comprennent-que-notre-communaute-de-problemes-doit-deboucher-sur-u.html\"},\"wordCount\":171,\"commentCount\":0,\"publisher\":{\"@id\":\"https:\/\/www.justiceinfo.net\/fr#organization\"},\"articleSection\":[\"Divers\"],\"inLanguage\":\"fr-FR\",\"potentialAction\":[{\"@type\":\"CommentAction\",\"name\":\"Comment\",\"target\":[\"https:\/\/www.justiceinfo.net\/fr\/38356-il-est-capital-que-les-africains-comprennent-que-notre-communaute-de-problemes-doit-deboucher-sur-u.html#respond\"]}]},{\"@type\":\"WebPage\",\"@id\":\"https:\/\/www.justiceinfo.net\/fr\/38356-il-est-capital-que-les-africains-comprennent-que-notre-communaute-de-problemes-doit-deboucher-sur-u.html\",\"url\":\"https:\/\/www.justiceinfo.net\/fr\/38356-il-est-capital-que-les-africains-comprennent-que-notre-communaute-de-problemes-doit-deboucher-sur-u.html\",\"name\":\"\u00ab Notre communaut\u00e9 de probl\u00e8mes doit d\u00e9boucher sur une communaut\u00e9 de solutions \u00bb, selon Florian Ngimbis, bloggeur du Cameroun - JusticeInfo.net\",\"isPartOf\":{\"@id\":\"https:\/\/www.justiceinfo.net\/fr#website\"},\"datePublished\":\"2018-08-08T07:20:58+00:00\",\"breadcrumb\":{\"@id\":\"https:\/\/www.justiceinfo.net\/fr\/38356-il-est-capital-que-les-africains-comprennent-que-notre-communaute-de-problemes-doit-deboucher-sur-u.html#breadcrumb\"},\"inLanguage\":\"fr-FR\",\"potentialAction\":[{\"@type\":\"ReadAction\",\"target\":[\"https:\/\/www.justiceinfo.net\/fr\/38356-il-est-capital-que-les-africains-comprennent-que-notre-communaute-de-problemes-doit-deboucher-sur-u.html\"]}]},{\"@type\":\"BreadcrumbList\",\"@id\":\"https:\/\/www.justiceinfo.net\/fr\/38356-il-est-capital-que-les-africains-comprennent-que-notre-communaute-de-problemes-doit-deboucher-sur-u.html#breadcrumb\",\"itemListElement\":[{\"@type\":\"ListItem\",\"position\":1,\"name\":\"Home\",\"item\":\"https:\/\/www.justiceinfo.net\/fr\"},{\"@type\":\"ListItem\",\"position\":2,\"name\":\"\u00ab Notre communaut\u00e9 de probl\u00e8mes doit d\u00e9boucher sur une communaut\u00e9 de solutions \u00bb, selon Florian Ngimbis, bloggeur du Cameroun\"}]},{\"@type\":\"WebSite\",\"@id\":\"https:\/\/www.justiceinfo.net\/fr#website\",\"url\":\"https:\/\/www.justiceinfo.net\/fr\",\"name\":\"JusticeInfo.net\",\"description\":\"La justice doit \u00eatre vue pour \u00eatre rendue\",\"publisher\":{\"@id\":\"https:\/\/www.justiceinfo.net\/fr#organization\"},\"potentialAction\":[{\"@type\":\"SearchAction\",\"target\":{\"@type\":\"EntryPoint\",\"urlTemplate\":\"https:\/\/www.justiceinfo.net\/fr?s={search_term_string}\"},\"query-input\":{\"@type\":\"PropertyValueSpecification\",\"valueRequired\":true,\"valueName\":\"search_term_string\"}}],\"inLanguage\":\"fr-FR\"},{\"@type\":\"Organization\",\"@id\":\"https:\/\/www.justiceinfo.net\/fr#organization\",\"name\":\"Justice Info\",\"url\":\"https:\/\/www.justiceinfo.net\/fr\",\"logo\":{\"@type\":\"ImageObject\",\"inLanguage\":\"fr-FR\",\"@id\":\"https:\/\/www.justiceinfo.net\/fr#\/schema\/logo\/image\/\",\"url\":\"https:\/\/www.justiceinfo.net\/wp-content\/uploads\/justiceinfo_logo-trans_1200x1200px.png\",\"contentUrl\":\"https:\/\/www.justiceinfo.net\/wp-content\/uploads\/justiceinfo_logo-trans_1200x1200px.png\",\"width\":1199,\"height\":1200,\"caption\":\"Justice Info\"},\"image\":{\"@id\":\"https:\/\/www.justiceinfo.net\/fr#\/schema\/logo\/image\/\"},\"sameAs\":[\"https:\/\/www.facebook.com\/JusticeInfo\/\",\"https:\/\/x.com\/justiceinfonet\",\"https:\/\/www.linkedin.com\/company\/justice-info\",\"https:\/\/www.youtube.com\/channel\/UCyCEsARodyuWtkWyhn-e7pA\"]},{\"@type\":\"Person\",\"name\":\"Maxime Domegni\",\"url\":\"\/fr\/?s=Maxime Domegni\"}]}<\/script>\n<!-- \/ Yoast SEO Premium plugin. -->","yoast_head_json":{"title":"\u00ab Notre communaut\u00e9 de probl\u00e8mes doit d\u00e9boucher sur une communaut\u00e9 de solutions \u00bb, selon Florian Ngimbis, bloggeur du Cameroun - JusticeInfo.net","robots":{"index":"index","follow":"follow","max-snippet":"max-snippet:-1","max-image-preview":"max-image-preview:large","max-video-preview":"max-video-preview:-1"},"canonical":"https:\/\/www.justiceinfo.net\/fr\/38356-il-est-capital-que-les-africains-comprennent-que-notre-communaute-de-problemes-doit-deboucher-sur-u.html","og_locale":"fr_FR","og_type":"article","og_title":"\u00ab Notre communaut\u00e9 de probl\u00e8mes doit d\u00e9boucher sur une communaut\u00e9 de solutions \u00bb, selon Florian Ngimbis, bloggeur du Cameroun","og_description":"Multi-laur\u00e9at de concours d\u2019\u00e9criture et bloggeur depuis une dizaine d\u2019ann\u00e9es, Florian Ngimbis s\u2019est rendu c\u00e9l\u00e8bre dans la blogosph\u00e8re africaine, en tournant en d\u00e9rision, sur son blog kongossa.mondoblog.org, les r\u00e9alit\u00e9s politiques de son pays le Cameroun. \u00ab\u00a0Ecrivain refoul\u00e9\u00a0 ou bloggeurs par d\u00e9faut\u00a0\u00bb, comme il se d\u00e9finit lui-m\u00eame, Florian \u00ab essaie de faire avancer les choses en [&hellip;]","og_url":"https:\/\/www.justiceinfo.net\/fr\/38356-il-est-capital-que-les-africains-comprennent-que-notre-communaute-de-problemes-doit-deboucher-sur-u.html","og_site_name":"JusticeInfo.net","article_publisher":"https:\/\/www.facebook.com\/JusticeInfo\/","article_published_time":"2018-08-08T07:20:58+00:00","og_image":[{"width":1200,"height":630,"url":"https:\/\/www.justiceinfo.net\/wp-content\/uploads\/JusticeInfoNet_logo_1200x630px.jpg","type":"image\/jpeg"}],"author":"Maxime Domegni","twitter_card":"summary_large_image","twitter_creator":"@justiceinfonet","twitter_site":"@justiceinfonet","twitter_misc":{"\u00c9crit par":"Maxime Domegni","Dur\u00e9e de lecture estim\u00e9e":"1 minute"},"schema":{"@context":"https:\/\/schema.org","@graph":[{"@type":"NewsArticle","@id":"https:\/\/www.justiceinfo.net\/fr\/38356-il-est-capital-que-les-africains-comprennent-que-notre-communaute-de-problemes-doit-deboucher-sur-u.html#article","isPartOf":{"@id":"https:\/\/www.justiceinfo.net\/fr\/38356-il-est-capital-que-les-africains-comprennent-que-notre-communaute-de-problemes-doit-deboucher-sur-u.html"},"author":{"name":"civiliste","@id":"https:\/\/www.justiceinfo.net\/fr#\/schema\/person\/015ad428615c9bd082c2b6aa8df6cad0"},"headline":"\u00ab Notre communaut\u00e9 de probl\u00e8mes doit d\u00e9boucher sur une communaut\u00e9 de solutions \u00bb, selon Florian Ngimbis, bloggeur du Cameroun","datePublished":"2018-08-08T07:20:58+00:00","mainEntityOfPage":{"@id":"https:\/\/www.justiceinfo.net\/fr\/38356-il-est-capital-que-les-africains-comprennent-que-notre-communaute-de-problemes-doit-deboucher-sur-u.html"},"wordCount":171,"commentCount":0,"publisher":{"@id":"https:\/\/www.justiceinfo.net\/fr#organization"},"articleSection":["Divers"],"inLanguage":"fr-FR","potentialAction":[{"@type":"CommentAction","name":"Comment","target":["https:\/\/www.justiceinfo.net\/fr\/38356-il-est-capital-que-les-africains-comprennent-que-notre-communaute-de-problemes-doit-deboucher-sur-u.html#respond"]}]},{"@type":"WebPage","@id":"https:\/\/www.justiceinfo.net\/fr\/38356-il-est-capital-que-les-africains-comprennent-que-notre-communaute-de-problemes-doit-deboucher-sur-u.html","url":"https:\/\/www.justiceinfo.net\/fr\/38356-il-est-capital-que-les-africains-comprennent-que-notre-communaute-de-problemes-doit-deboucher-sur-u.html","name":"\u00ab Notre communaut\u00e9 de probl\u00e8mes doit d\u00e9boucher sur une communaut\u00e9 de solutions \u00bb, selon Florian Ngimbis, bloggeur du Cameroun - JusticeInfo.net","isPartOf":{"@id":"https:\/\/www.justiceinfo.net\/fr#website"},"datePublished":"2018-08-08T07:20:58+00:00","breadcrumb":{"@id":"https:\/\/www.justiceinfo.net\/fr\/38356-il-est-capital-que-les-africains-comprennent-que-notre-communaute-de-problemes-doit-deboucher-sur-u.html#breadcrumb"},"inLanguage":"fr-FR","potentialAction":[{"@type":"ReadAction","target":["https:\/\/www.justiceinfo.net\/fr\/38356-il-est-capital-que-les-africains-comprennent-que-notre-communaute-de-problemes-doit-deboucher-sur-u.html"]}]},{"@type":"BreadcrumbList","@id":"https:\/\/www.justiceinfo.net\/fr\/38356-il-est-capital-que-les-africains-comprennent-que-notre-communaute-de-problemes-doit-deboucher-sur-u.html#breadcrumb","itemListElement":[{"@type":"ListItem","position":1,"name":"Home","item":"https:\/\/www.justiceinfo.net\/fr"},{"@type":"ListItem","position":2,"name":"\u00ab Notre communaut\u00e9 de probl\u00e8mes doit d\u00e9boucher sur une communaut\u00e9 de solutions \u00bb, selon Florian Ngimbis, bloggeur du Cameroun"}]},{"@type":"WebSite","@id":"https:\/\/www.justiceinfo.net\/fr#website","url":"https:\/\/www.justiceinfo.net\/fr","name":"JusticeInfo.net","description":"La justice doit \u00eatre vue pour \u00eatre rendue","publisher":{"@id":"https:\/\/www.justiceinfo.net\/fr#organization"},"potentialAction":[{"@type":"SearchAction","target":{"@type":"EntryPoint","urlTemplate":"https:\/\/www.justiceinfo.net\/fr?s={search_term_string}"},"query-input":{"@type":"PropertyValueSpecification","valueRequired":true,"valueName":"search_term_string"}}],"inLanguage":"fr-FR"},{"@type":"Organization","@id":"https:\/\/www.justiceinfo.net\/fr#organization","name":"Justice Info","url":"https:\/\/www.justiceinfo.net\/fr","logo":{"@type":"ImageObject","inLanguage":"fr-FR","@id":"https:\/\/www.justiceinfo.net\/fr#\/schema\/logo\/image\/","url":"https:\/\/www.justiceinfo.net\/wp-content\/uploads\/justiceinfo_logo-trans_1200x1200px.png","contentUrl":"https:\/\/www.justiceinfo.net\/wp-content\/uploads\/justiceinfo_logo-trans_1200x1200px.png","width":1199,"height":1200,"caption":"Justice Info"},"image":{"@id":"https:\/\/www.justiceinfo.net\/fr#\/schema\/logo\/image\/"},"sameAs":["https:\/\/www.facebook.com\/JusticeInfo\/","https:\/\/x.com\/justiceinfonet","https:\/\/www.linkedin.com\/company\/justice-info","https:\/\/www.youtube.com\/channel\/UCyCEsARodyuWtkWyhn-e7pA"]},{"@type":"Person","name":"Maxime Domegni","url":"\/fr\/?s=Maxime Domegni"}]}},"_links":{"self":[{"href":"https:\/\/www.justiceinfo.net\/fr\/wp-json\/wp\/v2\/posts\/38356","targetHints":{"allow":["GET"]}}],"collection":[{"href":"https:\/\/www.justiceinfo.net\/fr\/wp-json\/wp\/v2\/posts"}],"about":[{"href":"https:\/\/www.justiceinfo.net\/fr\/wp-json\/wp\/v2\/types\/post"}],"author":[{"embeddable":true,"href":"https:\/\/www.justiceinfo.net\/fr\/wp-json\/wp\/v2\/users\/63"}],"replies":[{"embeddable":true,"href":"https:\/\/www.justiceinfo.net\/fr\/wp-json\/wp\/v2\/comments?post=38356"}],"version-history":[{"count":0,"href":"https:\/\/www.justiceinfo.net\/fr\/wp-json\/wp\/v2\/posts\/38356\/revisions"}],"wp:attachment":[{"href":"https:\/\/www.justiceinfo.net\/fr\/wp-json\/wp\/v2\/media?parent=38356"}],"wp:term":[{"taxonomy":"category","embeddable":true,"href":"https:\/\/www.justiceinfo.net\/fr\/wp-json\/wp\/v2\/categories?post=38356"},{"taxonomy":"post_tag","embeddable":true,"href":"https:\/\/www.justiceinfo.net\/fr\/wp-json\/wp\/v2\/tags?post=38356"},{"taxonomy":"ji_location","embeddable":true,"href":"https:\/\/www.justiceinfo.net\/fr\/wp-json\/wp\/v2\/ji_location?post=38356"}],"curies":[{"name":"wp","href":"https:\/\/api.w.org\/{rel}","templated":true}]}}