{"id":38417,"date":"2018-08-15T09:24:37","date_gmt":"2018-08-15T07:24:37","guid":{"rendered":"https:\/\/www.justiceinfo.net\/38417-centrafrique-a-bambari-le-jeune-musulman-ibrahim-donne-la-main-a-son-jeune-compatriote-chretien-jos.html"},"modified":"2018-08-15T09:24:37","modified_gmt":"2018-08-15T07:24:37","slug":"centrafrique-a-bambari-le-jeune-musulman-ibrahim-donne-la-main-a-son-jeune-compatriote-chretien-jos","status":"publish","type":"post","link":"https:\/\/www.justiceinfo.net\/fr\/38417-centrafrique-a-bambari-le-jeune-musulman-ibrahim-donne-la-main-a-son-jeune-compatriote-chretien-jos.html","title":{"rendered":"Centrafrique : A Bambari, le jeune musulman Ibrahim donne la main \u00e0 son compatriote chr\u00e9tien Joseph"},"content":{"rendered":"<div class=\"content-excerpt\">\n<p><em>C\u2019est sous le signe de la paix et de la r\u00e9conciliation entre communaut\u00e9s que Bambari, chef-lieu de la Ouaka, dans le centre de la Centrafrique, a comm\u00e9mor\u00e9 dimanche 12 ao\u00fbt la Journ\u00e9e internationale de la Jeunesse.<\/em><\/p>\n<\/div>\n<p>Pr\u00e8s de 3000 jeunes issus de toutes les communaut\u00e9s ont pris part \u00e0 une caravane pour la paix, arpentant dans la ferveur les art\u00e8res de cette ville, chef-lieu de la pr\u00e9fecture de la Ouaka, <a href=\"https:\/\/minusca.unmissions.org\/les-jeunes-s%E2%80%99engagent-pour-la-paix-et-la-libre-circulation-%C3%A0-bambari\">rapporte la Mission de l\u2019ONU en Centrafrique (MINUSCA)<\/a>. Accompagn\u00e9s d\u2019autorit\u00e9s locales et de leaders religieux et coutumiers, ces jeunes arboraient des banderoles et des tee-shirts appelant \u00e0 la paix et \u00e0 la libre circulation dans la ville, qui avait \u00e9t\u00e9 le th\u00e9\u00e2tre de violences intercommunautaires meurtri\u00e8res en mai dernier.\u00a0<em>\u00ab\u00a0Carton rouge contre la violence\u00a0\u00bb, \u00ab\u00a0Jeunes de Bambari, unissons-nous\u00a0\u00bb, \u00ab Dialoguons, r\u00e9concilions-nous\u00a0\u00bb,<\/em>\u00a0pouvait-on lire sur les nombreuses affiches brandies par les jeunes lors de cette marche pacifique.\u00a0<\/p>\n<p>Prenant la parole au nom du\u00a0Conseil pr\u00e9fectoral de la Jeunesse de la Ouaka (CPJO),\u00a0initiateur de cette caravane, Victor Kemby est revenu sur les motivations de cet \u00e9v\u00e8nement.\u00a0<em>\u00ab\u00a0Les jeunes de Bambari tenaient, \u00e0 travers cette caravane, \u00e0 briser les chaines qui s\u00e9parent les communaut\u00e9s entre elles. Bravant la m\u00e9fiance et la peur, du quartier Kidjigra en traversant le pont de la Ouaka jusqu\u2019au quartier Elevage, les jeunes et les populations dans leur diversit\u00e9 sont massivement sortis pour d\u00e9montrer leur soif de paix et montrer surtout que, d\u00e9sormais, ils peuvent librement circuler dans toute la ville sans aucune crainte \u00bb<\/em>, a-t-il dit.\u00a0<\/p>\n<p>S\u2019exprimant au nom de la jeunesse musulmane de la r\u00e9gion, Oumar Tidjani a, quant \u00e0 lui, r\u00e9it\u00e9r\u00e9 l\u2019engagement des jeunes \u00e0 emprunter le chemin de la paix\u00a0:\u00a0<em>\u00ab\u00a0Aujourd\u2019hui, il n\u2019y a plus de division, nous sommes d\u00e9termin\u00e9s \u00e0 consolider cette paix quel qu\u2019en soit le prix parce que nous sommes n\u00e9cessairement appel\u00e9s \u00e0 vivre ensemble.\u00a0\u00bb<\/em><\/p>\n<h3><strong>Concert pour la paix<\/strong><\/h3>\n<p>A l\u2019h\u00f4tel de ville o\u00f9 s\u2019est achev\u00e9e la caravane, apr\u00e8s plus de 5 kms de marche, les repr\u00e9sentants des jeunesses chr\u00e9tienne et musulmane, soutenus par deux leaders religieux, ont symboliquement remis au pr\u00e9fet de r\u00e9gion un drapeau blanc, signe de la tol\u00e9rance et de la paix retrouv\u00e9es. \u00ab\u00a0<em>Je vous exhorte \u00e0 ne plus parler d\u00e9sormais de rive droite, ni de rive gauche \u00e0 Bambari \u00bb,<\/em>\u00a0a recommand\u00e9 le pr\u00e9fet Victor Bissekoin, exhortant ses administr\u00e9s \u00e0 vivre en paix ensemble, en transcendant leurs appartenances religieuses. <em>\u00ab\u00a0Ma s\u0153ur Agathe, tends la main \u00e0 ta s\u0153ur Amira. Mon fr\u00e8re Ibrahim, donne la main \u00e0 ton fr\u00e8re Joseph. Nous repr\u00e9sentons un seul peuple, le peuple de Bambari, le peuple de la RCA.\u00a0\u00bb<\/em><\/p>\n<p>Pour sa part, le chef par int\u00e9rim du bureau de la MINUSCA, Danny Siaka, a salu\u00e9 cette initiative de la jeunesse de Bambari.\u00a0<em>\u00ab Nous avons tous le devoir d\u2019appuyer les jeunes pour que cette caravane soit le d\u00e9clencheur d\u2019une dynamique de paix plus durable\u00a0\u00e0 Bambari. La MINUSCA, au-del\u00e0 de son soutien mat\u00e9riel au CPJO pour l\u2019organisation de cette caravane, continuera donc d\u2019appuyer les initiatives, autant des jeunes que d\u2019autres acteurs communautaires, afin de consolider les efforts de paix dans la ville et toute la Ouaka\u00a0\u00bb.<\/em><\/p>\n<p>Un \u00ab\u00a0<em>concert pour la paix<\/em>\u00a0\u00bb anim\u00e9 par l\u2019orchestre local\u00a0<em>\u00ab\u00a0Sogelois\u00a0\u00bb<\/em>\u00a0est venu clore la caravane en beaut\u00e9.<\/p>\n<p>La Centrafrique traverse depuis cinq ans la crise la plus profonde de son histoire depuis son ind\u00e9pendance de la France en 1960<em>.<\/em><strong> \u00a0<\/strong>En mars 2013, la S\u00e9l\u00e9ka, une coalition rebelle majoritairement musulmane a chass\u00e9 du pouvoir le pr\u00e9sident Fran\u00e7ois Boziz\u00e9. Impliqu\u00e9s dans de nombreuses exactions contre la population civile, les rebelles de cette n\u00e9buleuse ont d\u00fb faire face aux Anti-balaka, des milices d\u2019auto-d\u00e9fense majoritairement chr\u00e9tiennes qui, \u00e0 leur tour, se sont livr\u00e9es \u00e0 des violences.<\/p>\n<p>\u00a0<\/p>\n<p>\u00a0<\/p>\n","protected":false},"excerpt":{"rendered":"<p>C\u2019est sous le signe de la paix et de la r\u00e9conciliation entre communaut\u00e9s que Bambari, chef-lieu de la Ouaka, dans le centre de la Centrafrique, a comm\u00e9mor\u00e9 dimanche 12 ao\u00fbt la Journ\u00e9e internationale de la Jeunesse. Pr\u00e8s de 3000 jeunes issus de toutes les communaut\u00e9s ont pris part \u00e0 une caravane pour la paix, arpentant [&hellip;]<\/p>\n","protected":false},"author":64,"featured_media":64349,"comment_status":"open","ping_status":"closed","sticky":false,"template":"","format":"standard","meta":{"_acf_changed":false,"footnotes":""},"categories":[549],"tags":[],"ji_location":[2164],"class_list":["post-38417","post","type-post","status-publish","format-standard","has-post-thumbnail","hentry","category-reconciliation","ji_location-republique-centrafricaine"],"acf":[],"yoast_head":"<!-- This site is optimized with the Yoast SEO Premium plugin v25.3.1 (Yoast SEO v25.3.1) - https:\/\/yoast.com\/wordpress\/plugins\/seo\/ -->\n<title>Centrafrique : A Bambari, le jeune musulman Ibrahim donne la main \u00e0 son compatriote chr\u00e9tien Joseph - JusticeInfo.net<\/title>\n<meta name=\"robots\" content=\"index, follow, max-snippet:-1, max-image-preview:large, max-video-preview:-1\" \/>\n<link rel=\"canonical\" href=\"https:\/\/www.justiceinfo.net\/fr\/38417-centrafrique-a-bambari-le-jeune-musulman-ibrahim-donne-la-main-a-son-jeune-compatriote-chretien-jos.html\" \/>\n<meta property=\"og:locale\" content=\"fr_FR\" \/>\n<meta property=\"og:type\" content=\"article\" \/>\n<meta property=\"og:title\" content=\"Centrafrique : A Bambari, le jeune musulman Ibrahim donne la main \u00e0 son compatriote chr\u00e9tien Joseph\" \/>\n<meta property=\"og:description\" content=\"C\u2019est sous le signe de la paix et de la r\u00e9conciliation entre communaut\u00e9s que Bambari, chef-lieu de la Ouaka, dans le centre de la Centrafrique, a comm\u00e9mor\u00e9 dimanche 12 ao\u00fbt la Journ\u00e9e internationale de la Jeunesse. Pr\u00e8s de 3000 jeunes issus de toutes les communaut\u00e9s ont pris part \u00e0 une caravane pour la paix, arpentant [&hellip;]\" \/>\n<meta property=\"og:url\" content=\"https:\/\/www.justiceinfo.net\/fr\/38417-centrafrique-a-bambari-le-jeune-musulman-ibrahim-donne-la-main-a-son-jeune-compatriote-chretien-jos.html\" \/>\n<meta property=\"og:site_name\" content=\"JusticeInfo.net\" \/>\n<meta property=\"article:publisher\" content=\"https:\/\/www.facebook.com\/JusticeInfo\/\" \/>\n<meta property=\"article:published_time\" content=\"2018-08-15T07:24:37+00:00\" \/>\n<meta property=\"og:image\" content=\"https:\/\/www.justiceinfo.net\/wp-content\/uploads\/75d546eebd0c3c22a136ebb94dc163df.jpg\" \/>\n\t<meta property=\"og:image:width\" content=\"1200\" \/>\n\t<meta property=\"og:image:height\" content=\"695\" \/>\n\t<meta property=\"og:image:type\" content=\"image\/jpeg\" \/>\n<meta name=\"author\" content=\"JusticeInfo.Net\" \/>\n<meta name=\"twitter:card\" content=\"summary_large_image\" \/>\n<meta name=\"twitter:creator\" content=\"@justiceinfonet\" \/>\n<meta name=\"twitter:site\" content=\"@justiceinfonet\" \/>\n<meta name=\"twitter:label1\" content=\"\u00c9crit par\" \/>\n\t<meta name=\"twitter:data1\" content=\"JusticeInfo.Net\" \/>\n\t<meta name=\"twitter:label2\" content=\"Dur\u00e9e de lecture estim\u00e9e\" \/>\n\t<meta name=\"twitter:data2\" content=\"3 minutes\" \/>\n<script type=\"application\/ld+json\" class=\"yoast-schema-graph\">{\"@context\":\"https:\/\/schema.org\",\"@graph\":[{\"@type\":\"NewsArticle\",\"@id\":\"https:\/\/www.justiceinfo.net\/fr\/38417-centrafrique-a-bambari-le-jeune-musulman-ibrahim-donne-la-main-a-son-jeune-compatriote-chretien-jos.html#article\",\"isPartOf\":{\"@id\":\"https:\/\/www.justiceinfo.net\/fr\/38417-centrafrique-a-bambari-le-jeune-musulman-ibrahim-donne-la-main-a-son-jeune-compatriote-chretien-jos.html\"},\"author\":{\"name\":\"solivri\",\"@id\":\"https:\/\/www.justiceinfo.net\/fr#\/schema\/person\/6e53cba1629e2e66f3fc1821d3091865\"},\"headline\":\"Centrafrique : A Bambari, le jeune musulman Ibrahim donne la main \u00e0 son compatriote chr\u00e9tien Joseph\",\"datePublished\":\"2018-08-15T07:24:37+00:00\",\"mainEntityOfPage\":{\"@id\":\"https:\/\/www.justiceinfo.net\/fr\/38417-centrafrique-a-bambari-le-jeune-musulman-ibrahim-donne-la-main-a-son-jeune-compatriote-chretien-jos.html\"},\"wordCount\":670,\"commentCount\":0,\"publisher\":{\"@id\":\"https:\/\/www.justiceinfo.net\/fr#organization\"},\"image\":{\"@id\":\"https:\/\/www.justiceinfo.net\/fr\/38417-centrafrique-a-bambari-le-jeune-musulman-ibrahim-donne-la-main-a-son-jeune-compatriote-chretien-jos.html#primaryimage\"},\"thumbnailUrl\":\"https:\/\/www.justiceinfo.net\/wp-content\/uploads\/75d546eebd0c3c22a136ebb94dc163df.jpg\",\"articleSection\":[\"R\u00e9conciliation\"],\"inLanguage\":\"fr-FR\",\"potentialAction\":[{\"@type\":\"CommentAction\",\"name\":\"Comment\",\"target\":[\"https:\/\/www.justiceinfo.net\/fr\/38417-centrafrique-a-bambari-le-jeune-musulman-ibrahim-donne-la-main-a-son-jeune-compatriote-chretien-jos.html#respond\"]}]},{\"@type\":\"WebPage\",\"@id\":\"https:\/\/www.justiceinfo.net\/fr\/38417-centrafrique-a-bambari-le-jeune-musulman-ibrahim-donne-la-main-a-son-jeune-compatriote-chretien-jos.html\",\"url\":\"https:\/\/www.justiceinfo.net\/fr\/38417-centrafrique-a-bambari-le-jeune-musulman-ibrahim-donne-la-main-a-son-jeune-compatriote-chretien-jos.html\",\"name\":\"Centrafrique : A Bambari, le jeune musulman Ibrahim donne la main \u00e0 son compatriote chr\u00e9tien Joseph - JusticeInfo.net\",\"isPartOf\":{\"@id\":\"https:\/\/www.justiceinfo.net\/fr#website\"},\"primaryImageOfPage\":{\"@id\":\"https:\/\/www.justiceinfo.net\/fr\/38417-centrafrique-a-bambari-le-jeune-musulman-ibrahim-donne-la-main-a-son-jeune-compatriote-chretien-jos.html#primaryimage\"},\"image\":{\"@id\":\"https:\/\/www.justiceinfo.net\/fr\/38417-centrafrique-a-bambari-le-jeune-musulman-ibrahim-donne-la-main-a-son-jeune-compatriote-chretien-jos.html#primaryimage\"},\"thumbnailUrl\":\"https:\/\/www.justiceinfo.net\/wp-content\/uploads\/75d546eebd0c3c22a136ebb94dc163df.jpg\",\"datePublished\":\"2018-08-15T07:24:37+00:00\",\"breadcrumb\":{\"@id\":\"https:\/\/www.justiceinfo.net\/fr\/38417-centrafrique-a-bambari-le-jeune-musulman-ibrahim-donne-la-main-a-son-jeune-compatriote-chretien-jos.html#breadcrumb\"},\"inLanguage\":\"fr-FR\",\"potentialAction\":[{\"@type\":\"ReadAction\",\"target\":[\"https:\/\/www.justiceinfo.net\/fr\/38417-centrafrique-a-bambari-le-jeune-musulman-ibrahim-donne-la-main-a-son-jeune-compatriote-chretien-jos.html\"]}]},{\"@type\":\"ImageObject\",\"inLanguage\":\"fr-FR\",\"@id\":\"https:\/\/www.justiceinfo.net\/fr\/38417-centrafrique-a-bambari-le-jeune-musulman-ibrahim-donne-la-main-a-son-jeune-compatriote-chretien-jos.html#primaryimage\",\"url\":\"https:\/\/www.justiceinfo.net\/wp-content\/uploads\/75d546eebd0c3c22a136ebb94dc163df.jpg\",\"contentUrl\":\"https:\/\/www.justiceinfo.net\/wp-content\/uploads\/75d546eebd0c3c22a136ebb94dc163df.jpg\",\"width\":1200,\"height\":695},{\"@type\":\"BreadcrumbList\",\"@id\":\"https:\/\/www.justiceinfo.net\/fr\/38417-centrafrique-a-bambari-le-jeune-musulman-ibrahim-donne-la-main-a-son-jeune-compatriote-chretien-jos.html#breadcrumb\",\"itemListElement\":[{\"@type\":\"ListItem\",\"position\":1,\"name\":\"Home\",\"item\":\"https:\/\/www.justiceinfo.net\/fr\"},{\"@type\":\"ListItem\",\"position\":2,\"name\":\"Centrafrique : A Bambari, le jeune musulman Ibrahim donne la main \u00e0 son compatriote chr\u00e9tien Joseph\"}]},{\"@type\":\"WebSite\",\"@id\":\"https:\/\/www.justiceinfo.net\/fr#website\",\"url\":\"https:\/\/www.justiceinfo.net\/fr\",\"name\":\"JusticeInfo.net\",\"description\":\"La justice doit \u00eatre vue pour \u00eatre rendue\",\"publisher\":{\"@id\":\"https:\/\/www.justiceinfo.net\/fr#organization\"},\"potentialAction\":[{\"@type\":\"SearchAction\",\"target\":{\"@type\":\"EntryPoint\",\"urlTemplate\":\"https:\/\/www.justiceinfo.net\/fr?s={search_term_string}\"},\"query-input\":{\"@type\":\"PropertyValueSpecification\",\"valueRequired\":true,\"valueName\":\"search_term_string\"}}],\"inLanguage\":\"fr-FR\"},{\"@type\":\"Organization\",\"@id\":\"https:\/\/www.justiceinfo.net\/fr#organization\",\"name\":\"Justice Info\",\"url\":\"https:\/\/www.justiceinfo.net\/fr\",\"logo\":{\"@type\":\"ImageObject\",\"inLanguage\":\"fr-FR\",\"@id\":\"https:\/\/www.justiceinfo.net\/fr#\/schema\/logo\/image\/\",\"url\":\"https:\/\/www.justiceinfo.net\/wp-content\/uploads\/justiceinfo_logo-trans_1200x1200px.png\",\"contentUrl\":\"https:\/\/www.justiceinfo.net\/wp-content\/uploads\/justiceinfo_logo-trans_1200x1200px.png\",\"width\":1199,\"height\":1200,\"caption\":\"Justice Info\"},\"image\":{\"@id\":\"https:\/\/www.justiceinfo.net\/fr#\/schema\/logo\/image\/\"},\"sameAs\":[\"https:\/\/www.facebook.com\/JusticeInfo\/\",\"https:\/\/x.com\/justiceinfonet\",\"https:\/\/www.linkedin.com\/company\/justice-info\",\"https:\/\/www.youtube.com\/channel\/UCyCEsARodyuWtkWyhn-e7pA\"]},{\"@type\":\"Person\",\"name\":\"JusticeInfo.Net\",\"url\":\"\/fr\/?s=JusticeInfo.Net\"}]}<\/script>\n<!-- \/ Yoast SEO Premium plugin. -->","yoast_head_json":{"title":"Centrafrique : A Bambari, le jeune musulman Ibrahim donne la main \u00e0 son compatriote chr\u00e9tien Joseph - JusticeInfo.net","robots":{"index":"index","follow":"follow","max-snippet":"max-snippet:-1","max-image-preview":"max-image-preview:large","max-video-preview":"max-video-preview:-1"},"canonical":"https:\/\/www.justiceinfo.net\/fr\/38417-centrafrique-a-bambari-le-jeune-musulman-ibrahim-donne-la-main-a-son-jeune-compatriote-chretien-jos.html","og_locale":"fr_FR","og_type":"article","og_title":"Centrafrique : A Bambari, le jeune musulman Ibrahim donne la main \u00e0 son compatriote chr\u00e9tien Joseph","og_description":"C\u2019est sous le signe de la paix et de la r\u00e9conciliation entre communaut\u00e9s que Bambari, chef-lieu de la Ouaka, dans le centre de la Centrafrique, a comm\u00e9mor\u00e9 dimanche 12 ao\u00fbt la Journ\u00e9e internationale de la Jeunesse. Pr\u00e8s de 3000 jeunes issus de toutes les communaut\u00e9s ont pris part \u00e0 une caravane pour la paix, arpentant [&hellip;]","og_url":"https:\/\/www.justiceinfo.net\/fr\/38417-centrafrique-a-bambari-le-jeune-musulman-ibrahim-donne-la-main-a-son-jeune-compatriote-chretien-jos.html","og_site_name":"JusticeInfo.net","article_publisher":"https:\/\/www.facebook.com\/JusticeInfo\/","article_published_time":"2018-08-15T07:24:37+00:00","og_image":[{"width":1200,"height":695,"url":"https:\/\/www.justiceinfo.net\/wp-content\/uploads\/75d546eebd0c3c22a136ebb94dc163df.jpg","type":"image\/jpeg"}],"author":"JusticeInfo.Net","twitter_card":"summary_large_image","twitter_creator":"@justiceinfonet","twitter_site":"@justiceinfonet","twitter_misc":{"\u00c9crit par":"JusticeInfo.Net","Dur\u00e9e de lecture estim\u00e9e":"3 minutes"},"schema":{"@context":"https:\/\/schema.org","@graph":[{"@type":"NewsArticle","@id":"https:\/\/www.justiceinfo.net\/fr\/38417-centrafrique-a-bambari-le-jeune-musulman-ibrahim-donne-la-main-a-son-jeune-compatriote-chretien-jos.html#article","isPartOf":{"@id":"https:\/\/www.justiceinfo.net\/fr\/38417-centrafrique-a-bambari-le-jeune-musulman-ibrahim-donne-la-main-a-son-jeune-compatriote-chretien-jos.html"},"author":{"name":"solivri","@id":"https:\/\/www.justiceinfo.net\/fr#\/schema\/person\/6e53cba1629e2e66f3fc1821d3091865"},"headline":"Centrafrique : A Bambari, le jeune musulman Ibrahim donne la main \u00e0 son compatriote chr\u00e9tien Joseph","datePublished":"2018-08-15T07:24:37+00:00","mainEntityOfPage":{"@id":"https:\/\/www.justiceinfo.net\/fr\/38417-centrafrique-a-bambari-le-jeune-musulman-ibrahim-donne-la-main-a-son-jeune-compatriote-chretien-jos.html"},"wordCount":670,"commentCount":0,"publisher":{"@id":"https:\/\/www.justiceinfo.net\/fr#organization"},"image":{"@id":"https:\/\/www.justiceinfo.net\/fr\/38417-centrafrique-a-bambari-le-jeune-musulman-ibrahim-donne-la-main-a-son-jeune-compatriote-chretien-jos.html#primaryimage"},"thumbnailUrl":"https:\/\/www.justiceinfo.net\/wp-content\/uploads\/75d546eebd0c3c22a136ebb94dc163df.jpg","articleSection":["R\u00e9conciliation"],"inLanguage":"fr-FR","potentialAction":[{"@type":"CommentAction","name":"Comment","target":["https:\/\/www.justiceinfo.net\/fr\/38417-centrafrique-a-bambari-le-jeune-musulman-ibrahim-donne-la-main-a-son-jeune-compatriote-chretien-jos.html#respond"]}]},{"@type":"WebPage","@id":"https:\/\/www.justiceinfo.net\/fr\/38417-centrafrique-a-bambari-le-jeune-musulman-ibrahim-donne-la-main-a-son-jeune-compatriote-chretien-jos.html","url":"https:\/\/www.justiceinfo.net\/fr\/38417-centrafrique-a-bambari-le-jeune-musulman-ibrahim-donne-la-main-a-son-jeune-compatriote-chretien-jos.html","name":"Centrafrique : A Bambari, le jeune musulman Ibrahim donne la main \u00e0 son compatriote chr\u00e9tien Joseph - JusticeInfo.net","isPartOf":{"@id":"https:\/\/www.justiceinfo.net\/fr#website"},"primaryImageOfPage":{"@id":"https:\/\/www.justiceinfo.net\/fr\/38417-centrafrique-a-bambari-le-jeune-musulman-ibrahim-donne-la-main-a-son-jeune-compatriote-chretien-jos.html#primaryimage"},"image":{"@id":"https:\/\/www.justiceinfo.net\/fr\/38417-centrafrique-a-bambari-le-jeune-musulman-ibrahim-donne-la-main-a-son-jeune-compatriote-chretien-jos.html#primaryimage"},"thumbnailUrl":"https:\/\/www.justiceinfo.net\/wp-content\/uploads\/75d546eebd0c3c22a136ebb94dc163df.jpg","datePublished":"2018-08-15T07:24:37+00:00","breadcrumb":{"@id":"https:\/\/www.justiceinfo.net\/fr\/38417-centrafrique-a-bambari-le-jeune-musulman-ibrahim-donne-la-main-a-son-jeune-compatriote-chretien-jos.html#breadcrumb"},"inLanguage":"fr-FR","potentialAction":[{"@type":"ReadAction","target":["https:\/\/www.justiceinfo.net\/fr\/38417-centrafrique-a-bambari-le-jeune-musulman-ibrahim-donne-la-main-a-son-jeune-compatriote-chretien-jos.html"]}]},{"@type":"ImageObject","inLanguage":"fr-FR","@id":"https:\/\/www.justiceinfo.net\/fr\/38417-centrafrique-a-bambari-le-jeune-musulman-ibrahim-donne-la-main-a-son-jeune-compatriote-chretien-jos.html#primaryimage","url":"https:\/\/www.justiceinfo.net\/wp-content\/uploads\/75d546eebd0c3c22a136ebb94dc163df.jpg","contentUrl":"https:\/\/www.justiceinfo.net\/wp-content\/uploads\/75d546eebd0c3c22a136ebb94dc163df.jpg","width":1200,"height":695},{"@type":"BreadcrumbList","@id":"https:\/\/www.justiceinfo.net\/fr\/38417-centrafrique-a-bambari-le-jeune-musulman-ibrahim-donne-la-main-a-son-jeune-compatriote-chretien-jos.html#breadcrumb","itemListElement":[{"@type":"ListItem","position":1,"name":"Home","item":"https:\/\/www.justiceinfo.net\/fr"},{"@type":"ListItem","position":2,"name":"Centrafrique : A Bambari, le jeune musulman Ibrahim donne la main \u00e0 son compatriote chr\u00e9tien Joseph"}]},{"@type":"WebSite","@id":"https:\/\/www.justiceinfo.net\/fr#website","url":"https:\/\/www.justiceinfo.net\/fr","name":"JusticeInfo.net","description":"La justice doit \u00eatre vue pour \u00eatre rendue","publisher":{"@id":"https:\/\/www.justiceinfo.net\/fr#organization"},"potentialAction":[{"@type":"SearchAction","target":{"@type":"EntryPoint","urlTemplate":"https:\/\/www.justiceinfo.net\/fr?s={search_term_string}"},"query-input":{"@type":"PropertyValueSpecification","valueRequired":true,"valueName":"search_term_string"}}],"inLanguage":"fr-FR"},{"@type":"Organization","@id":"https:\/\/www.justiceinfo.net\/fr#organization","name":"Justice Info","url":"https:\/\/www.justiceinfo.net\/fr","logo":{"@type":"ImageObject","inLanguage":"fr-FR","@id":"https:\/\/www.justiceinfo.net\/fr#\/schema\/logo\/image\/","url":"https:\/\/www.justiceinfo.net\/wp-content\/uploads\/justiceinfo_logo-trans_1200x1200px.png","contentUrl":"https:\/\/www.justiceinfo.net\/wp-content\/uploads\/justiceinfo_logo-trans_1200x1200px.png","width":1199,"height":1200,"caption":"Justice Info"},"image":{"@id":"https:\/\/www.justiceinfo.net\/fr#\/schema\/logo\/image\/"},"sameAs":["https:\/\/www.facebook.com\/JusticeInfo\/","https:\/\/x.com\/justiceinfonet","https:\/\/www.linkedin.com\/company\/justice-info","https:\/\/www.youtube.com\/channel\/UCyCEsARodyuWtkWyhn-e7pA"]},{"@type":"Person","name":"JusticeInfo.Net","url":"\/fr\/?s=JusticeInfo.Net"}]}},"_links":{"self":[{"href":"https:\/\/www.justiceinfo.net\/fr\/wp-json\/wp\/v2\/posts\/38417","targetHints":{"allow":["GET"]}}],"collection":[{"href":"https:\/\/www.justiceinfo.net\/fr\/wp-json\/wp\/v2\/posts"}],"about":[{"href":"https:\/\/www.justiceinfo.net\/fr\/wp-json\/wp\/v2\/types\/post"}],"author":[{"embeddable":true,"href":"https:\/\/www.justiceinfo.net\/fr\/wp-json\/wp\/v2\/users\/64"}],"replies":[{"embeddable":true,"href":"https:\/\/www.justiceinfo.net\/fr\/wp-json\/wp\/v2\/comments?post=38417"}],"version-history":[{"count":0,"href":"https:\/\/www.justiceinfo.net\/fr\/wp-json\/wp\/v2\/posts\/38417\/revisions"}],"wp:featuredmedia":[{"embeddable":true,"href":"https:\/\/www.justiceinfo.net\/fr\/wp-json\/wp\/v2\/media\/64349"}],"wp:attachment":[{"href":"https:\/\/www.justiceinfo.net\/fr\/wp-json\/wp\/v2\/media?parent=38417"}],"wp:term":[{"taxonomy":"category","embeddable":true,"href":"https:\/\/www.justiceinfo.net\/fr\/wp-json\/wp\/v2\/categories?post=38417"},{"taxonomy":"post_tag","embeddable":true,"href":"https:\/\/www.justiceinfo.net\/fr\/wp-json\/wp\/v2\/tags?post=38417"},{"taxonomy":"ji_location","embeddable":true,"href":"https:\/\/www.justiceinfo.net\/fr\/wp-json\/wp\/v2\/ji_location?post=38417"}],"curies":[{"name":"wp","href":"https:\/\/api.w.org\/{rel}","templated":true}]}}