{"id":38459,"date":"2018-08-20T09:24:04","date_gmt":"2018-08-20T07:24:04","guid":{"rendered":"https:\/\/www.justiceinfo.net\/38459-cameroun-biya-seul-responsable-de-la-crise-anglophone-principal-opposant.html"},"modified":"2018-08-20T09:24:04","modified_gmt":"2018-08-20T07:24:04","slug":"cameroun-biya-seul-responsable-de-la-crise-anglophone-principal-opposant","status":"publish","type":"post","link":"https:\/\/www.justiceinfo.net\/fr\/38459-cameroun-biya-seul-responsable-de-la-crise-anglophone-principal-opposant.html","title":{"rendered":"Cameroun: Biya \"seul responsable\" de la crise anglophone (principal opposant)"},"content":{"rendered":"<div class=\"txt-textContent\">\n<div class=\"text fontsize_0 jq_Content jq_langdir\">\n<p>Le pr\u00e9sident camerounais Paul Biya est \"le seul responsable\" du conflit dans les r\u00e9gions anglophones de son pays, a affirm\u00e9 dans un entretien \u00e0 l'AFP Joshua Osih, candidat du principal parti d'opposition \u00e0 la pr\u00e9sidentielle d'octobre.<\/p>\n<p>Les r\u00e9gions du Nord-Ouest et du Sud-Ouest, dont Joshua Osih est originaire, sont en proie depuis fin 2016 \u00e0 une crise politique qui a d\u00e9g\u00e9n\u00e9r\u00e9 fin 2017 en un conflit entre forces arm\u00e9es et s\u00e9paratistes anglophones. Il a fait des dizaines de morts, dont au moins 80 soldats et policiers, et a contraint environ 200.000 personnes \u00e0 fuir de chez elles.<\/p>\n<p>L'ombre de ce conflit plane sur l'organisation en zone anglophone de l'\u00e9lection pr\u00e9sidentielle du 7 octobre \u00e0 laquelle M. Osih et sept autres candidats affronteront Paul Biya, 85 ans, qui se repr\u00e9sente apr\u00e8s 35 ans au pouvoir.<\/p>\n<p>C'est la premi\u00e8re fois qu'il se pr\u00e9sente \u00e0 ce scrutin pour le Social democratic front (SDF, principal parti d'opposition) qui \u00e9tait jusqu'alors repr\u00e9sent\u00e9 par John Fru Ndi, son leader historique.<\/p>\n<p>\"Si le pr\u00e9sident de la R\u00e9publique, commandant en chef des forces arm\u00e9es, envoie ses troupes tirer sur des Camerounais, c'est lui le seul responsable\", a d\u00e9clar\u00e9 M. Osih, rencontr\u00e9 \u00e0 Douala (Ouest) au si\u00e8ge de campagne du SDF.<\/p>\n<p>Contrairement \u00e0 d'autres candidats, il se dit \"contre\" une enqu\u00eate sur les accusations d'exactions qui auraient \u00e9t\u00e9 commises par l'arm\u00e9e dans les r\u00e9gions anglophones, car, estime-t-il, \"il y a une responsabilit\u00e9 politique qui est de loin sup\u00e9rieure \u00e0 la responsabilit\u00e9 de simples militaires\".<\/p>\n<p>\u00a0<\/p>\n<h2>- Biya \"ne comprend rien\" -<\/h2>\n<p>\u00a0<\/p>\n<p>\"On ne peut pas d\u00e9placer le probl\u00e8me sur des individus sur le terrain alors que tout le corps (de l'arm\u00e9e) n'avait rien \u00e0 faire l\u00e0\", affirme le candidat du SDF. \"Je ne veux pas que, parce que le chef des arm\u00e9es a envoy\u00e9 l'arm\u00e9e faire une guerre qui n'est pas la sienne, on discr\u00e9dite toute cette arm\u00e9e\".<\/p>\n<p>\"La responsabilit\u00e9 de la violence dans la crise dite anglophone, c'est M. Biya\", mart\u00e8le Joshua Osih, d\u00e9put\u00e9 et homme d'affaires m\u00e9tis de 49 ans parfaitement bilingue.<\/p>\n<p>\"On a un pr\u00e9sident qui ne comprend rien \u00e0 ce qui se passe au Cameroun, qui passe le plus clair de son temps \u00e0 l'\u00e9tranger et qui pense qu'envoyer l'arm\u00e9e (...) peut r\u00e9gler ce probl\u00e8me\", ajoute-t-il. Or, \"il ne le peut pas\", car \"on peut tuer les hommes, mais on ne peut pas tuer les id\u00e9es\".<\/p>\n<p>Selon lui, \"on est entr\u00e9 en guerre civile parce qu'on a un gouvernement qui est absent, on n'a pas de leadership, pas de pr\u00e9sident de la R\u00e9publique: la nature a horreur du vide et donc \u00e7a s'est embras\u00e9 tr\u00e8s rapidement et la spirale de la violence a pris le dessus\".<\/p>\n<p>Il note que \"si on avait un leadership politique, le pr\u00e9sident de la R\u00e9publique aurait au moins fait le d\u00e9placement dans le Nord-Ouest et le Sud-Ouest pour essayer de toucher du doigt les r\u00e9alit\u00e9s locales et regarder comment apporter un d\u00e9but de solution\".<\/p>\n<p>\"La seule sortie qu'il a eue, c'\u00e9tait celle de d\u00e9clarer la guerre contre son propre peuple\" ajoute-t-il, affirmant que \"l'\u00e9conomie de la guerre profite \u00e0 certains (au sein de l'arm\u00e9e et du r\u00e9gime, ndlr) et c'est ce qui fait que nous restons dans cette spirale de violence\".<\/p>\n<p>\u00a0<\/p>\n<h2>- Retour au f\u00e9d\u00e9ralisme -<\/h2>\n<p>\u00a0<\/p>\n<p>Paul Biya \"croit pouvoir r\u00e9soudre ce probl\u00e8me de fa\u00e7on militaire\" et \"\u00e7a veut dire qu'il reconna\u00eet que soit il ne gouverne pas v\u00e9ritablement ce pays, soit il ne comprend pas encore que c'est un probl\u00e8me politique auquel il faut apporter des r\u00e9ponses politiques\".<\/p>\n<p>\"La r\u00e9forme institutionnelle majeure n\u00e9cessaire pour apporter un d\u00e9but de solution \u00e0 cette crise, c'est le f\u00e9d\u00e9ralisme\", affirme l'opposant.<\/p>\n<p>Cette forme d'organisation de l'Etat qui a exist\u00e9 de 1961 \u00e0 1972 au Cameroun, devenu depuis un Etat unitaire, est aujourd'hui fermement rejet\u00e9e par le pouvoir central.<\/p>\n<p>Joshua Osih affirme qu'il existe dans son pays \"une communaut\u00e9 linguistique qui a un contentieux historique r\u00e9el et qui s'estime marginalis\u00e9e \u00e0 juste titre\".<\/p>\n<p>Les anglophones repr\u00e9sentent 20% de la population du Cameroun, qui apr\u00e8s avoir \u00e9t\u00e9 sous domination allemande, a \u00e9t\u00e9 colonis\u00e9 par le Royaume-Uni et la France jusqu'\u00e0 son ind\u00e9pendance en 1960 pour sa majorit\u00e9 francophone et en 1961 pour sa minorit\u00e9 anglophone.<\/p>\n<p>\"Je crois qu'il n'y a aucun Camerounais qui ne soit pas d'accord avec les revendications politiques pos\u00e9es par le probl\u00e8me de marginalisation\", estime Joshua Osih, mais les anglophones \"ont eu le courage de poser le probl\u00e8me sur la table\".<\/p>\n<p>Il juge la crise anglophone \"tr\u00e8s importante\" et, selon lui, \"les Camerounais attendent des r\u00e9ponses claires, simples et audacieuses pour en sortir\".<\/p>\n<p>stb-rek\/ah\/sd<\/p>\n<\/div>\n<\/div>\n","protected":false},"excerpt":{"rendered":"<p>Le pr\u00e9sident camerounais Paul Biya est \"le seul responsable\" du conflit dans les r\u00e9gions anglophones de son pays, a affirm\u00e9 dans un entretien \u00e0 l'AFP Joshua Osih, candidat du principal parti d'opposition \u00e0 la pr\u00e9sidentielle d'octobre. Les r\u00e9gions du Nord-Ouest et du Sud-Ouest, dont Joshua Osih est originaire, sont en proie depuis fin 2016 \u00e0 [&hellip;]<\/p>\n","protected":false},"author":60,"featured_media":0,"comment_status":"open","ping_status":"closed","sticky":false,"template":"","format":"standard","meta":{"_acf_changed":false,"footnotes":""},"categories":[2576],"tags":[],"ji_location":[2156],"class_list":["post-38459","post","type-post","status-publish","format-standard","hentry","category-fil-d-actualite","ji_location-cameroun"],"acf":[],"yoast_head":"<!-- This site is optimized with the Yoast SEO Premium plugin v25.3.1 (Yoast SEO v25.3.1) - https:\/\/yoast.com\/wordpress\/plugins\/seo\/ -->\n<title>Cameroun: Biya &quot;seul responsable&quot; de la crise anglophone (principal opposant) - JusticeInfo.net<\/title>\n<meta name=\"robots\" content=\"index, follow, max-snippet:-1, max-image-preview:large, max-video-preview:-1\" \/>\n<link rel=\"canonical\" href=\"https:\/\/www.justiceinfo.net\/fr\/38459-cameroun-biya-seul-responsable-de-la-crise-anglophone-principal-opposant.html\" \/>\n<meta property=\"og:locale\" content=\"fr_FR\" \/>\n<meta property=\"og:type\" content=\"article\" \/>\n<meta property=\"og:title\" content=\"Cameroun: Biya &quot;seul responsable&quot; de la crise anglophone (principal opposant)\" \/>\n<meta property=\"og:description\" content=\"Le pr\u00e9sident camerounais Paul Biya est &quot;le seul responsable&quot; du conflit dans les r\u00e9gions anglophones de son pays, a affirm\u00e9 dans un entretien \u00e0 l&#039;AFP Joshua Osih, candidat du principal parti d&#039;opposition \u00e0 la pr\u00e9sidentielle d&#039;octobre. Les r\u00e9gions du Nord-Ouest et du Sud-Ouest, dont Joshua Osih est originaire, sont en proie depuis fin 2016 \u00e0 [&hellip;]\" \/>\n<meta property=\"og:url\" content=\"https:\/\/www.justiceinfo.net\/fr\/38459-cameroun-biya-seul-responsable-de-la-crise-anglophone-principal-opposant.html\" \/>\n<meta property=\"og:site_name\" content=\"JusticeInfo.net\" \/>\n<meta property=\"article:publisher\" content=\"https:\/\/www.facebook.com\/JusticeInfo\/\" \/>\n<meta property=\"article:published_time\" content=\"2018-08-20T07:24:04+00:00\" \/>\n<meta property=\"og:image\" content=\"https:\/\/www.justiceinfo.net\/wp-content\/uploads\/JusticeInfoNet_logo_1200x630px.jpg\" \/>\n\t<meta property=\"og:image:width\" content=\"1200\" \/>\n\t<meta property=\"og:image:height\" content=\"630\" \/>\n\t<meta property=\"og:image:type\" content=\"image\/jpeg\" \/>\n<meta name=\"author\" content=\"AFP\" \/>\n<meta name=\"twitter:card\" content=\"summary_large_image\" \/>\n<meta name=\"twitter:creator\" content=\"@justiceinfonet\" \/>\n<meta name=\"twitter:site\" content=\"@justiceinfonet\" \/>\n<meta name=\"twitter:label1\" content=\"\u00c9crit par\" \/>\n\t<meta name=\"twitter:data1\" content=\"AFP\" \/>\n\t<meta name=\"twitter:label2\" content=\"Dur\u00e9e de lecture estim\u00e9e\" \/>\n\t<meta name=\"twitter:data2\" content=\"4 minutes\" \/>\n<script type=\"application\/ld+json\" class=\"yoast-schema-graph\">{\"@context\":\"https:\/\/schema.org\",\"@graph\":[{\"@type\":\"NewsArticle\",\"@id\":\"https:\/\/www.justiceinfo.net\/fr\/38459-cameroun-biya-seul-responsable-de-la-crise-anglophone-principal-opposant.html#article\",\"isPartOf\":{\"@id\":\"https:\/\/www.justiceinfo.net\/fr\/38459-cameroun-biya-seul-responsable-de-la-crise-anglophone-principal-opposant.html\"},\"author\":{\"name\":\"afp\",\"@id\":\"https:\/\/www.justiceinfo.net\/fr#\/schema\/person\/713d340ef5f218fc36ce9b4244364a7f\"},\"headline\":\"Cameroun: Biya \\\"seul responsable\\\" de la crise anglophone (principal opposant)\",\"datePublished\":\"2018-08-20T07:24:04+00:00\",\"mainEntityOfPage\":{\"@id\":\"https:\/\/www.justiceinfo.net\/fr\/38459-cameroun-biya-seul-responsable-de-la-crise-anglophone-principal-opposant.html\"},\"wordCount\":852,\"commentCount\":0,\"publisher\":{\"@id\":\"https:\/\/www.justiceinfo.net\/fr#organization\"},\"articleSection\":[\"Fil d'info AFP\"],\"inLanguage\":\"fr-FR\",\"potentialAction\":[{\"@type\":\"CommentAction\",\"name\":\"Comment\",\"target\":[\"https:\/\/www.justiceinfo.net\/fr\/38459-cameroun-biya-seul-responsable-de-la-crise-anglophone-principal-opposant.html#respond\"]}]},{\"@type\":\"WebPage\",\"@id\":\"https:\/\/www.justiceinfo.net\/fr\/38459-cameroun-biya-seul-responsable-de-la-crise-anglophone-principal-opposant.html\",\"url\":\"https:\/\/www.justiceinfo.net\/fr\/38459-cameroun-biya-seul-responsable-de-la-crise-anglophone-principal-opposant.html\",\"name\":\"Cameroun: Biya \\\"seul responsable\\\" de la crise anglophone (principal opposant) - JusticeInfo.net\",\"isPartOf\":{\"@id\":\"https:\/\/www.justiceinfo.net\/fr#website\"},\"datePublished\":\"2018-08-20T07:24:04+00:00\",\"breadcrumb\":{\"@id\":\"https:\/\/www.justiceinfo.net\/fr\/38459-cameroun-biya-seul-responsable-de-la-crise-anglophone-principal-opposant.html#breadcrumb\"},\"inLanguage\":\"fr-FR\",\"potentialAction\":[{\"@type\":\"ReadAction\",\"target\":[\"https:\/\/www.justiceinfo.net\/fr\/38459-cameroun-biya-seul-responsable-de-la-crise-anglophone-principal-opposant.html\"]}]},{\"@type\":\"BreadcrumbList\",\"@id\":\"https:\/\/www.justiceinfo.net\/fr\/38459-cameroun-biya-seul-responsable-de-la-crise-anglophone-principal-opposant.html#breadcrumb\",\"itemListElement\":[{\"@type\":\"ListItem\",\"position\":1,\"name\":\"Home\",\"item\":\"https:\/\/www.justiceinfo.net\/fr\"},{\"@type\":\"ListItem\",\"position\":2,\"name\":\"Cameroun: Biya \\\"seul responsable\\\" de la crise anglophone (principal opposant)\"}]},{\"@type\":\"WebSite\",\"@id\":\"https:\/\/www.justiceinfo.net\/fr#website\",\"url\":\"https:\/\/www.justiceinfo.net\/fr\",\"name\":\"JusticeInfo.net\",\"description\":\"La justice doit \u00eatre vue pour \u00eatre rendue\",\"publisher\":{\"@id\":\"https:\/\/www.justiceinfo.net\/fr#organization\"},\"potentialAction\":[{\"@type\":\"SearchAction\",\"target\":{\"@type\":\"EntryPoint\",\"urlTemplate\":\"https:\/\/www.justiceinfo.net\/fr?s={search_term_string}\"},\"query-input\":{\"@type\":\"PropertyValueSpecification\",\"valueRequired\":true,\"valueName\":\"search_term_string\"}}],\"inLanguage\":\"fr-FR\"},{\"@type\":\"Organization\",\"@id\":\"https:\/\/www.justiceinfo.net\/fr#organization\",\"name\":\"Justice Info\",\"url\":\"https:\/\/www.justiceinfo.net\/fr\",\"logo\":{\"@type\":\"ImageObject\",\"inLanguage\":\"fr-FR\",\"@id\":\"https:\/\/www.justiceinfo.net\/fr#\/schema\/logo\/image\/\",\"url\":\"https:\/\/www.justiceinfo.net\/wp-content\/uploads\/justiceinfo_logo-trans_1200x1200px.png\",\"contentUrl\":\"https:\/\/www.justiceinfo.net\/wp-content\/uploads\/justiceinfo_logo-trans_1200x1200px.png\",\"width\":1199,\"height\":1200,\"caption\":\"Justice Info\"},\"image\":{\"@id\":\"https:\/\/www.justiceinfo.net\/fr#\/schema\/logo\/image\/\"},\"sameAs\":[\"https:\/\/www.facebook.com\/JusticeInfo\/\",\"https:\/\/x.com\/justiceinfonet\",\"https:\/\/www.linkedin.com\/company\/justice-info\",\"https:\/\/www.youtube.com\/channel\/UCyCEsARodyuWtkWyhn-e7pA\"]},{\"@type\":\"Person\",\"name\":\"AFP\",\"url\":\"\/fr\/?s=AFP\"}]}<\/script>\n<!-- \/ Yoast SEO Premium plugin. -->","yoast_head_json":{"title":"Cameroun: Biya \"seul responsable\" de la crise anglophone (principal opposant) - JusticeInfo.net","robots":{"index":"index","follow":"follow","max-snippet":"max-snippet:-1","max-image-preview":"max-image-preview:large","max-video-preview":"max-video-preview:-1"},"canonical":"https:\/\/www.justiceinfo.net\/fr\/38459-cameroun-biya-seul-responsable-de-la-crise-anglophone-principal-opposant.html","og_locale":"fr_FR","og_type":"article","og_title":"Cameroun: Biya \"seul responsable\" de la crise anglophone (principal opposant)","og_description":"Le pr\u00e9sident camerounais Paul Biya est \"le seul responsable\" du conflit dans les r\u00e9gions anglophones de son pays, a affirm\u00e9 dans un entretien \u00e0 l'AFP Joshua Osih, candidat du principal parti d'opposition \u00e0 la pr\u00e9sidentielle d'octobre. Les r\u00e9gions du Nord-Ouest et du Sud-Ouest, dont Joshua Osih est originaire, sont en proie depuis fin 2016 \u00e0 [&hellip;]","og_url":"https:\/\/www.justiceinfo.net\/fr\/38459-cameroun-biya-seul-responsable-de-la-crise-anglophone-principal-opposant.html","og_site_name":"JusticeInfo.net","article_publisher":"https:\/\/www.facebook.com\/JusticeInfo\/","article_published_time":"2018-08-20T07:24:04+00:00","og_image":[{"width":1200,"height":630,"url":"https:\/\/www.justiceinfo.net\/wp-content\/uploads\/JusticeInfoNet_logo_1200x630px.jpg","type":"image\/jpeg"}],"author":"AFP","twitter_card":"summary_large_image","twitter_creator":"@justiceinfonet","twitter_site":"@justiceinfonet","twitter_misc":{"\u00c9crit par":"AFP","Dur\u00e9e de lecture estim\u00e9e":"4 minutes"},"schema":{"@context":"https:\/\/schema.org","@graph":[{"@type":"NewsArticle","@id":"https:\/\/www.justiceinfo.net\/fr\/38459-cameroun-biya-seul-responsable-de-la-crise-anglophone-principal-opposant.html#article","isPartOf":{"@id":"https:\/\/www.justiceinfo.net\/fr\/38459-cameroun-biya-seul-responsable-de-la-crise-anglophone-principal-opposant.html"},"author":{"name":"afp","@id":"https:\/\/www.justiceinfo.net\/fr#\/schema\/person\/713d340ef5f218fc36ce9b4244364a7f"},"headline":"Cameroun: Biya \"seul responsable\" de la crise anglophone (principal opposant)","datePublished":"2018-08-20T07:24:04+00:00","mainEntityOfPage":{"@id":"https:\/\/www.justiceinfo.net\/fr\/38459-cameroun-biya-seul-responsable-de-la-crise-anglophone-principal-opposant.html"},"wordCount":852,"commentCount":0,"publisher":{"@id":"https:\/\/www.justiceinfo.net\/fr#organization"},"articleSection":["Fil d'info AFP"],"inLanguage":"fr-FR","potentialAction":[{"@type":"CommentAction","name":"Comment","target":["https:\/\/www.justiceinfo.net\/fr\/38459-cameroun-biya-seul-responsable-de-la-crise-anglophone-principal-opposant.html#respond"]}]},{"@type":"WebPage","@id":"https:\/\/www.justiceinfo.net\/fr\/38459-cameroun-biya-seul-responsable-de-la-crise-anglophone-principal-opposant.html","url":"https:\/\/www.justiceinfo.net\/fr\/38459-cameroun-biya-seul-responsable-de-la-crise-anglophone-principal-opposant.html","name":"Cameroun: Biya \"seul responsable\" de la crise anglophone (principal opposant) - JusticeInfo.net","isPartOf":{"@id":"https:\/\/www.justiceinfo.net\/fr#website"},"datePublished":"2018-08-20T07:24:04+00:00","breadcrumb":{"@id":"https:\/\/www.justiceinfo.net\/fr\/38459-cameroun-biya-seul-responsable-de-la-crise-anglophone-principal-opposant.html#breadcrumb"},"inLanguage":"fr-FR","potentialAction":[{"@type":"ReadAction","target":["https:\/\/www.justiceinfo.net\/fr\/38459-cameroun-biya-seul-responsable-de-la-crise-anglophone-principal-opposant.html"]}]},{"@type":"BreadcrumbList","@id":"https:\/\/www.justiceinfo.net\/fr\/38459-cameroun-biya-seul-responsable-de-la-crise-anglophone-principal-opposant.html#breadcrumb","itemListElement":[{"@type":"ListItem","position":1,"name":"Home","item":"https:\/\/www.justiceinfo.net\/fr"},{"@type":"ListItem","position":2,"name":"Cameroun: Biya \"seul responsable\" de la crise anglophone (principal opposant)"}]},{"@type":"WebSite","@id":"https:\/\/www.justiceinfo.net\/fr#website","url":"https:\/\/www.justiceinfo.net\/fr","name":"JusticeInfo.net","description":"La justice doit \u00eatre vue pour \u00eatre rendue","publisher":{"@id":"https:\/\/www.justiceinfo.net\/fr#organization"},"potentialAction":[{"@type":"SearchAction","target":{"@type":"EntryPoint","urlTemplate":"https:\/\/www.justiceinfo.net\/fr?s={search_term_string}"},"query-input":{"@type":"PropertyValueSpecification","valueRequired":true,"valueName":"search_term_string"}}],"inLanguage":"fr-FR"},{"@type":"Organization","@id":"https:\/\/www.justiceinfo.net\/fr#organization","name":"Justice Info","url":"https:\/\/www.justiceinfo.net\/fr","logo":{"@type":"ImageObject","inLanguage":"fr-FR","@id":"https:\/\/www.justiceinfo.net\/fr#\/schema\/logo\/image\/","url":"https:\/\/www.justiceinfo.net\/wp-content\/uploads\/justiceinfo_logo-trans_1200x1200px.png","contentUrl":"https:\/\/www.justiceinfo.net\/wp-content\/uploads\/justiceinfo_logo-trans_1200x1200px.png","width":1199,"height":1200,"caption":"Justice Info"},"image":{"@id":"https:\/\/www.justiceinfo.net\/fr#\/schema\/logo\/image\/"},"sameAs":["https:\/\/www.facebook.com\/JusticeInfo\/","https:\/\/x.com\/justiceinfonet","https:\/\/www.linkedin.com\/company\/justice-info","https:\/\/www.youtube.com\/channel\/UCyCEsARodyuWtkWyhn-e7pA"]},{"@type":"Person","name":"AFP","url":"\/fr\/?s=AFP"}]}},"_links":{"self":[{"href":"https:\/\/www.justiceinfo.net\/fr\/wp-json\/wp\/v2\/posts\/38459","targetHints":{"allow":["GET"]}}],"collection":[{"href":"https:\/\/www.justiceinfo.net\/fr\/wp-json\/wp\/v2\/posts"}],"about":[{"href":"https:\/\/www.justiceinfo.net\/fr\/wp-json\/wp\/v2\/types\/post"}],"author":[{"embeddable":true,"href":"https:\/\/www.justiceinfo.net\/fr\/wp-json\/wp\/v2\/users\/60"}],"replies":[{"embeddable":true,"href":"https:\/\/www.justiceinfo.net\/fr\/wp-json\/wp\/v2\/comments?post=38459"}],"version-history":[{"count":0,"href":"https:\/\/www.justiceinfo.net\/fr\/wp-json\/wp\/v2\/posts\/38459\/revisions"}],"wp:attachment":[{"href":"https:\/\/www.justiceinfo.net\/fr\/wp-json\/wp\/v2\/media?parent=38459"}],"wp:term":[{"taxonomy":"category","embeddable":true,"href":"https:\/\/www.justiceinfo.net\/fr\/wp-json\/wp\/v2\/categories?post=38459"},{"taxonomy":"post_tag","embeddable":true,"href":"https:\/\/www.justiceinfo.net\/fr\/wp-json\/wp\/v2\/tags?post=38459"},{"taxonomy":"ji_location","embeddable":true,"href":"https:\/\/www.justiceinfo.net\/fr\/wp-json\/wp\/v2\/ji_location?post=38459"}],"curies":[{"name":"wp","href":"https:\/\/api.w.org\/{rel}","templated":true}]}}