{"id":38475,"date":"2018-08-22T17:00:03","date_gmt":"2018-08-22T15:00:03","guid":{"rendered":"https:\/\/www.justiceinfo.net\/38475-gaza-demission-du-president-de-la-commission-d-enquete-de-l-onu.html"},"modified":"2018-08-22T17:00:03","modified_gmt":"2018-08-22T15:00:03","slug":"gaza-demission-du-president-de-la-commission-d-enquete-de-l-onu","status":"publish","type":"post","link":"https:\/\/www.justiceinfo.net\/fr\/38475-gaza-demission-du-president-de-la-commission-d-enquete-de-l-onu.html","title":{"rendered":"Gaza: d\u00e9mission du pr\u00e9sident de la Commission d'enqu\u00eate de l'ONU"},"content":{"rendered":"<div class=\"txt-textContent\">\n<div class=\"text fontsize_0 jq_Content jq_langdir\">\n<p>Le pr\u00e9sident de la Commission d'enqu\u00eate du Conseil des droits de l'homme de l'ONU sur les violences \u00e0 Gaza, le professeur am\u00e9ricain David Crane, a d\u00e9missionn\u00e9 pour \"raisons personnelles\", a annonc\u00e9 mercredi le Conseil.<\/p>\n<p>L'ambassadeur slov\u00e8ne Vojislav Suc, qui pr\u00e9side actuellement le Conseil des droits de l'homme (CDH), a accept\u00e9 sa d\u00e9mission et va devoir nommer un nouveau pr\u00e9sident de la Commission, compos\u00e9e \u00e9galement de Sara Hossain (Bangladesh) et de Kaari Betty Murungi (Kenya), a indiqu\u00e9 un communiqu\u00e9 officiel.<\/p>\n<p>Ancien procureur en chef du Tribunal sp\u00e9cial sur la Sierra Leone, M. Crane avait \u00e9t\u00e9 nomm\u00e9 le 25 juillet pour enqu\u00eater sur les violences survenues depuis mars dans la bande de Gaza o\u00f9 au moins 171 Palestiniens ont \u00e9t\u00e9 tu\u00e9s par des tirs isra\u00e9liens.\u00a0<\/p>\n<p>La Commission d'enqu\u00eate a \u00e9t\u00e9 d\u00e9cid\u00e9e le 18 mai par une r\u00e9solution du CDH de l'ONU, contre l'avis des Etats-Unis, qui se sont retir\u00e9s le mois suivant du Conseil qualifi\u00e9 de \"cloaque\" anti-Isra\u00ebl.\u00a0<\/p>\n<p>La Commission d'enqu\u00eate devra rendre son rapport final en mars 2019.\u00a0<\/p>\n<p>Le CDH a \u00e9t\u00e9 cr\u00e9\u00e9 en 2006 pour promouvoir et prot\u00e9ger les droits de l'homme \u00e0 travers le monde, mais ses rapports ont souvent contredit les priorit\u00e9s am\u00e9ricaines.<\/p>\n<p>gca\/gl<\/p>\n<\/div>\n<\/div>\n","protected":false},"excerpt":{"rendered":"<p>Le pr\u00e9sident de la Commission d'enqu\u00eate du Conseil des droits de l'homme de l'ONU sur les violences \u00e0 Gaza, le professeur am\u00e9ricain David Crane, a d\u00e9missionn\u00e9 pour \"raisons personnelles\", a annonc\u00e9 mercredi le Conseil. L'ambassadeur slov\u00e8ne Vojislav Suc, qui pr\u00e9side actuellement le Conseil des droits de l'homme (CDH), a accept\u00e9 sa d\u00e9mission et va devoir [&hellip;]<\/p>\n","protected":false},"author":60,"featured_media":0,"comment_status":"open","ping_status":"closed","sticky":false,"template":"","format":"standard","meta":{"_acf_changed":false,"footnotes":""},"categories":[2576],"tags":[],"ji_location":[2402],"class_list":["post-38475","post","type-post","status-publish","format-standard","hentry","category-fil-d-actualite","ji_location-palestine"],"acf":[],"yoast_head":"<!-- This site is optimized with the Yoast SEO Premium plugin v25.3.1 (Yoast SEO v25.3.1) - https:\/\/yoast.com\/wordpress\/plugins\/seo\/ -->\n<title>Gaza: d\u00e9mission du pr\u00e9sident de la Commission d&#039;enqu\u00eate de l&#039;ONU - JusticeInfo.net<\/title>\n<meta name=\"robots\" content=\"index, follow, max-snippet:-1, max-image-preview:large, max-video-preview:-1\" \/>\n<link rel=\"canonical\" href=\"https:\/\/www.justiceinfo.net\/fr\/38475-gaza-demission-du-president-de-la-commission-d-enquete-de-l-onu.html\" \/>\n<meta property=\"og:locale\" content=\"fr_FR\" \/>\n<meta property=\"og:type\" content=\"article\" \/>\n<meta property=\"og:title\" content=\"Gaza: d\u00e9mission du pr\u00e9sident de la Commission d&#039;enqu\u00eate de l&#039;ONU\" \/>\n<meta property=\"og:description\" content=\"Le pr\u00e9sident de la Commission d&#039;enqu\u00eate du Conseil des droits de l&#039;homme de l&#039;ONU sur les violences \u00e0 Gaza, le professeur am\u00e9ricain David Crane, a d\u00e9missionn\u00e9 pour &quot;raisons personnelles&quot;, a annonc\u00e9 mercredi le Conseil. L&#039;ambassadeur slov\u00e8ne Vojislav Suc, qui pr\u00e9side actuellement le Conseil des droits de l&#039;homme (CDH), a accept\u00e9 sa d\u00e9mission et va devoir [&hellip;]\" \/>\n<meta property=\"og:url\" content=\"https:\/\/www.justiceinfo.net\/fr\/38475-gaza-demission-du-president-de-la-commission-d-enquete-de-l-onu.html\" \/>\n<meta property=\"og:site_name\" content=\"JusticeInfo.net\" \/>\n<meta property=\"article:publisher\" content=\"https:\/\/www.facebook.com\/JusticeInfo\/\" \/>\n<meta property=\"article:published_time\" content=\"2018-08-22T15:00:03+00:00\" \/>\n<meta property=\"og:image\" content=\"https:\/\/www.justiceinfo.net\/wp-content\/uploads\/JusticeInfoNet_logo_1200x630px.jpg\" \/>\n\t<meta property=\"og:image:width\" content=\"1200\" \/>\n\t<meta property=\"og:image:height\" content=\"630\" \/>\n\t<meta property=\"og:image:type\" content=\"image\/jpeg\" \/>\n<meta name=\"author\" content=\"AFP\" \/>\n<meta name=\"twitter:card\" content=\"summary_large_image\" \/>\n<meta name=\"twitter:creator\" content=\"@justiceinfonet\" \/>\n<meta name=\"twitter:site\" content=\"@justiceinfonet\" \/>\n<meta name=\"twitter:label1\" content=\"\u00c9crit par\" \/>\n\t<meta name=\"twitter:data1\" content=\"AFP\" \/>\n\t<meta name=\"twitter:label2\" content=\"Dur\u00e9e de lecture estim\u00e9e\" \/>\n\t<meta name=\"twitter:data2\" content=\"1 minute\" \/>\n<script type=\"application\/ld+json\" class=\"yoast-schema-graph\">{\"@context\":\"https:\/\/schema.org\",\"@graph\":[{\"@type\":\"NewsArticle\",\"@id\":\"https:\/\/www.justiceinfo.net\/fr\/38475-gaza-demission-du-president-de-la-commission-d-enquete-de-l-onu.html#article\",\"isPartOf\":{\"@id\":\"https:\/\/www.justiceinfo.net\/fr\/38475-gaza-demission-du-president-de-la-commission-d-enquete-de-l-onu.html\"},\"author\":{\"name\":\"afp\",\"@id\":\"https:\/\/www.justiceinfo.net\/fr#\/schema\/person\/713d340ef5f218fc36ce9b4244364a7f\"},\"headline\":\"Gaza: d\u00e9mission du pr\u00e9sident de la Commission d'enqu\u00eate de l'ONU\",\"datePublished\":\"2018-08-22T15:00:03+00:00\",\"mainEntityOfPage\":{\"@id\":\"https:\/\/www.justiceinfo.net\/fr\/38475-gaza-demission-du-president-de-la-commission-d-enquete-de-l-onu.html\"},\"wordCount\":238,\"commentCount\":0,\"publisher\":{\"@id\":\"https:\/\/www.justiceinfo.net\/fr#organization\"},\"articleSection\":[\"Fil d'info AFP\"],\"inLanguage\":\"fr-FR\",\"potentialAction\":[{\"@type\":\"CommentAction\",\"name\":\"Comment\",\"target\":[\"https:\/\/www.justiceinfo.net\/fr\/38475-gaza-demission-du-president-de-la-commission-d-enquete-de-l-onu.html#respond\"]}]},{\"@type\":\"WebPage\",\"@id\":\"https:\/\/www.justiceinfo.net\/fr\/38475-gaza-demission-du-president-de-la-commission-d-enquete-de-l-onu.html\",\"url\":\"https:\/\/www.justiceinfo.net\/fr\/38475-gaza-demission-du-president-de-la-commission-d-enquete-de-l-onu.html\",\"name\":\"Gaza: d\u00e9mission du pr\u00e9sident de la Commission d'enqu\u00eate de l'ONU - JusticeInfo.net\",\"isPartOf\":{\"@id\":\"https:\/\/www.justiceinfo.net\/fr#website\"},\"datePublished\":\"2018-08-22T15:00:03+00:00\",\"breadcrumb\":{\"@id\":\"https:\/\/www.justiceinfo.net\/fr\/38475-gaza-demission-du-president-de-la-commission-d-enquete-de-l-onu.html#breadcrumb\"},\"inLanguage\":\"fr-FR\",\"potentialAction\":[{\"@type\":\"ReadAction\",\"target\":[\"https:\/\/www.justiceinfo.net\/fr\/38475-gaza-demission-du-president-de-la-commission-d-enquete-de-l-onu.html\"]}]},{\"@type\":\"BreadcrumbList\",\"@id\":\"https:\/\/www.justiceinfo.net\/fr\/38475-gaza-demission-du-president-de-la-commission-d-enquete-de-l-onu.html#breadcrumb\",\"itemListElement\":[{\"@type\":\"ListItem\",\"position\":1,\"name\":\"Home\",\"item\":\"https:\/\/www.justiceinfo.net\/fr\"},{\"@type\":\"ListItem\",\"position\":2,\"name\":\"Gaza: d\u00e9mission du pr\u00e9sident de la Commission d'enqu\u00eate de l'ONU\"}]},{\"@type\":\"WebSite\",\"@id\":\"https:\/\/www.justiceinfo.net\/fr#website\",\"url\":\"https:\/\/www.justiceinfo.net\/fr\",\"name\":\"JusticeInfo.net\",\"description\":\"La justice doit \u00eatre vue pour \u00eatre rendue\",\"publisher\":{\"@id\":\"https:\/\/www.justiceinfo.net\/fr#organization\"},\"potentialAction\":[{\"@type\":\"SearchAction\",\"target\":{\"@type\":\"EntryPoint\",\"urlTemplate\":\"https:\/\/www.justiceinfo.net\/fr?s={search_term_string}\"},\"query-input\":{\"@type\":\"PropertyValueSpecification\",\"valueRequired\":true,\"valueName\":\"search_term_string\"}}],\"inLanguage\":\"fr-FR\"},{\"@type\":\"Organization\",\"@id\":\"https:\/\/www.justiceinfo.net\/fr#organization\",\"name\":\"Justice Info\",\"url\":\"https:\/\/www.justiceinfo.net\/fr\",\"logo\":{\"@type\":\"ImageObject\",\"inLanguage\":\"fr-FR\",\"@id\":\"https:\/\/www.justiceinfo.net\/fr#\/schema\/logo\/image\/\",\"url\":\"https:\/\/www.justiceinfo.net\/wp-content\/uploads\/justiceinfo_logo-trans_1200x1200px.png\",\"contentUrl\":\"https:\/\/www.justiceinfo.net\/wp-content\/uploads\/justiceinfo_logo-trans_1200x1200px.png\",\"width\":1199,\"height\":1200,\"caption\":\"Justice Info\"},\"image\":{\"@id\":\"https:\/\/www.justiceinfo.net\/fr#\/schema\/logo\/image\/\"},\"sameAs\":[\"https:\/\/www.facebook.com\/JusticeInfo\/\",\"https:\/\/x.com\/justiceinfonet\",\"https:\/\/www.linkedin.com\/company\/justice-info\",\"https:\/\/www.youtube.com\/channel\/UCyCEsARodyuWtkWyhn-e7pA\"]},{\"@type\":\"Person\",\"name\":\"AFP\",\"url\":\"\/fr\/?s=AFP\"}]}<\/script>\n<!-- \/ Yoast SEO Premium plugin. -->","yoast_head_json":{"title":"Gaza: d\u00e9mission du pr\u00e9sident de la Commission d'enqu\u00eate de l'ONU - JusticeInfo.net","robots":{"index":"index","follow":"follow","max-snippet":"max-snippet:-1","max-image-preview":"max-image-preview:large","max-video-preview":"max-video-preview:-1"},"canonical":"https:\/\/www.justiceinfo.net\/fr\/38475-gaza-demission-du-president-de-la-commission-d-enquete-de-l-onu.html","og_locale":"fr_FR","og_type":"article","og_title":"Gaza: d\u00e9mission du pr\u00e9sident de la Commission d'enqu\u00eate de l'ONU","og_description":"Le pr\u00e9sident de la Commission d'enqu\u00eate du Conseil des droits de l'homme de l'ONU sur les violences \u00e0 Gaza, le professeur am\u00e9ricain David Crane, a d\u00e9missionn\u00e9 pour \"raisons personnelles\", a annonc\u00e9 mercredi le Conseil. L'ambassadeur slov\u00e8ne Vojislav Suc, qui pr\u00e9side actuellement le Conseil des droits de l'homme (CDH), a accept\u00e9 sa d\u00e9mission et va devoir [&hellip;]","og_url":"https:\/\/www.justiceinfo.net\/fr\/38475-gaza-demission-du-president-de-la-commission-d-enquete-de-l-onu.html","og_site_name":"JusticeInfo.net","article_publisher":"https:\/\/www.facebook.com\/JusticeInfo\/","article_published_time":"2018-08-22T15:00:03+00:00","og_image":[{"width":1200,"height":630,"url":"https:\/\/www.justiceinfo.net\/wp-content\/uploads\/JusticeInfoNet_logo_1200x630px.jpg","type":"image\/jpeg"}],"author":"AFP","twitter_card":"summary_large_image","twitter_creator":"@justiceinfonet","twitter_site":"@justiceinfonet","twitter_misc":{"\u00c9crit par":"AFP","Dur\u00e9e de lecture estim\u00e9e":"1 minute"},"schema":{"@context":"https:\/\/schema.org","@graph":[{"@type":"NewsArticle","@id":"https:\/\/www.justiceinfo.net\/fr\/38475-gaza-demission-du-president-de-la-commission-d-enquete-de-l-onu.html#article","isPartOf":{"@id":"https:\/\/www.justiceinfo.net\/fr\/38475-gaza-demission-du-president-de-la-commission-d-enquete-de-l-onu.html"},"author":{"name":"afp","@id":"https:\/\/www.justiceinfo.net\/fr#\/schema\/person\/713d340ef5f218fc36ce9b4244364a7f"},"headline":"Gaza: d\u00e9mission du pr\u00e9sident de la Commission d'enqu\u00eate de l'ONU","datePublished":"2018-08-22T15:00:03+00:00","mainEntityOfPage":{"@id":"https:\/\/www.justiceinfo.net\/fr\/38475-gaza-demission-du-president-de-la-commission-d-enquete-de-l-onu.html"},"wordCount":238,"commentCount":0,"publisher":{"@id":"https:\/\/www.justiceinfo.net\/fr#organization"},"articleSection":["Fil d'info AFP"],"inLanguage":"fr-FR","potentialAction":[{"@type":"CommentAction","name":"Comment","target":["https:\/\/www.justiceinfo.net\/fr\/38475-gaza-demission-du-president-de-la-commission-d-enquete-de-l-onu.html#respond"]}]},{"@type":"WebPage","@id":"https:\/\/www.justiceinfo.net\/fr\/38475-gaza-demission-du-president-de-la-commission-d-enquete-de-l-onu.html","url":"https:\/\/www.justiceinfo.net\/fr\/38475-gaza-demission-du-president-de-la-commission-d-enquete-de-l-onu.html","name":"Gaza: d\u00e9mission du pr\u00e9sident de la Commission d'enqu\u00eate de l'ONU - JusticeInfo.net","isPartOf":{"@id":"https:\/\/www.justiceinfo.net\/fr#website"},"datePublished":"2018-08-22T15:00:03+00:00","breadcrumb":{"@id":"https:\/\/www.justiceinfo.net\/fr\/38475-gaza-demission-du-president-de-la-commission-d-enquete-de-l-onu.html#breadcrumb"},"inLanguage":"fr-FR","potentialAction":[{"@type":"ReadAction","target":["https:\/\/www.justiceinfo.net\/fr\/38475-gaza-demission-du-president-de-la-commission-d-enquete-de-l-onu.html"]}]},{"@type":"BreadcrumbList","@id":"https:\/\/www.justiceinfo.net\/fr\/38475-gaza-demission-du-president-de-la-commission-d-enquete-de-l-onu.html#breadcrumb","itemListElement":[{"@type":"ListItem","position":1,"name":"Home","item":"https:\/\/www.justiceinfo.net\/fr"},{"@type":"ListItem","position":2,"name":"Gaza: d\u00e9mission du pr\u00e9sident de la Commission d'enqu\u00eate de l'ONU"}]},{"@type":"WebSite","@id":"https:\/\/www.justiceinfo.net\/fr#website","url":"https:\/\/www.justiceinfo.net\/fr","name":"JusticeInfo.net","description":"La justice doit \u00eatre vue pour \u00eatre rendue","publisher":{"@id":"https:\/\/www.justiceinfo.net\/fr#organization"},"potentialAction":[{"@type":"SearchAction","target":{"@type":"EntryPoint","urlTemplate":"https:\/\/www.justiceinfo.net\/fr?s={search_term_string}"},"query-input":{"@type":"PropertyValueSpecification","valueRequired":true,"valueName":"search_term_string"}}],"inLanguage":"fr-FR"},{"@type":"Organization","@id":"https:\/\/www.justiceinfo.net\/fr#organization","name":"Justice Info","url":"https:\/\/www.justiceinfo.net\/fr","logo":{"@type":"ImageObject","inLanguage":"fr-FR","@id":"https:\/\/www.justiceinfo.net\/fr#\/schema\/logo\/image\/","url":"https:\/\/www.justiceinfo.net\/wp-content\/uploads\/justiceinfo_logo-trans_1200x1200px.png","contentUrl":"https:\/\/www.justiceinfo.net\/wp-content\/uploads\/justiceinfo_logo-trans_1200x1200px.png","width":1199,"height":1200,"caption":"Justice Info"},"image":{"@id":"https:\/\/www.justiceinfo.net\/fr#\/schema\/logo\/image\/"},"sameAs":["https:\/\/www.facebook.com\/JusticeInfo\/","https:\/\/x.com\/justiceinfonet","https:\/\/www.linkedin.com\/company\/justice-info","https:\/\/www.youtube.com\/channel\/UCyCEsARodyuWtkWyhn-e7pA"]},{"@type":"Person","name":"AFP","url":"\/fr\/?s=AFP"}]}},"_links":{"self":[{"href":"https:\/\/www.justiceinfo.net\/fr\/wp-json\/wp\/v2\/posts\/38475","targetHints":{"allow":["GET"]}}],"collection":[{"href":"https:\/\/www.justiceinfo.net\/fr\/wp-json\/wp\/v2\/posts"}],"about":[{"href":"https:\/\/www.justiceinfo.net\/fr\/wp-json\/wp\/v2\/types\/post"}],"author":[{"embeddable":true,"href":"https:\/\/www.justiceinfo.net\/fr\/wp-json\/wp\/v2\/users\/60"}],"replies":[{"embeddable":true,"href":"https:\/\/www.justiceinfo.net\/fr\/wp-json\/wp\/v2\/comments?post=38475"}],"version-history":[{"count":0,"href":"https:\/\/www.justiceinfo.net\/fr\/wp-json\/wp\/v2\/posts\/38475\/revisions"}],"wp:attachment":[{"href":"https:\/\/www.justiceinfo.net\/fr\/wp-json\/wp\/v2\/media?parent=38475"}],"wp:term":[{"taxonomy":"category","embeddable":true,"href":"https:\/\/www.justiceinfo.net\/fr\/wp-json\/wp\/v2\/categories?post=38475"},{"taxonomy":"post_tag","embeddable":true,"href":"https:\/\/www.justiceinfo.net\/fr\/wp-json\/wp\/v2\/tags?post=38475"},{"taxonomy":"ji_location","embeddable":true,"href":"https:\/\/www.justiceinfo.net\/fr\/wp-json\/wp\/v2\/ji_location?post=38475"}],"curies":[{"name":"wp","href":"https:\/\/api.w.org\/{rel}","templated":true}]}}