{"id":38478,"date":"2018-08-22T17:09:18","date_gmt":"2018-08-22T15:09:18","guid":{"rendered":"https:\/\/www.justiceinfo.net\/38478-les-palestiniens-rejettent-une-apparente-ouverture-de-trump.html"},"modified":"2018-08-22T17:09:18","modified_gmt":"2018-08-22T15:09:18","slug":"les-palestiniens-rejettent-une-apparente-ouverture-de-trump","status":"publish","type":"post","link":"https:\/\/www.justiceinfo.net\/fr\/38478-les-palestiniens-rejettent-une-apparente-ouverture-de-trump.html","title":{"rendered":"Les Palestiniens rejettent une apparente ouverture de Trump"},"content":{"rendered":"<div class=\"txt-textContent\">\n<div class=\"text fontsize_0 jq_Content jq_langdir\">\n<p>Les responsables palestiniens ont rejet\u00e9 mercredi une apparente ouverture du pr\u00e9sident am\u00e9ricain Donald Trump qui leur a promis \"quelque chose de tr\u00e8s bien\" en compensation de la reconnaissance par les Etats-Unis de J\u00e9rusalem comme capitale d'Isra\u00ebl.<\/p>\n<p>M. Trump a annonc\u00e9 en d\u00e9cembre sa d\u00e9cision, controvers\u00e9e, de reconna\u00eetre J\u00e9rusalem comme capitale d'Isra\u00ebl et d'y transf\u00e9rer l'ambassade des Etats-Unis, jusqu'alors \u00e0 Tel-Aviv.<\/p>\n<p>Cette d\u00e9cision \u00e9tait la bonne parce que, \"chaque fois qu'il y a eu des discussions de paix (entre Isra\u00e9liens et Palestiniens), elles n'ont jamais pass\u00e9 le cap de J\u00e9rusalem\", a dit mardi le pr\u00e9sident am\u00e9ricain lors d'une r\u00e9union publique en Virginie occidentale.\u00a0<\/p>\n<p>A pr\u00e9sent, \"nous avons retir\u00e9 ce sujet de la table\", a-t-il dit en parlant de l'une des questions les plus \u00e9pineuses en vue d'une solution au conflit.<\/p>\n<p>Cette rupture unilat\u00e9rale avec des d\u00e9cennies de consensus international a suscit\u00e9 une large r\u00e9probation \u00e0 l'\u00e9tranger. Elle a ulc\u00e9r\u00e9 les Palestiniens pour qui elle nie leur revendication \u00e0 faire de J\u00e9rusalem-Est, annex\u00e9e et occup\u00e9e par Isra\u00ebl, la capitale de l'Etat auquel ils aspirent. L'inauguration de l'ambassade am\u00e9ricaine \u00e0 J\u00e9rusalem le 14 mai a co\u00efncid\u00e9 avec des violences dans la bande de Gaza qui ont fait au moins 63 morts palestiniens.<\/p>\n<p>Les Palestiniens estiment que les Etats-Unis se sont discr\u00e9dit\u00e9s alors que, depuis des mois, l'administration Trump fait miroiter un plan pour la paix.<\/p>\n<p>\"Vous savez quoi ? Isra\u00ebl va d\u00e9sormais devoir payer un prix plus \u00e9lev\u00e9 dans les n\u00e9gociations parce qu'ils (les Isra\u00e9liens) ont obtenu quelque chose de tr\u00e8s gros\", a dit M. Trump.<\/p>\n<p>Les Palestiniens \"obtiendront quelque chose de tr\u00e8s bien parce que, maintenant, c'est leur tour\", a-t-il ajout\u00e9.<\/p>\n<p>Les propos de M. Trump sont \"le prolongement de la politique am\u00e9ricaine au profit d'Isra\u00ebl\", a dit, selon l'agence Wafa, Ahmad al-Tamimi, un haut responsable de la direction palestinienne \u00e0 Ramallah, en Cisjordanie occup\u00e9e.<\/p>\n<p>En visite \u00e0 J\u00e9rusalem, le conseiller de M. Trump \u00e0 la s\u00e9curit\u00e9 nationale, John Bolton, a dit esp\u00e9rer que les Palestiniens surmonteraient leur rancoeur.<\/p>\n<p>M. Trump, \"en tant qu'expert des march\u00e9s, des tractations\" s'attendrait \"\u00e0 ce que les Palestiniens disent: +OK, tr\u00e8s bien, on n'a pas obtenu \u00e7a, donc on veut autre chose, voyons voir comment nous y prendre+\", a dit M. Bolton \u00e0 la presse.<\/p>\n<p>Sa\u00ebb Erekat, autre haut responsable palestinien, a jug\u00e9 ces propos \"absurdes\". \"On ne peut pas parler de paix sans J\u00e9rusalem pour capitale d'un Etat palestinien ind\u00e9pendant\", a-t-il dit dans un communiqu\u00e9.<\/p>\n<p>La direction palestinienne refuse depuis d\u00e9cembre tout contact avec les officiels am\u00e9ricains. M. Bolton a dit que \"beaucoup de consultations\" restaient en cours sur les propositions de paix am\u00e9ricaines qui se font toujours attendre. \"Il n'y a pas de d\u00e9cision quant \u00e0 la date \u00e0 laquelle tous les d\u00e9tails du plan seront annonc\u00e9s\", a-t-il dit.<\/p>\n<p>na-jod-scw\/lal\/vl<\/p>\n<\/div>\n<\/div>\n","protected":false},"excerpt":{"rendered":"<p>Les responsables palestiniens ont rejet\u00e9 mercredi une apparente ouverture du pr\u00e9sident am\u00e9ricain Donald Trump qui leur a promis \"quelque chose de tr\u00e8s bien\" en compensation de la reconnaissance par les Etats-Unis de J\u00e9rusalem comme capitale d'Isra\u00ebl. M. Trump a annonc\u00e9 en d\u00e9cembre sa d\u00e9cision, controvers\u00e9e, de reconna\u00eetre J\u00e9rusalem comme capitale d'Isra\u00ebl et d'y transf\u00e9rer l'ambassade [&hellip;]<\/p>\n","protected":false},"author":60,"featured_media":0,"comment_status":"open","ping_status":"closed","sticky":false,"template":"","format":"standard","meta":{"_acf_changed":false,"footnotes":""},"categories":[2576],"tags":[],"ji_location":[2402],"class_list":["post-38478","post","type-post","status-publish","format-standard","hentry","category-fil-d-actualite","ji_location-palestine"],"acf":[],"yoast_head":"<!-- This site is optimized with the Yoast SEO Premium plugin v25.3.1 (Yoast SEO v25.3.1) - https:\/\/yoast.com\/wordpress\/plugins\/seo\/ -->\n<title>Les Palestiniens rejettent une apparente ouverture de Trump - JusticeInfo.net<\/title>\n<meta name=\"robots\" content=\"index, follow, max-snippet:-1, max-image-preview:large, max-video-preview:-1\" \/>\n<link rel=\"canonical\" href=\"https:\/\/www.justiceinfo.net\/fr\/38478-les-palestiniens-rejettent-une-apparente-ouverture-de-trump.html\" \/>\n<meta property=\"og:locale\" content=\"fr_FR\" \/>\n<meta property=\"og:type\" content=\"article\" \/>\n<meta property=\"og:title\" content=\"Les Palestiniens rejettent une apparente ouverture de Trump\" \/>\n<meta property=\"og:description\" content=\"Les responsables palestiniens ont rejet\u00e9 mercredi une apparente ouverture du pr\u00e9sident am\u00e9ricain Donald Trump qui leur a promis &quot;quelque chose de tr\u00e8s bien&quot; en compensation de la reconnaissance par les Etats-Unis de J\u00e9rusalem comme capitale d&#039;Isra\u00ebl. M. Trump a annonc\u00e9 en d\u00e9cembre sa d\u00e9cision, controvers\u00e9e, de reconna\u00eetre J\u00e9rusalem comme capitale d&#039;Isra\u00ebl et d&#039;y transf\u00e9rer l&#039;ambassade [&hellip;]\" \/>\n<meta property=\"og:url\" content=\"https:\/\/www.justiceinfo.net\/fr\/38478-les-palestiniens-rejettent-une-apparente-ouverture-de-trump.html\" \/>\n<meta property=\"og:site_name\" content=\"JusticeInfo.net\" \/>\n<meta property=\"article:publisher\" content=\"https:\/\/www.facebook.com\/JusticeInfo\/\" \/>\n<meta property=\"article:published_time\" content=\"2018-08-22T15:09:18+00:00\" \/>\n<meta property=\"og:image\" content=\"https:\/\/www.justiceinfo.net\/wp-content\/uploads\/JusticeInfoNet_logo_1200x630px.jpg\" \/>\n\t<meta property=\"og:image:width\" content=\"1200\" \/>\n\t<meta property=\"og:image:height\" content=\"630\" \/>\n\t<meta property=\"og:image:type\" content=\"image\/jpeg\" \/>\n<meta name=\"author\" content=\"AFP\" \/>\n<meta name=\"twitter:card\" content=\"summary_large_image\" \/>\n<meta name=\"twitter:creator\" content=\"@justiceinfonet\" \/>\n<meta name=\"twitter:site\" content=\"@justiceinfonet\" \/>\n<meta name=\"twitter:label1\" content=\"\u00c9crit par\" \/>\n\t<meta name=\"twitter:data1\" content=\"AFP\" \/>\n\t<meta name=\"twitter:label2\" content=\"Dur\u00e9e de lecture estim\u00e9e\" \/>\n\t<meta name=\"twitter:data2\" content=\"3 minutes\" \/>\n<script type=\"application\/ld+json\" class=\"yoast-schema-graph\">{\"@context\":\"https:\/\/schema.org\",\"@graph\":[{\"@type\":\"NewsArticle\",\"@id\":\"https:\/\/www.justiceinfo.net\/fr\/38478-les-palestiniens-rejettent-une-apparente-ouverture-de-trump.html#article\",\"isPartOf\":{\"@id\":\"https:\/\/www.justiceinfo.net\/fr\/38478-les-palestiniens-rejettent-une-apparente-ouverture-de-trump.html\"},\"author\":{\"name\":\"afp\",\"@id\":\"https:\/\/www.justiceinfo.net\/fr#\/schema\/person\/713d340ef5f218fc36ce9b4244364a7f\"},\"headline\":\"Les Palestiniens rejettent une apparente ouverture de Trump\",\"datePublished\":\"2018-08-22T15:09:18+00:00\",\"mainEntityOfPage\":{\"@id\":\"https:\/\/www.justiceinfo.net\/fr\/38478-les-palestiniens-rejettent-une-apparente-ouverture-de-trump.html\"},\"wordCount\":531,\"commentCount\":0,\"publisher\":{\"@id\":\"https:\/\/www.justiceinfo.net\/fr#organization\"},\"articleSection\":[\"Fil d'info AFP\"],\"inLanguage\":\"fr-FR\",\"potentialAction\":[{\"@type\":\"CommentAction\",\"name\":\"Comment\",\"target\":[\"https:\/\/www.justiceinfo.net\/fr\/38478-les-palestiniens-rejettent-une-apparente-ouverture-de-trump.html#respond\"]}]},{\"@type\":\"WebPage\",\"@id\":\"https:\/\/www.justiceinfo.net\/fr\/38478-les-palestiniens-rejettent-une-apparente-ouverture-de-trump.html\",\"url\":\"https:\/\/www.justiceinfo.net\/fr\/38478-les-palestiniens-rejettent-une-apparente-ouverture-de-trump.html\",\"name\":\"Les Palestiniens rejettent une apparente ouverture de Trump - JusticeInfo.net\",\"isPartOf\":{\"@id\":\"https:\/\/www.justiceinfo.net\/fr#website\"},\"datePublished\":\"2018-08-22T15:09:18+00:00\",\"breadcrumb\":{\"@id\":\"https:\/\/www.justiceinfo.net\/fr\/38478-les-palestiniens-rejettent-une-apparente-ouverture-de-trump.html#breadcrumb\"},\"inLanguage\":\"fr-FR\",\"potentialAction\":[{\"@type\":\"ReadAction\",\"target\":[\"https:\/\/www.justiceinfo.net\/fr\/38478-les-palestiniens-rejettent-une-apparente-ouverture-de-trump.html\"]}]},{\"@type\":\"BreadcrumbList\",\"@id\":\"https:\/\/www.justiceinfo.net\/fr\/38478-les-palestiniens-rejettent-une-apparente-ouverture-de-trump.html#breadcrumb\",\"itemListElement\":[{\"@type\":\"ListItem\",\"position\":1,\"name\":\"Home\",\"item\":\"https:\/\/www.justiceinfo.net\/fr\"},{\"@type\":\"ListItem\",\"position\":2,\"name\":\"Les Palestiniens rejettent une apparente ouverture de Trump\"}]},{\"@type\":\"WebSite\",\"@id\":\"https:\/\/www.justiceinfo.net\/fr#website\",\"url\":\"https:\/\/www.justiceinfo.net\/fr\",\"name\":\"JusticeInfo.net\",\"description\":\"La justice doit \u00eatre vue pour \u00eatre rendue\",\"publisher\":{\"@id\":\"https:\/\/www.justiceinfo.net\/fr#organization\"},\"potentialAction\":[{\"@type\":\"SearchAction\",\"target\":{\"@type\":\"EntryPoint\",\"urlTemplate\":\"https:\/\/www.justiceinfo.net\/fr?s={search_term_string}\"},\"query-input\":{\"@type\":\"PropertyValueSpecification\",\"valueRequired\":true,\"valueName\":\"search_term_string\"}}],\"inLanguage\":\"fr-FR\"},{\"@type\":\"Organization\",\"@id\":\"https:\/\/www.justiceinfo.net\/fr#organization\",\"name\":\"Justice Info\",\"url\":\"https:\/\/www.justiceinfo.net\/fr\",\"logo\":{\"@type\":\"ImageObject\",\"inLanguage\":\"fr-FR\",\"@id\":\"https:\/\/www.justiceinfo.net\/fr#\/schema\/logo\/image\/\",\"url\":\"https:\/\/www.justiceinfo.net\/wp-content\/uploads\/justiceinfo_logo-trans_1200x1200px.png\",\"contentUrl\":\"https:\/\/www.justiceinfo.net\/wp-content\/uploads\/justiceinfo_logo-trans_1200x1200px.png\",\"width\":1199,\"height\":1200,\"caption\":\"Justice Info\"},\"image\":{\"@id\":\"https:\/\/www.justiceinfo.net\/fr#\/schema\/logo\/image\/\"},\"sameAs\":[\"https:\/\/www.facebook.com\/JusticeInfo\/\",\"https:\/\/x.com\/justiceinfonet\",\"https:\/\/www.linkedin.com\/company\/justice-info\",\"https:\/\/www.youtube.com\/channel\/UCyCEsARodyuWtkWyhn-e7pA\"]},{\"@type\":\"Person\",\"name\":\"AFP\",\"url\":\"\/fr\/?s=AFP\"}]}<\/script>\n<!-- \/ Yoast SEO Premium plugin. -->","yoast_head_json":{"title":"Les Palestiniens rejettent une apparente ouverture de Trump - JusticeInfo.net","robots":{"index":"index","follow":"follow","max-snippet":"max-snippet:-1","max-image-preview":"max-image-preview:large","max-video-preview":"max-video-preview:-1"},"canonical":"https:\/\/www.justiceinfo.net\/fr\/38478-les-palestiniens-rejettent-une-apparente-ouverture-de-trump.html","og_locale":"fr_FR","og_type":"article","og_title":"Les Palestiniens rejettent une apparente ouverture de Trump","og_description":"Les responsables palestiniens ont rejet\u00e9 mercredi une apparente ouverture du pr\u00e9sident am\u00e9ricain Donald Trump qui leur a promis \"quelque chose de tr\u00e8s bien\" en compensation de la reconnaissance par les Etats-Unis de J\u00e9rusalem comme capitale d'Isra\u00ebl. M. Trump a annonc\u00e9 en d\u00e9cembre sa d\u00e9cision, controvers\u00e9e, de reconna\u00eetre J\u00e9rusalem comme capitale d'Isra\u00ebl et d'y transf\u00e9rer l'ambassade [&hellip;]","og_url":"https:\/\/www.justiceinfo.net\/fr\/38478-les-palestiniens-rejettent-une-apparente-ouverture-de-trump.html","og_site_name":"JusticeInfo.net","article_publisher":"https:\/\/www.facebook.com\/JusticeInfo\/","article_published_time":"2018-08-22T15:09:18+00:00","og_image":[{"width":1200,"height":630,"url":"https:\/\/www.justiceinfo.net\/wp-content\/uploads\/JusticeInfoNet_logo_1200x630px.jpg","type":"image\/jpeg"}],"author":"AFP","twitter_card":"summary_large_image","twitter_creator":"@justiceinfonet","twitter_site":"@justiceinfonet","twitter_misc":{"\u00c9crit par":"AFP","Dur\u00e9e de lecture estim\u00e9e":"3 minutes"},"schema":{"@context":"https:\/\/schema.org","@graph":[{"@type":"NewsArticle","@id":"https:\/\/www.justiceinfo.net\/fr\/38478-les-palestiniens-rejettent-une-apparente-ouverture-de-trump.html#article","isPartOf":{"@id":"https:\/\/www.justiceinfo.net\/fr\/38478-les-palestiniens-rejettent-une-apparente-ouverture-de-trump.html"},"author":{"name":"afp","@id":"https:\/\/www.justiceinfo.net\/fr#\/schema\/person\/713d340ef5f218fc36ce9b4244364a7f"},"headline":"Les Palestiniens rejettent une apparente ouverture de Trump","datePublished":"2018-08-22T15:09:18+00:00","mainEntityOfPage":{"@id":"https:\/\/www.justiceinfo.net\/fr\/38478-les-palestiniens-rejettent-une-apparente-ouverture-de-trump.html"},"wordCount":531,"commentCount":0,"publisher":{"@id":"https:\/\/www.justiceinfo.net\/fr#organization"},"articleSection":["Fil d'info AFP"],"inLanguage":"fr-FR","potentialAction":[{"@type":"CommentAction","name":"Comment","target":["https:\/\/www.justiceinfo.net\/fr\/38478-les-palestiniens-rejettent-une-apparente-ouverture-de-trump.html#respond"]}]},{"@type":"WebPage","@id":"https:\/\/www.justiceinfo.net\/fr\/38478-les-palestiniens-rejettent-une-apparente-ouverture-de-trump.html","url":"https:\/\/www.justiceinfo.net\/fr\/38478-les-palestiniens-rejettent-une-apparente-ouverture-de-trump.html","name":"Les Palestiniens rejettent une apparente ouverture de Trump - JusticeInfo.net","isPartOf":{"@id":"https:\/\/www.justiceinfo.net\/fr#website"},"datePublished":"2018-08-22T15:09:18+00:00","breadcrumb":{"@id":"https:\/\/www.justiceinfo.net\/fr\/38478-les-palestiniens-rejettent-une-apparente-ouverture-de-trump.html#breadcrumb"},"inLanguage":"fr-FR","potentialAction":[{"@type":"ReadAction","target":["https:\/\/www.justiceinfo.net\/fr\/38478-les-palestiniens-rejettent-une-apparente-ouverture-de-trump.html"]}]},{"@type":"BreadcrumbList","@id":"https:\/\/www.justiceinfo.net\/fr\/38478-les-palestiniens-rejettent-une-apparente-ouverture-de-trump.html#breadcrumb","itemListElement":[{"@type":"ListItem","position":1,"name":"Home","item":"https:\/\/www.justiceinfo.net\/fr"},{"@type":"ListItem","position":2,"name":"Les Palestiniens rejettent une apparente ouverture de Trump"}]},{"@type":"WebSite","@id":"https:\/\/www.justiceinfo.net\/fr#website","url":"https:\/\/www.justiceinfo.net\/fr","name":"JusticeInfo.net","description":"La justice doit \u00eatre vue pour \u00eatre rendue","publisher":{"@id":"https:\/\/www.justiceinfo.net\/fr#organization"},"potentialAction":[{"@type":"SearchAction","target":{"@type":"EntryPoint","urlTemplate":"https:\/\/www.justiceinfo.net\/fr?s={search_term_string}"},"query-input":{"@type":"PropertyValueSpecification","valueRequired":true,"valueName":"search_term_string"}}],"inLanguage":"fr-FR"},{"@type":"Organization","@id":"https:\/\/www.justiceinfo.net\/fr#organization","name":"Justice Info","url":"https:\/\/www.justiceinfo.net\/fr","logo":{"@type":"ImageObject","inLanguage":"fr-FR","@id":"https:\/\/www.justiceinfo.net\/fr#\/schema\/logo\/image\/","url":"https:\/\/www.justiceinfo.net\/wp-content\/uploads\/justiceinfo_logo-trans_1200x1200px.png","contentUrl":"https:\/\/www.justiceinfo.net\/wp-content\/uploads\/justiceinfo_logo-trans_1200x1200px.png","width":1199,"height":1200,"caption":"Justice Info"},"image":{"@id":"https:\/\/www.justiceinfo.net\/fr#\/schema\/logo\/image\/"},"sameAs":["https:\/\/www.facebook.com\/JusticeInfo\/","https:\/\/x.com\/justiceinfonet","https:\/\/www.linkedin.com\/company\/justice-info","https:\/\/www.youtube.com\/channel\/UCyCEsARodyuWtkWyhn-e7pA"]},{"@type":"Person","name":"AFP","url":"\/fr\/?s=AFP"}]}},"_links":{"self":[{"href":"https:\/\/www.justiceinfo.net\/fr\/wp-json\/wp\/v2\/posts\/38478","targetHints":{"allow":["GET"]}}],"collection":[{"href":"https:\/\/www.justiceinfo.net\/fr\/wp-json\/wp\/v2\/posts"}],"about":[{"href":"https:\/\/www.justiceinfo.net\/fr\/wp-json\/wp\/v2\/types\/post"}],"author":[{"embeddable":true,"href":"https:\/\/www.justiceinfo.net\/fr\/wp-json\/wp\/v2\/users\/60"}],"replies":[{"embeddable":true,"href":"https:\/\/www.justiceinfo.net\/fr\/wp-json\/wp\/v2\/comments?post=38478"}],"version-history":[{"count":0,"href":"https:\/\/www.justiceinfo.net\/fr\/wp-json\/wp\/v2\/posts\/38478\/revisions"}],"wp:attachment":[{"href":"https:\/\/www.justiceinfo.net\/fr\/wp-json\/wp\/v2\/media?parent=38478"}],"wp:term":[{"taxonomy":"category","embeddable":true,"href":"https:\/\/www.justiceinfo.net\/fr\/wp-json\/wp\/v2\/categories?post=38478"},{"taxonomy":"post_tag","embeddable":true,"href":"https:\/\/www.justiceinfo.net\/fr\/wp-json\/wp\/v2\/tags?post=38478"},{"taxonomy":"ji_location","embeddable":true,"href":"https:\/\/www.justiceinfo.net\/fr\/wp-json\/wp\/v2\/ji_location?post=38478"}],"curies":[{"name":"wp","href":"https:\/\/api.w.org\/{rel}","templated":true}]}}