{"id":38483,"date":"2018-08-23T05:46:21","date_gmt":"2018-08-23T03:46:21","guid":{"rendered":"https:\/\/www.justiceinfo.net\/38483-l-onu-souhaite-un-accord-au-burundi-avant-les-elections-de-2020.html"},"modified":"2018-08-23T05:46:21","modified_gmt":"2018-08-23T03:46:21","slug":"l-onu-souhaite-un-accord-au-burundi-avant-les-elections-de-2020","status":"publish","type":"post","link":"https:\/\/www.justiceinfo.net\/fr\/38483-l-onu-souhaite-un-accord-au-burundi-avant-les-elections-de-2020.html","title":{"rendered":"L'ONU souhaite un accord au Burundi avant les \u00e9lections de 2020"},"content":{"rendered":"<div class=\"txt-textContent\">\n<div class=\"text fontsize_0 jq_Content jq_langdir\">\n<p>Le Conseil de s\u00e9curit\u00e9 de l'ONU a regrett\u00e9 mercredi la lenteur des n\u00e9gociations au Burundi entre le gouvernement et l'opposition, malgr\u00e9 la d\u00e9cision du pr\u00e9sident Pierre Nkurunziza de ne pas \u00eatre candidat \u00e0 sa succession en 2020.<\/p>\n<p>Dans une d\u00e9claration unanime, le Conseil a salu\u00e9 cette d\u00e9cision, tout en soulignant que \"des progr\u00e8s suppl\u00e9mentaires seront n\u00e9cessaires\" pour la tenue d'\"\u00e9lections cr\u00e9dibles\" dans deux ans.<\/p>\n<p>Le pr\u00e9sident Nkurunziza avait annonc\u00e9 dans un premier temps, en avril 2015, \u00eatre candidat \u00e0 un troisi\u00e8me mandat.\u00a0<\/p>\n<p>Une candidature, contest\u00e9e par l'opposition, la soci\u00e9t\u00e9 civile et une partie de son camp, qui a plong\u00e9 le Burundi dans des violences ayant fait au moins 1.200 morts et plus de 400.000 r\u00e9fugi\u00e9s.<\/p>\n<p>La Communaut\u00e9 d'Afrique de l'Est (CAE) cherche \u00e0 arranger un accord politique entre le gouvernement et l'opposition afin de mettre fin \u00e0 cette crise. Mais l'ex\u00e9cutif burundais refuser de discuter avec certains groupes d'opposition, qu'il consid\u00e8re comme \"terroristes\". \u00a0\u00a0\u00a0<\/p>\n<p>Les membres du Conseil de s\u00e9curit\u00e9 de l'ONU ont exprim\u00e9 leur \"vive inqui\u00e9tude quant \u00e0 lenteur des progr\u00e8s\" dans le dialogue. Ils ont par ailleurs indiqu\u00e9 qu'il est \"essentiel que toutes les parties, et plus particuli\u00e8rement le gouvernement burundais, participent au processus men\u00e9 par la CAE et parviennent \u00e0 un accord bien avant les \u00e9lections de 2020\". \u00a0<\/p>\n<p>Ce scrutin devra \u00eatre \"libre, juste, transparent\", avec l'implication de \"l'ensemble des partis politiques\" et une \"participation compl\u00e8te des femmes\", demande le Conseil dans sa d\u00e9claration. \u00a0<\/p>\n<p>Ses opposants accusent M. Nkurunziza d\u2019autoritarisme depuis son arriv\u00e9e au pouvoir en 2005, au lendemain d'une violente guerre civile.<\/p>\n<p>cml\/sdu\/cn<\/p>\n<\/div>\n<\/div>\n","protected":false},"excerpt":{"rendered":"<p>Le Conseil de s\u00e9curit\u00e9 de l'ONU a regrett\u00e9 mercredi la lenteur des n\u00e9gociations au Burundi entre le gouvernement et l'opposition, malgr\u00e9 la d\u00e9cision du pr\u00e9sident Pierre Nkurunziza de ne pas \u00eatre candidat \u00e0 sa succession en 2020. Dans une d\u00e9claration unanime, le Conseil a salu\u00e9 cette d\u00e9cision, tout en soulignant que \"des progr\u00e8s suppl\u00e9mentaires seront [&hellip;]<\/p>\n","protected":false},"author":60,"featured_media":0,"comment_status":"open","ping_status":"closed","sticky":false,"template":"","format":"standard","meta":{"_acf_changed":false,"footnotes":""},"categories":[2576],"tags":[],"ji_location":[2152],"class_list":["post-38483","post","type-post","status-publish","format-standard","hentry","category-fil-d-actualite","ji_location-burundi"],"acf":[],"yoast_head":"<!-- This site is optimized with the Yoast SEO Premium plugin v25.3.1 (Yoast SEO v25.3.1) - https:\/\/yoast.com\/wordpress\/plugins\/seo\/ -->\n<title>L&#039;ONU souhaite un accord au Burundi avant les \u00e9lections de 2020 - JusticeInfo.net<\/title>\n<meta name=\"robots\" content=\"index, follow, max-snippet:-1, max-image-preview:large, max-video-preview:-1\" \/>\n<link rel=\"canonical\" href=\"https:\/\/www.justiceinfo.net\/fr\/38483-l-onu-souhaite-un-accord-au-burundi-avant-les-elections-de-2020.html\" \/>\n<meta property=\"og:locale\" content=\"fr_FR\" \/>\n<meta property=\"og:type\" content=\"article\" \/>\n<meta property=\"og:title\" content=\"L&#039;ONU souhaite un accord au Burundi avant les \u00e9lections de 2020\" \/>\n<meta property=\"og:description\" content=\"Le Conseil de s\u00e9curit\u00e9 de l&#039;ONU a regrett\u00e9 mercredi la lenteur des n\u00e9gociations au Burundi entre le gouvernement et l&#039;opposition, malgr\u00e9 la d\u00e9cision du pr\u00e9sident Pierre Nkurunziza de ne pas \u00eatre candidat \u00e0 sa succession en 2020. Dans une d\u00e9claration unanime, le Conseil a salu\u00e9 cette d\u00e9cision, tout en soulignant que &quot;des progr\u00e8s suppl\u00e9mentaires seront [&hellip;]\" \/>\n<meta property=\"og:url\" content=\"https:\/\/www.justiceinfo.net\/fr\/38483-l-onu-souhaite-un-accord-au-burundi-avant-les-elections-de-2020.html\" \/>\n<meta property=\"og:site_name\" content=\"JusticeInfo.net\" \/>\n<meta property=\"article:publisher\" content=\"https:\/\/www.facebook.com\/JusticeInfo\/\" \/>\n<meta property=\"article:published_time\" content=\"2018-08-23T03:46:21+00:00\" \/>\n<meta property=\"og:image\" content=\"https:\/\/www.justiceinfo.net\/wp-content\/uploads\/JusticeInfoNet_logo_1200x630px.jpg\" \/>\n\t<meta property=\"og:image:width\" content=\"1200\" \/>\n\t<meta property=\"og:image:height\" content=\"630\" \/>\n\t<meta property=\"og:image:type\" content=\"image\/jpeg\" \/>\n<meta name=\"author\" content=\"AFP\" \/>\n<meta name=\"twitter:card\" content=\"summary_large_image\" \/>\n<meta name=\"twitter:creator\" content=\"@justiceinfonet\" \/>\n<meta name=\"twitter:site\" content=\"@justiceinfonet\" \/>\n<meta name=\"twitter:label1\" content=\"\u00c9crit par\" \/>\n\t<meta name=\"twitter:data1\" content=\"AFP\" \/>\n\t<meta name=\"twitter:label2\" content=\"Dur\u00e9e de lecture estim\u00e9e\" \/>\n\t<meta name=\"twitter:data2\" content=\"1 minute\" \/>\n<script type=\"application\/ld+json\" class=\"yoast-schema-graph\">{\"@context\":\"https:\/\/schema.org\",\"@graph\":[{\"@type\":\"NewsArticle\",\"@id\":\"https:\/\/www.justiceinfo.net\/fr\/38483-l-onu-souhaite-un-accord-au-burundi-avant-les-elections-de-2020.html#article\",\"isPartOf\":{\"@id\":\"https:\/\/www.justiceinfo.net\/fr\/38483-l-onu-souhaite-un-accord-au-burundi-avant-les-elections-de-2020.html\"},\"author\":{\"name\":\"afp\",\"@id\":\"https:\/\/www.justiceinfo.net\/fr#\/schema\/person\/713d340ef5f218fc36ce9b4244364a7f\"},\"headline\":\"L'ONU souhaite un accord au Burundi avant les \u00e9lections de 2020\",\"datePublished\":\"2018-08-23T03:46:21+00:00\",\"mainEntityOfPage\":{\"@id\":\"https:\/\/www.justiceinfo.net\/fr\/38483-l-onu-souhaite-un-accord-au-burundi-avant-les-elections-de-2020.html\"},\"wordCount\":298,\"commentCount\":0,\"publisher\":{\"@id\":\"https:\/\/www.justiceinfo.net\/fr#organization\"},\"articleSection\":[\"Fil d'info AFP\"],\"inLanguage\":\"fr-FR\",\"potentialAction\":[{\"@type\":\"CommentAction\",\"name\":\"Comment\",\"target\":[\"https:\/\/www.justiceinfo.net\/fr\/38483-l-onu-souhaite-un-accord-au-burundi-avant-les-elections-de-2020.html#respond\"]}]},{\"@type\":\"WebPage\",\"@id\":\"https:\/\/www.justiceinfo.net\/fr\/38483-l-onu-souhaite-un-accord-au-burundi-avant-les-elections-de-2020.html\",\"url\":\"https:\/\/www.justiceinfo.net\/fr\/38483-l-onu-souhaite-un-accord-au-burundi-avant-les-elections-de-2020.html\",\"name\":\"L'ONU souhaite un accord au Burundi avant les \u00e9lections de 2020 - JusticeInfo.net\",\"isPartOf\":{\"@id\":\"https:\/\/www.justiceinfo.net\/fr#website\"},\"datePublished\":\"2018-08-23T03:46:21+00:00\",\"breadcrumb\":{\"@id\":\"https:\/\/www.justiceinfo.net\/fr\/38483-l-onu-souhaite-un-accord-au-burundi-avant-les-elections-de-2020.html#breadcrumb\"},\"inLanguage\":\"fr-FR\",\"potentialAction\":[{\"@type\":\"ReadAction\",\"target\":[\"https:\/\/www.justiceinfo.net\/fr\/38483-l-onu-souhaite-un-accord-au-burundi-avant-les-elections-de-2020.html\"]}]},{\"@type\":\"BreadcrumbList\",\"@id\":\"https:\/\/www.justiceinfo.net\/fr\/38483-l-onu-souhaite-un-accord-au-burundi-avant-les-elections-de-2020.html#breadcrumb\",\"itemListElement\":[{\"@type\":\"ListItem\",\"position\":1,\"name\":\"Home\",\"item\":\"https:\/\/www.justiceinfo.net\/fr\"},{\"@type\":\"ListItem\",\"position\":2,\"name\":\"L'ONU souhaite un accord au Burundi avant les \u00e9lections de 2020\"}]},{\"@type\":\"WebSite\",\"@id\":\"https:\/\/www.justiceinfo.net\/fr#website\",\"url\":\"https:\/\/www.justiceinfo.net\/fr\",\"name\":\"JusticeInfo.net\",\"description\":\"La justice doit \u00eatre vue pour \u00eatre rendue\",\"publisher\":{\"@id\":\"https:\/\/www.justiceinfo.net\/fr#organization\"},\"potentialAction\":[{\"@type\":\"SearchAction\",\"target\":{\"@type\":\"EntryPoint\",\"urlTemplate\":\"https:\/\/www.justiceinfo.net\/fr?s={search_term_string}\"},\"query-input\":{\"@type\":\"PropertyValueSpecification\",\"valueRequired\":true,\"valueName\":\"search_term_string\"}}],\"inLanguage\":\"fr-FR\"},{\"@type\":\"Organization\",\"@id\":\"https:\/\/www.justiceinfo.net\/fr#organization\",\"name\":\"Justice Info\",\"url\":\"https:\/\/www.justiceinfo.net\/fr\",\"logo\":{\"@type\":\"ImageObject\",\"inLanguage\":\"fr-FR\",\"@id\":\"https:\/\/www.justiceinfo.net\/fr#\/schema\/logo\/image\/\",\"url\":\"https:\/\/www.justiceinfo.net\/wp-content\/uploads\/justiceinfo_logo-trans_1200x1200px.png\",\"contentUrl\":\"https:\/\/www.justiceinfo.net\/wp-content\/uploads\/justiceinfo_logo-trans_1200x1200px.png\",\"width\":1199,\"height\":1200,\"caption\":\"Justice Info\"},\"image\":{\"@id\":\"https:\/\/www.justiceinfo.net\/fr#\/schema\/logo\/image\/\"},\"sameAs\":[\"https:\/\/www.facebook.com\/JusticeInfo\/\",\"https:\/\/x.com\/justiceinfonet\",\"https:\/\/www.linkedin.com\/company\/justice-info\",\"https:\/\/www.youtube.com\/channel\/UCyCEsARodyuWtkWyhn-e7pA\"]},{\"@type\":\"Person\",\"name\":\"AFP\",\"url\":\"\/fr\/?s=AFP\"}]}<\/script>\n<!-- \/ Yoast SEO Premium plugin. -->","yoast_head_json":{"title":"L'ONU souhaite un accord au Burundi avant les \u00e9lections de 2020 - JusticeInfo.net","robots":{"index":"index","follow":"follow","max-snippet":"max-snippet:-1","max-image-preview":"max-image-preview:large","max-video-preview":"max-video-preview:-1"},"canonical":"https:\/\/www.justiceinfo.net\/fr\/38483-l-onu-souhaite-un-accord-au-burundi-avant-les-elections-de-2020.html","og_locale":"fr_FR","og_type":"article","og_title":"L'ONU souhaite un accord au Burundi avant les \u00e9lections de 2020","og_description":"Le Conseil de s\u00e9curit\u00e9 de l'ONU a regrett\u00e9 mercredi la lenteur des n\u00e9gociations au Burundi entre le gouvernement et l'opposition, malgr\u00e9 la d\u00e9cision du pr\u00e9sident Pierre Nkurunziza de ne pas \u00eatre candidat \u00e0 sa succession en 2020. Dans une d\u00e9claration unanime, le Conseil a salu\u00e9 cette d\u00e9cision, tout en soulignant que \"des progr\u00e8s suppl\u00e9mentaires seront [&hellip;]","og_url":"https:\/\/www.justiceinfo.net\/fr\/38483-l-onu-souhaite-un-accord-au-burundi-avant-les-elections-de-2020.html","og_site_name":"JusticeInfo.net","article_publisher":"https:\/\/www.facebook.com\/JusticeInfo\/","article_published_time":"2018-08-23T03:46:21+00:00","og_image":[{"width":1200,"height":630,"url":"https:\/\/www.justiceinfo.net\/wp-content\/uploads\/JusticeInfoNet_logo_1200x630px.jpg","type":"image\/jpeg"}],"author":"AFP","twitter_card":"summary_large_image","twitter_creator":"@justiceinfonet","twitter_site":"@justiceinfonet","twitter_misc":{"\u00c9crit par":"AFP","Dur\u00e9e de lecture estim\u00e9e":"1 minute"},"schema":{"@context":"https:\/\/schema.org","@graph":[{"@type":"NewsArticle","@id":"https:\/\/www.justiceinfo.net\/fr\/38483-l-onu-souhaite-un-accord-au-burundi-avant-les-elections-de-2020.html#article","isPartOf":{"@id":"https:\/\/www.justiceinfo.net\/fr\/38483-l-onu-souhaite-un-accord-au-burundi-avant-les-elections-de-2020.html"},"author":{"name":"afp","@id":"https:\/\/www.justiceinfo.net\/fr#\/schema\/person\/713d340ef5f218fc36ce9b4244364a7f"},"headline":"L'ONU souhaite un accord au Burundi avant les \u00e9lections de 2020","datePublished":"2018-08-23T03:46:21+00:00","mainEntityOfPage":{"@id":"https:\/\/www.justiceinfo.net\/fr\/38483-l-onu-souhaite-un-accord-au-burundi-avant-les-elections-de-2020.html"},"wordCount":298,"commentCount":0,"publisher":{"@id":"https:\/\/www.justiceinfo.net\/fr#organization"},"articleSection":["Fil d'info AFP"],"inLanguage":"fr-FR","potentialAction":[{"@type":"CommentAction","name":"Comment","target":["https:\/\/www.justiceinfo.net\/fr\/38483-l-onu-souhaite-un-accord-au-burundi-avant-les-elections-de-2020.html#respond"]}]},{"@type":"WebPage","@id":"https:\/\/www.justiceinfo.net\/fr\/38483-l-onu-souhaite-un-accord-au-burundi-avant-les-elections-de-2020.html","url":"https:\/\/www.justiceinfo.net\/fr\/38483-l-onu-souhaite-un-accord-au-burundi-avant-les-elections-de-2020.html","name":"L'ONU souhaite un accord au Burundi avant les \u00e9lections de 2020 - JusticeInfo.net","isPartOf":{"@id":"https:\/\/www.justiceinfo.net\/fr#website"},"datePublished":"2018-08-23T03:46:21+00:00","breadcrumb":{"@id":"https:\/\/www.justiceinfo.net\/fr\/38483-l-onu-souhaite-un-accord-au-burundi-avant-les-elections-de-2020.html#breadcrumb"},"inLanguage":"fr-FR","potentialAction":[{"@type":"ReadAction","target":["https:\/\/www.justiceinfo.net\/fr\/38483-l-onu-souhaite-un-accord-au-burundi-avant-les-elections-de-2020.html"]}]},{"@type":"BreadcrumbList","@id":"https:\/\/www.justiceinfo.net\/fr\/38483-l-onu-souhaite-un-accord-au-burundi-avant-les-elections-de-2020.html#breadcrumb","itemListElement":[{"@type":"ListItem","position":1,"name":"Home","item":"https:\/\/www.justiceinfo.net\/fr"},{"@type":"ListItem","position":2,"name":"L'ONU souhaite un accord au Burundi avant les \u00e9lections de 2020"}]},{"@type":"WebSite","@id":"https:\/\/www.justiceinfo.net\/fr#website","url":"https:\/\/www.justiceinfo.net\/fr","name":"JusticeInfo.net","description":"La justice doit \u00eatre vue pour \u00eatre rendue","publisher":{"@id":"https:\/\/www.justiceinfo.net\/fr#organization"},"potentialAction":[{"@type":"SearchAction","target":{"@type":"EntryPoint","urlTemplate":"https:\/\/www.justiceinfo.net\/fr?s={search_term_string}"},"query-input":{"@type":"PropertyValueSpecification","valueRequired":true,"valueName":"search_term_string"}}],"inLanguage":"fr-FR"},{"@type":"Organization","@id":"https:\/\/www.justiceinfo.net\/fr#organization","name":"Justice Info","url":"https:\/\/www.justiceinfo.net\/fr","logo":{"@type":"ImageObject","inLanguage":"fr-FR","@id":"https:\/\/www.justiceinfo.net\/fr#\/schema\/logo\/image\/","url":"https:\/\/www.justiceinfo.net\/wp-content\/uploads\/justiceinfo_logo-trans_1200x1200px.png","contentUrl":"https:\/\/www.justiceinfo.net\/wp-content\/uploads\/justiceinfo_logo-trans_1200x1200px.png","width":1199,"height":1200,"caption":"Justice Info"},"image":{"@id":"https:\/\/www.justiceinfo.net\/fr#\/schema\/logo\/image\/"},"sameAs":["https:\/\/www.facebook.com\/JusticeInfo\/","https:\/\/x.com\/justiceinfonet","https:\/\/www.linkedin.com\/company\/justice-info","https:\/\/www.youtube.com\/channel\/UCyCEsARodyuWtkWyhn-e7pA"]},{"@type":"Person","name":"AFP","url":"\/fr\/?s=AFP"}]}},"_links":{"self":[{"href":"https:\/\/www.justiceinfo.net\/fr\/wp-json\/wp\/v2\/posts\/38483","targetHints":{"allow":["GET"]}}],"collection":[{"href":"https:\/\/www.justiceinfo.net\/fr\/wp-json\/wp\/v2\/posts"}],"about":[{"href":"https:\/\/www.justiceinfo.net\/fr\/wp-json\/wp\/v2\/types\/post"}],"author":[{"embeddable":true,"href":"https:\/\/www.justiceinfo.net\/fr\/wp-json\/wp\/v2\/users\/60"}],"replies":[{"embeddable":true,"href":"https:\/\/www.justiceinfo.net\/fr\/wp-json\/wp\/v2\/comments?post=38483"}],"version-history":[{"count":0,"href":"https:\/\/www.justiceinfo.net\/fr\/wp-json\/wp\/v2\/posts\/38483\/revisions"}],"wp:attachment":[{"href":"https:\/\/www.justiceinfo.net\/fr\/wp-json\/wp\/v2\/media?parent=38483"}],"wp:term":[{"taxonomy":"category","embeddable":true,"href":"https:\/\/www.justiceinfo.net\/fr\/wp-json\/wp\/v2\/categories?post=38483"},{"taxonomy":"post_tag","embeddable":true,"href":"https:\/\/www.justiceinfo.net\/fr\/wp-json\/wp\/v2\/tags?post=38483"},{"taxonomy":"ji_location","embeddable":true,"href":"https:\/\/www.justiceinfo.net\/fr\/wp-json\/wp\/v2\/ji_location?post=38483"}],"curies":[{"name":"wp","href":"https:\/\/api.w.org\/{rel}","templated":true}]}}