{"id":38886,"date":"2018-09-18T10:10:54","date_gmt":"2018-09-18T08:10:54","guid":{"rendered":"https:\/\/www.justiceinfo.net\/38886-la-cpi-a-de-quoi-se-rejouir-de-l-assaut-americain.html"},"modified":"2018-09-18T10:10:54","modified_gmt":"2018-09-18T08:10:54","slug":"la-cpi-a-de-quoi-se-rejouir-de-l-assaut-americain","status":"publish","type":"post","link":"https:\/\/www.justiceinfo.net\/fr\/38886-la-cpi-a-de-quoi-se-rejouir-de-l-assaut-americain.html","title":{"rendered":"La CPI a de quoi se r\u00e9jouir de l\u2019assaut am\u00e9ricain"},"content":{"rendered":"<p>Le r\u00e9dacteur en chef de Justice Info, Thierry Cruvellier, d\u00e9crypte dans la page Opinion du <i>New York Times<\/i> dat\u00e9 d\u2019hier le sens de la nouvelle attaque, lundi dernier, du conseiller \u00e0 la s\u00e9curit\u00e9 nationale am\u00e9ricain John Bolton contre la Cour p\u00e9nale internationale (CPI). Quels sont calculs de l\u2019administration Trump ? Quels sont les risques pour la CPI\u00a0? En mal de soutien depuis des ann\u00e9es, la juridiction p\u00e9nale universelle pourrait trouver paradoxalement de nouveaux appuis dans ce nouveau contexte.<\/p>\n<p><strong>LIRE L'ARTICLE (en anglais) sur le site du New York Times : <a title=\"&quot;Why the I.C.C. Should Rejoice When America Attacks It&quot; (New York Times)\" href=\"https:\/\/www.nytimes.com\/2018\/09\/16\/opinion\/international-criminal-court-icc-bolton-us.html\" target=\"_blank\" rel=\"noopener noreferrer\">\"Why the I.C.C. Should Rejoice When America Attacks It\"<\/a><\/strong><\/p>\n","protected":false},"excerpt":{"rendered":"<p>Le r\u00e9dacteur en chef de Justice Info, Thierry Cruvellier, d\u00e9crypte dans la page Opinion du New York Times dat\u00e9 d\u2019hier le sens de la nouvelle attaque, lundi dernier, du conseiller \u00e0 la s\u00e9curit\u00e9 nationale am\u00e9ricain John Bolton contre la Cour p\u00e9nale internationale (CPI). Quels sont calculs de l\u2019administration Trump ? Quels sont les risques pour [&hellip;]<\/p>\n","protected":false},"author":65,"featured_media":64567,"comment_status":"open","ping_status":"closed","sticky":false,"template":"","format":"standard","meta":{"_acf_changed":false,"footnotes":""},"categories":[575],"tags":[],"ji_location":[2566],"class_list":["post-38886","post","type-post","status-publish","format-standard","has-post-thumbnail","hentry","category-opinions","ji_location-international"],"acf":[],"yoast_head":"<!-- This site is optimized with the Yoast SEO Premium plugin v25.3.1 (Yoast SEO v25.3.1) - https:\/\/yoast.com\/wordpress\/plugins\/seo\/ -->\n<title>La CPI a de quoi se r\u00e9jouir de l\u2019assaut am\u00e9ricain - JusticeInfo.net<\/title>\n<meta name=\"description\" content=\"Le r\u00e9dacteur en chef de Justice Info, Thierry Cruvellier, d\u00e9crypte dans la page Opinion du New York Times la nouvelle attaque du conseiller \u00e0 la s\u00e9curit\u00e9 nationale am\u00e9ricain John Bolton contre la Cour p\u00e9nale internationale (CPI).\" \/>\n<meta name=\"robots\" content=\"index, follow, max-snippet:-1, max-image-preview:large, max-video-preview:-1\" \/>\n<link rel=\"canonical\" href=\"https:\/\/www.justiceinfo.net\/fr\/38886-la-cpi-a-de-quoi-se-rejouir-de-l-assaut-americain.html\" \/>\n<meta property=\"og:locale\" content=\"fr_FR\" \/>\n<meta property=\"og:type\" content=\"article\" \/>\n<meta property=\"og:title\" content=\"La CPI a de quoi se r\u00e9jouir de l\u2019assaut am\u00e9ricain\" \/>\n<meta property=\"og:description\" content=\"Le r\u00e9dacteur en chef de Justice Info, Thierry Cruvellier, d\u00e9crypte dans la page Opinion du New York Times la nouvelle attaque du conseiller \u00e0 la s\u00e9curit\u00e9 nationale am\u00e9ricain John Bolton contre la Cour p\u00e9nale internationale (CPI).\" \/>\n<meta property=\"og:url\" content=\"https:\/\/www.justiceinfo.net\/fr\/38886-la-cpi-a-de-quoi-se-rejouir-de-l-assaut-americain.html\" \/>\n<meta property=\"og:site_name\" content=\"JusticeInfo.net\" \/>\n<meta property=\"article:publisher\" content=\"https:\/\/www.facebook.com\/JusticeInfo\/\" \/>\n<meta property=\"article:author\" content=\"https:\/\/www.facebook.com\/thierry.cruvellier.3\" \/>\n<meta property=\"article:published_time\" content=\"2018-09-18T08:10:54+00:00\" \/>\n<meta property=\"og:image\" content=\"https:\/\/www.justiceinfo.net\/wp-content\/uploads\/19529162be077735c73ba60560368532.jpg\" \/>\n\t<meta property=\"og:image:width\" content=\"1200\" \/>\n\t<meta property=\"og:image:height\" content=\"797\" \/>\n\t<meta property=\"og:image:type\" content=\"image\/jpeg\" \/>\n<meta name=\"author\" content=\"Thierry Cruvellier\" \/>\n<meta name=\"twitter:card\" content=\"summary_large_image\" \/>\n<meta name=\"twitter:creator\" content=\"@justiceinfonet\" \/>\n<meta name=\"twitter:site\" content=\"@justiceinfonet\" \/>\n<meta name=\"twitter:label1\" content=\"\u00c9crit par\" \/>\n\t<meta name=\"twitter:data1\" content=\"Thierry Cruvellier\" \/>\n\t<meta name=\"twitter:label2\" content=\"Dur\u00e9e de lecture estim\u00e9e\" \/>\n\t<meta name=\"twitter:data2\" content=\"1 minute\" \/>\n<script type=\"application\/ld+json\" class=\"yoast-schema-graph\">{\"@context\":\"https:\/\/schema.org\",\"@graph\":[{\"@type\":\"NewsArticle\",\"@id\":\"https:\/\/www.justiceinfo.net\/fr\/38886-la-cpi-a-de-quoi-se-rejouir-de-l-assaut-americain.html#article\",\"isPartOf\":{\"@id\":\"https:\/\/www.justiceinfo.net\/fr\/38886-la-cpi-a-de-quoi-se-rejouir-de-l-assaut-americain.html\"},\"author\":{\"name\":\"tcruvellier\",\"@id\":\"https:\/\/www.justiceinfo.net\/fr#\/schema\/person\/a994c1ab566e9aa74d88a5fd1c396083\"},\"headline\":\"La CPI a de quoi se r\u00e9jouir de l\u2019assaut am\u00e9ricain\",\"datePublished\":\"2018-09-18T08:10:54+00:00\",\"mainEntityOfPage\":{\"@id\":\"https:\/\/www.justiceinfo.net\/fr\/38886-la-cpi-a-de-quoi-se-rejouir-de-l-assaut-americain.html\"},\"wordCount\":121,\"commentCount\":0,\"publisher\":{\"@id\":\"https:\/\/www.justiceinfo.net\/fr#organization\"},\"image\":{\"@id\":\"https:\/\/www.justiceinfo.net\/fr\/38886-la-cpi-a-de-quoi-se-rejouir-de-l-assaut-americain.html#primaryimage\"},\"thumbnailUrl\":\"https:\/\/www.justiceinfo.net\/wp-content\/uploads\/19529162be077735c73ba60560368532.jpg\",\"articleSection\":[\"Opinions\"],\"inLanguage\":\"fr-FR\",\"potentialAction\":[{\"@type\":\"CommentAction\",\"name\":\"Comment\",\"target\":[\"https:\/\/www.justiceinfo.net\/fr\/38886-la-cpi-a-de-quoi-se-rejouir-de-l-assaut-americain.html#respond\"]}]},{\"@type\":\"WebPage\",\"@id\":\"https:\/\/www.justiceinfo.net\/fr\/38886-la-cpi-a-de-quoi-se-rejouir-de-l-assaut-americain.html\",\"url\":\"https:\/\/www.justiceinfo.net\/fr\/38886-la-cpi-a-de-quoi-se-rejouir-de-l-assaut-americain.html\",\"name\":\"La CPI a de quoi se r\u00e9jouir de l\u2019assaut am\u00e9ricain - JusticeInfo.net\",\"isPartOf\":{\"@id\":\"https:\/\/www.justiceinfo.net\/fr#website\"},\"primaryImageOfPage\":{\"@id\":\"https:\/\/www.justiceinfo.net\/fr\/38886-la-cpi-a-de-quoi-se-rejouir-de-l-assaut-americain.html#primaryimage\"},\"image\":{\"@id\":\"https:\/\/www.justiceinfo.net\/fr\/38886-la-cpi-a-de-quoi-se-rejouir-de-l-assaut-americain.html#primaryimage\"},\"thumbnailUrl\":\"https:\/\/www.justiceinfo.net\/wp-content\/uploads\/19529162be077735c73ba60560368532.jpg\",\"datePublished\":\"2018-09-18T08:10:54+00:00\",\"description\":\"Le r\u00e9dacteur en chef de Justice Info, Thierry Cruvellier, d\u00e9crypte dans la page Opinion du New York Times la nouvelle attaque du conseiller \u00e0 la s\u00e9curit\u00e9 nationale am\u00e9ricain John Bolton contre la Cour p\u00e9nale internationale (CPI).\",\"breadcrumb\":{\"@id\":\"https:\/\/www.justiceinfo.net\/fr\/38886-la-cpi-a-de-quoi-se-rejouir-de-l-assaut-americain.html#breadcrumb\"},\"inLanguage\":\"fr-FR\",\"potentialAction\":[{\"@type\":\"ReadAction\",\"target\":[\"https:\/\/www.justiceinfo.net\/fr\/38886-la-cpi-a-de-quoi-se-rejouir-de-l-assaut-americain.html\"]}]},{\"@type\":\"ImageObject\",\"inLanguage\":\"fr-FR\",\"@id\":\"https:\/\/www.justiceinfo.net\/fr\/38886-la-cpi-a-de-quoi-se-rejouir-de-l-assaut-americain.html#primaryimage\",\"url\":\"https:\/\/www.justiceinfo.net\/wp-content\/uploads\/19529162be077735c73ba60560368532.jpg\",\"contentUrl\":\"https:\/\/www.justiceinfo.net\/wp-content\/uploads\/19529162be077735c73ba60560368532.jpg\",\"width\":1200,\"height\":797},{\"@type\":\"BreadcrumbList\",\"@id\":\"https:\/\/www.justiceinfo.net\/fr\/38886-la-cpi-a-de-quoi-se-rejouir-de-l-assaut-americain.html#breadcrumb\",\"itemListElement\":[{\"@type\":\"ListItem\",\"position\":1,\"name\":\"Home\",\"item\":\"https:\/\/www.justiceinfo.net\/fr\"},{\"@type\":\"ListItem\",\"position\":2,\"name\":\"La CPI a de quoi se r\u00e9jouir de l\u2019assaut am\u00e9ricain\"}]},{\"@type\":\"WebSite\",\"@id\":\"https:\/\/www.justiceinfo.net\/fr#website\",\"url\":\"https:\/\/www.justiceinfo.net\/fr\",\"name\":\"JusticeInfo.net\",\"description\":\"La justice doit \u00eatre vue pour \u00eatre rendue\",\"publisher\":{\"@id\":\"https:\/\/www.justiceinfo.net\/fr#organization\"},\"potentialAction\":[{\"@type\":\"SearchAction\",\"target\":{\"@type\":\"EntryPoint\",\"urlTemplate\":\"https:\/\/www.justiceinfo.net\/fr?s={search_term_string}\"},\"query-input\":{\"@type\":\"PropertyValueSpecification\",\"valueRequired\":true,\"valueName\":\"search_term_string\"}}],\"inLanguage\":\"fr-FR\"},{\"@type\":\"Organization\",\"@id\":\"https:\/\/www.justiceinfo.net\/fr#organization\",\"name\":\"Justice Info\",\"url\":\"https:\/\/www.justiceinfo.net\/fr\",\"logo\":{\"@type\":\"ImageObject\",\"inLanguage\":\"fr-FR\",\"@id\":\"https:\/\/www.justiceinfo.net\/fr#\/schema\/logo\/image\/\",\"url\":\"https:\/\/www.justiceinfo.net\/wp-content\/uploads\/justiceinfo_logo-trans_1200x1200px.png\",\"contentUrl\":\"https:\/\/www.justiceinfo.net\/wp-content\/uploads\/justiceinfo_logo-trans_1200x1200px.png\",\"width\":1199,\"height\":1200,\"caption\":\"Justice Info\"},\"image\":{\"@id\":\"https:\/\/www.justiceinfo.net\/fr#\/schema\/logo\/image\/\"},\"sameAs\":[\"https:\/\/www.facebook.com\/JusticeInfo\/\",\"https:\/\/x.com\/justiceinfonet\",\"https:\/\/www.linkedin.com\/company\/justice-info\",\"https:\/\/www.youtube.com\/channel\/UCyCEsARodyuWtkWyhn-e7pA\"]},{\"@type\":\"Person\",\"name\":\"Thierry Cruvellier\",\"sameAs\":[\"https:\/\/www.facebook.com\/thierry.cruvellier.3\"],\"url\":\"https:\/\/www.justiceinfo.net\/fr\/auteur\/tcruvellier\"}]}<\/script>\n<!-- \/ Yoast SEO Premium plugin. -->","yoast_head_json":{"title":"La CPI a de quoi se r\u00e9jouir de l\u2019assaut am\u00e9ricain - JusticeInfo.net","description":"Le r\u00e9dacteur en chef de Justice Info, Thierry Cruvellier, d\u00e9crypte dans la page Opinion du New York Times la nouvelle attaque du conseiller \u00e0 la s\u00e9curit\u00e9 nationale am\u00e9ricain John Bolton contre la Cour p\u00e9nale internationale (CPI).","robots":{"index":"index","follow":"follow","max-snippet":"max-snippet:-1","max-image-preview":"max-image-preview:large","max-video-preview":"max-video-preview:-1"},"canonical":"https:\/\/www.justiceinfo.net\/fr\/38886-la-cpi-a-de-quoi-se-rejouir-de-l-assaut-americain.html","og_locale":"fr_FR","og_type":"article","og_title":"La CPI a de quoi se r\u00e9jouir de l\u2019assaut am\u00e9ricain","og_description":"Le r\u00e9dacteur en chef de Justice Info, Thierry Cruvellier, d\u00e9crypte dans la page Opinion du New York Times la nouvelle attaque du conseiller \u00e0 la s\u00e9curit\u00e9 nationale am\u00e9ricain John Bolton contre la Cour p\u00e9nale internationale (CPI).","og_url":"https:\/\/www.justiceinfo.net\/fr\/38886-la-cpi-a-de-quoi-se-rejouir-de-l-assaut-americain.html","og_site_name":"JusticeInfo.net","article_publisher":"https:\/\/www.facebook.com\/JusticeInfo\/","article_author":"https:\/\/www.facebook.com\/thierry.cruvellier.3","article_published_time":"2018-09-18T08:10:54+00:00","og_image":[{"width":1200,"height":797,"url":"https:\/\/www.justiceinfo.net\/wp-content\/uploads\/19529162be077735c73ba60560368532.jpg","type":"image\/jpeg"}],"author":"Thierry Cruvellier","twitter_card":"summary_large_image","twitter_creator":"@justiceinfonet","twitter_site":"@justiceinfonet","twitter_misc":{"\u00c9crit par":"Thierry Cruvellier","Dur\u00e9e de lecture estim\u00e9e":"1 minute"},"schema":{"@context":"https:\/\/schema.org","@graph":[{"@type":"NewsArticle","@id":"https:\/\/www.justiceinfo.net\/fr\/38886-la-cpi-a-de-quoi-se-rejouir-de-l-assaut-americain.html#article","isPartOf":{"@id":"https:\/\/www.justiceinfo.net\/fr\/38886-la-cpi-a-de-quoi-se-rejouir-de-l-assaut-americain.html"},"author":{"name":"tcruvellier","@id":"https:\/\/www.justiceinfo.net\/fr#\/schema\/person\/a994c1ab566e9aa74d88a5fd1c396083"},"headline":"La CPI a de quoi se r\u00e9jouir de l\u2019assaut am\u00e9ricain","datePublished":"2018-09-18T08:10:54+00:00","mainEntityOfPage":{"@id":"https:\/\/www.justiceinfo.net\/fr\/38886-la-cpi-a-de-quoi-se-rejouir-de-l-assaut-americain.html"},"wordCount":121,"commentCount":0,"publisher":{"@id":"https:\/\/www.justiceinfo.net\/fr#organization"},"image":{"@id":"https:\/\/www.justiceinfo.net\/fr\/38886-la-cpi-a-de-quoi-se-rejouir-de-l-assaut-americain.html#primaryimage"},"thumbnailUrl":"https:\/\/www.justiceinfo.net\/wp-content\/uploads\/19529162be077735c73ba60560368532.jpg","articleSection":["Opinions"],"inLanguage":"fr-FR","potentialAction":[{"@type":"CommentAction","name":"Comment","target":["https:\/\/www.justiceinfo.net\/fr\/38886-la-cpi-a-de-quoi-se-rejouir-de-l-assaut-americain.html#respond"]}]},{"@type":"WebPage","@id":"https:\/\/www.justiceinfo.net\/fr\/38886-la-cpi-a-de-quoi-se-rejouir-de-l-assaut-americain.html","url":"https:\/\/www.justiceinfo.net\/fr\/38886-la-cpi-a-de-quoi-se-rejouir-de-l-assaut-americain.html","name":"La CPI a de quoi se r\u00e9jouir de l\u2019assaut am\u00e9ricain - JusticeInfo.net","isPartOf":{"@id":"https:\/\/www.justiceinfo.net\/fr#website"},"primaryImageOfPage":{"@id":"https:\/\/www.justiceinfo.net\/fr\/38886-la-cpi-a-de-quoi-se-rejouir-de-l-assaut-americain.html#primaryimage"},"image":{"@id":"https:\/\/www.justiceinfo.net\/fr\/38886-la-cpi-a-de-quoi-se-rejouir-de-l-assaut-americain.html#primaryimage"},"thumbnailUrl":"https:\/\/www.justiceinfo.net\/wp-content\/uploads\/19529162be077735c73ba60560368532.jpg","datePublished":"2018-09-18T08:10:54+00:00","description":"Le r\u00e9dacteur en chef de Justice Info, Thierry Cruvellier, d\u00e9crypte dans la page Opinion du New York Times la nouvelle attaque du conseiller \u00e0 la s\u00e9curit\u00e9 nationale am\u00e9ricain John Bolton contre la Cour p\u00e9nale internationale (CPI).","breadcrumb":{"@id":"https:\/\/www.justiceinfo.net\/fr\/38886-la-cpi-a-de-quoi-se-rejouir-de-l-assaut-americain.html#breadcrumb"},"inLanguage":"fr-FR","potentialAction":[{"@type":"ReadAction","target":["https:\/\/www.justiceinfo.net\/fr\/38886-la-cpi-a-de-quoi-se-rejouir-de-l-assaut-americain.html"]}]},{"@type":"ImageObject","inLanguage":"fr-FR","@id":"https:\/\/www.justiceinfo.net\/fr\/38886-la-cpi-a-de-quoi-se-rejouir-de-l-assaut-americain.html#primaryimage","url":"https:\/\/www.justiceinfo.net\/wp-content\/uploads\/19529162be077735c73ba60560368532.jpg","contentUrl":"https:\/\/www.justiceinfo.net\/wp-content\/uploads\/19529162be077735c73ba60560368532.jpg","width":1200,"height":797},{"@type":"BreadcrumbList","@id":"https:\/\/www.justiceinfo.net\/fr\/38886-la-cpi-a-de-quoi-se-rejouir-de-l-assaut-americain.html#breadcrumb","itemListElement":[{"@type":"ListItem","position":1,"name":"Home","item":"https:\/\/www.justiceinfo.net\/fr"},{"@type":"ListItem","position":2,"name":"La CPI a de quoi se r\u00e9jouir de l\u2019assaut am\u00e9ricain"}]},{"@type":"WebSite","@id":"https:\/\/www.justiceinfo.net\/fr#website","url":"https:\/\/www.justiceinfo.net\/fr","name":"JusticeInfo.net","description":"La justice doit \u00eatre vue pour \u00eatre rendue","publisher":{"@id":"https:\/\/www.justiceinfo.net\/fr#organization"},"potentialAction":[{"@type":"SearchAction","target":{"@type":"EntryPoint","urlTemplate":"https:\/\/www.justiceinfo.net\/fr?s={search_term_string}"},"query-input":{"@type":"PropertyValueSpecification","valueRequired":true,"valueName":"search_term_string"}}],"inLanguage":"fr-FR"},{"@type":"Organization","@id":"https:\/\/www.justiceinfo.net\/fr#organization","name":"Justice Info","url":"https:\/\/www.justiceinfo.net\/fr","logo":{"@type":"ImageObject","inLanguage":"fr-FR","@id":"https:\/\/www.justiceinfo.net\/fr#\/schema\/logo\/image\/","url":"https:\/\/www.justiceinfo.net\/wp-content\/uploads\/justiceinfo_logo-trans_1200x1200px.png","contentUrl":"https:\/\/www.justiceinfo.net\/wp-content\/uploads\/justiceinfo_logo-trans_1200x1200px.png","width":1199,"height":1200,"caption":"Justice Info"},"image":{"@id":"https:\/\/www.justiceinfo.net\/fr#\/schema\/logo\/image\/"},"sameAs":["https:\/\/www.facebook.com\/JusticeInfo\/","https:\/\/x.com\/justiceinfonet","https:\/\/www.linkedin.com\/company\/justice-info","https:\/\/www.youtube.com\/channel\/UCyCEsARodyuWtkWyhn-e7pA"]},{"@type":"Person","name":"Thierry Cruvellier","sameAs":["https:\/\/www.facebook.com\/thierry.cruvellier.3"],"url":"https:\/\/www.justiceinfo.net\/fr\/auteur\/tcruvellier"}]}},"_links":{"self":[{"href":"https:\/\/www.justiceinfo.net\/fr\/wp-json\/wp\/v2\/posts\/38886","targetHints":{"allow":["GET"]}}],"collection":[{"href":"https:\/\/www.justiceinfo.net\/fr\/wp-json\/wp\/v2\/posts"}],"about":[{"href":"https:\/\/www.justiceinfo.net\/fr\/wp-json\/wp\/v2\/types\/post"}],"author":[{"embeddable":true,"href":"https:\/\/www.justiceinfo.net\/fr\/wp-json\/wp\/v2\/users\/65"}],"replies":[{"embeddable":true,"href":"https:\/\/www.justiceinfo.net\/fr\/wp-json\/wp\/v2\/comments?post=38886"}],"version-history":[{"count":0,"href":"https:\/\/www.justiceinfo.net\/fr\/wp-json\/wp\/v2\/posts\/38886\/revisions"}],"wp:featuredmedia":[{"embeddable":true,"href":"https:\/\/www.justiceinfo.net\/fr\/wp-json\/wp\/v2\/media\/64567"}],"wp:attachment":[{"href":"https:\/\/www.justiceinfo.net\/fr\/wp-json\/wp\/v2\/media?parent=38886"}],"wp:term":[{"taxonomy":"category","embeddable":true,"href":"https:\/\/www.justiceinfo.net\/fr\/wp-json\/wp\/v2\/categories?post=38886"},{"taxonomy":"post_tag","embeddable":true,"href":"https:\/\/www.justiceinfo.net\/fr\/wp-json\/wp\/v2\/tags?post=38886"},{"taxonomy":"ji_location","embeddable":true,"href":"https:\/\/www.justiceinfo.net\/fr\/wp-json\/wp\/v2\/ji_location?post=38886"}],"curies":[{"name":"wp","href":"https:\/\/api.w.org\/{rel}","templated":true}]}}