{"id":3891,"date":"2008-05-30T10:46:27","date_gmt":"2008-05-30T08:46:27","guid":{"rendered":"https:\/\/www.justiceinfo.net\/3891-290508-cpibemba-bemba-maintenu-en-detention681.html"},"modified":"2008-05-30T10:46:27","modified_gmt":"2008-05-30T08:46:27","slug":"290508-cpibemba-bemba-maintenu-en-detention681","status":"publish","type":"post","link":"https:\/\/www.justiceinfo.net\/fr\/3891-290508-cpibemba-bemba-maintenu-en-detention681.html","title":{"rendered":"29.05.08 - CPI\/BEMBA - BEMBA MAINTENU EN DETENTION"},"content":{"rendered":"<p  >\nBruxelles, 29 mai 2008 (FH) \u2014 La chambre du conseil de Bruxelles a ordonn\u00e9 mercredi le maintien en d\u00e9tention de l\u2019ancien vice-pr\u00e9sident de la R\u00e9publique d\u00e9mocratique du Congo, Jean-Pierre Bemba.  <\/p>\n<p>Chef du Mouvement pour la lib\u00e9ration du Congo (MLC), principale figure de l\u2019opposition congolaise, il a \u00e9t\u00e9 arr\u00eat\u00e9 le 24 mai dernier dans sa villa de Rhodes-Saint-Gen\u00e8se, en r\u00e9gion bruxelloise, suite \u00e0 un mandat d\u2019arr\u00eat \u00e9mis par la Cour p\u00e9nale internationale (CPI).\n<\/p>\n<p><!--more--><\/p>\n<p  >\nLes avocats de M. Bemba ont interjet\u00e9 appel de la d\u00e9cision de la chambre du conseil. Ils avaient demand\u00e9 la mise en libert\u00e9 provisoire de leur client alors que le parquet f\u00e9d\u00e9ral pr\u00e9conisait son maintien en d\u00e9tention jusqu\u2019\u00e0 son transfert au centre de d\u00e9tention de la CPI \u00e0 Scheveningen, en banlieue de La Haye. <\/p>\n<p>La juridiction de La Haye accuse Jean-Pierre Bemba de crimes contre l\u2019humanit\u00e9 et de crimes de guerre. Sont vis\u00e9s en particulier des viols, actes de tortures et pillages \u00e0 l\u2019encontre de populations civiles commis en 2002 et 2003 en R\u00e9publique centrafricaine par ses hommes, qui soutenaient alors le r\u00e9gime menac\u00e9 du pr\u00e9sident Ange-F\u00e9lix Patass\u00e9 renvers\u00e9 le 15 mars 2003 par le g\u00e9n\u00e9ral Fran\u00e7ois Boziz\u00e9. <\/p>\n<p>Selon ses conseils, la proc\u00e9dure d\u2019arrestation n\u2019a pas \u00e9t\u00e9 respect\u00e9e. Lors de son interrogatoire par un juge d\u2019instruction, aucun d\u2019entre eux, pr\u00e9venus tardivement, n\u2019a pu assister le s\u00e9nateur congolais. \u00ab Assistance, a pr\u00e9cis\u00e9 Me Pierre Legros, que pr\u00e9voit l\u2019article 59 du Statut de Rome de la CPI. \u00bb <\/p>\n<p>A l\u2019appui de leur demande, ils avaient \u00e9galement fait valoir les \u00ab nombreuses garanties \u00bb qu\u2019offrirait Jean-Pierre Bemba : \u00ab Il peut tout d\u2019abord verser une caution. Ensuite, il est install\u00e9 en Belgique o\u00f9 il est propri\u00e9taire d\u2019une maison, o\u00f9 vivent sa femme et ses enfants qui y sont scolaris\u00e9s. En tant que chef de l\u2019opposition congolaise, c\u2019est un homme public qui a un agenda fourni en rencontres et conf\u00e9rences dans l\u2019espace Schengen o\u00f9 il pourrait \u00eatre appr\u00e9hend\u00e9 n\u2019importe o\u00f9 \u00bb, a d\u00e9taill\u00e9 Me Legros, qui a expliqu\u00e9 \u00e0 l\u2019agence Hirondelle que son client n\u2019avait pas l\u2019intention de se soustraire \u00e0 la justice et tenait \u00e0 se d\u00e9fendre des accusations de la CPI devant la Cour.  <\/p>\n<p>De plus, a ajout\u00e9 Me Aim\u00e9 Kilolo Musamba, \u00ab M. Bemba \u00e9tait au courant depuis plus d\u2019un an qu\u2019une enqu\u00eate avait \u00e9t\u00e9 ouverte officiellement \u00e0 sa charge \u00bb par le procureur de la CPI, Luis Moreno Ocampo. \u00ab S\u2019il avait voulu prendre la fuite, il aurait eu le temps de le faire. \u00bb <\/p>\n<p>Le parquet f\u00e9d\u00e9ral, de son c\u00f4t\u00e9, se contentait de souligner la r\u00e9gularit\u00e9 de l\u2019arrestation et de la d\u00e9tention : \u00ab Pour nous, \u00e7a n\u2019est que proc\u00e9dure, on ne parle pas du fond. Et la chambre du conseil, si elle peut implicitement tenir compte des garanties offertes par un accus\u00e9, s\u2019occupe avant tout d\u2019examiner de possibles nullit\u00e9s et ne motive \u00e9galement ses ordonnances que sur des questions de forme respect\u00e9es ou pas \u00bb, explique la porte-parole du parquet, qui ajoute que, quoi qu\u2019il en soit, \u00ab une mise en libert\u00e9 provisoire eut \u00e9t\u00e9 \u00e9tonnante pour un dossier aussi important \u00bb.  <\/p>\n<p>Suite \u00e0 l\u2019appel des conseils de Jean-Pierre Bemba, la chambre des mises en accusation devrait se prononcer sur les m\u00eames questions d\u2019ici une \u00e0 deux semaines. <\/p>\n<p>BF\/AT\/GF<\/p>\n","protected":false},"excerpt":{"rendered":"<p>Bruxelles, 29 mai 2008 (FH) \u2014 La chambre du conseil de Bruxelles a ordonn\u00e9 mercredi le maintien en d\u00e9tention de l\u2019ancien vice-pr\u00e9sident de la R\u00e9publique d\u00e9mocratique du Congo, Jean-Pierre Bemba. Chef du Mouvement pour la lib\u00e9ration du Congo (MLC), principale figure de l\u2019opposition congolaise, il a \u00e9t\u00e9 arr\u00eat\u00e9 le 24 mai dernier dans sa villa [&hellip;]<\/p>\n","protected":false},"author":64,"featured_media":0,"comment_status":"open","ping_status":"closed","sticky":false,"template":"","format":"standard","meta":{"_acf_changed":false,"footnotes":""},"categories":[554],"tags":[],"ji_location":[],"class_list":["post-3891","post","type-post","status-publish","format-standard","hentry","category-hirondellenews"],"acf":[],"yoast_head":"<!-- This site is optimized with the Yoast SEO Premium plugin v25.3.1 (Yoast SEO v25.3.1) - https:\/\/yoast.com\/wordpress\/plugins\/seo\/ -->\n<title>29.05.08 - CPI\/BEMBA - BEMBA MAINTENU EN DETENTION - JusticeInfo.net<\/title>\n<meta name=\"robots\" content=\"index, follow, max-snippet:-1, max-image-preview:large, max-video-preview:-1\" \/>\n<link rel=\"canonical\" href=\"https:\/\/www.justiceinfo.net\/fr\/3891-290508-cpibemba-bemba-maintenu-en-detention681.html\" \/>\n<meta property=\"og:locale\" content=\"fr_FR\" \/>\n<meta property=\"og:type\" content=\"article\" \/>\n<meta property=\"og:title\" content=\"29.05.08 - CPI\/BEMBA - BEMBA MAINTENU EN DETENTION\" \/>\n<meta property=\"og:description\" content=\"Bruxelles, 29 mai 2008 (FH) \u2014 La chambre du conseil de Bruxelles a ordonn\u00e9 mercredi le maintien en d\u00e9tention de l\u2019ancien vice-pr\u00e9sident de la R\u00e9publique d\u00e9mocratique du Congo, Jean-Pierre Bemba. Chef du Mouvement pour la lib\u00e9ration du Congo (MLC), principale figure de l\u2019opposition congolaise, il a \u00e9t\u00e9 arr\u00eat\u00e9 le 24 mai dernier dans sa villa [&hellip;]\" \/>\n<meta property=\"og:url\" content=\"https:\/\/www.justiceinfo.net\/fr\/3891-290508-cpibemba-bemba-maintenu-en-detention681.html\" \/>\n<meta property=\"og:site_name\" content=\"JusticeInfo.net\" \/>\n<meta property=\"article:publisher\" content=\"https:\/\/www.facebook.com\/JusticeInfo\/\" \/>\n<meta property=\"article:published_time\" content=\"2008-05-30T08:46:27+00:00\" \/>\n<meta property=\"og:image\" content=\"https:\/\/www.justiceinfo.net\/wp-content\/uploads\/JusticeInfoNet_logo_1200x630px.jpg\" \/>\n\t<meta property=\"og:image:width\" content=\"1200\" \/>\n\t<meta property=\"og:image:height\" content=\"630\" \/>\n\t<meta property=\"og:image:type\" content=\"image\/jpeg\" \/>\n<meta name=\"author\" content=\"solivri\" \/>\n<meta name=\"twitter:card\" content=\"summary_large_image\" \/>\n<meta name=\"twitter:creator\" content=\"@justiceinfonet\" \/>\n<meta name=\"twitter:site\" content=\"@justiceinfonet\" \/>\n<meta name=\"twitter:label1\" content=\"\u00c9crit par\" \/>\n\t<meta name=\"twitter:data1\" content=\"solivri\" \/>\n\t<meta name=\"twitter:label2\" content=\"Dur\u00e9e de lecture estim\u00e9e\" \/>\n\t<meta name=\"twitter:data2\" content=\"3 minutes\" \/>\n<script type=\"application\/ld+json\" class=\"yoast-schema-graph\">{\"@context\":\"https:\/\/schema.org\",\"@graph\":[{\"@type\":\"NewsArticle\",\"@id\":\"https:\/\/www.justiceinfo.net\/fr\/3891-290508-cpibemba-bemba-maintenu-en-detention681.html#article\",\"isPartOf\":{\"@id\":\"https:\/\/www.justiceinfo.net\/fr\/3891-290508-cpibemba-bemba-maintenu-en-detention681.html\"},\"author\":{\"name\":\"solivri\",\"@id\":\"https:\/\/www.justiceinfo.net\/fr#\/schema\/person\/6e53cba1629e2e66f3fc1821d3091865\"},\"headline\":\"29.05.08 - CPI\/BEMBA - BEMBA MAINTENU EN DETENTION\",\"datePublished\":\"2008-05-30T08:46:27+00:00\",\"mainEntityOfPage\":{\"@id\":\"https:\/\/www.justiceinfo.net\/fr\/3891-290508-cpibemba-bemba-maintenu-en-detention681.html\"},\"wordCount\":587,\"commentCount\":0,\"publisher\":{\"@id\":\"https:\/\/www.justiceinfo.net\/fr#organization\"},\"articleSection\":[\"Hirondelle News\"],\"inLanguage\":\"fr-FR\",\"potentialAction\":[{\"@type\":\"CommentAction\",\"name\":\"Comment\",\"target\":[\"https:\/\/www.justiceinfo.net\/fr\/3891-290508-cpibemba-bemba-maintenu-en-detention681.html#respond\"]}]},{\"@type\":\"WebPage\",\"@id\":\"https:\/\/www.justiceinfo.net\/fr\/3891-290508-cpibemba-bemba-maintenu-en-detention681.html\",\"url\":\"https:\/\/www.justiceinfo.net\/fr\/3891-290508-cpibemba-bemba-maintenu-en-detention681.html\",\"name\":\"29.05.08 - CPI\/BEMBA - BEMBA MAINTENU EN DETENTION - JusticeInfo.net\",\"isPartOf\":{\"@id\":\"https:\/\/www.justiceinfo.net\/fr#website\"},\"datePublished\":\"2008-05-30T08:46:27+00:00\",\"breadcrumb\":{\"@id\":\"https:\/\/www.justiceinfo.net\/fr\/3891-290508-cpibemba-bemba-maintenu-en-detention681.html#breadcrumb\"},\"inLanguage\":\"fr-FR\",\"potentialAction\":[{\"@type\":\"ReadAction\",\"target\":[\"https:\/\/www.justiceinfo.net\/fr\/3891-290508-cpibemba-bemba-maintenu-en-detention681.html\"]}]},{\"@type\":\"BreadcrumbList\",\"@id\":\"https:\/\/www.justiceinfo.net\/fr\/3891-290508-cpibemba-bemba-maintenu-en-detention681.html#breadcrumb\",\"itemListElement\":[{\"@type\":\"ListItem\",\"position\":1,\"name\":\"Home\",\"item\":\"https:\/\/www.justiceinfo.net\/fr\"},{\"@type\":\"ListItem\",\"position\":2,\"name\":\"29.05.08 - CPI\/BEMBA - BEMBA MAINTENU EN DETENTION\"}]},{\"@type\":\"WebSite\",\"@id\":\"https:\/\/www.justiceinfo.net\/fr#website\",\"url\":\"https:\/\/www.justiceinfo.net\/fr\",\"name\":\"JusticeInfo.net\",\"description\":\"La justice doit \u00eatre vue pour \u00eatre rendue\",\"publisher\":{\"@id\":\"https:\/\/www.justiceinfo.net\/fr#organization\"},\"potentialAction\":[{\"@type\":\"SearchAction\",\"target\":{\"@type\":\"EntryPoint\",\"urlTemplate\":\"https:\/\/www.justiceinfo.net\/fr?s={search_term_string}\"},\"query-input\":{\"@type\":\"PropertyValueSpecification\",\"valueRequired\":true,\"valueName\":\"search_term_string\"}}],\"inLanguage\":\"fr-FR\"},{\"@type\":\"Organization\",\"@id\":\"https:\/\/www.justiceinfo.net\/fr#organization\",\"name\":\"Justice Info\",\"url\":\"https:\/\/www.justiceinfo.net\/fr\",\"logo\":{\"@type\":\"ImageObject\",\"inLanguage\":\"fr-FR\",\"@id\":\"https:\/\/www.justiceinfo.net\/fr#\/schema\/logo\/image\/\",\"url\":\"https:\/\/www.justiceinfo.net\/wp-content\/uploads\/justiceinfo_logo-trans_1200x1200px.png\",\"contentUrl\":\"https:\/\/www.justiceinfo.net\/wp-content\/uploads\/justiceinfo_logo-trans_1200x1200px.png\",\"width\":1199,\"height\":1200,\"caption\":\"Justice Info\"},\"image\":{\"@id\":\"https:\/\/www.justiceinfo.net\/fr#\/schema\/logo\/image\/\"},\"sameAs\":[\"https:\/\/www.facebook.com\/JusticeInfo\/\",\"https:\/\/x.com\/justiceinfonet\",\"https:\/\/www.linkedin.com\/company\/justice-info\",\"https:\/\/www.youtube.com\/channel\/UCyCEsARodyuWtkWyhn-e7pA\"]},{\"@type\":\"Person\",\"name\":\"solivri\",\"url\":\"\/fr\/?s=solivri\"}]}<\/script>\n<!-- \/ Yoast SEO Premium plugin. -->","yoast_head_json":{"title":"29.05.08 - CPI\/BEMBA - BEMBA MAINTENU EN DETENTION - JusticeInfo.net","robots":{"index":"index","follow":"follow","max-snippet":"max-snippet:-1","max-image-preview":"max-image-preview:large","max-video-preview":"max-video-preview:-1"},"canonical":"https:\/\/www.justiceinfo.net\/fr\/3891-290508-cpibemba-bemba-maintenu-en-detention681.html","og_locale":"fr_FR","og_type":"article","og_title":"29.05.08 - CPI\/BEMBA - BEMBA MAINTENU EN DETENTION","og_description":"Bruxelles, 29 mai 2008 (FH) \u2014 La chambre du conseil de Bruxelles a ordonn\u00e9 mercredi le maintien en d\u00e9tention de l\u2019ancien vice-pr\u00e9sident de la R\u00e9publique d\u00e9mocratique du Congo, Jean-Pierre Bemba. Chef du Mouvement pour la lib\u00e9ration du Congo (MLC), principale figure de l\u2019opposition congolaise, il a \u00e9t\u00e9 arr\u00eat\u00e9 le 24 mai dernier dans sa villa [&hellip;]","og_url":"https:\/\/www.justiceinfo.net\/fr\/3891-290508-cpibemba-bemba-maintenu-en-detention681.html","og_site_name":"JusticeInfo.net","article_publisher":"https:\/\/www.facebook.com\/JusticeInfo\/","article_published_time":"2008-05-30T08:46:27+00:00","og_image":[{"width":1200,"height":630,"url":"https:\/\/www.justiceinfo.net\/wp-content\/uploads\/JusticeInfoNet_logo_1200x630px.jpg","type":"image\/jpeg"}],"author":"solivri","twitter_card":"summary_large_image","twitter_creator":"@justiceinfonet","twitter_site":"@justiceinfonet","twitter_misc":{"\u00c9crit par":"solivri","Dur\u00e9e de lecture estim\u00e9e":"3 minutes"},"schema":{"@context":"https:\/\/schema.org","@graph":[{"@type":"NewsArticle","@id":"https:\/\/www.justiceinfo.net\/fr\/3891-290508-cpibemba-bemba-maintenu-en-detention681.html#article","isPartOf":{"@id":"https:\/\/www.justiceinfo.net\/fr\/3891-290508-cpibemba-bemba-maintenu-en-detention681.html"},"author":{"name":"solivri","@id":"https:\/\/www.justiceinfo.net\/fr#\/schema\/person\/6e53cba1629e2e66f3fc1821d3091865"},"headline":"29.05.08 - CPI\/BEMBA - BEMBA MAINTENU EN DETENTION","datePublished":"2008-05-30T08:46:27+00:00","mainEntityOfPage":{"@id":"https:\/\/www.justiceinfo.net\/fr\/3891-290508-cpibemba-bemba-maintenu-en-detention681.html"},"wordCount":587,"commentCount":0,"publisher":{"@id":"https:\/\/www.justiceinfo.net\/fr#organization"},"articleSection":["Hirondelle News"],"inLanguage":"fr-FR","potentialAction":[{"@type":"CommentAction","name":"Comment","target":["https:\/\/www.justiceinfo.net\/fr\/3891-290508-cpibemba-bemba-maintenu-en-detention681.html#respond"]}]},{"@type":"WebPage","@id":"https:\/\/www.justiceinfo.net\/fr\/3891-290508-cpibemba-bemba-maintenu-en-detention681.html","url":"https:\/\/www.justiceinfo.net\/fr\/3891-290508-cpibemba-bemba-maintenu-en-detention681.html","name":"29.05.08 - CPI\/BEMBA - BEMBA MAINTENU EN DETENTION - JusticeInfo.net","isPartOf":{"@id":"https:\/\/www.justiceinfo.net\/fr#website"},"datePublished":"2008-05-30T08:46:27+00:00","breadcrumb":{"@id":"https:\/\/www.justiceinfo.net\/fr\/3891-290508-cpibemba-bemba-maintenu-en-detention681.html#breadcrumb"},"inLanguage":"fr-FR","potentialAction":[{"@type":"ReadAction","target":["https:\/\/www.justiceinfo.net\/fr\/3891-290508-cpibemba-bemba-maintenu-en-detention681.html"]}]},{"@type":"BreadcrumbList","@id":"https:\/\/www.justiceinfo.net\/fr\/3891-290508-cpibemba-bemba-maintenu-en-detention681.html#breadcrumb","itemListElement":[{"@type":"ListItem","position":1,"name":"Home","item":"https:\/\/www.justiceinfo.net\/fr"},{"@type":"ListItem","position":2,"name":"29.05.08 - CPI\/BEMBA - BEMBA MAINTENU EN DETENTION"}]},{"@type":"WebSite","@id":"https:\/\/www.justiceinfo.net\/fr#website","url":"https:\/\/www.justiceinfo.net\/fr","name":"JusticeInfo.net","description":"La justice doit \u00eatre vue pour \u00eatre rendue","publisher":{"@id":"https:\/\/www.justiceinfo.net\/fr#organization"},"potentialAction":[{"@type":"SearchAction","target":{"@type":"EntryPoint","urlTemplate":"https:\/\/www.justiceinfo.net\/fr?s={search_term_string}"},"query-input":{"@type":"PropertyValueSpecification","valueRequired":true,"valueName":"search_term_string"}}],"inLanguage":"fr-FR"},{"@type":"Organization","@id":"https:\/\/www.justiceinfo.net\/fr#organization","name":"Justice Info","url":"https:\/\/www.justiceinfo.net\/fr","logo":{"@type":"ImageObject","inLanguage":"fr-FR","@id":"https:\/\/www.justiceinfo.net\/fr#\/schema\/logo\/image\/","url":"https:\/\/www.justiceinfo.net\/wp-content\/uploads\/justiceinfo_logo-trans_1200x1200px.png","contentUrl":"https:\/\/www.justiceinfo.net\/wp-content\/uploads\/justiceinfo_logo-trans_1200x1200px.png","width":1199,"height":1200,"caption":"Justice Info"},"image":{"@id":"https:\/\/www.justiceinfo.net\/fr#\/schema\/logo\/image\/"},"sameAs":["https:\/\/www.facebook.com\/JusticeInfo\/","https:\/\/x.com\/justiceinfonet","https:\/\/www.linkedin.com\/company\/justice-info","https:\/\/www.youtube.com\/channel\/UCyCEsARodyuWtkWyhn-e7pA"]},{"@type":"Person","name":"solivri","url":"\/fr\/?s=solivri"}]}},"_links":{"self":[{"href":"https:\/\/www.justiceinfo.net\/fr\/wp-json\/wp\/v2\/posts\/3891","targetHints":{"allow":["GET"]}}],"collection":[{"href":"https:\/\/www.justiceinfo.net\/fr\/wp-json\/wp\/v2\/posts"}],"about":[{"href":"https:\/\/www.justiceinfo.net\/fr\/wp-json\/wp\/v2\/types\/post"}],"author":[{"embeddable":true,"href":"https:\/\/www.justiceinfo.net\/fr\/wp-json\/wp\/v2\/users\/64"}],"replies":[{"embeddable":true,"href":"https:\/\/www.justiceinfo.net\/fr\/wp-json\/wp\/v2\/comments?post=3891"}],"version-history":[{"count":0,"href":"https:\/\/www.justiceinfo.net\/fr\/wp-json\/wp\/v2\/posts\/3891\/revisions"}],"wp:attachment":[{"href":"https:\/\/www.justiceinfo.net\/fr\/wp-json\/wp\/v2\/media?parent=3891"}],"wp:term":[{"taxonomy":"category","embeddable":true,"href":"https:\/\/www.justiceinfo.net\/fr\/wp-json\/wp\/v2\/categories?post=3891"},{"taxonomy":"post_tag","embeddable":true,"href":"https:\/\/www.justiceinfo.net\/fr\/wp-json\/wp\/v2\/tags?post=3891"},{"taxonomy":"ji_location","embeddable":true,"href":"https:\/\/www.justiceinfo.net\/fr\/wp-json\/wp\/v2\/ji_location?post=3891"}],"curies":[{"name":"wp","href":"https:\/\/api.w.org\/{rel}","templated":true}]}}