{"id":3897,"date":"2008-06-11T06:42:41","date_gmt":"2008-06-11T04:42:41","guid":{"rendered":"https:\/\/www.justiceinfo.net\/3897-110608-tpirmilitaires-ii-un-colonel-belge-salue-l-laction-remarquable-r-du-general-ndindiliy687.html"},"modified":"2008-06-11T06:42:41","modified_gmt":"2008-06-11T04:42:41","slug":"110608-tpirmilitaires-ii-un-colonel-belge-salue-l-laction-remarquable-r-du-general-ndindiliy687","status":"publish","type":"post","link":"https:\/\/www.justiceinfo.net\/fr\/3897-110608-tpirmilitaires-ii-un-colonel-belge-salue-l-laction-remarquable-r-du-general-ndindiliy687.html","title":{"rendered":"11.06.08 - TPIR\/MILITAIRES II - UN COLONEL BELGE SALUE \u00ab L\u2019ACTION REMARQUABLE \u00bb DU GENERAL NDINDILIY"},"content":{"rendered":"<p  >\n11. 06.\n<\/p>\n<p><!--more--><\/p>\n<p  >\n08 - TPIR\/MILITAIRES II - UN COLONEL BELGE SALUE \u00ab L\u2019ACTION REMARQUABLE \u00bb DU GENERAL NDINDILIYIMANA\n<\/p>\n<p  >\nArusha, 11 juin 2008 (FH) - L\u2019ancien chef de la coop\u00e9ration militaire belge au Rwanda, le colonel Andr\u00e9 Vincent, a salu\u00e9 mardi \u00ab l\u2019action remarquable \u00bb de l\u2019ex- chef d\u2019Etat-major de la gendarmerie, le g\u00e9n\u00e9ral Augustin Ndindiliyimana en proc\u00e8s devant le Tribunal p\u00e9nal international pour le Rwanda (TPIR).\n<\/p>\n<p  >\n\u00ab L\u2019action du g\u00e9n\u00e9ral Ndindiliyimana, en tant que chef d\u2019Etat-major de la gendarmerie, \u00e9tait remarquable \u00bb, a affirm\u00e9 le colonel Vincent, soulignant que l\u2019accus\u00e9 voulait faire de la gendarmerie \u00ab un corps au service de l\u2019Etat \u00bb.\n<\/p>\n<p  >\n \u00ab Je l\u2019ai connu personnellement (\u2026) Je suis persuad\u00e9 qu\u2019il \u00e9tait favorable \u00e0 la mise en application des accords d\u2019Arusha \u00bb entre le gouvernement rwandais de l\u2019\u00e9poque et l\u2019ancienne r\u00e9bellion du Font patriotique rwandais (FPR, actuellement au pouvoir), a d\u00e9clar\u00e9 le colonel Vincent aujourd\u2019hui \u00e0 la retraite.\n<\/p>\n<p  >\n\u00ab Je n\u2019ai jamais eu l\u2019impression d\u2019une implication quelconque du g\u00e9n\u00e9ral Ndindiliyimana dans les massacres \u00bb de 1994, a ajout\u00e9 l\u2019officier belge dont la mission au Rwanda dur\u00e9 de 1990 \u00e0 1994. Il a pr\u00e9cis\u00e9 avoir quitt\u00e9 ce pays le 15 avril 1994, en plein g\u00e9nocide.\n<\/p>\n<p  >\nNdindiliyimana est en proc\u00e8s avec trois autres officiers des anciennes Forces arm\u00e9es rwandaises (FAR) dont l\u2019ex-chef d\u2019Etat-major de l\u2019arm\u00e9e, le g\u00e9n\u00e9ral Augustin Bizimungu.\n<\/p>\n<p  >\nAccus\u00e9s de crimes de g\u00e9nocide, de crimes contre l\u2019humanit\u00e9 et des crimes de guerre, tous les quatre plaident non coupables.\n<\/p>\n<p  >\nNdindiliyimana est le deuxi\u00e8me \u00e0 citer ses t\u00e9moins apr\u00e8s Bizimungu. Ce proc\u00e8s, l\u2019un des plus importants de l\u2019histoire du TPIR, a d\u00e9marr\u00e9 en septembre 2004.\n<\/p>\n<p  >\nER\/PB<\/p>\n","protected":false},"excerpt":{"rendered":"<p>11. 06.<\/p>\n","protected":false},"author":64,"featured_media":0,"comment_status":"open","ping_status":"closed","sticky":false,"template":"","format":"standard","meta":{"_acf_changed":false,"footnotes":""},"categories":[554],"tags":[],"ji_location":[],"class_list":["post-3897","post","type-post","status-publish","format-standard","hentry","category-hirondellenews"],"acf":[],"yoast_head":"<!-- This site is optimized with the Yoast SEO Premium plugin v25.3.1 (Yoast SEO v25.3.1) - https:\/\/yoast.com\/wordpress\/plugins\/seo\/ -->\n<title>11.06.08 - TPIR\/MILITAIRES II - UN COLONEL BELGE SALUE \u00ab L\u2019ACTION REMARQUABLE \u00bb DU GENERAL NDINDILIY - JusticeInfo.net<\/title>\n<meta name=\"robots\" content=\"index, follow, max-snippet:-1, max-image-preview:large, max-video-preview:-1\" \/>\n<link rel=\"canonical\" href=\"https:\/\/www.justiceinfo.net\/fr\/3897-110608-tpirmilitaires-ii-un-colonel-belge-salue-l-laction-remarquable-r-du-general-ndindiliy687.html\" \/>\n<meta property=\"og:locale\" content=\"fr_FR\" \/>\n<meta property=\"og:type\" content=\"article\" \/>\n<meta property=\"og:title\" content=\"11.06.08 - TPIR\/MILITAIRES II - UN COLONEL BELGE SALUE \u00ab L\u2019ACTION REMARQUABLE \u00bb DU GENERAL NDINDILIY\" \/>\n<meta property=\"og:description\" content=\"11. 06.\" \/>\n<meta property=\"og:url\" content=\"https:\/\/www.justiceinfo.net\/fr\/3897-110608-tpirmilitaires-ii-un-colonel-belge-salue-l-laction-remarquable-r-du-general-ndindiliy687.html\" \/>\n<meta property=\"og:site_name\" content=\"JusticeInfo.net\" \/>\n<meta property=\"article:publisher\" content=\"https:\/\/www.facebook.com\/JusticeInfo\/\" \/>\n<meta property=\"article:published_time\" content=\"2008-06-11T04:42:41+00:00\" \/>\n<meta property=\"og:image\" content=\"https:\/\/www.justiceinfo.net\/wp-content\/uploads\/JusticeInfoNet_logo_1200x630px.jpg\" \/>\n\t<meta property=\"og:image:width\" content=\"1200\" \/>\n\t<meta property=\"og:image:height\" content=\"630\" \/>\n\t<meta property=\"og:image:type\" content=\"image\/jpeg\" \/>\n<meta name=\"author\" content=\"solivri\" \/>\n<meta name=\"twitter:card\" content=\"summary_large_image\" \/>\n<meta name=\"twitter:creator\" content=\"@justiceinfonet\" \/>\n<meta name=\"twitter:site\" content=\"@justiceinfonet\" \/>\n<meta name=\"twitter:label1\" content=\"\u00c9crit par\" \/>\n\t<meta name=\"twitter:data1\" content=\"solivri\" \/>\n\t<meta name=\"twitter:label2\" content=\"Dur\u00e9e de lecture estim\u00e9e\" \/>\n\t<meta name=\"twitter:data2\" content=\"1 minute\" \/>\n<script type=\"application\/ld+json\" class=\"yoast-schema-graph\">{\"@context\":\"https:\/\/schema.org\",\"@graph\":[{\"@type\":\"NewsArticle\",\"@id\":\"https:\/\/www.justiceinfo.net\/fr\/3897-110608-tpirmilitaires-ii-un-colonel-belge-salue-l-laction-remarquable-r-du-general-ndindiliy687.html#article\",\"isPartOf\":{\"@id\":\"https:\/\/www.justiceinfo.net\/fr\/3897-110608-tpirmilitaires-ii-un-colonel-belge-salue-l-laction-remarquable-r-du-general-ndindiliy687.html\"},\"author\":{\"name\":\"solivri\",\"@id\":\"https:\/\/www.justiceinfo.net\/fr#\/schema\/person\/6e53cba1629e2e66f3fc1821d3091865\"},\"headline\":\"11.06.08 - TPIR\/MILITAIRES II - UN COLONEL BELGE SALUE \u00ab L\u2019ACTION REMARQUABLE \u00bb DU GENERAL NDINDILIY\",\"datePublished\":\"2008-06-11T04:42:41+00:00\",\"mainEntityOfPage\":{\"@id\":\"https:\/\/www.justiceinfo.net\/fr\/3897-110608-tpirmilitaires-ii-un-colonel-belge-salue-l-laction-remarquable-r-du-general-ndindiliy687.html\"},\"wordCount\":304,\"commentCount\":0,\"publisher\":{\"@id\":\"https:\/\/www.justiceinfo.net\/fr#organization\"},\"articleSection\":[\"Hirondelle News\"],\"inLanguage\":\"fr-FR\",\"potentialAction\":[{\"@type\":\"CommentAction\",\"name\":\"Comment\",\"target\":[\"https:\/\/www.justiceinfo.net\/fr\/3897-110608-tpirmilitaires-ii-un-colonel-belge-salue-l-laction-remarquable-r-du-general-ndindiliy687.html#respond\"]}]},{\"@type\":\"WebPage\",\"@id\":\"https:\/\/www.justiceinfo.net\/fr\/3897-110608-tpirmilitaires-ii-un-colonel-belge-salue-l-laction-remarquable-r-du-general-ndindiliy687.html\",\"url\":\"https:\/\/www.justiceinfo.net\/fr\/3897-110608-tpirmilitaires-ii-un-colonel-belge-salue-l-laction-remarquable-r-du-general-ndindiliy687.html\",\"name\":\"11.06.08 - TPIR\/MILITAIRES II - UN COLONEL BELGE SALUE \u00ab L\u2019ACTION REMARQUABLE \u00bb DU GENERAL NDINDILIY - JusticeInfo.net\",\"isPartOf\":{\"@id\":\"https:\/\/www.justiceinfo.net\/fr#website\"},\"datePublished\":\"2008-06-11T04:42:41+00:00\",\"breadcrumb\":{\"@id\":\"https:\/\/www.justiceinfo.net\/fr\/3897-110608-tpirmilitaires-ii-un-colonel-belge-salue-l-laction-remarquable-r-du-general-ndindiliy687.html#breadcrumb\"},\"inLanguage\":\"fr-FR\",\"potentialAction\":[{\"@type\":\"ReadAction\",\"target\":[\"https:\/\/www.justiceinfo.net\/fr\/3897-110608-tpirmilitaires-ii-un-colonel-belge-salue-l-laction-remarquable-r-du-general-ndindiliy687.html\"]}]},{\"@type\":\"BreadcrumbList\",\"@id\":\"https:\/\/www.justiceinfo.net\/fr\/3897-110608-tpirmilitaires-ii-un-colonel-belge-salue-l-laction-remarquable-r-du-general-ndindiliy687.html#breadcrumb\",\"itemListElement\":[{\"@type\":\"ListItem\",\"position\":1,\"name\":\"Home\",\"item\":\"https:\/\/www.justiceinfo.net\/fr\"},{\"@type\":\"ListItem\",\"position\":2,\"name\":\"11.06.08 - TPIR\/MILITAIRES II - UN COLONEL BELGE SALUE \u00ab L\u2019ACTION REMARQUABLE \u00bb DU GENERAL NDINDILIY\"}]},{\"@type\":\"WebSite\",\"@id\":\"https:\/\/www.justiceinfo.net\/fr#website\",\"url\":\"https:\/\/www.justiceinfo.net\/fr\",\"name\":\"JusticeInfo.net\",\"description\":\"La justice doit \u00eatre vue pour \u00eatre rendue\",\"publisher\":{\"@id\":\"https:\/\/www.justiceinfo.net\/fr#organization\"},\"potentialAction\":[{\"@type\":\"SearchAction\",\"target\":{\"@type\":\"EntryPoint\",\"urlTemplate\":\"https:\/\/www.justiceinfo.net\/fr?s={search_term_string}\"},\"query-input\":{\"@type\":\"PropertyValueSpecification\",\"valueRequired\":true,\"valueName\":\"search_term_string\"}}],\"inLanguage\":\"fr-FR\"},{\"@type\":\"Organization\",\"@id\":\"https:\/\/www.justiceinfo.net\/fr#organization\",\"name\":\"Justice Info\",\"url\":\"https:\/\/www.justiceinfo.net\/fr\",\"logo\":{\"@type\":\"ImageObject\",\"inLanguage\":\"fr-FR\",\"@id\":\"https:\/\/www.justiceinfo.net\/fr#\/schema\/logo\/image\/\",\"url\":\"https:\/\/www.justiceinfo.net\/wp-content\/uploads\/justiceinfo_logo-trans_1200x1200px.png\",\"contentUrl\":\"https:\/\/www.justiceinfo.net\/wp-content\/uploads\/justiceinfo_logo-trans_1200x1200px.png\",\"width\":1199,\"height\":1200,\"caption\":\"Justice Info\"},\"image\":{\"@id\":\"https:\/\/www.justiceinfo.net\/fr#\/schema\/logo\/image\/\"},\"sameAs\":[\"https:\/\/www.facebook.com\/JusticeInfo\/\",\"https:\/\/x.com\/justiceinfonet\",\"https:\/\/www.linkedin.com\/company\/justice-info\",\"https:\/\/www.youtube.com\/channel\/UCyCEsARodyuWtkWyhn-e7pA\"]},{\"@type\":\"Person\",\"name\":\"solivri\",\"url\":\"\/fr\/?s=solivri\"}]}<\/script>\n<!-- \/ Yoast SEO Premium plugin. -->","yoast_head_json":{"title":"11.06.08 - TPIR\/MILITAIRES II - UN COLONEL BELGE SALUE \u00ab L\u2019ACTION REMARQUABLE \u00bb DU GENERAL NDINDILIY - JusticeInfo.net","robots":{"index":"index","follow":"follow","max-snippet":"max-snippet:-1","max-image-preview":"max-image-preview:large","max-video-preview":"max-video-preview:-1"},"canonical":"https:\/\/www.justiceinfo.net\/fr\/3897-110608-tpirmilitaires-ii-un-colonel-belge-salue-l-laction-remarquable-r-du-general-ndindiliy687.html","og_locale":"fr_FR","og_type":"article","og_title":"11.06.08 - TPIR\/MILITAIRES II - UN COLONEL BELGE SALUE \u00ab L\u2019ACTION REMARQUABLE \u00bb DU GENERAL NDINDILIY","og_description":"11. 06.","og_url":"https:\/\/www.justiceinfo.net\/fr\/3897-110608-tpirmilitaires-ii-un-colonel-belge-salue-l-laction-remarquable-r-du-general-ndindiliy687.html","og_site_name":"JusticeInfo.net","article_publisher":"https:\/\/www.facebook.com\/JusticeInfo\/","article_published_time":"2008-06-11T04:42:41+00:00","og_image":[{"width":1200,"height":630,"url":"https:\/\/www.justiceinfo.net\/wp-content\/uploads\/JusticeInfoNet_logo_1200x630px.jpg","type":"image\/jpeg"}],"author":"solivri","twitter_card":"summary_large_image","twitter_creator":"@justiceinfonet","twitter_site":"@justiceinfonet","twitter_misc":{"\u00c9crit par":"solivri","Dur\u00e9e de lecture estim\u00e9e":"1 minute"},"schema":{"@context":"https:\/\/schema.org","@graph":[{"@type":"NewsArticle","@id":"https:\/\/www.justiceinfo.net\/fr\/3897-110608-tpirmilitaires-ii-un-colonel-belge-salue-l-laction-remarquable-r-du-general-ndindiliy687.html#article","isPartOf":{"@id":"https:\/\/www.justiceinfo.net\/fr\/3897-110608-tpirmilitaires-ii-un-colonel-belge-salue-l-laction-remarquable-r-du-general-ndindiliy687.html"},"author":{"name":"solivri","@id":"https:\/\/www.justiceinfo.net\/fr#\/schema\/person\/6e53cba1629e2e66f3fc1821d3091865"},"headline":"11.06.08 - TPIR\/MILITAIRES II - UN COLONEL BELGE SALUE \u00ab L\u2019ACTION REMARQUABLE \u00bb DU GENERAL NDINDILIY","datePublished":"2008-06-11T04:42:41+00:00","mainEntityOfPage":{"@id":"https:\/\/www.justiceinfo.net\/fr\/3897-110608-tpirmilitaires-ii-un-colonel-belge-salue-l-laction-remarquable-r-du-general-ndindiliy687.html"},"wordCount":304,"commentCount":0,"publisher":{"@id":"https:\/\/www.justiceinfo.net\/fr#organization"},"articleSection":["Hirondelle News"],"inLanguage":"fr-FR","potentialAction":[{"@type":"CommentAction","name":"Comment","target":["https:\/\/www.justiceinfo.net\/fr\/3897-110608-tpirmilitaires-ii-un-colonel-belge-salue-l-laction-remarquable-r-du-general-ndindiliy687.html#respond"]}]},{"@type":"WebPage","@id":"https:\/\/www.justiceinfo.net\/fr\/3897-110608-tpirmilitaires-ii-un-colonel-belge-salue-l-laction-remarquable-r-du-general-ndindiliy687.html","url":"https:\/\/www.justiceinfo.net\/fr\/3897-110608-tpirmilitaires-ii-un-colonel-belge-salue-l-laction-remarquable-r-du-general-ndindiliy687.html","name":"11.06.08 - TPIR\/MILITAIRES II - UN COLONEL BELGE SALUE \u00ab L\u2019ACTION REMARQUABLE \u00bb DU GENERAL NDINDILIY - JusticeInfo.net","isPartOf":{"@id":"https:\/\/www.justiceinfo.net\/fr#website"},"datePublished":"2008-06-11T04:42:41+00:00","breadcrumb":{"@id":"https:\/\/www.justiceinfo.net\/fr\/3897-110608-tpirmilitaires-ii-un-colonel-belge-salue-l-laction-remarquable-r-du-general-ndindiliy687.html#breadcrumb"},"inLanguage":"fr-FR","potentialAction":[{"@type":"ReadAction","target":["https:\/\/www.justiceinfo.net\/fr\/3897-110608-tpirmilitaires-ii-un-colonel-belge-salue-l-laction-remarquable-r-du-general-ndindiliy687.html"]}]},{"@type":"BreadcrumbList","@id":"https:\/\/www.justiceinfo.net\/fr\/3897-110608-tpirmilitaires-ii-un-colonel-belge-salue-l-laction-remarquable-r-du-general-ndindiliy687.html#breadcrumb","itemListElement":[{"@type":"ListItem","position":1,"name":"Home","item":"https:\/\/www.justiceinfo.net\/fr"},{"@type":"ListItem","position":2,"name":"11.06.08 - TPIR\/MILITAIRES II - UN COLONEL BELGE SALUE \u00ab L\u2019ACTION REMARQUABLE \u00bb DU GENERAL NDINDILIY"}]},{"@type":"WebSite","@id":"https:\/\/www.justiceinfo.net\/fr#website","url":"https:\/\/www.justiceinfo.net\/fr","name":"JusticeInfo.net","description":"La justice doit \u00eatre vue pour \u00eatre rendue","publisher":{"@id":"https:\/\/www.justiceinfo.net\/fr#organization"},"potentialAction":[{"@type":"SearchAction","target":{"@type":"EntryPoint","urlTemplate":"https:\/\/www.justiceinfo.net\/fr?s={search_term_string}"},"query-input":{"@type":"PropertyValueSpecification","valueRequired":true,"valueName":"search_term_string"}}],"inLanguage":"fr-FR"},{"@type":"Organization","@id":"https:\/\/www.justiceinfo.net\/fr#organization","name":"Justice Info","url":"https:\/\/www.justiceinfo.net\/fr","logo":{"@type":"ImageObject","inLanguage":"fr-FR","@id":"https:\/\/www.justiceinfo.net\/fr#\/schema\/logo\/image\/","url":"https:\/\/www.justiceinfo.net\/wp-content\/uploads\/justiceinfo_logo-trans_1200x1200px.png","contentUrl":"https:\/\/www.justiceinfo.net\/wp-content\/uploads\/justiceinfo_logo-trans_1200x1200px.png","width":1199,"height":1200,"caption":"Justice Info"},"image":{"@id":"https:\/\/www.justiceinfo.net\/fr#\/schema\/logo\/image\/"},"sameAs":["https:\/\/www.facebook.com\/JusticeInfo\/","https:\/\/x.com\/justiceinfonet","https:\/\/www.linkedin.com\/company\/justice-info","https:\/\/www.youtube.com\/channel\/UCyCEsARodyuWtkWyhn-e7pA"]},{"@type":"Person","name":"solivri","url":"\/fr\/?s=solivri"}]}},"_links":{"self":[{"href":"https:\/\/www.justiceinfo.net\/fr\/wp-json\/wp\/v2\/posts\/3897","targetHints":{"allow":["GET"]}}],"collection":[{"href":"https:\/\/www.justiceinfo.net\/fr\/wp-json\/wp\/v2\/posts"}],"about":[{"href":"https:\/\/www.justiceinfo.net\/fr\/wp-json\/wp\/v2\/types\/post"}],"author":[{"embeddable":true,"href":"https:\/\/www.justiceinfo.net\/fr\/wp-json\/wp\/v2\/users\/64"}],"replies":[{"embeddable":true,"href":"https:\/\/www.justiceinfo.net\/fr\/wp-json\/wp\/v2\/comments?post=3897"}],"version-history":[{"count":0,"href":"https:\/\/www.justiceinfo.net\/fr\/wp-json\/wp\/v2\/posts\/3897\/revisions"}],"wp:attachment":[{"href":"https:\/\/www.justiceinfo.net\/fr\/wp-json\/wp\/v2\/media?parent=3897"}],"wp:term":[{"taxonomy":"category","embeddable":true,"href":"https:\/\/www.justiceinfo.net\/fr\/wp-json\/wp\/v2\/categories?post=3897"},{"taxonomy":"post_tag","embeddable":true,"href":"https:\/\/www.justiceinfo.net\/fr\/wp-json\/wp\/v2\/tags?post=3897"},{"taxonomy":"ji_location","embeddable":true,"href":"https:\/\/www.justiceinfo.net\/fr\/wp-json\/wp\/v2\/ji_location?post=3897"}],"curies":[{"name":"wp","href":"https:\/\/api.w.org\/{rel}","templated":true}]}}