{"id":3899,"date":"2008-06-07T10:36:18","date_gmt":"2008-06-07T08:36:18","guid":{"rendered":"https:\/\/www.justiceinfo.net\/3899-060608-francetpir-dominique-ntawukuriryayo-a-ete-remis-au-tpir689.html"},"modified":"2008-06-07T10:36:18","modified_gmt":"2008-06-07T08:36:18","slug":"060608-francetpir-dominique-ntawukuriryayo-a-ete-remis-au-tpir689","status":"publish","type":"post","link":"https:\/\/www.justiceinfo.net\/fr\/3899-060608-francetpir-dominique-ntawukuriryayo-a-ete-remis-au-tpir689.html","title":{"rendered":"06.06.08 - FRANCE\/TPIR - DOMINIQUE NTAWUKURIRYAYO A ETE REMIS AU TPIR"},"content":{"rendered":"<p  >\nArusha, 6 juin 2008 (FH) \u2013 Dominique Ntawukuriryayo, 66 ans, ancien sous prefet de Gisagara (sud du Rwanda) pendant le g\u00e9nocide, a \u00e9t\u00e9 remis jeudi au Tribunal p\u00e9nal international pour le Rwanda (TPIR)  par la France afin qu\u2019il soit jug\u00e9 des crimes de g\u00e9nocide et de crimes contre l\u2019humanit\u00e9.  <\/p>\n<p>Il sera pr\u00e9sent\u00e9 en premi\u00e8re comparution la semaine prochaine, a annonc\u00e9 le porte parole du procureur Timoth\u00e9 Gallimore.\n<\/p>\n<p><!--more--><\/p>\n<p  >\nLe porte-parole du minist\u00e8re fran\u00e7ais de la Justice, en annon\u00e7ant ce d\u00e9part, a affirm\u00e9 que son pays avait ainsi respect\u00e9 ses engagements. Ntawukuriyayo avait \u00e9t\u00e9 arr\u00eat\u00e9 le 16 octobre dernier au sud de la France o\u00f9 il vivait en situation r\u00e9guli\u00e8re depuis 1999. <\/p>\n<p>Apr\u00e8s la d\u00e9cision de transfert prise par la justice fran\u00e7aise, les avocats de Ntawukuriryayo avaient tent\u00e9 un recours en urgence devant la cour europ\u00e9enne des droits de l\u2019homme qui avait \u00e9t\u00e9 rejet\u00e9 le 16 mai. Son avocat craignait notamment sa remise au Rwanda, mais la derni\u00e8re d\u00e9cision refusant un transfert semble l\u2019avoir rassur\u00e9. <\/p>\n<p>Selon l\u2019acte d\u2019accusation, Ntawukuriyayo aurait pris part \u00e0 des tueries dans lesquelles 25000 tutsi ont \u00e9t\u00e9 tu\u00e9s sur les collines de Kabuye au sud du Rwanda entre le 21 et le 25 avril. Il rejoint \u00e0 Arusha les six personnes qui attendent encore d\u2019\u00eatre jug\u00e9es. <\/p>\n<p>Ce transfert de France vers le TPIR est le premier depuis 2000 d'un Rwandais r\u00e9fugi\u00e9 en France. D\u00e9j\u00e0, Fran\u00e7ois-Xavier Nzuwonemeye, ex-officier de l'arm\u00e9e rwandaise, actuellement en cours de jugement Jean de Dieu Kamuhanda, ex-ministre de l'Enseignement sup\u00e9rieur, d\u00e9j\u00e0 condamn\u00e9 d\u00e9finitivement \u00e0 la prison \u00e0 vie, ont \u00e9t\u00e9 remis par la France au tribunal d'Arusha.\n<\/p>\n<p  >\nSelon l\u2019AFP, Kigali suspecte encore huit de ses ressortissants install\u00e9s en France d'avoir pris part au g\u00e9nocide, selon la liste des 93 personnes \u00e9tablies \u00e0 l'\u00e9tranger recherch\u00e9es par Kigali et remises \u00e0 Interpol en mai 2006. <\/p>\n<p>SC\/PB\/GF<\/p>\n","protected":false},"excerpt":{"rendered":"<p>Arusha, 6 juin 2008 (FH) \u2013 Dominique Ntawukuriryayo, 66 ans, ancien sous prefet de Gisagara (sud du Rwanda) pendant le g\u00e9nocide, a \u00e9t\u00e9 remis jeudi au Tribunal p\u00e9nal international pour le Rwanda (TPIR) par la France afin qu\u2019il soit jug\u00e9 des crimes de g\u00e9nocide et de crimes contre l\u2019humanit\u00e9. Il sera pr\u00e9sent\u00e9 en premi\u00e8re comparution [&hellip;]<\/p>\n","protected":false},"author":64,"featured_media":0,"comment_status":"open","ping_status":"closed","sticky":false,"template":"","format":"standard","meta":{"_acf_changed":false,"footnotes":""},"categories":[554],"tags":[],"ji_location":[],"class_list":["post-3899","post","type-post","status-publish","format-standard","hentry","category-hirondellenews"],"acf":[],"yoast_head":"<!-- This site is optimized with the Yoast SEO Premium plugin v25.3.1 (Yoast SEO v25.3.1) - https:\/\/yoast.com\/wordpress\/plugins\/seo\/ -->\n<title>06.06.08 - FRANCE\/TPIR - DOMINIQUE NTAWUKURIRYAYO A ETE REMIS AU TPIR - JusticeInfo.net<\/title>\n<meta name=\"robots\" content=\"index, follow, max-snippet:-1, max-image-preview:large, max-video-preview:-1\" \/>\n<link rel=\"canonical\" href=\"https:\/\/www.justiceinfo.net\/fr\/3899-060608-francetpir-dominique-ntawukuriryayo-a-ete-remis-au-tpir689.html\" \/>\n<meta property=\"og:locale\" content=\"fr_FR\" \/>\n<meta property=\"og:type\" content=\"article\" \/>\n<meta property=\"og:title\" content=\"06.06.08 - FRANCE\/TPIR - DOMINIQUE NTAWUKURIRYAYO A ETE REMIS AU TPIR\" \/>\n<meta property=\"og:description\" content=\"Arusha, 6 juin 2008 (FH) \u2013 Dominique Ntawukuriryayo, 66 ans, ancien sous prefet de Gisagara (sud du Rwanda) pendant le g\u00e9nocide, a \u00e9t\u00e9 remis jeudi au Tribunal p\u00e9nal international pour le Rwanda (TPIR) par la France afin qu\u2019il soit jug\u00e9 des crimes de g\u00e9nocide et de crimes contre l\u2019humanit\u00e9. Il sera pr\u00e9sent\u00e9 en premi\u00e8re comparution [&hellip;]\" \/>\n<meta property=\"og:url\" content=\"https:\/\/www.justiceinfo.net\/fr\/3899-060608-francetpir-dominique-ntawukuriryayo-a-ete-remis-au-tpir689.html\" \/>\n<meta property=\"og:site_name\" content=\"JusticeInfo.net\" \/>\n<meta property=\"article:publisher\" content=\"https:\/\/www.facebook.com\/JusticeInfo\/\" \/>\n<meta property=\"article:published_time\" content=\"2008-06-07T08:36:18+00:00\" \/>\n<meta property=\"og:image\" content=\"https:\/\/www.justiceinfo.net\/wp-content\/uploads\/JusticeInfoNet_logo_1200x630px.jpg\" \/>\n\t<meta property=\"og:image:width\" content=\"1200\" \/>\n\t<meta property=\"og:image:height\" content=\"630\" \/>\n\t<meta property=\"og:image:type\" content=\"image\/jpeg\" \/>\n<meta name=\"author\" content=\"solivri\" \/>\n<meta name=\"twitter:card\" content=\"summary_large_image\" \/>\n<meta name=\"twitter:creator\" content=\"@justiceinfonet\" \/>\n<meta name=\"twitter:site\" content=\"@justiceinfonet\" \/>\n<meta name=\"twitter:label1\" content=\"\u00c9crit par\" \/>\n\t<meta name=\"twitter:data1\" content=\"solivri\" \/>\n\t<meta name=\"twitter:label2\" content=\"Dur\u00e9e de lecture estim\u00e9e\" \/>\n\t<meta name=\"twitter:data2\" content=\"2 minutes\" \/>\n<script type=\"application\/ld+json\" class=\"yoast-schema-graph\">{\"@context\":\"https:\/\/schema.org\",\"@graph\":[{\"@type\":\"NewsArticle\",\"@id\":\"https:\/\/www.justiceinfo.net\/fr\/3899-060608-francetpir-dominique-ntawukuriryayo-a-ete-remis-au-tpir689.html#article\",\"isPartOf\":{\"@id\":\"https:\/\/www.justiceinfo.net\/fr\/3899-060608-francetpir-dominique-ntawukuriryayo-a-ete-remis-au-tpir689.html\"},\"author\":{\"name\":\"solivri\",\"@id\":\"https:\/\/www.justiceinfo.net\/fr#\/schema\/person\/6e53cba1629e2e66f3fc1821d3091865\"},\"headline\":\"06.06.08 - FRANCE\/TPIR - DOMINIQUE NTAWUKURIRYAYO A ETE REMIS AU TPIR\",\"datePublished\":\"2008-06-07T08:36:18+00:00\",\"mainEntityOfPage\":{\"@id\":\"https:\/\/www.justiceinfo.net\/fr\/3899-060608-francetpir-dominique-ntawukuriryayo-a-ete-remis-au-tpir689.html\"},\"wordCount\":337,\"commentCount\":0,\"publisher\":{\"@id\":\"https:\/\/www.justiceinfo.net\/fr#organization\"},\"articleSection\":[\"Hirondelle News\"],\"inLanguage\":\"fr-FR\",\"potentialAction\":[{\"@type\":\"CommentAction\",\"name\":\"Comment\",\"target\":[\"https:\/\/www.justiceinfo.net\/fr\/3899-060608-francetpir-dominique-ntawukuriryayo-a-ete-remis-au-tpir689.html#respond\"]}]},{\"@type\":\"WebPage\",\"@id\":\"https:\/\/www.justiceinfo.net\/fr\/3899-060608-francetpir-dominique-ntawukuriryayo-a-ete-remis-au-tpir689.html\",\"url\":\"https:\/\/www.justiceinfo.net\/fr\/3899-060608-francetpir-dominique-ntawukuriryayo-a-ete-remis-au-tpir689.html\",\"name\":\"06.06.08 - FRANCE\/TPIR - DOMINIQUE NTAWUKURIRYAYO A ETE REMIS AU TPIR - JusticeInfo.net\",\"isPartOf\":{\"@id\":\"https:\/\/www.justiceinfo.net\/fr#website\"},\"datePublished\":\"2008-06-07T08:36:18+00:00\",\"breadcrumb\":{\"@id\":\"https:\/\/www.justiceinfo.net\/fr\/3899-060608-francetpir-dominique-ntawukuriryayo-a-ete-remis-au-tpir689.html#breadcrumb\"},\"inLanguage\":\"fr-FR\",\"potentialAction\":[{\"@type\":\"ReadAction\",\"target\":[\"https:\/\/www.justiceinfo.net\/fr\/3899-060608-francetpir-dominique-ntawukuriryayo-a-ete-remis-au-tpir689.html\"]}]},{\"@type\":\"BreadcrumbList\",\"@id\":\"https:\/\/www.justiceinfo.net\/fr\/3899-060608-francetpir-dominique-ntawukuriryayo-a-ete-remis-au-tpir689.html#breadcrumb\",\"itemListElement\":[{\"@type\":\"ListItem\",\"position\":1,\"name\":\"Home\",\"item\":\"https:\/\/www.justiceinfo.net\/fr\"},{\"@type\":\"ListItem\",\"position\":2,\"name\":\"06.06.08 - FRANCE\/TPIR - DOMINIQUE NTAWUKURIRYAYO A ETE REMIS AU TPIR\"}]},{\"@type\":\"WebSite\",\"@id\":\"https:\/\/www.justiceinfo.net\/fr#website\",\"url\":\"https:\/\/www.justiceinfo.net\/fr\",\"name\":\"JusticeInfo.net\",\"description\":\"La justice doit \u00eatre vue pour \u00eatre rendue\",\"publisher\":{\"@id\":\"https:\/\/www.justiceinfo.net\/fr#organization\"},\"potentialAction\":[{\"@type\":\"SearchAction\",\"target\":{\"@type\":\"EntryPoint\",\"urlTemplate\":\"https:\/\/www.justiceinfo.net\/fr?s={search_term_string}\"},\"query-input\":{\"@type\":\"PropertyValueSpecification\",\"valueRequired\":true,\"valueName\":\"search_term_string\"}}],\"inLanguage\":\"fr-FR\"},{\"@type\":\"Organization\",\"@id\":\"https:\/\/www.justiceinfo.net\/fr#organization\",\"name\":\"Justice Info\",\"url\":\"https:\/\/www.justiceinfo.net\/fr\",\"logo\":{\"@type\":\"ImageObject\",\"inLanguage\":\"fr-FR\",\"@id\":\"https:\/\/www.justiceinfo.net\/fr#\/schema\/logo\/image\/\",\"url\":\"https:\/\/www.justiceinfo.net\/wp-content\/uploads\/justiceinfo_logo-trans_1200x1200px.png\",\"contentUrl\":\"https:\/\/www.justiceinfo.net\/wp-content\/uploads\/justiceinfo_logo-trans_1200x1200px.png\",\"width\":1199,\"height\":1200,\"caption\":\"Justice Info\"},\"image\":{\"@id\":\"https:\/\/www.justiceinfo.net\/fr#\/schema\/logo\/image\/\"},\"sameAs\":[\"https:\/\/www.facebook.com\/JusticeInfo\/\",\"https:\/\/x.com\/justiceinfonet\",\"https:\/\/www.linkedin.com\/company\/justice-info\",\"https:\/\/www.youtube.com\/channel\/UCyCEsARodyuWtkWyhn-e7pA\"]},{\"@type\":\"Person\",\"name\":\"solivri\",\"url\":\"\/fr\/?s=solivri\"}]}<\/script>\n<!-- \/ Yoast SEO Premium plugin. -->","yoast_head_json":{"title":"06.06.08 - FRANCE\/TPIR - DOMINIQUE NTAWUKURIRYAYO A ETE REMIS AU TPIR - JusticeInfo.net","robots":{"index":"index","follow":"follow","max-snippet":"max-snippet:-1","max-image-preview":"max-image-preview:large","max-video-preview":"max-video-preview:-1"},"canonical":"https:\/\/www.justiceinfo.net\/fr\/3899-060608-francetpir-dominique-ntawukuriryayo-a-ete-remis-au-tpir689.html","og_locale":"fr_FR","og_type":"article","og_title":"06.06.08 - FRANCE\/TPIR - DOMINIQUE NTAWUKURIRYAYO A ETE REMIS AU TPIR","og_description":"Arusha, 6 juin 2008 (FH) \u2013 Dominique Ntawukuriryayo, 66 ans, ancien sous prefet de Gisagara (sud du Rwanda) pendant le g\u00e9nocide, a \u00e9t\u00e9 remis jeudi au Tribunal p\u00e9nal international pour le Rwanda (TPIR) par la France afin qu\u2019il soit jug\u00e9 des crimes de g\u00e9nocide et de crimes contre l\u2019humanit\u00e9. Il sera pr\u00e9sent\u00e9 en premi\u00e8re comparution [&hellip;]","og_url":"https:\/\/www.justiceinfo.net\/fr\/3899-060608-francetpir-dominique-ntawukuriryayo-a-ete-remis-au-tpir689.html","og_site_name":"JusticeInfo.net","article_publisher":"https:\/\/www.facebook.com\/JusticeInfo\/","article_published_time":"2008-06-07T08:36:18+00:00","og_image":[{"width":1200,"height":630,"url":"https:\/\/www.justiceinfo.net\/wp-content\/uploads\/JusticeInfoNet_logo_1200x630px.jpg","type":"image\/jpeg"}],"author":"solivri","twitter_card":"summary_large_image","twitter_creator":"@justiceinfonet","twitter_site":"@justiceinfonet","twitter_misc":{"\u00c9crit par":"solivri","Dur\u00e9e de lecture estim\u00e9e":"2 minutes"},"schema":{"@context":"https:\/\/schema.org","@graph":[{"@type":"NewsArticle","@id":"https:\/\/www.justiceinfo.net\/fr\/3899-060608-francetpir-dominique-ntawukuriryayo-a-ete-remis-au-tpir689.html#article","isPartOf":{"@id":"https:\/\/www.justiceinfo.net\/fr\/3899-060608-francetpir-dominique-ntawukuriryayo-a-ete-remis-au-tpir689.html"},"author":{"name":"solivri","@id":"https:\/\/www.justiceinfo.net\/fr#\/schema\/person\/6e53cba1629e2e66f3fc1821d3091865"},"headline":"06.06.08 - FRANCE\/TPIR - DOMINIQUE NTAWUKURIRYAYO A ETE REMIS AU TPIR","datePublished":"2008-06-07T08:36:18+00:00","mainEntityOfPage":{"@id":"https:\/\/www.justiceinfo.net\/fr\/3899-060608-francetpir-dominique-ntawukuriryayo-a-ete-remis-au-tpir689.html"},"wordCount":337,"commentCount":0,"publisher":{"@id":"https:\/\/www.justiceinfo.net\/fr#organization"},"articleSection":["Hirondelle News"],"inLanguage":"fr-FR","potentialAction":[{"@type":"CommentAction","name":"Comment","target":["https:\/\/www.justiceinfo.net\/fr\/3899-060608-francetpir-dominique-ntawukuriryayo-a-ete-remis-au-tpir689.html#respond"]}]},{"@type":"WebPage","@id":"https:\/\/www.justiceinfo.net\/fr\/3899-060608-francetpir-dominique-ntawukuriryayo-a-ete-remis-au-tpir689.html","url":"https:\/\/www.justiceinfo.net\/fr\/3899-060608-francetpir-dominique-ntawukuriryayo-a-ete-remis-au-tpir689.html","name":"06.06.08 - FRANCE\/TPIR - DOMINIQUE NTAWUKURIRYAYO A ETE REMIS AU TPIR - JusticeInfo.net","isPartOf":{"@id":"https:\/\/www.justiceinfo.net\/fr#website"},"datePublished":"2008-06-07T08:36:18+00:00","breadcrumb":{"@id":"https:\/\/www.justiceinfo.net\/fr\/3899-060608-francetpir-dominique-ntawukuriryayo-a-ete-remis-au-tpir689.html#breadcrumb"},"inLanguage":"fr-FR","potentialAction":[{"@type":"ReadAction","target":["https:\/\/www.justiceinfo.net\/fr\/3899-060608-francetpir-dominique-ntawukuriryayo-a-ete-remis-au-tpir689.html"]}]},{"@type":"BreadcrumbList","@id":"https:\/\/www.justiceinfo.net\/fr\/3899-060608-francetpir-dominique-ntawukuriryayo-a-ete-remis-au-tpir689.html#breadcrumb","itemListElement":[{"@type":"ListItem","position":1,"name":"Home","item":"https:\/\/www.justiceinfo.net\/fr"},{"@type":"ListItem","position":2,"name":"06.06.08 - FRANCE\/TPIR - DOMINIQUE NTAWUKURIRYAYO A ETE REMIS AU TPIR"}]},{"@type":"WebSite","@id":"https:\/\/www.justiceinfo.net\/fr#website","url":"https:\/\/www.justiceinfo.net\/fr","name":"JusticeInfo.net","description":"La justice doit \u00eatre vue pour \u00eatre rendue","publisher":{"@id":"https:\/\/www.justiceinfo.net\/fr#organization"},"potentialAction":[{"@type":"SearchAction","target":{"@type":"EntryPoint","urlTemplate":"https:\/\/www.justiceinfo.net\/fr?s={search_term_string}"},"query-input":{"@type":"PropertyValueSpecification","valueRequired":true,"valueName":"search_term_string"}}],"inLanguage":"fr-FR"},{"@type":"Organization","@id":"https:\/\/www.justiceinfo.net\/fr#organization","name":"Justice Info","url":"https:\/\/www.justiceinfo.net\/fr","logo":{"@type":"ImageObject","inLanguage":"fr-FR","@id":"https:\/\/www.justiceinfo.net\/fr#\/schema\/logo\/image\/","url":"https:\/\/www.justiceinfo.net\/wp-content\/uploads\/justiceinfo_logo-trans_1200x1200px.png","contentUrl":"https:\/\/www.justiceinfo.net\/wp-content\/uploads\/justiceinfo_logo-trans_1200x1200px.png","width":1199,"height":1200,"caption":"Justice Info"},"image":{"@id":"https:\/\/www.justiceinfo.net\/fr#\/schema\/logo\/image\/"},"sameAs":["https:\/\/www.facebook.com\/JusticeInfo\/","https:\/\/x.com\/justiceinfonet","https:\/\/www.linkedin.com\/company\/justice-info","https:\/\/www.youtube.com\/channel\/UCyCEsARodyuWtkWyhn-e7pA"]},{"@type":"Person","name":"solivri","url":"\/fr\/?s=solivri"}]}},"_links":{"self":[{"href":"https:\/\/www.justiceinfo.net\/fr\/wp-json\/wp\/v2\/posts\/3899","targetHints":{"allow":["GET"]}}],"collection":[{"href":"https:\/\/www.justiceinfo.net\/fr\/wp-json\/wp\/v2\/posts"}],"about":[{"href":"https:\/\/www.justiceinfo.net\/fr\/wp-json\/wp\/v2\/types\/post"}],"author":[{"embeddable":true,"href":"https:\/\/www.justiceinfo.net\/fr\/wp-json\/wp\/v2\/users\/64"}],"replies":[{"embeddable":true,"href":"https:\/\/www.justiceinfo.net\/fr\/wp-json\/wp\/v2\/comments?post=3899"}],"version-history":[{"count":0,"href":"https:\/\/www.justiceinfo.net\/fr\/wp-json\/wp\/v2\/posts\/3899\/revisions"}],"wp:attachment":[{"href":"https:\/\/www.justiceinfo.net\/fr\/wp-json\/wp\/v2\/media?parent=3899"}],"wp:term":[{"taxonomy":"category","embeddable":true,"href":"https:\/\/www.justiceinfo.net\/fr\/wp-json\/wp\/v2\/categories?post=3899"},{"taxonomy":"post_tag","embeddable":true,"href":"https:\/\/www.justiceinfo.net\/fr\/wp-json\/wp\/v2\/tags?post=3899"},{"taxonomy":"ji_location","embeddable":true,"href":"https:\/\/www.justiceinfo.net\/fr\/wp-json\/wp\/v2\/ji_location?post=3899"}],"curies":[{"name":"wp","href":"https:\/\/api.w.org\/{rel}","templated":true}]}}