{"id":39106,"date":"2018-10-05T07:09:00","date_gmt":"2018-10-05T05:09:00","guid":{"rendered":"https:\/\/www.justiceinfo.net\/39106-la-commission-verite-va-a-la-rencontre-des-gambiens.html"},"modified":"2018-10-05T07:09:00","modified_gmt":"2018-10-05T05:09:00","slug":"la-commission-verite-va-a-la-rencontre-des-gambiens","status":"publish","type":"post","link":"https:\/\/www.justiceinfo.net\/fr\/39106-la-commission-verite-va-a-la-rencontre-des-gambiens.html","title":{"rendered":"La Commission v\u00e9rit\u00e9 va \u00e0 la rencontre des Gambiens"},"content":{"rendered":"<p><strong>Un peu moins de deux ans apr\u00e8s les \u00e9lections qui ont mis fin au r\u00e8gne de Yahya Jammeh, une Commission v\u00e9rit\u00e9, r\u00e9conciliation et r\u00e9parations va bient\u00f4t voir le jour en Gambie. Son inauguration devrait avoir lieu le 15 octobre. Mais pour l\u2019instant, les Gambiens ont encore beaucoup de questions et de doutes, qu\u2019ils ont pu adresser \u00e0 certains commissaires lors de discussions publiques.<\/strong><\/p>\n<p><!--more--><\/p>\n<p>Environ deux cents personnes s\u2019\u00e9pongent le front sous les ventilateurs qui tournent \u00e0 toute vitesse, dans ce grand hall attenant \u00e0 une \u00e9glise. Malgr\u00e9 la chaleur \u00e9touffante, les Gambiens ont fait le d\u00e9placement, v\u00eatus de leurs plus beaux caftans et robes de c\u00e9r\u00e9monies. La r\u00e9union publique qui se d\u00e9roule en ce 22 septembre dans le quartier de Westfield, \u00e0 la sortie de Banjul, veut rassembler au-del\u00e0 des religions, des tranches d\u2019\u00e2ge, ou des ethnies.<\/p>\n<p>Sur le ton du dialogue, chacun peut prendre la parole pour adresser ses questions ou ses r\u00e9flexions sur la Commission v\u00e9rit\u00e9, r\u00e9conciliation et r\u00e9parations qui doit bient\u00f4t d\u00e9buter ses enqu\u00eates. La cr\u00e9ation de cette institution \u00e9tait l\u2019une des premi\u00e8res mesures de transition annonc\u00e9es par le nouveau gouvernement, arriv\u00e9 au pouvoir d\u00e9but 2017. Apr\u00e8s 22 ans de r\u00e9gime autoritaire sous le pr\u00e9sident Yahya Jammeh, il s\u2019agit de mettre au jour les cas d\u2019arrestations arbitraires, de disparitions forc\u00e9es et d\u2019assassinats, afin de comprendre comment un tel syst\u00e8me s\u2019est mis en place et pouvoir, plus tard, tourner la page.<\/p>\n<h3>\u00ab\u00a0Nous voulons dire notre v\u00e9rit\u00e9\u00a0\u00bb<\/h3>\n<p>A Westfield, les langues locales et l\u2019anglais se m\u00ealent, et plusieurs membres de la Commission, install\u00e9s sur l\u2019estrade, tentent de r\u00e9pondre aux interrogations\u00a0: quel est le mandat exact de la Commission\u00a0? Comment s\u2019assurer que les victimes de violences sexuelles soient suffisamment en confiance pour venir t\u00e9moigner\u00a0?\u00a0Comment \u00eatre s\u00fbr que de cette Commission \u00e9mergent la v\u00e9rit\u00e9 et la justice\u00a0?<\/p>\n<blockquote>\n<p>Aujourd\u2019hui, nous, les victimes, nous voulons dire notre v\u00e9rit\u00e9, avant de parler de r\u00e9conciliation. On va enfin pouvoir raconter ce qui s\u2019est pass\u00e9.<\/p>\n<\/blockquote>\n<p>Les histoires personnelles commencent peu \u00e0 peu \u00e0 affluer. Au premier rang, un groupe de quatre grands-p\u00e8res attend patiemment de pouvoir prendre la parole. \u00ab Nous avons \u00e9t\u00e9 arr\u00eat\u00e9s en 1995 par les forces de l\u2019ordre\u00a0\u00bb raconte Sainey Faye avant le d\u00e9but de la r\u00e9union. \u00ab\u00a0Dans les locaux des services de renseignement, ils vous d\u00e9shabillaient, vous donnaient des chocs \u00e9lectriques, et vous for\u00e7aient \u00e0 parler.\u00a0\u00bb Un t\u00e9moignage qu\u2019il n\u2019a jusqu\u2019\u00e0 pr\u00e9sent jamais pu partager en public. \u00ab\u00a0Aujourd\u2019hui, nous, les victimes, nous voulons dire notre v\u00e9rit\u00e9, avant de parler de r\u00e9conciliation. On va enfin pouvoir raconter ce qui s\u2019est pass\u00e9.<em>\u00a0\u00bb <\/em><\/p>\n<p>Rapidement, la col\u00e8re affleure aussi des t\u00e9moignages. Une femme exprime son amertume de voir des victimes, qui n\u00e9cessitent un traitement m\u00e9dical, abandonn\u00e9es \u00e0 leur sort. Un directeur d\u2019\u00e9cole est stup\u00e9fait d\u2019observer que d\u2019anciens membres du syst\u00e8me Jammeh sont toujours en poste dans les organes du pouvoir.\u00a0<\/p>\n<h3>Des attentes immenses et vari\u00e9es<\/h3>\n<p>La conversation n\u2019est pas facile \u00e0 g\u00e9rer pour les commissaires tout juste nomm\u00e9s, mais cette volont\u00e9 d\u2019\u00e9changer est encourageante selon Adelaide Sosseh, vice-pr\u00e9sidente de cette Commission<em>. <\/em>\u00ab\u00a0Sans votre participation, la Commission ne pourra pas jouer son r\u00f4le. Tous ces r\u00e9cits sont entre vos mains\u00a0\u00bb explique-t-elle \u00e0 la salle.<\/p>\n<p>La r\u00e9union publique permet aussi de r\u00e9aliser que les Gambiens ont des attentes tr\u00e8s vari\u00e9es quant au r\u00f4le concret de la Commission. Certains esp\u00e8rent pouvoir r\u00e9cup\u00e9rer des biens confisqu\u00e9s, d\u2019autres attendent de voir leurs bourreaux en prison, ou bien estiment que le processus pourra gu\u00e9rir les maux du pays comme le ch\u00f4mage. A la sortie de la r\u00e9union, Mustapha Kah, membre de la Commission, r\u00e9alise qu\u2019il faudra souvent rappeler quels sont les pouvoirs de l\u2019institution\u00a0: \u00ab Parfois les attentes d\u00e9passent notre mandat. Par exemple on ne peut pas cr\u00e9er des emplois. Et nous ne sommes pas un tribunal. L\u2019une de nos principales missions c\u2019est d\u2019enqu\u00eater sur ce qui s\u2019est pass\u00e9, et, si n\u00e9cessaire, nous ferons parfois des recommandations pour des poursuites judiciaires.\u00a0\u00bb<\/p>\n<p>Au fond de la salle, on aper\u00e7oit, sous des casquettes, des visages plus jeunes. Yahya Baldeh, 19 ans, est venu avec des amis. \u00ab\u00a0Il y a cette expression qui dit que les jeunes sont l\u2019avenir de la soci\u00e9t\u00e9. Donc je pense que je peux apprendre beaucoup de tout \u00e7a, et plus tard changer les choses\u00a0\u00bb, d\u00e9taille-t-il, estimant que sa g\u00e9n\u00e9ration doit avoir toute sa place dans le processus.<\/p>\n<h3>Une place pour les jeunes<\/h3>\n<p>C\u2019est justement pour leur offrir une plateforme qu\u2019un sommet des jeunes a \u00e9t\u00e9 organis\u00e9 une semaine plus tard. R\u00e9unis dans un h\u00f4tel de Banjul, une centaine d\u2019entre eux, venus de tout le pays, ont pu pr\u00e9senter leurs pr\u00e9occupations \u00e0 quelques membres de la Commission.<\/p>\n<p>Finalement, les questionnements sont similaires \u00e0 ceux des plus \u00e2g\u00e9s. \u00ab\u00a0Dans notre culture, en Gambie, les probl\u00e8mes sont g\u00e9r\u00e9s au niveau de la communaut\u00e9, et pas en public. De plus, tout le monde se connait ici, alors il faudra beaucoup de sensibilisation pour que les gens aient confiance et parlent \u00bb, s\u2019inqui\u00e8te Muhammed Bah, un participant du sommet. \u00ab\u00a0S\u2019ils ne se sentent pas \u00e0 l\u2019aise et n\u2019ont pas confiance, les gens se tairont, ou donneront de fausses informations. Il faut faire comprendre \u00e0 tout le monde qu\u2019il ne s\u2019agit pas d\u2019une chasse aux sorci\u00e8res.\u00a0\u00bb<\/p>\n<blockquote>\n<p>Il est difficile d\u2019obtenir la r\u00e9conciliation quand il n\u2019y a pas de justice et que les coupables ne paient pas pour les crimes commis.<\/p>\n<\/blockquote>\n<p>A 19 ans, Fatoumatta Bondi est, elle aussi, tr\u00e8s engag\u00e9e dans les discussions et a d\u00e9j\u00e0 \u00e9tudi\u00e9 le sujet\u00a0: \u00ab\u00a0En Afrique du Sud, des milliers de t\u00e9moignages ont \u00e9t\u00e9 recueillis. Et pourtant, \u00e0 la fin, il y a eu tr\u00e8s peu de poursuites judiciaires.\u00a0\u00bb Et l\u2019\u00e9tudiante en droit de poursuivre\u00a0: \u00ab\u00a0Il est difficile d\u2019obtenir la r\u00e9conciliation quand il n\u2019y a pas de justice et que les coupables ne paient pas pour les crimes commis. Alors j\u2019esp\u00e8re que ce ne sera pas le cas ici et que, si la Commission recommande des poursuites, elles seront ensuite r\u00e9elles.\u00a0\u00bb<\/p>\n<p>Ces premi\u00e8res rencontres ne permettent pas de r\u00e9pondre \u00e0 toutes les questions, mais elles donnent un premier aper\u00e7u de l\u2019ampleur de la t\u00e2che qui attend l\u2019institution. Et permettent aux Gambiens de s\u2019approprier un peu un processus qui a pu, jusqu\u2019\u00e0 pr\u00e9sent, leur sembler assez flou et lointain.<\/p>\n","protected":false},"excerpt":{"rendered":"<p>Un peu moins de deux ans apr\u00e8s les \u00e9lections qui ont mis fin au r\u00e8gne de Yahya Jammeh, une Commission v\u00e9rit\u00e9, r\u00e9conciliation et r\u00e9parations va bient\u00f4t voir le jour en Gambie. Son inauguration devrait avoir lieu le 15 octobre. Mais pour l\u2019instant, les Gambiens ont encore beaucoup de questions et de doutes, qu\u2019ils ont pu [&hellip;]<\/p>\n","protected":false},"author":64,"featured_media":63680,"comment_status":"open","ping_status":"closed","sticky":false,"template":"","format":"standard","meta":{"_acf_changed":false,"footnotes":""},"categories":[548],"tags":[],"ji_location":[2508],"class_list":["post-39106","post","type-post","status-publish","format-standard","has-post-thumbnail","hentry","category-commissions-verite","ji_location-gambie"],"acf":[],"yoast_head":"<!-- This site is optimized with the Yoast SEO Premium plugin v25.3.1 (Yoast SEO v25.3.1) - https:\/\/yoast.com\/wordpress\/plugins\/seo\/ -->\n<title>La Commission v\u00e9rit\u00e9 va \u00e0 la rencontre des Gambiens - JusticeInfo.net<\/title>\n<meta name=\"robots\" content=\"index, follow, max-snippet:-1, max-image-preview:large, max-video-preview:-1\" \/>\n<link rel=\"canonical\" href=\"https:\/\/www.justiceinfo.net\/fr\/39106-la-commission-verite-va-a-la-rencontre-des-gambiens.html\" \/>\n<meta property=\"og:locale\" content=\"fr_FR\" \/>\n<meta property=\"og:type\" content=\"article\" \/>\n<meta property=\"og:title\" content=\"La Commission v\u00e9rit\u00e9 va \u00e0 la rencontre des Gambiens\" \/>\n<meta property=\"og:description\" content=\"Un peu moins de deux ans apr\u00e8s les \u00e9lections qui ont mis fin au r\u00e8gne de Yahya Jammeh, une Commission v\u00e9rit\u00e9, r\u00e9conciliation et r\u00e9parations va bient\u00f4t voir le jour en Gambie. Son inauguration devrait avoir lieu le 15 octobre. Mais pour l\u2019instant, les Gambiens ont encore beaucoup de questions et de doutes, qu\u2019ils ont pu [&hellip;]\" \/>\n<meta property=\"og:url\" content=\"https:\/\/www.justiceinfo.net\/fr\/39106-la-commission-verite-va-a-la-rencontre-des-gambiens.html\" \/>\n<meta property=\"og:site_name\" content=\"JusticeInfo.net\" \/>\n<meta property=\"article:publisher\" content=\"https:\/\/www.facebook.com\/JusticeInfo\/\" \/>\n<meta property=\"article:published_time\" content=\"2018-10-05T05:09:00+00:00\" \/>\n<meta property=\"og:image\" content=\"https:\/\/www.justiceinfo.net\/wp-content\/uploads\/d896147bf95440cf42bf31fb7d7231ab.jpg\" \/>\n\t<meta property=\"og:image:width\" content=\"1200\" \/>\n\t<meta property=\"og:image:height\" content=\"783\" \/>\n\t<meta property=\"og:image:type\" content=\"image\/jpeg\" \/>\n<meta name=\"author\" content=\"Claire Bargel\u00e8s\" \/>\n<meta name=\"twitter:card\" content=\"summary_large_image\" \/>\n<meta name=\"twitter:creator\" content=\"@justiceinfonet\" \/>\n<meta name=\"twitter:site\" content=\"@justiceinfonet\" \/>\n<meta name=\"twitter:label1\" content=\"\u00c9crit par\" \/>\n\t<meta name=\"twitter:data1\" content=\"Claire Bargel\u00e8s\" \/>\n\t<meta name=\"twitter:label2\" content=\"Dur\u00e9e de lecture estim\u00e9e\" \/>\n\t<meta name=\"twitter:data2\" content=\"6 minutes\" \/>\n<script type=\"application\/ld+json\" class=\"yoast-schema-graph\">{\"@context\":\"https:\/\/schema.org\",\"@graph\":[{\"@type\":\"NewsArticle\",\"@id\":\"https:\/\/www.justiceinfo.net\/fr\/39106-la-commission-verite-va-a-la-rencontre-des-gambiens.html#article\",\"isPartOf\":{\"@id\":\"https:\/\/www.justiceinfo.net\/fr\/39106-la-commission-verite-va-a-la-rencontre-des-gambiens.html\"},\"author\":{\"name\":\"solivri\",\"@id\":\"https:\/\/www.justiceinfo.net\/fr#\/schema\/person\/6e53cba1629e2e66f3fc1821d3091865\"},\"headline\":\"La Commission v\u00e9rit\u00e9 va \u00e0 la rencontre des Gambiens\",\"datePublished\":\"2018-10-05T05:09:00+00:00\",\"mainEntityOfPage\":{\"@id\":\"https:\/\/www.justiceinfo.net\/fr\/39106-la-commission-verite-va-a-la-rencontre-des-gambiens.html\"},\"wordCount\":1159,\"commentCount\":0,\"publisher\":{\"@id\":\"https:\/\/www.justiceinfo.net\/fr#organization\"},\"image\":{\"@id\":\"https:\/\/www.justiceinfo.net\/fr\/39106-la-commission-verite-va-a-la-rencontre-des-gambiens.html#primaryimage\"},\"thumbnailUrl\":\"https:\/\/www.justiceinfo.net\/wp-content\/uploads\/d896147bf95440cf42bf31fb7d7231ab.jpg\",\"articleSection\":[\"Commissions v\u00e9rit\u00e9\"],\"inLanguage\":\"fr-FR\",\"potentialAction\":[{\"@type\":\"CommentAction\",\"name\":\"Comment\",\"target\":[\"https:\/\/www.justiceinfo.net\/fr\/39106-la-commission-verite-va-a-la-rencontre-des-gambiens.html#respond\"]}]},{\"@type\":\"WebPage\",\"@id\":\"https:\/\/www.justiceinfo.net\/fr\/39106-la-commission-verite-va-a-la-rencontre-des-gambiens.html\",\"url\":\"https:\/\/www.justiceinfo.net\/fr\/39106-la-commission-verite-va-a-la-rencontre-des-gambiens.html\",\"name\":\"La Commission v\u00e9rit\u00e9 va \u00e0 la rencontre des Gambiens - JusticeInfo.net\",\"isPartOf\":{\"@id\":\"https:\/\/www.justiceinfo.net\/fr#website\"},\"primaryImageOfPage\":{\"@id\":\"https:\/\/www.justiceinfo.net\/fr\/39106-la-commission-verite-va-a-la-rencontre-des-gambiens.html#primaryimage\"},\"image\":{\"@id\":\"https:\/\/www.justiceinfo.net\/fr\/39106-la-commission-verite-va-a-la-rencontre-des-gambiens.html#primaryimage\"},\"thumbnailUrl\":\"https:\/\/www.justiceinfo.net\/wp-content\/uploads\/d896147bf95440cf42bf31fb7d7231ab.jpg\",\"datePublished\":\"2018-10-05T05:09:00+00:00\",\"breadcrumb\":{\"@id\":\"https:\/\/www.justiceinfo.net\/fr\/39106-la-commission-verite-va-a-la-rencontre-des-gambiens.html#breadcrumb\"},\"inLanguage\":\"fr-FR\",\"potentialAction\":[{\"@type\":\"ReadAction\",\"target\":[\"https:\/\/www.justiceinfo.net\/fr\/39106-la-commission-verite-va-a-la-rencontre-des-gambiens.html\"]}]},{\"@type\":\"ImageObject\",\"inLanguage\":\"fr-FR\",\"@id\":\"https:\/\/www.justiceinfo.net\/fr\/39106-la-commission-verite-va-a-la-rencontre-des-gambiens.html#primaryimage\",\"url\":\"https:\/\/www.justiceinfo.net\/wp-content\/uploads\/d896147bf95440cf42bf31fb7d7231ab.jpg\",\"contentUrl\":\"https:\/\/www.justiceinfo.net\/wp-content\/uploads\/d896147bf95440cf42bf31fb7d7231ab.jpg\",\"width\":1200,\"height\":783},{\"@type\":\"BreadcrumbList\",\"@id\":\"https:\/\/www.justiceinfo.net\/fr\/39106-la-commission-verite-va-a-la-rencontre-des-gambiens.html#breadcrumb\",\"itemListElement\":[{\"@type\":\"ListItem\",\"position\":1,\"name\":\"Home\",\"item\":\"https:\/\/www.justiceinfo.net\/fr\"},{\"@type\":\"ListItem\",\"position\":2,\"name\":\"La Commission v\u00e9rit\u00e9 va \u00e0 la rencontre des Gambiens\"}]},{\"@type\":\"WebSite\",\"@id\":\"https:\/\/www.justiceinfo.net\/fr#website\",\"url\":\"https:\/\/www.justiceinfo.net\/fr\",\"name\":\"JusticeInfo.net\",\"description\":\"La justice doit \u00eatre vue pour \u00eatre rendue\",\"publisher\":{\"@id\":\"https:\/\/www.justiceinfo.net\/fr#organization\"},\"potentialAction\":[{\"@type\":\"SearchAction\",\"target\":{\"@type\":\"EntryPoint\",\"urlTemplate\":\"https:\/\/www.justiceinfo.net\/fr?s={search_term_string}\"},\"query-input\":{\"@type\":\"PropertyValueSpecification\",\"valueRequired\":true,\"valueName\":\"search_term_string\"}}],\"inLanguage\":\"fr-FR\"},{\"@type\":\"Organization\",\"@id\":\"https:\/\/www.justiceinfo.net\/fr#organization\",\"name\":\"Justice Info\",\"url\":\"https:\/\/www.justiceinfo.net\/fr\",\"logo\":{\"@type\":\"ImageObject\",\"inLanguage\":\"fr-FR\",\"@id\":\"https:\/\/www.justiceinfo.net\/fr#\/schema\/logo\/image\/\",\"url\":\"https:\/\/www.justiceinfo.net\/wp-content\/uploads\/justiceinfo_logo-trans_1200x1200px.png\",\"contentUrl\":\"https:\/\/www.justiceinfo.net\/wp-content\/uploads\/justiceinfo_logo-trans_1200x1200px.png\",\"width\":1199,\"height\":1200,\"caption\":\"Justice Info\"},\"image\":{\"@id\":\"https:\/\/www.justiceinfo.net\/fr#\/schema\/logo\/image\/\"},\"sameAs\":[\"https:\/\/www.facebook.com\/JusticeInfo\/\",\"https:\/\/x.com\/justiceinfonet\",\"https:\/\/www.linkedin.com\/company\/justice-info\",\"https:\/\/www.youtube.com\/channel\/UCyCEsARodyuWtkWyhn-e7pA\"]},{\"@type\":\"Person\",\"name\":\"Claire Bargel\u00e8s\",\"url\":\"\/fr\/?s=Claire Bargel\u00e8s\"}]}<\/script>\n<!-- \/ Yoast SEO Premium plugin. -->","yoast_head_json":{"title":"La Commission v\u00e9rit\u00e9 va \u00e0 la rencontre des Gambiens - JusticeInfo.net","robots":{"index":"index","follow":"follow","max-snippet":"max-snippet:-1","max-image-preview":"max-image-preview:large","max-video-preview":"max-video-preview:-1"},"canonical":"https:\/\/www.justiceinfo.net\/fr\/39106-la-commission-verite-va-a-la-rencontre-des-gambiens.html","og_locale":"fr_FR","og_type":"article","og_title":"La Commission v\u00e9rit\u00e9 va \u00e0 la rencontre des Gambiens","og_description":"Un peu moins de deux ans apr\u00e8s les \u00e9lections qui ont mis fin au r\u00e8gne de Yahya Jammeh, une Commission v\u00e9rit\u00e9, r\u00e9conciliation et r\u00e9parations va bient\u00f4t voir le jour en Gambie. Son inauguration devrait avoir lieu le 15 octobre. Mais pour l\u2019instant, les Gambiens ont encore beaucoup de questions et de doutes, qu\u2019ils ont pu [&hellip;]","og_url":"https:\/\/www.justiceinfo.net\/fr\/39106-la-commission-verite-va-a-la-rencontre-des-gambiens.html","og_site_name":"JusticeInfo.net","article_publisher":"https:\/\/www.facebook.com\/JusticeInfo\/","article_published_time":"2018-10-05T05:09:00+00:00","og_image":[{"width":1200,"height":783,"url":"https:\/\/www.justiceinfo.net\/wp-content\/uploads\/d896147bf95440cf42bf31fb7d7231ab.jpg","type":"image\/jpeg"}],"author":"Claire Bargel\u00e8s","twitter_card":"summary_large_image","twitter_creator":"@justiceinfonet","twitter_site":"@justiceinfonet","twitter_misc":{"\u00c9crit par":"Claire Bargel\u00e8s","Dur\u00e9e de lecture estim\u00e9e":"6 minutes"},"schema":{"@context":"https:\/\/schema.org","@graph":[{"@type":"NewsArticle","@id":"https:\/\/www.justiceinfo.net\/fr\/39106-la-commission-verite-va-a-la-rencontre-des-gambiens.html#article","isPartOf":{"@id":"https:\/\/www.justiceinfo.net\/fr\/39106-la-commission-verite-va-a-la-rencontre-des-gambiens.html"},"author":{"name":"solivri","@id":"https:\/\/www.justiceinfo.net\/fr#\/schema\/person\/6e53cba1629e2e66f3fc1821d3091865"},"headline":"La Commission v\u00e9rit\u00e9 va \u00e0 la rencontre des Gambiens","datePublished":"2018-10-05T05:09:00+00:00","mainEntityOfPage":{"@id":"https:\/\/www.justiceinfo.net\/fr\/39106-la-commission-verite-va-a-la-rencontre-des-gambiens.html"},"wordCount":1159,"commentCount":0,"publisher":{"@id":"https:\/\/www.justiceinfo.net\/fr#organization"},"image":{"@id":"https:\/\/www.justiceinfo.net\/fr\/39106-la-commission-verite-va-a-la-rencontre-des-gambiens.html#primaryimage"},"thumbnailUrl":"https:\/\/www.justiceinfo.net\/wp-content\/uploads\/d896147bf95440cf42bf31fb7d7231ab.jpg","articleSection":["Commissions v\u00e9rit\u00e9"],"inLanguage":"fr-FR","potentialAction":[{"@type":"CommentAction","name":"Comment","target":["https:\/\/www.justiceinfo.net\/fr\/39106-la-commission-verite-va-a-la-rencontre-des-gambiens.html#respond"]}]},{"@type":"WebPage","@id":"https:\/\/www.justiceinfo.net\/fr\/39106-la-commission-verite-va-a-la-rencontre-des-gambiens.html","url":"https:\/\/www.justiceinfo.net\/fr\/39106-la-commission-verite-va-a-la-rencontre-des-gambiens.html","name":"La Commission v\u00e9rit\u00e9 va \u00e0 la rencontre des Gambiens - JusticeInfo.net","isPartOf":{"@id":"https:\/\/www.justiceinfo.net\/fr#website"},"primaryImageOfPage":{"@id":"https:\/\/www.justiceinfo.net\/fr\/39106-la-commission-verite-va-a-la-rencontre-des-gambiens.html#primaryimage"},"image":{"@id":"https:\/\/www.justiceinfo.net\/fr\/39106-la-commission-verite-va-a-la-rencontre-des-gambiens.html#primaryimage"},"thumbnailUrl":"https:\/\/www.justiceinfo.net\/wp-content\/uploads\/d896147bf95440cf42bf31fb7d7231ab.jpg","datePublished":"2018-10-05T05:09:00+00:00","breadcrumb":{"@id":"https:\/\/www.justiceinfo.net\/fr\/39106-la-commission-verite-va-a-la-rencontre-des-gambiens.html#breadcrumb"},"inLanguage":"fr-FR","potentialAction":[{"@type":"ReadAction","target":["https:\/\/www.justiceinfo.net\/fr\/39106-la-commission-verite-va-a-la-rencontre-des-gambiens.html"]}]},{"@type":"ImageObject","inLanguage":"fr-FR","@id":"https:\/\/www.justiceinfo.net\/fr\/39106-la-commission-verite-va-a-la-rencontre-des-gambiens.html#primaryimage","url":"https:\/\/www.justiceinfo.net\/wp-content\/uploads\/d896147bf95440cf42bf31fb7d7231ab.jpg","contentUrl":"https:\/\/www.justiceinfo.net\/wp-content\/uploads\/d896147bf95440cf42bf31fb7d7231ab.jpg","width":1200,"height":783},{"@type":"BreadcrumbList","@id":"https:\/\/www.justiceinfo.net\/fr\/39106-la-commission-verite-va-a-la-rencontre-des-gambiens.html#breadcrumb","itemListElement":[{"@type":"ListItem","position":1,"name":"Home","item":"https:\/\/www.justiceinfo.net\/fr"},{"@type":"ListItem","position":2,"name":"La Commission v\u00e9rit\u00e9 va \u00e0 la rencontre des Gambiens"}]},{"@type":"WebSite","@id":"https:\/\/www.justiceinfo.net\/fr#website","url":"https:\/\/www.justiceinfo.net\/fr","name":"JusticeInfo.net","description":"La justice doit \u00eatre vue pour \u00eatre rendue","publisher":{"@id":"https:\/\/www.justiceinfo.net\/fr#organization"},"potentialAction":[{"@type":"SearchAction","target":{"@type":"EntryPoint","urlTemplate":"https:\/\/www.justiceinfo.net\/fr?s={search_term_string}"},"query-input":{"@type":"PropertyValueSpecification","valueRequired":true,"valueName":"search_term_string"}}],"inLanguage":"fr-FR"},{"@type":"Organization","@id":"https:\/\/www.justiceinfo.net\/fr#organization","name":"Justice Info","url":"https:\/\/www.justiceinfo.net\/fr","logo":{"@type":"ImageObject","inLanguage":"fr-FR","@id":"https:\/\/www.justiceinfo.net\/fr#\/schema\/logo\/image\/","url":"https:\/\/www.justiceinfo.net\/wp-content\/uploads\/justiceinfo_logo-trans_1200x1200px.png","contentUrl":"https:\/\/www.justiceinfo.net\/wp-content\/uploads\/justiceinfo_logo-trans_1200x1200px.png","width":1199,"height":1200,"caption":"Justice Info"},"image":{"@id":"https:\/\/www.justiceinfo.net\/fr#\/schema\/logo\/image\/"},"sameAs":["https:\/\/www.facebook.com\/JusticeInfo\/","https:\/\/x.com\/justiceinfonet","https:\/\/www.linkedin.com\/company\/justice-info","https:\/\/www.youtube.com\/channel\/UCyCEsARodyuWtkWyhn-e7pA"]},{"@type":"Person","name":"Claire Bargel\u00e8s","url":"\/fr\/?s=Claire Bargel\u00e8s"}]}},"_links":{"self":[{"href":"https:\/\/www.justiceinfo.net\/fr\/wp-json\/wp\/v2\/posts\/39106","targetHints":{"allow":["GET"]}}],"collection":[{"href":"https:\/\/www.justiceinfo.net\/fr\/wp-json\/wp\/v2\/posts"}],"about":[{"href":"https:\/\/www.justiceinfo.net\/fr\/wp-json\/wp\/v2\/types\/post"}],"author":[{"embeddable":true,"href":"https:\/\/www.justiceinfo.net\/fr\/wp-json\/wp\/v2\/users\/64"}],"replies":[{"embeddable":true,"href":"https:\/\/www.justiceinfo.net\/fr\/wp-json\/wp\/v2\/comments?post=39106"}],"version-history":[{"count":0,"href":"https:\/\/www.justiceinfo.net\/fr\/wp-json\/wp\/v2\/posts\/39106\/revisions"}],"wp:featuredmedia":[{"embeddable":true,"href":"https:\/\/www.justiceinfo.net\/fr\/wp-json\/wp\/v2\/media\/63680"}],"wp:attachment":[{"href":"https:\/\/www.justiceinfo.net\/fr\/wp-json\/wp\/v2\/media?parent=39106"}],"wp:term":[{"taxonomy":"category","embeddable":true,"href":"https:\/\/www.justiceinfo.net\/fr\/wp-json\/wp\/v2\/categories?post=39106"},{"taxonomy":"post_tag","embeddable":true,"href":"https:\/\/www.justiceinfo.net\/fr\/wp-json\/wp\/v2\/tags?post=39106"},{"taxonomy":"ji_location","embeddable":true,"href":"https:\/\/www.justiceinfo.net\/fr\/wp-json\/wp\/v2\/ji_location?post=39106"}],"curies":[{"name":"wp","href":"https:\/\/api.w.org\/{rel}","templated":true}]}}