{"id":3919,"date":"2008-06-07T10:33:18","date_gmt":"2008-06-07T08:33:18","guid":{"rendered":"https:\/\/www.justiceinfo.net\/3919-060608-tpironu-le-fpr-a-tue-13-hommes-deglise-selon-le-procureur-du-tpir709.html"},"modified":"2008-06-07T10:33:18","modified_gmt":"2008-06-07T08:33:18","slug":"060608-tpironu-le-fpr-a-tue-13-hommes-deglise-selon-le-procureur-du-tpir709","status":"publish","type":"post","link":"https:\/\/www.justiceinfo.net\/fr\/3919-060608-tpironu-le-fpr-a-tue-13-hommes-deglise-selon-le-procureur-du-tpir709.html","title":{"rendered":"06.06.08 -TPIR\/ONU - LE FPR A TUE 13 HOMMES D\u2019EGLISE, SELON LE PROCUREUR DU TPIR"},"content":{"rendered":"<p  >\nArusha, 6 juin 2008 (FH) - Le procureur en chef du Tribunal p\u00e9nal international pour le Rwanda (TPIR) a d\u00e9clar\u00e9 mercredi devant le Conseil de s\u00e9curit\u00e9 que des \u00e9l\u00e9ments de l\u2019ancienne r\u00e9bellion du Front patriotique rwandais (FPR, actuellement au pouvoir) avaient tu\u00e9 13 hommes d\u2019\u00e9glise dans le centre du pays pendant le g\u00e9nocide de 1994, a rapport\u00e9 vendredi le d\u00e9partement d\u2019information des Nations Unies.  <\/p>\n<p>Jallow accompagnait le pr\u00e9sident du TPIR, le juge Dennis Byron, pour la pr\u00e9sentation du rapport semestriel du tribunal.\n<\/p>\n<p><!--more--><\/p>\n<p  >\nLes deux hommes ont demand\u00e9 que l'activit\u00e9 du tribunal soit prolong\u00e9e d'une ann\u00e9e. <\/p>\n<p>\u00ab Concernant l\u2019enqu\u00eate sur les all\u00e9gations contre les membres du Front patriotique rwandais (FPR), il (Jallow) a dit qu\u2019il avait \u00e9t\u00e9 \u00e9tabli que, le 05 juin 1994, des soldats du FPR avaient tu\u00e9 quelque 13 hommes d\u2019\u00e9glise et deux autres civils \u00e0 Gitarama (centre)\u00bb, \u00e9crit ce d\u00e9partement onusien. <\/p>\n<p>\u00ab Certains des auteurs de ce crime seraient d\u00e9c\u00e9d\u00e9s tandis que d\u2019autres servent actuellement au sein de l\u2019arm\u00e9e rwandaise \u00bb, a pr\u00e9cis\u00e9 Jallow, cit\u00e9 par le d\u00e9partement. <\/p>\n<p>\u00ab Le procureur g\u00e9n\u00e9ral du Rwanda (Martin Ngoga) a fait part au procureur (du TPIR) de sa d\u00e9cision d\u2019inculper et poursuivre pour meurtre et complicit\u00e9 de meurtre quatre officiers sup\u00e9rieurs de l\u2019arm\u00e9e rwandaise \u00bb, poursuit la source. <\/p>\n<p>\u00ab Le bureau du procureur au TPIR compte suivre de pr\u00e8s ces proc\u00e9dures, a assur\u00e9 Jallow, en soulignant que les poursuites au Rwanda ne pr\u00e9jugeront naturellement pas de la primaut\u00e9 du TPIR sur ses affaires \u00bb, ajoute le d\u00e9partement des Nations Unies. <\/p>\n<p>Jallow a toujours d\u00e9clar\u00e9 \u00e0 la presse qu\u2019il \u00e9tait en train d\u2019\u00e9valuer les moyens de preuve sur les crimes all\u00e9gu\u00e9s des membres du FPR afin de d\u00e9cider de l\u2019ouverture ou non de poursuites judiciaires devant le TPIR. <\/p>\n<p>Dans son discours, le procureur en chef du TPIR a, par ailleurs, appel\u00e9 le Conseil de s\u00e9curit\u00e9 \u00e0 r\u00e9pondre favorablement \u00e0 la demande du tribunal de reporter \u00e0 la fin de l\u2019ann\u00e9e prochaine la conclusion des proc\u00e8s en premi\u00e8re instance. <\/p>\n<p>Le conseil avait demand\u00e9 au TPIR de terminer ses proc\u00e8s en premi\u00e8re instance \u00e0 la fin de cette ann\u00e9e. Jallow a indiqu\u00e9 que cette prolongation \u00e9tait motiv\u00e9e, entre autres facteurs, par trois nouvelles arrestations. <\/p>\n<p>Concernant les 13 accus\u00e9s en fuite, le procureur a d\u00e9plor\u00e9 l\u2019\u00e9chec des efforts d\u00e9ploy\u00e9s en vue de l\u2019arrestation du plus recherch\u00e9 d\u2019entre eux, le milliardaire F\u00e9licien Kabuga qui se cacherait au Kenya. <\/p>\n<p>\u00ab Le Kenya a le devoir de coop\u00e9rer et le conseil (de s\u00e9curit\u00e9) devrait lui demander de se conformer d\u2019urgence \u00e0 ses obligations \u00bb, a  insist\u00e9 Jallow. <\/p>\n<p>Il a enfin appel\u00e9 \u00e0 plus de coop\u00e9ration de la part de la R\u00e9publique d\u00e9mocratique du Congo (RDC) qui abriterait, selon lui, la plupart des inculp\u00e9s en fuite. <\/p>\n<p>ER\/PB\/GF<\/p>\n","protected":false},"excerpt":{"rendered":"<p>Arusha, 6 juin 2008 (FH) - Le procureur en chef du Tribunal p\u00e9nal international pour le Rwanda (TPIR) a d\u00e9clar\u00e9 mercredi devant le Conseil de s\u00e9curit\u00e9 que des \u00e9l\u00e9ments de l\u2019ancienne r\u00e9bellion du Front patriotique rwandais (FPR, actuellement au pouvoir) avaient tu\u00e9 13 hommes d\u2019\u00e9glise dans le centre du pays pendant le g\u00e9nocide de 1994, [&hellip;]<\/p>\n","protected":false},"author":64,"featured_media":0,"comment_status":"open","ping_status":"closed","sticky":false,"template":"","format":"standard","meta":{"_acf_changed":false,"footnotes":""},"categories":[554],"tags":[],"ji_location":[],"class_list":["post-3919","post","type-post","status-publish","format-standard","hentry","category-hirondellenews"],"acf":[],"yoast_head":"<!-- This site is optimized with the Yoast SEO Premium plugin v25.3.1 (Yoast SEO v25.3.1) - https:\/\/yoast.com\/wordpress\/plugins\/seo\/ -->\n<title>06.06.08 -TPIR\/ONU - LE FPR A TUE 13 HOMMES D\u2019EGLISE, SELON LE PROCUREUR DU TPIR - JusticeInfo.net<\/title>\n<meta name=\"robots\" content=\"index, follow, max-snippet:-1, max-image-preview:large, max-video-preview:-1\" \/>\n<link rel=\"canonical\" href=\"https:\/\/www.justiceinfo.net\/fr\/3919-060608-tpironu-le-fpr-a-tue-13-hommes-deglise-selon-le-procureur-du-tpir709.html\" \/>\n<meta property=\"og:locale\" content=\"fr_FR\" \/>\n<meta property=\"og:type\" content=\"article\" \/>\n<meta property=\"og:title\" content=\"06.06.08 -TPIR\/ONU - LE FPR A TUE 13 HOMMES D\u2019EGLISE, SELON LE PROCUREUR DU TPIR\" \/>\n<meta property=\"og:description\" content=\"Arusha, 6 juin 2008 (FH) - Le procureur en chef du Tribunal p\u00e9nal international pour le Rwanda (TPIR) a d\u00e9clar\u00e9 mercredi devant le Conseil de s\u00e9curit\u00e9 que des \u00e9l\u00e9ments de l\u2019ancienne r\u00e9bellion du Front patriotique rwandais (FPR, actuellement au pouvoir) avaient tu\u00e9 13 hommes d\u2019\u00e9glise dans le centre du pays pendant le g\u00e9nocide de 1994, [&hellip;]\" \/>\n<meta property=\"og:url\" content=\"https:\/\/www.justiceinfo.net\/fr\/3919-060608-tpironu-le-fpr-a-tue-13-hommes-deglise-selon-le-procureur-du-tpir709.html\" \/>\n<meta property=\"og:site_name\" content=\"JusticeInfo.net\" \/>\n<meta property=\"article:publisher\" content=\"https:\/\/www.facebook.com\/JusticeInfo\/\" \/>\n<meta property=\"article:published_time\" content=\"2008-06-07T08:33:18+00:00\" \/>\n<meta property=\"og:image\" content=\"https:\/\/www.justiceinfo.net\/wp-content\/uploads\/JusticeInfoNet_logo_1200x630px.jpg\" \/>\n\t<meta property=\"og:image:width\" content=\"1200\" \/>\n\t<meta property=\"og:image:height\" content=\"630\" \/>\n\t<meta property=\"og:image:type\" content=\"image\/jpeg\" \/>\n<meta name=\"author\" content=\"solivri\" \/>\n<meta name=\"twitter:card\" content=\"summary_large_image\" \/>\n<meta name=\"twitter:creator\" content=\"@justiceinfonet\" \/>\n<meta name=\"twitter:site\" content=\"@justiceinfonet\" \/>\n<meta name=\"twitter:label1\" content=\"\u00c9crit par\" \/>\n\t<meta name=\"twitter:data1\" content=\"solivri\" \/>\n\t<meta name=\"twitter:label2\" content=\"Dur\u00e9e de lecture estim\u00e9e\" \/>\n\t<meta name=\"twitter:data2\" content=\"2 minutes\" \/>\n<script type=\"application\/ld+json\" class=\"yoast-schema-graph\">{\"@context\":\"https:\/\/schema.org\",\"@graph\":[{\"@type\":\"NewsArticle\",\"@id\":\"https:\/\/www.justiceinfo.net\/fr\/3919-060608-tpironu-le-fpr-a-tue-13-hommes-deglise-selon-le-procureur-du-tpir709.html#article\",\"isPartOf\":{\"@id\":\"https:\/\/www.justiceinfo.net\/fr\/3919-060608-tpironu-le-fpr-a-tue-13-hommes-deglise-selon-le-procureur-du-tpir709.html\"},\"author\":{\"name\":\"solivri\",\"@id\":\"https:\/\/www.justiceinfo.net\/fr#\/schema\/person\/6e53cba1629e2e66f3fc1821d3091865\"},\"headline\":\"06.06.08 -TPIR\/ONU - LE FPR A TUE 13 HOMMES D\u2019EGLISE, SELON LE PROCUREUR DU TPIR\",\"datePublished\":\"2008-06-07T08:33:18+00:00\",\"mainEntityOfPage\":{\"@id\":\"https:\/\/www.justiceinfo.net\/fr\/3919-060608-tpironu-le-fpr-a-tue-13-hommes-deglise-selon-le-procureur-du-tpir709.html\"},\"wordCount\":513,\"commentCount\":0,\"publisher\":{\"@id\":\"https:\/\/www.justiceinfo.net\/fr#organization\"},\"articleSection\":[\"Hirondelle News\"],\"inLanguage\":\"fr-FR\",\"potentialAction\":[{\"@type\":\"CommentAction\",\"name\":\"Comment\",\"target\":[\"https:\/\/www.justiceinfo.net\/fr\/3919-060608-tpironu-le-fpr-a-tue-13-hommes-deglise-selon-le-procureur-du-tpir709.html#respond\"]}]},{\"@type\":\"WebPage\",\"@id\":\"https:\/\/www.justiceinfo.net\/fr\/3919-060608-tpironu-le-fpr-a-tue-13-hommes-deglise-selon-le-procureur-du-tpir709.html\",\"url\":\"https:\/\/www.justiceinfo.net\/fr\/3919-060608-tpironu-le-fpr-a-tue-13-hommes-deglise-selon-le-procureur-du-tpir709.html\",\"name\":\"06.06.08 -TPIR\/ONU - LE FPR A TUE 13 HOMMES D\u2019EGLISE, SELON LE PROCUREUR DU TPIR - JusticeInfo.net\",\"isPartOf\":{\"@id\":\"https:\/\/www.justiceinfo.net\/fr#website\"},\"datePublished\":\"2008-06-07T08:33:18+00:00\",\"breadcrumb\":{\"@id\":\"https:\/\/www.justiceinfo.net\/fr\/3919-060608-tpironu-le-fpr-a-tue-13-hommes-deglise-selon-le-procureur-du-tpir709.html#breadcrumb\"},\"inLanguage\":\"fr-FR\",\"potentialAction\":[{\"@type\":\"ReadAction\",\"target\":[\"https:\/\/www.justiceinfo.net\/fr\/3919-060608-tpironu-le-fpr-a-tue-13-hommes-deglise-selon-le-procureur-du-tpir709.html\"]}]},{\"@type\":\"BreadcrumbList\",\"@id\":\"https:\/\/www.justiceinfo.net\/fr\/3919-060608-tpironu-le-fpr-a-tue-13-hommes-deglise-selon-le-procureur-du-tpir709.html#breadcrumb\",\"itemListElement\":[{\"@type\":\"ListItem\",\"position\":1,\"name\":\"Home\",\"item\":\"https:\/\/www.justiceinfo.net\/fr\"},{\"@type\":\"ListItem\",\"position\":2,\"name\":\"06.06.08 -TPIR\/ONU - LE FPR A TUE 13 HOMMES D\u2019EGLISE, SELON LE PROCUREUR DU TPIR\"}]},{\"@type\":\"WebSite\",\"@id\":\"https:\/\/www.justiceinfo.net\/fr#website\",\"url\":\"https:\/\/www.justiceinfo.net\/fr\",\"name\":\"JusticeInfo.net\",\"description\":\"La justice doit \u00eatre vue pour \u00eatre rendue\",\"publisher\":{\"@id\":\"https:\/\/www.justiceinfo.net\/fr#organization\"},\"potentialAction\":[{\"@type\":\"SearchAction\",\"target\":{\"@type\":\"EntryPoint\",\"urlTemplate\":\"https:\/\/www.justiceinfo.net\/fr?s={search_term_string}\"},\"query-input\":{\"@type\":\"PropertyValueSpecification\",\"valueRequired\":true,\"valueName\":\"search_term_string\"}}],\"inLanguage\":\"fr-FR\"},{\"@type\":\"Organization\",\"@id\":\"https:\/\/www.justiceinfo.net\/fr#organization\",\"name\":\"Justice Info\",\"url\":\"https:\/\/www.justiceinfo.net\/fr\",\"logo\":{\"@type\":\"ImageObject\",\"inLanguage\":\"fr-FR\",\"@id\":\"https:\/\/www.justiceinfo.net\/fr#\/schema\/logo\/image\/\",\"url\":\"https:\/\/www.justiceinfo.net\/wp-content\/uploads\/justiceinfo_logo-trans_1200x1200px.png\",\"contentUrl\":\"https:\/\/www.justiceinfo.net\/wp-content\/uploads\/justiceinfo_logo-trans_1200x1200px.png\",\"width\":1199,\"height\":1200,\"caption\":\"Justice Info\"},\"image\":{\"@id\":\"https:\/\/www.justiceinfo.net\/fr#\/schema\/logo\/image\/\"},\"sameAs\":[\"https:\/\/www.facebook.com\/JusticeInfo\/\",\"https:\/\/x.com\/justiceinfonet\",\"https:\/\/www.linkedin.com\/company\/justice-info\",\"https:\/\/www.youtube.com\/channel\/UCyCEsARodyuWtkWyhn-e7pA\"]},{\"@type\":\"Person\",\"name\":\"solivri\",\"url\":\"\/fr\/?s=solivri\"}]}<\/script>\n<!-- \/ Yoast SEO Premium plugin. -->","yoast_head_json":{"title":"06.06.08 -TPIR\/ONU - LE FPR A TUE 13 HOMMES D\u2019EGLISE, SELON LE PROCUREUR DU TPIR - JusticeInfo.net","robots":{"index":"index","follow":"follow","max-snippet":"max-snippet:-1","max-image-preview":"max-image-preview:large","max-video-preview":"max-video-preview:-1"},"canonical":"https:\/\/www.justiceinfo.net\/fr\/3919-060608-tpironu-le-fpr-a-tue-13-hommes-deglise-selon-le-procureur-du-tpir709.html","og_locale":"fr_FR","og_type":"article","og_title":"06.06.08 -TPIR\/ONU - LE FPR A TUE 13 HOMMES D\u2019EGLISE, SELON LE PROCUREUR DU TPIR","og_description":"Arusha, 6 juin 2008 (FH) - Le procureur en chef du Tribunal p\u00e9nal international pour le Rwanda (TPIR) a d\u00e9clar\u00e9 mercredi devant le Conseil de s\u00e9curit\u00e9 que des \u00e9l\u00e9ments de l\u2019ancienne r\u00e9bellion du Front patriotique rwandais (FPR, actuellement au pouvoir) avaient tu\u00e9 13 hommes d\u2019\u00e9glise dans le centre du pays pendant le g\u00e9nocide de 1994, [&hellip;]","og_url":"https:\/\/www.justiceinfo.net\/fr\/3919-060608-tpironu-le-fpr-a-tue-13-hommes-deglise-selon-le-procureur-du-tpir709.html","og_site_name":"JusticeInfo.net","article_publisher":"https:\/\/www.facebook.com\/JusticeInfo\/","article_published_time":"2008-06-07T08:33:18+00:00","og_image":[{"width":1200,"height":630,"url":"https:\/\/www.justiceinfo.net\/wp-content\/uploads\/JusticeInfoNet_logo_1200x630px.jpg","type":"image\/jpeg"}],"author":"solivri","twitter_card":"summary_large_image","twitter_creator":"@justiceinfonet","twitter_site":"@justiceinfonet","twitter_misc":{"\u00c9crit par":"solivri","Dur\u00e9e de lecture estim\u00e9e":"2 minutes"},"schema":{"@context":"https:\/\/schema.org","@graph":[{"@type":"NewsArticle","@id":"https:\/\/www.justiceinfo.net\/fr\/3919-060608-tpironu-le-fpr-a-tue-13-hommes-deglise-selon-le-procureur-du-tpir709.html#article","isPartOf":{"@id":"https:\/\/www.justiceinfo.net\/fr\/3919-060608-tpironu-le-fpr-a-tue-13-hommes-deglise-selon-le-procureur-du-tpir709.html"},"author":{"name":"solivri","@id":"https:\/\/www.justiceinfo.net\/fr#\/schema\/person\/6e53cba1629e2e66f3fc1821d3091865"},"headline":"06.06.08 -TPIR\/ONU - LE FPR A TUE 13 HOMMES D\u2019EGLISE, SELON LE PROCUREUR DU TPIR","datePublished":"2008-06-07T08:33:18+00:00","mainEntityOfPage":{"@id":"https:\/\/www.justiceinfo.net\/fr\/3919-060608-tpironu-le-fpr-a-tue-13-hommes-deglise-selon-le-procureur-du-tpir709.html"},"wordCount":513,"commentCount":0,"publisher":{"@id":"https:\/\/www.justiceinfo.net\/fr#organization"},"articleSection":["Hirondelle News"],"inLanguage":"fr-FR","potentialAction":[{"@type":"CommentAction","name":"Comment","target":["https:\/\/www.justiceinfo.net\/fr\/3919-060608-tpironu-le-fpr-a-tue-13-hommes-deglise-selon-le-procureur-du-tpir709.html#respond"]}]},{"@type":"WebPage","@id":"https:\/\/www.justiceinfo.net\/fr\/3919-060608-tpironu-le-fpr-a-tue-13-hommes-deglise-selon-le-procureur-du-tpir709.html","url":"https:\/\/www.justiceinfo.net\/fr\/3919-060608-tpironu-le-fpr-a-tue-13-hommes-deglise-selon-le-procureur-du-tpir709.html","name":"06.06.08 -TPIR\/ONU - LE FPR A TUE 13 HOMMES D\u2019EGLISE, SELON LE PROCUREUR DU TPIR - JusticeInfo.net","isPartOf":{"@id":"https:\/\/www.justiceinfo.net\/fr#website"},"datePublished":"2008-06-07T08:33:18+00:00","breadcrumb":{"@id":"https:\/\/www.justiceinfo.net\/fr\/3919-060608-tpironu-le-fpr-a-tue-13-hommes-deglise-selon-le-procureur-du-tpir709.html#breadcrumb"},"inLanguage":"fr-FR","potentialAction":[{"@type":"ReadAction","target":["https:\/\/www.justiceinfo.net\/fr\/3919-060608-tpironu-le-fpr-a-tue-13-hommes-deglise-selon-le-procureur-du-tpir709.html"]}]},{"@type":"BreadcrumbList","@id":"https:\/\/www.justiceinfo.net\/fr\/3919-060608-tpironu-le-fpr-a-tue-13-hommes-deglise-selon-le-procureur-du-tpir709.html#breadcrumb","itemListElement":[{"@type":"ListItem","position":1,"name":"Home","item":"https:\/\/www.justiceinfo.net\/fr"},{"@type":"ListItem","position":2,"name":"06.06.08 -TPIR\/ONU - LE FPR A TUE 13 HOMMES D\u2019EGLISE, SELON LE PROCUREUR DU TPIR"}]},{"@type":"WebSite","@id":"https:\/\/www.justiceinfo.net\/fr#website","url":"https:\/\/www.justiceinfo.net\/fr","name":"JusticeInfo.net","description":"La justice doit \u00eatre vue pour \u00eatre rendue","publisher":{"@id":"https:\/\/www.justiceinfo.net\/fr#organization"},"potentialAction":[{"@type":"SearchAction","target":{"@type":"EntryPoint","urlTemplate":"https:\/\/www.justiceinfo.net\/fr?s={search_term_string}"},"query-input":{"@type":"PropertyValueSpecification","valueRequired":true,"valueName":"search_term_string"}}],"inLanguage":"fr-FR"},{"@type":"Organization","@id":"https:\/\/www.justiceinfo.net\/fr#organization","name":"Justice Info","url":"https:\/\/www.justiceinfo.net\/fr","logo":{"@type":"ImageObject","inLanguage":"fr-FR","@id":"https:\/\/www.justiceinfo.net\/fr#\/schema\/logo\/image\/","url":"https:\/\/www.justiceinfo.net\/wp-content\/uploads\/justiceinfo_logo-trans_1200x1200px.png","contentUrl":"https:\/\/www.justiceinfo.net\/wp-content\/uploads\/justiceinfo_logo-trans_1200x1200px.png","width":1199,"height":1200,"caption":"Justice Info"},"image":{"@id":"https:\/\/www.justiceinfo.net\/fr#\/schema\/logo\/image\/"},"sameAs":["https:\/\/www.facebook.com\/JusticeInfo\/","https:\/\/x.com\/justiceinfonet","https:\/\/www.linkedin.com\/company\/justice-info","https:\/\/www.youtube.com\/channel\/UCyCEsARodyuWtkWyhn-e7pA"]},{"@type":"Person","name":"solivri","url":"\/fr\/?s=solivri"}]}},"_links":{"self":[{"href":"https:\/\/www.justiceinfo.net\/fr\/wp-json\/wp\/v2\/posts\/3919","targetHints":{"allow":["GET"]}}],"collection":[{"href":"https:\/\/www.justiceinfo.net\/fr\/wp-json\/wp\/v2\/posts"}],"about":[{"href":"https:\/\/www.justiceinfo.net\/fr\/wp-json\/wp\/v2\/types\/post"}],"author":[{"embeddable":true,"href":"https:\/\/www.justiceinfo.net\/fr\/wp-json\/wp\/v2\/users\/64"}],"replies":[{"embeddable":true,"href":"https:\/\/www.justiceinfo.net\/fr\/wp-json\/wp\/v2\/comments?post=3919"}],"version-history":[{"count":0,"href":"https:\/\/www.justiceinfo.net\/fr\/wp-json\/wp\/v2\/posts\/3919\/revisions"}],"wp:attachment":[{"href":"https:\/\/www.justiceinfo.net\/fr\/wp-json\/wp\/v2\/media?parent=3919"}],"wp:term":[{"taxonomy":"category","embeddable":true,"href":"https:\/\/www.justiceinfo.net\/fr\/wp-json\/wp\/v2\/categories?post=3919"},{"taxonomy":"post_tag","embeddable":true,"href":"https:\/\/www.justiceinfo.net\/fr\/wp-json\/wp\/v2\/tags?post=3919"},{"taxonomy":"ji_location","embeddable":true,"href":"https:\/\/www.justiceinfo.net\/fr\/wp-json\/wp\/v2\/ji_location?post=3919"}],"curies":[{"name":"wp","href":"https:\/\/api.w.org\/{rel}","templated":true}]}}