{"id":39235,"date":"2018-10-15T07:40:41","date_gmt":"2018-10-15T05:40:41","guid":{"rendered":"https:\/\/www.justiceinfo.net\/39235-quel-modele-pour-la-commission-verite-gambienne.html"},"modified":"2018-10-15T07:40:41","modified_gmt":"2018-10-15T05:40:41","slug":"quel-modele-pour-la-commission-verite-gambienne","status":"publish","type":"post","link":"https:\/\/www.justiceinfo.net\/fr\/39235-quel-modele-pour-la-commission-verite-gambienne.html","title":{"rendered":"Quel mod\u00e8le pour la Commission v\u00e9rit\u00e9 gambienne ?"},"content":{"rendered":"<p><strong>Ce 15 octobre, la Gambie inaugure officiellement sa Commission v\u00e9rit\u00e9, r\u00e9conciliation et r\u00e9parations (CVRR). Il s\u2019agit d\u2019un des engagements phares du pr\u00e9sident Adama Barrow, apr\u00e8s sa victoire \u00e9lectorale contre Yahya Jammeh, en d\u00e9cembre 2016. L\u2019institution devra faire la lumi\u00e8re sur les exactions commises lors des vingt-deux ann\u00e9es de r\u00e8gne de l\u2019ancien leader \u00e0 la t\u00eate de ce petit pays de deux millions d\u2019habitants. Mais la forme et la fa\u00e7on d\u2019op\u00e9rer de cette future Commission sont toujours ind\u00e9termin\u00e9es.<\/strong><\/p>\n<p><!--more--><\/p>\n<p>Depuis le 4 octobre, la Commission v\u00e9rit\u00e9, r\u00e9conciliation et r\u00e9parations (CVRR) en Gambie a enfin un pr\u00e9sident. Lamin Sise, ancien cadre des Nations-unies, aura la lourde t\u00e2che de pr\u00e9sider cette commission qui semble d\u00e9sormais lanc\u00e9e dans une course contre la montre pour r\u00e9pondre aux attentes grandissantes de la population. Au point que soit envisag\u00e9 un d\u00e9but des audiences publiques particuli\u00e8rement pr\u00e9coce\u00a0: <em>\u00ab\u00a0Les premi\u00e8res audiences auront sans doute lieu avant la fin du mois d\u2019octobre, car notre \u00e9quipe enqu\u00eatrice a d\u00e9j\u00e0 identifi\u00e9 des t\u00e9moins et pris leurs d\u00e9clarations depuis environ trois ou quatre semaines\u00a0\u00bb,<\/em> annonce le secr\u00e9taire ex\u00e9cutif de l\u2019institution, Baba Galleh Jallow. Un d\u00e9lai a priori in\u00e9dit, alors que les commissaires font tout juste connaissance. Pour Joanna Rice, repr\u00e9sentante en Gambie du Centre international pour la justice transitionnelle (ICTJ), la CVRR se trouve dans une situation d\u00e9licate\u00a0: <em>\u00ab Il y a cette difficult\u00e9 \u00e0 trouver l\u2019\u00e9quilibre entre le besoin de temps pour r\u00e9fl\u00e9chir \u00e0 quelles seront les priorit\u00e9s, comment utiliser les deux ann\u00e9es du mandat, comment bien prot\u00e9ger les t\u00e9moins\u00a0; mais aussi la pression pour que les choses aillent vite, et que l\u2019on puisse voir des actions concr\u00e8tes. \u00bb<\/em><\/p>\n<h3>Des auditions de t\u00e9moins encore impr\u00e9cises<\/h3>\n<p>Le format m\u00eame de ces premi\u00e8res audiences demeure tr\u00e8s flou. Peu d\u2019indications sur la mani\u00e8re dont elles doivent \u00eatre men\u00e9es sont inscrites dans le mandat de la commission, vot\u00e9 en d\u00e9cembre 2017 par l\u2019Assembl\u00e9e nationale. Les commissaires ont donc une grande marge d\u2019interpr\u00e9tation et devront faire des choix. Un poste d\u2019avocat principal a \u00e9t\u00e9 cr\u00e9\u00e9 sur d\u00e9cision du minist\u00e8re de la Justice. Il sera occup\u00e9 par Essa Faal, qui a travaill\u00e9 \u00e0 la Cour p\u00e9nale internationale au bureau du procureur, puis comme avocat de la d\u00e9fense. Le ministre de la Justice, Abubacarr Tambadou, se veut rassurant sur cette nomination : <em>\u00ab\u00a0La Commission n\u2019est pas un tribunal et l\u2019avocat g\u00e9n\u00e9ral est l\u00e0 pour l\u2019aider et guider les audiences. Ce ne sera pas un interrogatoire, les victimes auront un espace pour s\u2019exprimer, et lui pourra recadrer les t\u00e9moignages.\u00a0\u00bb<\/em> Pas question, selon Baba Galleh Jallow, de copier le mod\u00e8le d\u2019une autre commission d\u2019enqu\u00eate autour des affaires financi\u00e8res de Yahya Jammeh et dont les audiences, proches de celles d\u2019un tribunal, ne conviendraient pas aux victimes. <em>\u00ab\u00a0Nous voulons que les personnes qui t\u00e9moignent se sentent \u00e0 l\u2019aise et aient envie de dire la v\u00e9rit\u00e9. Nous sommes plus sur le partage d\u2019exp\u00e9riences, pour aider le pays \u00e0 gu\u00e9rir de ses blessures, et pour que chacun ait conscience de ce qui s\u2019est pass\u00e9, afin d\u2019\u00e9viter qu\u2019une dictature puisse \u00e0 nouveau advenir\u00a0\u00bb, pr\u00e9cise-t-il. <\/em>Car si la CVRR vise \u00e0 \u00e9tablir la v\u00e9rit\u00e9 sur les violations des droits de l\u2019homme, elle esp\u00e8re aussi aller au-del\u00e0, en lan\u00e7ant parall\u00e8lement une campagne de dialogue national visant \u00e0 une transformation de la soci\u00e9t\u00e9.<\/p>\n<h3>Des r\u00e9parations, mais selon quel mode d\u2019attribution\u00a0?<\/h3>\n<p>Trouver le point d\u2019\u00e9quilibre entre v\u00e9rit\u00e9, justice et r\u00e9conciliation a \u00e9t\u00e9 un d\u00e9fi pour d\u2019autres commissions de ce genre. Au nom de la soci\u00e9t\u00e9 civile, John Charles Njie, vice-pr\u00e9sident du Comit\u00e9 technique de justice transitionnelle mis sur pied par le minist\u00e8re de la Justice, plaide pour un mod\u00e8le adapt\u00e9 au pays\u00a0: <em>\u00ab\u00a0Traditionnellement, ici, les gens ne parlent pas de leurs histoires personnelles sur la place publique, ils le font plut\u00f4t au sein d\u2019un environnement ferm\u00e9. Nous sommes une petite soci\u00e9t\u00e9, o\u00f9 tout le monde se conna\u00eet, donc quelqu\u2019un qui parle pourra ensuite facilement \u00eatre stigmatis\u00e9.\u00a0Cette culture doit \u00eatre prise en compte par la Commission.\u00a0\u00bb<\/em><\/p>\n<p>Il est un point o\u00f9 la Commission gambienne entend notamment innover : il est pr\u00e9vu que des r\u00e9parations soient directement attribu\u00e9es par l\u2019institution. Mais cette disposition soul\u00e8ve de nouvelles interrogations. Comme le souligne Sheriff Kijera, pr\u00e9sident du Centre des victimes, une ONG cr\u00e9\u00e9e apr\u00e8s le d\u00e9part de Jammeh, <em>\u00ab l\u2019attribution des\u00a0r\u00e9parations n\u2019est pas bien d\u00e9finie dans le mandat de la Commission. Nous esp\u00e9rons qu\u2019elles seront octroy\u00e9es sur la base des besoins des victimes, qu\u2019il s\u2019agisse de soins m\u00e9dicaux, ou de frais de scolarit\u00e9 par exemple.\u00a0\u00bb<\/em><\/p>\n<p>La CVRR entame bien officiellement ce jour ses travaux. Mais de nombreuses questions de fond sur sa forme et sa strat\u00e9gie demeurent en suspens.<\/p>\n<p><span style=\"boorder: 1px solid #ccc;\"><div class=\"articleLink articleLink--editorRecommanded articleLink--textInImage articleLink--textTop\" style=\"\">\r\n\t\t\t\t\t\r\n\t\t\t<div class=\"articleLinkSurTitle\">Recommand\u00e9 par la r\u00e9daction<\/div>\r\n\t\t\t<a class=\"articleLinkImageLink\" href=\"https:\/\/www.justiceinfo.net\/fr\/39106-la-commission-verite-va-a-la-rencontre-des-gambiens.html\"><div class=\"articleLinkImageContainer \"><img loading=\"lazy\" decoding=\"async\" width=\"540\" height=\"360\" src=\"https:\/\/www.justiceinfo.net\/wp-content\/uploads\/d896147bf95440cf42bf31fb7d7231ab-540x360.jpg\" class=\"articleLinkImage backgroundImageTag w-100 wp-post-image\" alt=\"\" srcset=\"\" sizes=\"auto, (max-width: 540px) 100vw, 540px\" \/><\/div><\/a>\r\n\t\t\t<a href=\"https:\/\/www.justiceinfo.net\/fr\/39106-la-commission-verite-va-a-la-rencontre-des-gambiens.html\" class=\"articleLinkTitle articleLinkTitle--default\">\r\n\t\t\tLa Commission v\u00e9rit\u00e9 va \u00e0 la rencontre des Gambiens\r\n\t\t<\/a>\r\n\t\t\r\n\t\t\t\t<\/div><\/span><\/p>\n","protected":false},"excerpt":{"rendered":"<p>Ce 15 octobre, la Gambie inaugure officiellement sa Commission v\u00e9rit\u00e9, r\u00e9conciliation et r\u00e9parations (CVRR). Il s\u2019agit d\u2019un des engagements phares du pr\u00e9sident Adama Barrow, apr\u00e8s sa victoire \u00e9lectorale contre Yahya Jammeh, en d\u00e9cembre 2016. L\u2019institution devra faire la lumi\u00e8re sur les exactions commises lors des vingt-deux ann\u00e9es de r\u00e8gne de l\u2019ancien leader \u00e0 la t\u00eate [&hellip;]<\/p>\n","protected":false},"author":64,"featured_media":65279,"comment_status":"open","ping_status":"closed","sticky":false,"template":"","format":"standard","meta":{"_acf_changed":false,"footnotes":""},"categories":[548],"tags":[],"ji_location":[2508],"class_list":["post-39235","post","type-post","status-publish","format-standard","has-post-thumbnail","hentry","category-commissions-verite","ji_location-gambie"],"acf":[],"yoast_head":"<!-- This site is optimized with the Yoast SEO Premium plugin v25.3.1 (Yoast SEO v25.3.1) - https:\/\/yoast.com\/wordpress\/plugins\/seo\/ -->\n<title>Quel mod\u00e8le pour la Commission v\u00e9rit\u00e9 gambienne ? - JusticeInfo.net<\/title>\n<meta name=\"robots\" content=\"index, follow, max-snippet:-1, max-image-preview:large, max-video-preview:-1\" \/>\n<link rel=\"canonical\" href=\"https:\/\/www.justiceinfo.net\/fr\/39235-quel-modele-pour-la-commission-verite-gambienne.html\" \/>\n<meta property=\"og:locale\" content=\"fr_FR\" \/>\n<meta property=\"og:type\" content=\"article\" \/>\n<meta property=\"og:title\" content=\"Quel mod\u00e8le pour la Commission v\u00e9rit\u00e9 gambienne ?\" \/>\n<meta property=\"og:description\" content=\"Ce 15 octobre, la Gambie inaugure officiellement sa Commission v\u00e9rit\u00e9, r\u00e9conciliation et r\u00e9parations (CVRR). Il s\u2019agit d\u2019un des engagements phares du pr\u00e9sident Adama Barrow, apr\u00e8s sa victoire \u00e9lectorale contre Yahya Jammeh, en d\u00e9cembre 2016. L\u2019institution devra faire la lumi\u00e8re sur les exactions commises lors des vingt-deux ann\u00e9es de r\u00e8gne de l\u2019ancien leader \u00e0 la t\u00eate [&hellip;]\" \/>\n<meta property=\"og:url\" content=\"https:\/\/www.justiceinfo.net\/fr\/39235-quel-modele-pour-la-commission-verite-gambienne.html\" \/>\n<meta property=\"og:site_name\" content=\"JusticeInfo.net\" \/>\n<meta property=\"article:publisher\" content=\"https:\/\/www.facebook.com\/JusticeInfo\/\" \/>\n<meta property=\"article:published_time\" content=\"2018-10-15T05:40:41+00:00\" \/>\n<meta property=\"og:image\" content=\"https:\/\/www.justiceinfo.net\/wp-content\/uploads\/ae09065ee05c8d979d8265a2e572bc05.jpg\" \/>\n\t<meta property=\"og:image:width\" content=\"900\" \/>\n\t<meta property=\"og:image:height\" content=\"623\" \/>\n\t<meta property=\"og:image:type\" content=\"image\/jpeg\" \/>\n<meta name=\"author\" content=\"Claire Bargel\u00e8s\" \/>\n<meta name=\"twitter:card\" content=\"summary_large_image\" \/>\n<meta name=\"twitter:creator\" content=\"@justiceinfonet\" \/>\n<meta name=\"twitter:site\" content=\"@justiceinfonet\" \/>\n<meta name=\"twitter:label1\" content=\"\u00c9crit par\" \/>\n\t<meta name=\"twitter:data1\" content=\"Claire Bargel\u00e8s\" \/>\n\t<meta name=\"twitter:label2\" content=\"Dur\u00e9e de lecture estim\u00e9e\" \/>\n\t<meta name=\"twitter:data2\" content=\"4 minutes\" \/>\n<script type=\"application\/ld+json\" class=\"yoast-schema-graph\">{\"@context\":\"https:\/\/schema.org\",\"@graph\":[{\"@type\":\"NewsArticle\",\"@id\":\"https:\/\/www.justiceinfo.net\/fr\/39235-quel-modele-pour-la-commission-verite-gambienne.html#article\",\"isPartOf\":{\"@id\":\"https:\/\/www.justiceinfo.net\/fr\/39235-quel-modele-pour-la-commission-verite-gambienne.html\"},\"author\":{\"name\":\"solivri\",\"@id\":\"https:\/\/www.justiceinfo.net\/fr#\/schema\/person\/6e53cba1629e2e66f3fc1821d3091865\"},\"headline\":\"Quel mod\u00e8le pour la Commission v\u00e9rit\u00e9 gambienne ?\",\"datePublished\":\"2018-10-15T05:40:41+00:00\",\"mainEntityOfPage\":{\"@id\":\"https:\/\/www.justiceinfo.net\/fr\/39235-quel-modele-pour-la-commission-verite-gambienne.html\"},\"wordCount\":885,\"commentCount\":0,\"publisher\":{\"@id\":\"https:\/\/www.justiceinfo.net\/fr#organization\"},\"image\":{\"@id\":\"https:\/\/www.justiceinfo.net\/fr\/39235-quel-modele-pour-la-commission-verite-gambienne.html#primaryimage\"},\"thumbnailUrl\":\"https:\/\/www.justiceinfo.net\/wp-content\/uploads\/ae09065ee05c8d979d8265a2e572bc05.jpg\",\"articleSection\":[\"Commissions v\u00e9rit\u00e9\"],\"inLanguage\":\"fr-FR\",\"potentialAction\":[{\"@type\":\"CommentAction\",\"name\":\"Comment\",\"target\":[\"https:\/\/www.justiceinfo.net\/fr\/39235-quel-modele-pour-la-commission-verite-gambienne.html#respond\"]}]},{\"@type\":\"WebPage\",\"@id\":\"https:\/\/www.justiceinfo.net\/fr\/39235-quel-modele-pour-la-commission-verite-gambienne.html\",\"url\":\"https:\/\/www.justiceinfo.net\/fr\/39235-quel-modele-pour-la-commission-verite-gambienne.html\",\"name\":\"Quel mod\u00e8le pour la Commission v\u00e9rit\u00e9 gambienne ? - JusticeInfo.net\",\"isPartOf\":{\"@id\":\"https:\/\/www.justiceinfo.net\/fr#website\"},\"primaryImageOfPage\":{\"@id\":\"https:\/\/www.justiceinfo.net\/fr\/39235-quel-modele-pour-la-commission-verite-gambienne.html#primaryimage\"},\"image\":{\"@id\":\"https:\/\/www.justiceinfo.net\/fr\/39235-quel-modele-pour-la-commission-verite-gambienne.html#primaryimage\"},\"thumbnailUrl\":\"https:\/\/www.justiceinfo.net\/wp-content\/uploads\/ae09065ee05c8d979d8265a2e572bc05.jpg\",\"datePublished\":\"2018-10-15T05:40:41+00:00\",\"breadcrumb\":{\"@id\":\"https:\/\/www.justiceinfo.net\/fr\/39235-quel-modele-pour-la-commission-verite-gambienne.html#breadcrumb\"},\"inLanguage\":\"fr-FR\",\"potentialAction\":[{\"@type\":\"ReadAction\",\"target\":[\"https:\/\/www.justiceinfo.net\/fr\/39235-quel-modele-pour-la-commission-verite-gambienne.html\"]}]},{\"@type\":\"ImageObject\",\"inLanguage\":\"fr-FR\",\"@id\":\"https:\/\/www.justiceinfo.net\/fr\/39235-quel-modele-pour-la-commission-verite-gambienne.html#primaryimage\",\"url\":\"https:\/\/www.justiceinfo.net\/wp-content\/uploads\/ae09065ee05c8d979d8265a2e572bc05.jpg\",\"contentUrl\":\"https:\/\/www.justiceinfo.net\/wp-content\/uploads\/ae09065ee05c8d979d8265a2e572bc05.jpg\",\"width\":900,\"height\":623},{\"@type\":\"BreadcrumbList\",\"@id\":\"https:\/\/www.justiceinfo.net\/fr\/39235-quel-modele-pour-la-commission-verite-gambienne.html#breadcrumb\",\"itemListElement\":[{\"@type\":\"ListItem\",\"position\":1,\"name\":\"Home\",\"item\":\"https:\/\/www.justiceinfo.net\/fr\"},{\"@type\":\"ListItem\",\"position\":2,\"name\":\"Quel mod\u00e8le pour la Commission v\u00e9rit\u00e9 gambienne ?\"}]},{\"@type\":\"WebSite\",\"@id\":\"https:\/\/www.justiceinfo.net\/fr#website\",\"url\":\"https:\/\/www.justiceinfo.net\/fr\",\"name\":\"JusticeInfo.net\",\"description\":\"La justice doit \u00eatre vue pour \u00eatre rendue\",\"publisher\":{\"@id\":\"https:\/\/www.justiceinfo.net\/fr#organization\"},\"potentialAction\":[{\"@type\":\"SearchAction\",\"target\":{\"@type\":\"EntryPoint\",\"urlTemplate\":\"https:\/\/www.justiceinfo.net\/fr?s={search_term_string}\"},\"query-input\":{\"@type\":\"PropertyValueSpecification\",\"valueRequired\":true,\"valueName\":\"search_term_string\"}}],\"inLanguage\":\"fr-FR\"},{\"@type\":\"Organization\",\"@id\":\"https:\/\/www.justiceinfo.net\/fr#organization\",\"name\":\"Justice Info\",\"url\":\"https:\/\/www.justiceinfo.net\/fr\",\"logo\":{\"@type\":\"ImageObject\",\"inLanguage\":\"fr-FR\",\"@id\":\"https:\/\/www.justiceinfo.net\/fr#\/schema\/logo\/image\/\",\"url\":\"https:\/\/www.justiceinfo.net\/wp-content\/uploads\/justiceinfo_logo-trans_1200x1200px.png\",\"contentUrl\":\"https:\/\/www.justiceinfo.net\/wp-content\/uploads\/justiceinfo_logo-trans_1200x1200px.png\",\"width\":1199,\"height\":1200,\"caption\":\"Justice Info\"},\"image\":{\"@id\":\"https:\/\/www.justiceinfo.net\/fr#\/schema\/logo\/image\/\"},\"sameAs\":[\"https:\/\/www.facebook.com\/JusticeInfo\/\",\"https:\/\/x.com\/justiceinfonet\",\"https:\/\/www.linkedin.com\/company\/justice-info\",\"https:\/\/www.youtube.com\/channel\/UCyCEsARodyuWtkWyhn-e7pA\"]},{\"@type\":\"Person\",\"name\":\"Claire Bargel\u00e8s\",\"url\":\"\/fr\/?s=Claire Bargel\u00e8s\"}]}<\/script>\n<!-- \/ Yoast SEO Premium plugin. -->","yoast_head_json":{"title":"Quel mod\u00e8le pour la Commission v\u00e9rit\u00e9 gambienne ? - JusticeInfo.net","robots":{"index":"index","follow":"follow","max-snippet":"max-snippet:-1","max-image-preview":"max-image-preview:large","max-video-preview":"max-video-preview:-1"},"canonical":"https:\/\/www.justiceinfo.net\/fr\/39235-quel-modele-pour-la-commission-verite-gambienne.html","og_locale":"fr_FR","og_type":"article","og_title":"Quel mod\u00e8le pour la Commission v\u00e9rit\u00e9 gambienne ?","og_description":"Ce 15 octobre, la Gambie inaugure officiellement sa Commission v\u00e9rit\u00e9, r\u00e9conciliation et r\u00e9parations (CVRR). Il s\u2019agit d\u2019un des engagements phares du pr\u00e9sident Adama Barrow, apr\u00e8s sa victoire \u00e9lectorale contre Yahya Jammeh, en d\u00e9cembre 2016. L\u2019institution devra faire la lumi\u00e8re sur les exactions commises lors des vingt-deux ann\u00e9es de r\u00e8gne de l\u2019ancien leader \u00e0 la t\u00eate [&hellip;]","og_url":"https:\/\/www.justiceinfo.net\/fr\/39235-quel-modele-pour-la-commission-verite-gambienne.html","og_site_name":"JusticeInfo.net","article_publisher":"https:\/\/www.facebook.com\/JusticeInfo\/","article_published_time":"2018-10-15T05:40:41+00:00","og_image":[{"width":900,"height":623,"url":"https:\/\/www.justiceinfo.net\/wp-content\/uploads\/ae09065ee05c8d979d8265a2e572bc05.jpg","type":"image\/jpeg"}],"author":"Claire Bargel\u00e8s","twitter_card":"summary_large_image","twitter_creator":"@justiceinfonet","twitter_site":"@justiceinfonet","twitter_misc":{"\u00c9crit par":"Claire Bargel\u00e8s","Dur\u00e9e de lecture estim\u00e9e":"4 minutes"},"schema":{"@context":"https:\/\/schema.org","@graph":[{"@type":"NewsArticle","@id":"https:\/\/www.justiceinfo.net\/fr\/39235-quel-modele-pour-la-commission-verite-gambienne.html#article","isPartOf":{"@id":"https:\/\/www.justiceinfo.net\/fr\/39235-quel-modele-pour-la-commission-verite-gambienne.html"},"author":{"name":"solivri","@id":"https:\/\/www.justiceinfo.net\/fr#\/schema\/person\/6e53cba1629e2e66f3fc1821d3091865"},"headline":"Quel mod\u00e8le pour la Commission v\u00e9rit\u00e9 gambienne ?","datePublished":"2018-10-15T05:40:41+00:00","mainEntityOfPage":{"@id":"https:\/\/www.justiceinfo.net\/fr\/39235-quel-modele-pour-la-commission-verite-gambienne.html"},"wordCount":885,"commentCount":0,"publisher":{"@id":"https:\/\/www.justiceinfo.net\/fr#organization"},"image":{"@id":"https:\/\/www.justiceinfo.net\/fr\/39235-quel-modele-pour-la-commission-verite-gambienne.html#primaryimage"},"thumbnailUrl":"https:\/\/www.justiceinfo.net\/wp-content\/uploads\/ae09065ee05c8d979d8265a2e572bc05.jpg","articleSection":["Commissions v\u00e9rit\u00e9"],"inLanguage":"fr-FR","potentialAction":[{"@type":"CommentAction","name":"Comment","target":["https:\/\/www.justiceinfo.net\/fr\/39235-quel-modele-pour-la-commission-verite-gambienne.html#respond"]}]},{"@type":"WebPage","@id":"https:\/\/www.justiceinfo.net\/fr\/39235-quel-modele-pour-la-commission-verite-gambienne.html","url":"https:\/\/www.justiceinfo.net\/fr\/39235-quel-modele-pour-la-commission-verite-gambienne.html","name":"Quel mod\u00e8le pour la Commission v\u00e9rit\u00e9 gambienne ? - JusticeInfo.net","isPartOf":{"@id":"https:\/\/www.justiceinfo.net\/fr#website"},"primaryImageOfPage":{"@id":"https:\/\/www.justiceinfo.net\/fr\/39235-quel-modele-pour-la-commission-verite-gambienne.html#primaryimage"},"image":{"@id":"https:\/\/www.justiceinfo.net\/fr\/39235-quel-modele-pour-la-commission-verite-gambienne.html#primaryimage"},"thumbnailUrl":"https:\/\/www.justiceinfo.net\/wp-content\/uploads\/ae09065ee05c8d979d8265a2e572bc05.jpg","datePublished":"2018-10-15T05:40:41+00:00","breadcrumb":{"@id":"https:\/\/www.justiceinfo.net\/fr\/39235-quel-modele-pour-la-commission-verite-gambienne.html#breadcrumb"},"inLanguage":"fr-FR","potentialAction":[{"@type":"ReadAction","target":["https:\/\/www.justiceinfo.net\/fr\/39235-quel-modele-pour-la-commission-verite-gambienne.html"]}]},{"@type":"ImageObject","inLanguage":"fr-FR","@id":"https:\/\/www.justiceinfo.net\/fr\/39235-quel-modele-pour-la-commission-verite-gambienne.html#primaryimage","url":"https:\/\/www.justiceinfo.net\/wp-content\/uploads\/ae09065ee05c8d979d8265a2e572bc05.jpg","contentUrl":"https:\/\/www.justiceinfo.net\/wp-content\/uploads\/ae09065ee05c8d979d8265a2e572bc05.jpg","width":900,"height":623},{"@type":"BreadcrumbList","@id":"https:\/\/www.justiceinfo.net\/fr\/39235-quel-modele-pour-la-commission-verite-gambienne.html#breadcrumb","itemListElement":[{"@type":"ListItem","position":1,"name":"Home","item":"https:\/\/www.justiceinfo.net\/fr"},{"@type":"ListItem","position":2,"name":"Quel mod\u00e8le pour la Commission v\u00e9rit\u00e9 gambienne ?"}]},{"@type":"WebSite","@id":"https:\/\/www.justiceinfo.net\/fr#website","url":"https:\/\/www.justiceinfo.net\/fr","name":"JusticeInfo.net","description":"La justice doit \u00eatre vue pour \u00eatre rendue","publisher":{"@id":"https:\/\/www.justiceinfo.net\/fr#organization"},"potentialAction":[{"@type":"SearchAction","target":{"@type":"EntryPoint","urlTemplate":"https:\/\/www.justiceinfo.net\/fr?s={search_term_string}"},"query-input":{"@type":"PropertyValueSpecification","valueRequired":true,"valueName":"search_term_string"}}],"inLanguage":"fr-FR"},{"@type":"Organization","@id":"https:\/\/www.justiceinfo.net\/fr#organization","name":"Justice Info","url":"https:\/\/www.justiceinfo.net\/fr","logo":{"@type":"ImageObject","inLanguage":"fr-FR","@id":"https:\/\/www.justiceinfo.net\/fr#\/schema\/logo\/image\/","url":"https:\/\/www.justiceinfo.net\/wp-content\/uploads\/justiceinfo_logo-trans_1200x1200px.png","contentUrl":"https:\/\/www.justiceinfo.net\/wp-content\/uploads\/justiceinfo_logo-trans_1200x1200px.png","width":1199,"height":1200,"caption":"Justice Info"},"image":{"@id":"https:\/\/www.justiceinfo.net\/fr#\/schema\/logo\/image\/"},"sameAs":["https:\/\/www.facebook.com\/JusticeInfo\/","https:\/\/x.com\/justiceinfonet","https:\/\/www.linkedin.com\/company\/justice-info","https:\/\/www.youtube.com\/channel\/UCyCEsARodyuWtkWyhn-e7pA"]},{"@type":"Person","name":"Claire Bargel\u00e8s","url":"\/fr\/?s=Claire Bargel\u00e8s"}]}},"_links":{"self":[{"href":"https:\/\/www.justiceinfo.net\/fr\/wp-json\/wp\/v2\/posts\/39235","targetHints":{"allow":["GET"]}}],"collection":[{"href":"https:\/\/www.justiceinfo.net\/fr\/wp-json\/wp\/v2\/posts"}],"about":[{"href":"https:\/\/www.justiceinfo.net\/fr\/wp-json\/wp\/v2\/types\/post"}],"author":[{"embeddable":true,"href":"https:\/\/www.justiceinfo.net\/fr\/wp-json\/wp\/v2\/users\/64"}],"replies":[{"embeddable":true,"href":"https:\/\/www.justiceinfo.net\/fr\/wp-json\/wp\/v2\/comments?post=39235"}],"version-history":[{"count":0,"href":"https:\/\/www.justiceinfo.net\/fr\/wp-json\/wp\/v2\/posts\/39235\/revisions"}],"wp:featuredmedia":[{"embeddable":true,"href":"https:\/\/www.justiceinfo.net\/fr\/wp-json\/wp\/v2\/media\/65279"}],"wp:attachment":[{"href":"https:\/\/www.justiceinfo.net\/fr\/wp-json\/wp\/v2\/media?parent=39235"}],"wp:term":[{"taxonomy":"category","embeddable":true,"href":"https:\/\/www.justiceinfo.net\/fr\/wp-json\/wp\/v2\/categories?post=39235"},{"taxonomy":"post_tag","embeddable":true,"href":"https:\/\/www.justiceinfo.net\/fr\/wp-json\/wp\/v2\/tags?post=39235"},{"taxonomy":"ji_location","embeddable":true,"href":"https:\/\/www.justiceinfo.net\/fr\/wp-json\/wp\/v2\/ji_location?post=39235"}],"curies":[{"name":"wp","href":"https:\/\/api.w.org\/{rel}","templated":true}]}}