{"id":3929,"date":"2008-06-03T15:11:47","date_gmt":"2008-06-03T13:11:47","guid":{"rendered":"https:\/\/www.justiceinfo.net\/3929-020608-tpirnsengimana-un-troisieme-pretre-catholique-se-defend-devant-le-tpir719.html"},"modified":"2008-06-03T15:11:47","modified_gmt":"2008-06-03T13:11:47","slug":"020608-tpirnsengimana-un-troisieme-pretre-catholique-se-defend-devant-le-tpir719","status":"publish","type":"post","link":"https:\/\/www.justiceinfo.net\/fr\/3929-020608-tpirnsengimana-un-troisieme-pretre-catholique-se-defend-devant-le-tpir719.html","title":{"rendered":"02.06.08 - TPIR\/NSENGIMANA - UN TROISIEME PRETRE CATHOLIQUE SE DEFEND DEVANT LE TPIR"},"content":{"rendered":"<p  >\nArusha, 2 juin 2008 (FH) \u2013 L\u2019abb\u00e9 Hormisdas Nsengimana, troisi\u00e8me pr\u00eatre catholique \u00e0 compara\u00eetre devant le Tribunal p\u00e9nal international pour le Rwanda (TPIR), a entam\u00e9 sa d\u00e9fense lundi, a constat\u00e9 l\u2019agence Hirondelle.  <\/p>\n<p>Directeur du coll\u00e8ge Christ-Roi de Nyanza (sud) en 1994, l\u2019homme d\u2019\u00e9glise, 54 ans, est accus\u00e9 de g\u00e9nocide, assassinat et extermination, des crimes pour  lesquels il plaide non coupable.\n<\/p>\n<p><!--more--><\/p>\n<p  >\nEn ouvrant cette phase du proc\u00e8s, le conseil principal de la d\u00e9fense, Emmanuel Altit, a d\u00e9clar\u00e9 que la mise en accusation du pr\u00eatre visait \u00e0 \u00ab mettre en cause l\u2019\u00e9glise (catholique) en tant qu\u2019institution \u00bb. <\/p>\n<p>L\u2019objectif de l\u2019inculpation est, selon l\u2019avocat fran\u00e7ais, de \u00ab faire tomber cet homme, promis aux hautes destin\u00e9es de l\u2019\u00e9glise \u00bb. \"C'est un homme brillant, intelligent, attentif aux autres\" a-t-il dit. <\/p>\n<p>Me Altit a soutenu que son client \u00e9tait \u00ab un pr\u00eatre b\u00e9n\u00e9ficiant d\u2019une aura \u00bb et qui avait la confiance de son \u00e9v\u00eaque tutsi, Mgr Jean Baptiste Gahamanyi. <\/p>\n<p>\u00ab Le d\u00e9fense ne nie pas le g\u00e9nocide mais le P\u00e8re Hormisdas n\u2019a rien \u00e0 voir tout cela \u00bb, a affirm\u00e9 le d\u00e9fenseur reprochant au procureur de ne pas avoir \u00ab agi avec plus de discernement \u00bb. \u00ab Il convient de mettre un terme \u00e0 toutes ces ann\u00e9es de cauchemars qu\u2019aura v\u00e9cues Hormisdas Nsengimana \u00bb, a conclu Me Altit avant de citer le premier t\u00e9moin \u00e0 d\u00e9charge. <\/p>\n<p>Selon le procureur, l\u2019abb\u00e9 a non seulement ordonn\u00e9 des massacres mais tu\u00e9 en personne un vieux pr\u00eatre tutsi, Mathieu Ngirumpatse et plusieurs femmes tutsies. \u00ab Hormisdas Nsengimana \u00e9tait connu pour sa haine des Tutsis et des pr\u00eatres tutsis qui vivaient au coll\u00e8ge Christ-Roi \u00bb, soutient l\u2019acte d\u2019accusation. <\/p>\n<p>Cette all\u00e9gation a \u00e9t\u00e9 r\u00e9fut\u00e9e par le premier t\u00e9moin de la d\u00e9fense, un ancien \u00e9l\u00e8ve hutu du coll\u00e8ge Christ \u2013 Roi qui a affirm\u00e9 que l\u2019accus\u00e9 traitait tout le monde de la m\u00eame fa\u00e7on, sans tenir compte de l\u2019appartenance ethnique ou r\u00e9gionale. <\/p>\n<p>\u00ab C\u2019\u00e9tait un tr\u00e8s bon directeur, tr\u00e8s respect\u00e9 de ses \u00e9l\u00e8ves, un tr\u00e8s bon professeur de latin \u00bb, a ajout\u00e9 ce t\u00e9moin d\u00e9sign\u00e9 par le nom de code EMR-33 pour pr\u00e9server son anonymat. <\/p>\n<p>L\u2019ancien directeur du coll\u00e8ge Christ-Roi a \u00e9t\u00e9 arr\u00eat\u00e9 au Cameroun le 21 mars 2002 et son proc\u00e8s s\u2019est ouvert le 22 juin 2007. <\/p>\n<p>Nsengimana fait partie des trois pr\u00eatres d\u00e9tenus par le TPIR. Le premier d\u2019entre eux \u00e0 avoir comparu, Athanase Seromba, un ancien vicaire de campagne, a \u00e9t\u00e9 condamn\u00e9 \u00e0 la prison \u00e0 vie en appel le 12 mars dernier alors qu\u2019il s\u2019\u00e9tait vu infliger 15 ans d\u2019emprisonnement au premier degr\u00e9. <\/p>\n<p>Le deuxi\u00e8me, Emmanuel Rukundo, un ancien aum\u00f4nier militaire dans le nord du Rwanda, attend son jugement. Le procureur a requis la perp\u00e9tuit\u00e9 contre lui le 20 f\u00e9vrier dernier. <\/p>\n<p>Le dernier pr\u00eatre catholique inculp\u00e9 par le TPIR, Wenceslas Munyeshyaka, sera jug\u00e9 \u00e0 Parsi, le tribunal des Nations Unies s\u2019\u00e9tant dessaisi du dossier au profit de la justice fran\u00e7aise. <\/p>\n<p>ER\/PB\/GF<\/p>\n","protected":false},"excerpt":{"rendered":"<p>Arusha, 2 juin 2008 (FH) \u2013 L\u2019abb\u00e9 Hormisdas Nsengimana, troisi\u00e8me pr\u00eatre catholique \u00e0 compara\u00eetre devant le Tribunal p\u00e9nal international pour le Rwanda (TPIR), a entam\u00e9 sa d\u00e9fense lundi, a constat\u00e9 l\u2019agence Hirondelle. Directeur du coll\u00e8ge Christ-Roi de Nyanza (sud) en 1994, l\u2019homme d\u2019\u00e9glise, 54 ans, est accus\u00e9 de g\u00e9nocide, assassinat et extermination, des crimes pour [&hellip;]<\/p>\n","protected":false},"author":64,"featured_media":0,"comment_status":"open","ping_status":"closed","sticky":false,"template":"","format":"standard","meta":{"_acf_changed":false,"footnotes":""},"categories":[554],"tags":[],"ji_location":[],"class_list":["post-3929","post","type-post","status-publish","format-standard","hentry","category-hirondellenews"],"acf":[],"yoast_head":"<!-- This site is optimized with the Yoast SEO Premium plugin v25.3.1 (Yoast SEO v25.3.1) - https:\/\/yoast.com\/wordpress\/plugins\/seo\/ -->\n<title>02.06.08 - TPIR\/NSENGIMANA - UN TROISIEME PRETRE CATHOLIQUE SE DEFEND DEVANT LE TPIR - JusticeInfo.net<\/title>\n<meta name=\"robots\" content=\"index, follow, max-snippet:-1, max-image-preview:large, max-video-preview:-1\" \/>\n<link rel=\"canonical\" href=\"https:\/\/www.justiceinfo.net\/fr\/3929-020608-tpirnsengimana-un-troisieme-pretre-catholique-se-defend-devant-le-tpir719.html\" \/>\n<meta property=\"og:locale\" content=\"fr_FR\" \/>\n<meta property=\"og:type\" content=\"article\" \/>\n<meta property=\"og:title\" content=\"02.06.08 - TPIR\/NSENGIMANA - UN TROISIEME PRETRE CATHOLIQUE SE DEFEND DEVANT LE TPIR\" \/>\n<meta property=\"og:description\" content=\"Arusha, 2 juin 2008 (FH) \u2013 L\u2019abb\u00e9 Hormisdas Nsengimana, troisi\u00e8me pr\u00eatre catholique \u00e0 compara\u00eetre devant le Tribunal p\u00e9nal international pour le Rwanda (TPIR), a entam\u00e9 sa d\u00e9fense lundi, a constat\u00e9 l\u2019agence Hirondelle. Directeur du coll\u00e8ge Christ-Roi de Nyanza (sud) en 1994, l\u2019homme d\u2019\u00e9glise, 54 ans, est accus\u00e9 de g\u00e9nocide, assassinat et extermination, des crimes pour [&hellip;]\" \/>\n<meta property=\"og:url\" content=\"https:\/\/www.justiceinfo.net\/fr\/3929-020608-tpirnsengimana-un-troisieme-pretre-catholique-se-defend-devant-le-tpir719.html\" \/>\n<meta property=\"og:site_name\" content=\"JusticeInfo.net\" \/>\n<meta property=\"article:publisher\" content=\"https:\/\/www.facebook.com\/JusticeInfo\/\" \/>\n<meta property=\"article:published_time\" content=\"2008-06-03T13:11:47+00:00\" \/>\n<meta property=\"og:image\" content=\"https:\/\/www.justiceinfo.net\/wp-content\/uploads\/JusticeInfoNet_logo_1200x630px.jpg\" \/>\n\t<meta property=\"og:image:width\" content=\"1200\" \/>\n\t<meta property=\"og:image:height\" content=\"630\" \/>\n\t<meta property=\"og:image:type\" content=\"image\/jpeg\" \/>\n<meta name=\"author\" content=\"solivri\" \/>\n<meta name=\"twitter:card\" content=\"summary_large_image\" \/>\n<meta name=\"twitter:creator\" content=\"@justiceinfonet\" \/>\n<meta name=\"twitter:site\" content=\"@justiceinfonet\" \/>\n<meta name=\"twitter:label1\" content=\"\u00c9crit par\" \/>\n\t<meta name=\"twitter:data1\" content=\"solivri\" \/>\n\t<meta name=\"twitter:label2\" content=\"Dur\u00e9e de lecture estim\u00e9e\" \/>\n\t<meta name=\"twitter:data2\" content=\"3 minutes\" \/>\n<script type=\"application\/ld+json\" class=\"yoast-schema-graph\">{\"@context\":\"https:\/\/schema.org\",\"@graph\":[{\"@type\":\"NewsArticle\",\"@id\":\"https:\/\/www.justiceinfo.net\/fr\/3929-020608-tpirnsengimana-un-troisieme-pretre-catholique-se-defend-devant-le-tpir719.html#article\",\"isPartOf\":{\"@id\":\"https:\/\/www.justiceinfo.net\/fr\/3929-020608-tpirnsengimana-un-troisieme-pretre-catholique-se-defend-devant-le-tpir719.html\"},\"author\":{\"name\":\"solivri\",\"@id\":\"https:\/\/www.justiceinfo.net\/fr#\/schema\/person\/6e53cba1629e2e66f3fc1821d3091865\"},\"headline\":\"02.06.08 - TPIR\/NSENGIMANA - UN TROISIEME PRETRE CATHOLIQUE SE DEFEND DEVANT LE TPIR\",\"datePublished\":\"2008-06-03T13:11:47+00:00\",\"mainEntityOfPage\":{\"@id\":\"https:\/\/www.justiceinfo.net\/fr\/3929-020608-tpirnsengimana-un-troisieme-pretre-catholique-se-defend-devant-le-tpir719.html\"},\"wordCount\":532,\"commentCount\":0,\"publisher\":{\"@id\":\"https:\/\/www.justiceinfo.net\/fr#organization\"},\"articleSection\":[\"Hirondelle News\"],\"inLanguage\":\"fr-FR\",\"potentialAction\":[{\"@type\":\"CommentAction\",\"name\":\"Comment\",\"target\":[\"https:\/\/www.justiceinfo.net\/fr\/3929-020608-tpirnsengimana-un-troisieme-pretre-catholique-se-defend-devant-le-tpir719.html#respond\"]}]},{\"@type\":\"WebPage\",\"@id\":\"https:\/\/www.justiceinfo.net\/fr\/3929-020608-tpirnsengimana-un-troisieme-pretre-catholique-se-defend-devant-le-tpir719.html\",\"url\":\"https:\/\/www.justiceinfo.net\/fr\/3929-020608-tpirnsengimana-un-troisieme-pretre-catholique-se-defend-devant-le-tpir719.html\",\"name\":\"02.06.08 - TPIR\/NSENGIMANA - UN TROISIEME PRETRE CATHOLIQUE SE DEFEND DEVANT LE TPIR - JusticeInfo.net\",\"isPartOf\":{\"@id\":\"https:\/\/www.justiceinfo.net\/fr#website\"},\"datePublished\":\"2008-06-03T13:11:47+00:00\",\"breadcrumb\":{\"@id\":\"https:\/\/www.justiceinfo.net\/fr\/3929-020608-tpirnsengimana-un-troisieme-pretre-catholique-se-defend-devant-le-tpir719.html#breadcrumb\"},\"inLanguage\":\"fr-FR\",\"potentialAction\":[{\"@type\":\"ReadAction\",\"target\":[\"https:\/\/www.justiceinfo.net\/fr\/3929-020608-tpirnsengimana-un-troisieme-pretre-catholique-se-defend-devant-le-tpir719.html\"]}]},{\"@type\":\"BreadcrumbList\",\"@id\":\"https:\/\/www.justiceinfo.net\/fr\/3929-020608-tpirnsengimana-un-troisieme-pretre-catholique-se-defend-devant-le-tpir719.html#breadcrumb\",\"itemListElement\":[{\"@type\":\"ListItem\",\"position\":1,\"name\":\"Home\",\"item\":\"https:\/\/www.justiceinfo.net\/fr\"},{\"@type\":\"ListItem\",\"position\":2,\"name\":\"02.06.08 - TPIR\/NSENGIMANA - UN TROISIEME PRETRE CATHOLIQUE SE DEFEND DEVANT LE TPIR\"}]},{\"@type\":\"WebSite\",\"@id\":\"https:\/\/www.justiceinfo.net\/fr#website\",\"url\":\"https:\/\/www.justiceinfo.net\/fr\",\"name\":\"JusticeInfo.net\",\"description\":\"La justice doit \u00eatre vue pour \u00eatre rendue\",\"publisher\":{\"@id\":\"https:\/\/www.justiceinfo.net\/fr#organization\"},\"potentialAction\":[{\"@type\":\"SearchAction\",\"target\":{\"@type\":\"EntryPoint\",\"urlTemplate\":\"https:\/\/www.justiceinfo.net\/fr?s={search_term_string}\"},\"query-input\":{\"@type\":\"PropertyValueSpecification\",\"valueRequired\":true,\"valueName\":\"search_term_string\"}}],\"inLanguage\":\"fr-FR\"},{\"@type\":\"Organization\",\"@id\":\"https:\/\/www.justiceinfo.net\/fr#organization\",\"name\":\"Justice Info\",\"url\":\"https:\/\/www.justiceinfo.net\/fr\",\"logo\":{\"@type\":\"ImageObject\",\"inLanguage\":\"fr-FR\",\"@id\":\"https:\/\/www.justiceinfo.net\/fr#\/schema\/logo\/image\/\",\"url\":\"https:\/\/www.justiceinfo.net\/wp-content\/uploads\/justiceinfo_logo-trans_1200x1200px.png\",\"contentUrl\":\"https:\/\/www.justiceinfo.net\/wp-content\/uploads\/justiceinfo_logo-trans_1200x1200px.png\",\"width\":1199,\"height\":1200,\"caption\":\"Justice Info\"},\"image\":{\"@id\":\"https:\/\/www.justiceinfo.net\/fr#\/schema\/logo\/image\/\"},\"sameAs\":[\"https:\/\/www.facebook.com\/JusticeInfo\/\",\"https:\/\/x.com\/justiceinfonet\",\"https:\/\/www.linkedin.com\/company\/justice-info\",\"https:\/\/www.youtube.com\/channel\/UCyCEsARodyuWtkWyhn-e7pA\"]},{\"@type\":\"Person\",\"name\":\"solivri\",\"url\":\"\/fr\/?s=solivri\"}]}<\/script>\n<!-- \/ Yoast SEO Premium plugin. -->","yoast_head_json":{"title":"02.06.08 - TPIR\/NSENGIMANA - UN TROISIEME PRETRE CATHOLIQUE SE DEFEND DEVANT LE TPIR - JusticeInfo.net","robots":{"index":"index","follow":"follow","max-snippet":"max-snippet:-1","max-image-preview":"max-image-preview:large","max-video-preview":"max-video-preview:-1"},"canonical":"https:\/\/www.justiceinfo.net\/fr\/3929-020608-tpirnsengimana-un-troisieme-pretre-catholique-se-defend-devant-le-tpir719.html","og_locale":"fr_FR","og_type":"article","og_title":"02.06.08 - TPIR\/NSENGIMANA - UN TROISIEME PRETRE CATHOLIQUE SE DEFEND DEVANT LE TPIR","og_description":"Arusha, 2 juin 2008 (FH) \u2013 L\u2019abb\u00e9 Hormisdas Nsengimana, troisi\u00e8me pr\u00eatre catholique \u00e0 compara\u00eetre devant le Tribunal p\u00e9nal international pour le Rwanda (TPIR), a entam\u00e9 sa d\u00e9fense lundi, a constat\u00e9 l\u2019agence Hirondelle. Directeur du coll\u00e8ge Christ-Roi de Nyanza (sud) en 1994, l\u2019homme d\u2019\u00e9glise, 54 ans, est accus\u00e9 de g\u00e9nocide, assassinat et extermination, des crimes pour [&hellip;]","og_url":"https:\/\/www.justiceinfo.net\/fr\/3929-020608-tpirnsengimana-un-troisieme-pretre-catholique-se-defend-devant-le-tpir719.html","og_site_name":"JusticeInfo.net","article_publisher":"https:\/\/www.facebook.com\/JusticeInfo\/","article_published_time":"2008-06-03T13:11:47+00:00","og_image":[{"width":1200,"height":630,"url":"https:\/\/www.justiceinfo.net\/wp-content\/uploads\/JusticeInfoNet_logo_1200x630px.jpg","type":"image\/jpeg"}],"author":"solivri","twitter_card":"summary_large_image","twitter_creator":"@justiceinfonet","twitter_site":"@justiceinfonet","twitter_misc":{"\u00c9crit par":"solivri","Dur\u00e9e de lecture estim\u00e9e":"3 minutes"},"schema":{"@context":"https:\/\/schema.org","@graph":[{"@type":"NewsArticle","@id":"https:\/\/www.justiceinfo.net\/fr\/3929-020608-tpirnsengimana-un-troisieme-pretre-catholique-se-defend-devant-le-tpir719.html#article","isPartOf":{"@id":"https:\/\/www.justiceinfo.net\/fr\/3929-020608-tpirnsengimana-un-troisieme-pretre-catholique-se-defend-devant-le-tpir719.html"},"author":{"name":"solivri","@id":"https:\/\/www.justiceinfo.net\/fr#\/schema\/person\/6e53cba1629e2e66f3fc1821d3091865"},"headline":"02.06.08 - TPIR\/NSENGIMANA - UN TROISIEME PRETRE CATHOLIQUE SE DEFEND DEVANT LE TPIR","datePublished":"2008-06-03T13:11:47+00:00","mainEntityOfPage":{"@id":"https:\/\/www.justiceinfo.net\/fr\/3929-020608-tpirnsengimana-un-troisieme-pretre-catholique-se-defend-devant-le-tpir719.html"},"wordCount":532,"commentCount":0,"publisher":{"@id":"https:\/\/www.justiceinfo.net\/fr#organization"},"articleSection":["Hirondelle News"],"inLanguage":"fr-FR","potentialAction":[{"@type":"CommentAction","name":"Comment","target":["https:\/\/www.justiceinfo.net\/fr\/3929-020608-tpirnsengimana-un-troisieme-pretre-catholique-se-defend-devant-le-tpir719.html#respond"]}]},{"@type":"WebPage","@id":"https:\/\/www.justiceinfo.net\/fr\/3929-020608-tpirnsengimana-un-troisieme-pretre-catholique-se-defend-devant-le-tpir719.html","url":"https:\/\/www.justiceinfo.net\/fr\/3929-020608-tpirnsengimana-un-troisieme-pretre-catholique-se-defend-devant-le-tpir719.html","name":"02.06.08 - TPIR\/NSENGIMANA - UN TROISIEME PRETRE CATHOLIQUE SE DEFEND DEVANT LE TPIR - JusticeInfo.net","isPartOf":{"@id":"https:\/\/www.justiceinfo.net\/fr#website"},"datePublished":"2008-06-03T13:11:47+00:00","breadcrumb":{"@id":"https:\/\/www.justiceinfo.net\/fr\/3929-020608-tpirnsengimana-un-troisieme-pretre-catholique-se-defend-devant-le-tpir719.html#breadcrumb"},"inLanguage":"fr-FR","potentialAction":[{"@type":"ReadAction","target":["https:\/\/www.justiceinfo.net\/fr\/3929-020608-tpirnsengimana-un-troisieme-pretre-catholique-se-defend-devant-le-tpir719.html"]}]},{"@type":"BreadcrumbList","@id":"https:\/\/www.justiceinfo.net\/fr\/3929-020608-tpirnsengimana-un-troisieme-pretre-catholique-se-defend-devant-le-tpir719.html#breadcrumb","itemListElement":[{"@type":"ListItem","position":1,"name":"Home","item":"https:\/\/www.justiceinfo.net\/fr"},{"@type":"ListItem","position":2,"name":"02.06.08 - TPIR\/NSENGIMANA - UN TROISIEME PRETRE CATHOLIQUE SE DEFEND DEVANT LE TPIR"}]},{"@type":"WebSite","@id":"https:\/\/www.justiceinfo.net\/fr#website","url":"https:\/\/www.justiceinfo.net\/fr","name":"JusticeInfo.net","description":"La justice doit \u00eatre vue pour \u00eatre rendue","publisher":{"@id":"https:\/\/www.justiceinfo.net\/fr#organization"},"potentialAction":[{"@type":"SearchAction","target":{"@type":"EntryPoint","urlTemplate":"https:\/\/www.justiceinfo.net\/fr?s={search_term_string}"},"query-input":{"@type":"PropertyValueSpecification","valueRequired":true,"valueName":"search_term_string"}}],"inLanguage":"fr-FR"},{"@type":"Organization","@id":"https:\/\/www.justiceinfo.net\/fr#organization","name":"Justice Info","url":"https:\/\/www.justiceinfo.net\/fr","logo":{"@type":"ImageObject","inLanguage":"fr-FR","@id":"https:\/\/www.justiceinfo.net\/fr#\/schema\/logo\/image\/","url":"https:\/\/www.justiceinfo.net\/wp-content\/uploads\/justiceinfo_logo-trans_1200x1200px.png","contentUrl":"https:\/\/www.justiceinfo.net\/wp-content\/uploads\/justiceinfo_logo-trans_1200x1200px.png","width":1199,"height":1200,"caption":"Justice Info"},"image":{"@id":"https:\/\/www.justiceinfo.net\/fr#\/schema\/logo\/image\/"},"sameAs":["https:\/\/www.facebook.com\/JusticeInfo\/","https:\/\/x.com\/justiceinfonet","https:\/\/www.linkedin.com\/company\/justice-info","https:\/\/www.youtube.com\/channel\/UCyCEsARodyuWtkWyhn-e7pA"]},{"@type":"Person","name":"solivri","url":"\/fr\/?s=solivri"}]}},"_links":{"self":[{"href":"https:\/\/www.justiceinfo.net\/fr\/wp-json\/wp\/v2\/posts\/3929","targetHints":{"allow":["GET"]}}],"collection":[{"href":"https:\/\/www.justiceinfo.net\/fr\/wp-json\/wp\/v2\/posts"}],"about":[{"href":"https:\/\/www.justiceinfo.net\/fr\/wp-json\/wp\/v2\/types\/post"}],"author":[{"embeddable":true,"href":"https:\/\/www.justiceinfo.net\/fr\/wp-json\/wp\/v2\/users\/64"}],"replies":[{"embeddable":true,"href":"https:\/\/www.justiceinfo.net\/fr\/wp-json\/wp\/v2\/comments?post=3929"}],"version-history":[{"count":0,"href":"https:\/\/www.justiceinfo.net\/fr\/wp-json\/wp\/v2\/posts\/3929\/revisions"}],"wp:attachment":[{"href":"https:\/\/www.justiceinfo.net\/fr\/wp-json\/wp\/v2\/media?parent=3929"}],"wp:term":[{"taxonomy":"category","embeddable":true,"href":"https:\/\/www.justiceinfo.net\/fr\/wp-json\/wp\/v2\/categories?post=3929"},{"taxonomy":"post_tag","embeddable":true,"href":"https:\/\/www.justiceinfo.net\/fr\/wp-json\/wp\/v2\/tags?post=3929"},{"taxonomy":"ji_location","embeddable":true,"href":"https:\/\/www.justiceinfo.net\/fr\/wp-json\/wp\/v2\/ji_location?post=3929"}],"curies":[{"name":"wp","href":"https:\/\/api.w.org\/{rel}","templated":true}]}}