{"id":3953,"date":"2008-06-13T07:37:17","date_gmt":"2008-06-13T05:37:17","guid":{"rendered":"https:\/\/www.justiceinfo.net\/3953-120608-tpirtransferts-le-procureur-du-tpir-fait-appel-sur-le-rejet-de-transferts-vers-le-rwan743.html"},"modified":"2008-06-13T07:37:17","modified_gmt":"2008-06-13T05:37:17","slug":"120608-tpirtransferts-le-procureur-du-tpir-fait-appel-sur-le-rejet-de-transferts-vers-le-rwan743","status":"publish","type":"post","link":"https:\/\/www.justiceinfo.net\/fr\/3953-120608-tpirtransferts-le-procureur-du-tpir-fait-appel-sur-le-rejet-de-transferts-vers-le-rwan743.html","title":{"rendered":"12.06.08 - TPIR\/TRANSFERTS - LE PROCUREUR DU TPIR FAIT APPEL SUR LE REJET DE TRANSFERTS VERS LE RWAN"},"content":{"rendered":"<p  >\nArusha, 12 juin 2008 (FH) -  Le procureur du Tribunal p\u00e9nal international pour le Rwanda (TPIR), M.  Hassan Jallow, a fait appel contre la d\u00e9cision d\u2019une chambre du tribunal de rejeter sa requ\u00eate visant \u00e0 transf\u00e9rer un accus\u00e9, M.\n<\/p>\n<p><!--more--><\/p>\n<p  >\nYussuf Munyakazi, devant la justice rwandaise. <\/p>\n<p>\u00ab Nous avons d\u00e9pos\u00e9 l\u2019appel aujourd\u2019hui \u00bb a-t-il expliqu\u00e9 lors d\u2019une conf\u00e9rence de presse une semaine avant la date limite pour ce faire. Il a \u00e9galement annonc\u00e9 qu\u2019il ferait appel apr\u00e8s le rejet de sa requ\u00eate semblable \u00e0 propos de Gaspard Kanyarukiga. Une autre chambre du tribunal a \u00e9galement rejet\u00e9 cette requ\u00eate vendredi dernier. <\/p>\n<p>La premi\u00e8re d\u00e9cision avait \u00e9t\u00e9 justifi\u00e9e par la crainte que l\u2019accus\u00e9 ne b\u00e9n\u00e9ficie pas d\u2019un proc\u00e8s \u00e9quitable. Dans la seconde d\u00e9cision les trois juges ont ajout\u00e9 que l\u2019accus\u00e9 ne pourrait pas appeler pour sa d\u00e9fense des t\u00e9moins r\u00e9sidant hors du Rwanda \u00ab afin de lui assurer un proc\u00e8s \u00e9quitable \u00bb. Ils ont \u00e9galement dit leurs craintes qu\u2019en cas de condamnation \u00e0 perp\u00e9tuit\u00e9, l\u2019accus\u00e9 ne soit contraint \u00e0 purger sa peine dans l\u2019isolement. <\/p>\n<p>Trois autres requ\u00eates sont encore en cours d\u2019examen, dont deux entre les mains des m\u00eames chambres. Elles concernent l\u2019ancien commandant du camp de Ngoma (sud), le lieutenant Idelphonse Hategekimana, l\u2019ancien maire, Jean baptiste Gatete, et l\u2019ancien inspecteur de police, Fulgence Kayishema. Ce dernier est en fuite, les quatre autres sont d\u00e9tenus au centre de d\u00e9tention des Nations Unies \u00e0 Arusha. <\/p>\n<p>Ces demandes de transferts entrent dans le cadre de la strat\u00e9gie d\u2019ach\u00e8vement du TPIR qui aurait du avoir termin\u00e9 ses proc\u00e8s en premi\u00e8re instance \u00e0 la fin de cette ann\u00e9e et qui vient de demander une prolongation d\u2019un an au Conseil de s\u00e9curit\u00e9. <\/p>\n<p>Interrog\u00e9 sur d\u2019\u00e9ventuels nouveaux d\u00e9lais en cas de refus d\u00e9finitif de transfert d\u2019accus\u00e9s vers le Rwanda le procureur a expliqu\u00e9 qu\u2019il retournerait devant le Conseil de s\u00e9curit\u00e9 exposer ses difficult\u00e9s. <\/p>\n<p>Depuis sa cr\u00e9ation le tribunal a jug\u00e9 35 personnes et 28 sont en cours de jugement. Huit accus\u00e9s attendent encore d\u2019\u00eatre jug\u00e9s et un attend d\u2019\u00eatre transf\u00e9r\u00e9 depuis l\u2019Allemagne. Treize accus\u00e9s sont encore en fuite. <\/p>\n<p>SC\/PB\/GF<\/p>\n","protected":false},"excerpt":{"rendered":"<p>Arusha, 12 juin 2008 (FH) - Le procureur du Tribunal p\u00e9nal international pour le Rwanda (TPIR), M. Hassan Jallow, a fait appel contre la d\u00e9cision d\u2019une chambre du tribunal de rejeter sa requ\u00eate visant \u00e0 transf\u00e9rer un accus\u00e9, M.<\/p>\n","protected":false},"author":64,"featured_media":0,"comment_status":"open","ping_status":"closed","sticky":false,"template":"","format":"standard","meta":{"_acf_changed":false,"footnotes":""},"categories":[554],"tags":[],"ji_location":[],"class_list":["post-3953","post","type-post","status-publish","format-standard","hentry","category-hirondellenews"],"acf":[],"yoast_head":"<!-- This site is optimized with the Yoast SEO Premium plugin v25.3.1 (Yoast SEO v25.3.1) - https:\/\/yoast.com\/wordpress\/plugins\/seo\/ -->\n<title>12.06.08 - TPIR\/TRANSFERTS - LE PROCUREUR DU TPIR FAIT APPEL SUR LE REJET DE TRANSFERTS VERS LE RWAN - JusticeInfo.net<\/title>\n<meta name=\"robots\" content=\"index, follow, max-snippet:-1, max-image-preview:large, max-video-preview:-1\" \/>\n<link rel=\"canonical\" href=\"https:\/\/www.justiceinfo.net\/fr\/3953-120608-tpirtransferts-le-procureur-du-tpir-fait-appel-sur-le-rejet-de-transferts-vers-le-rwan743.html\" \/>\n<meta property=\"og:locale\" content=\"fr_FR\" \/>\n<meta property=\"og:type\" content=\"article\" \/>\n<meta property=\"og:title\" content=\"12.06.08 - TPIR\/TRANSFERTS - LE PROCUREUR DU TPIR FAIT APPEL SUR LE REJET DE TRANSFERTS VERS LE RWAN\" \/>\n<meta property=\"og:description\" content=\"Arusha, 12 juin 2008 (FH) - Le procureur du Tribunal p\u00e9nal international pour le Rwanda (TPIR), M. Hassan Jallow, a fait appel contre la d\u00e9cision d\u2019une chambre du tribunal de rejeter sa requ\u00eate visant \u00e0 transf\u00e9rer un accus\u00e9, M.\" \/>\n<meta property=\"og:url\" content=\"https:\/\/www.justiceinfo.net\/fr\/3953-120608-tpirtransferts-le-procureur-du-tpir-fait-appel-sur-le-rejet-de-transferts-vers-le-rwan743.html\" \/>\n<meta property=\"og:site_name\" content=\"JusticeInfo.net\" \/>\n<meta property=\"article:publisher\" content=\"https:\/\/www.facebook.com\/JusticeInfo\/\" \/>\n<meta property=\"article:published_time\" content=\"2008-06-13T05:37:17+00:00\" \/>\n<meta property=\"og:image\" content=\"https:\/\/www.justiceinfo.net\/wp-content\/uploads\/JusticeInfoNet_logo_1200x630px.jpg\" \/>\n\t<meta property=\"og:image:width\" content=\"1200\" \/>\n\t<meta property=\"og:image:height\" content=\"630\" \/>\n\t<meta property=\"og:image:type\" content=\"image\/jpeg\" \/>\n<meta name=\"author\" content=\"solivri\" \/>\n<meta name=\"twitter:card\" content=\"summary_large_image\" \/>\n<meta name=\"twitter:creator\" content=\"@justiceinfonet\" \/>\n<meta name=\"twitter:site\" content=\"@justiceinfonet\" \/>\n<meta name=\"twitter:label1\" content=\"\u00c9crit par\" \/>\n\t<meta name=\"twitter:data1\" content=\"solivri\" \/>\n\t<meta name=\"twitter:label2\" content=\"Dur\u00e9e de lecture estim\u00e9e\" \/>\n\t<meta name=\"twitter:data2\" content=\"2 minutes\" \/>\n<script type=\"application\/ld+json\" class=\"yoast-schema-graph\">{\"@context\":\"https:\/\/schema.org\",\"@graph\":[{\"@type\":\"NewsArticle\",\"@id\":\"https:\/\/www.justiceinfo.net\/fr\/3953-120608-tpirtransferts-le-procureur-du-tpir-fait-appel-sur-le-rejet-de-transferts-vers-le-rwan743.html#article\",\"isPartOf\":{\"@id\":\"https:\/\/www.justiceinfo.net\/fr\/3953-120608-tpirtransferts-le-procureur-du-tpir-fait-appel-sur-le-rejet-de-transferts-vers-le-rwan743.html\"},\"author\":{\"name\":\"solivri\",\"@id\":\"https:\/\/www.justiceinfo.net\/fr#\/schema\/person\/6e53cba1629e2e66f3fc1821d3091865\"},\"headline\":\"12.06.08 - TPIR\/TRANSFERTS - LE PROCUREUR DU TPIR FAIT APPEL SUR LE REJET DE TRANSFERTS VERS LE RWAN\",\"datePublished\":\"2008-06-13T05:37:17+00:00\",\"mainEntityOfPage\":{\"@id\":\"https:\/\/www.justiceinfo.net\/fr\/3953-120608-tpirtransferts-le-procureur-du-tpir-fait-appel-sur-le-rejet-de-transferts-vers-le-rwan743.html\"},\"wordCount\":410,\"commentCount\":0,\"publisher\":{\"@id\":\"https:\/\/www.justiceinfo.net\/fr#organization\"},\"articleSection\":[\"Hirondelle News\"],\"inLanguage\":\"fr-FR\",\"potentialAction\":[{\"@type\":\"CommentAction\",\"name\":\"Comment\",\"target\":[\"https:\/\/www.justiceinfo.net\/fr\/3953-120608-tpirtransferts-le-procureur-du-tpir-fait-appel-sur-le-rejet-de-transferts-vers-le-rwan743.html#respond\"]}]},{\"@type\":\"WebPage\",\"@id\":\"https:\/\/www.justiceinfo.net\/fr\/3953-120608-tpirtransferts-le-procureur-du-tpir-fait-appel-sur-le-rejet-de-transferts-vers-le-rwan743.html\",\"url\":\"https:\/\/www.justiceinfo.net\/fr\/3953-120608-tpirtransferts-le-procureur-du-tpir-fait-appel-sur-le-rejet-de-transferts-vers-le-rwan743.html\",\"name\":\"12.06.08 - TPIR\/TRANSFERTS - LE PROCUREUR DU TPIR FAIT APPEL SUR LE REJET DE TRANSFERTS VERS LE RWAN - JusticeInfo.net\",\"isPartOf\":{\"@id\":\"https:\/\/www.justiceinfo.net\/fr#website\"},\"datePublished\":\"2008-06-13T05:37:17+00:00\",\"breadcrumb\":{\"@id\":\"https:\/\/www.justiceinfo.net\/fr\/3953-120608-tpirtransferts-le-procureur-du-tpir-fait-appel-sur-le-rejet-de-transferts-vers-le-rwan743.html#breadcrumb\"},\"inLanguage\":\"fr-FR\",\"potentialAction\":[{\"@type\":\"ReadAction\",\"target\":[\"https:\/\/www.justiceinfo.net\/fr\/3953-120608-tpirtransferts-le-procureur-du-tpir-fait-appel-sur-le-rejet-de-transferts-vers-le-rwan743.html\"]}]},{\"@type\":\"BreadcrumbList\",\"@id\":\"https:\/\/www.justiceinfo.net\/fr\/3953-120608-tpirtransferts-le-procureur-du-tpir-fait-appel-sur-le-rejet-de-transferts-vers-le-rwan743.html#breadcrumb\",\"itemListElement\":[{\"@type\":\"ListItem\",\"position\":1,\"name\":\"Home\",\"item\":\"https:\/\/www.justiceinfo.net\/fr\"},{\"@type\":\"ListItem\",\"position\":2,\"name\":\"12.06.08 - TPIR\/TRANSFERTS - LE PROCUREUR DU TPIR FAIT APPEL SUR LE REJET DE TRANSFERTS VERS LE RWAN\"}]},{\"@type\":\"WebSite\",\"@id\":\"https:\/\/www.justiceinfo.net\/fr#website\",\"url\":\"https:\/\/www.justiceinfo.net\/fr\",\"name\":\"JusticeInfo.net\",\"description\":\"La justice doit \u00eatre vue pour \u00eatre rendue\",\"publisher\":{\"@id\":\"https:\/\/www.justiceinfo.net\/fr#organization\"},\"potentialAction\":[{\"@type\":\"SearchAction\",\"target\":{\"@type\":\"EntryPoint\",\"urlTemplate\":\"https:\/\/www.justiceinfo.net\/fr?s={search_term_string}\"},\"query-input\":{\"@type\":\"PropertyValueSpecification\",\"valueRequired\":true,\"valueName\":\"search_term_string\"}}],\"inLanguage\":\"fr-FR\"},{\"@type\":\"Organization\",\"@id\":\"https:\/\/www.justiceinfo.net\/fr#organization\",\"name\":\"Justice Info\",\"url\":\"https:\/\/www.justiceinfo.net\/fr\",\"logo\":{\"@type\":\"ImageObject\",\"inLanguage\":\"fr-FR\",\"@id\":\"https:\/\/www.justiceinfo.net\/fr#\/schema\/logo\/image\/\",\"url\":\"https:\/\/www.justiceinfo.net\/wp-content\/uploads\/justiceinfo_logo-trans_1200x1200px.png\",\"contentUrl\":\"https:\/\/www.justiceinfo.net\/wp-content\/uploads\/justiceinfo_logo-trans_1200x1200px.png\",\"width\":1199,\"height\":1200,\"caption\":\"Justice Info\"},\"image\":{\"@id\":\"https:\/\/www.justiceinfo.net\/fr#\/schema\/logo\/image\/\"},\"sameAs\":[\"https:\/\/www.facebook.com\/JusticeInfo\/\",\"https:\/\/x.com\/justiceinfonet\",\"https:\/\/www.linkedin.com\/company\/justice-info\",\"https:\/\/www.youtube.com\/channel\/UCyCEsARodyuWtkWyhn-e7pA\"]},{\"@type\":\"Person\",\"name\":\"solivri\",\"url\":\"\/fr\/?s=solivri\"}]}<\/script>\n<!-- \/ Yoast SEO Premium plugin. -->","yoast_head_json":{"title":"12.06.08 - TPIR\/TRANSFERTS - LE PROCUREUR DU TPIR FAIT APPEL SUR LE REJET DE TRANSFERTS VERS LE RWAN - JusticeInfo.net","robots":{"index":"index","follow":"follow","max-snippet":"max-snippet:-1","max-image-preview":"max-image-preview:large","max-video-preview":"max-video-preview:-1"},"canonical":"https:\/\/www.justiceinfo.net\/fr\/3953-120608-tpirtransferts-le-procureur-du-tpir-fait-appel-sur-le-rejet-de-transferts-vers-le-rwan743.html","og_locale":"fr_FR","og_type":"article","og_title":"12.06.08 - TPIR\/TRANSFERTS - LE PROCUREUR DU TPIR FAIT APPEL SUR LE REJET DE TRANSFERTS VERS LE RWAN","og_description":"Arusha, 12 juin 2008 (FH) - Le procureur du Tribunal p\u00e9nal international pour le Rwanda (TPIR), M. Hassan Jallow, a fait appel contre la d\u00e9cision d\u2019une chambre du tribunal de rejeter sa requ\u00eate visant \u00e0 transf\u00e9rer un accus\u00e9, M.","og_url":"https:\/\/www.justiceinfo.net\/fr\/3953-120608-tpirtransferts-le-procureur-du-tpir-fait-appel-sur-le-rejet-de-transferts-vers-le-rwan743.html","og_site_name":"JusticeInfo.net","article_publisher":"https:\/\/www.facebook.com\/JusticeInfo\/","article_published_time":"2008-06-13T05:37:17+00:00","og_image":[{"width":1200,"height":630,"url":"https:\/\/www.justiceinfo.net\/wp-content\/uploads\/JusticeInfoNet_logo_1200x630px.jpg","type":"image\/jpeg"}],"author":"solivri","twitter_card":"summary_large_image","twitter_creator":"@justiceinfonet","twitter_site":"@justiceinfonet","twitter_misc":{"\u00c9crit par":"solivri","Dur\u00e9e de lecture estim\u00e9e":"2 minutes"},"schema":{"@context":"https:\/\/schema.org","@graph":[{"@type":"NewsArticle","@id":"https:\/\/www.justiceinfo.net\/fr\/3953-120608-tpirtransferts-le-procureur-du-tpir-fait-appel-sur-le-rejet-de-transferts-vers-le-rwan743.html#article","isPartOf":{"@id":"https:\/\/www.justiceinfo.net\/fr\/3953-120608-tpirtransferts-le-procureur-du-tpir-fait-appel-sur-le-rejet-de-transferts-vers-le-rwan743.html"},"author":{"name":"solivri","@id":"https:\/\/www.justiceinfo.net\/fr#\/schema\/person\/6e53cba1629e2e66f3fc1821d3091865"},"headline":"12.06.08 - TPIR\/TRANSFERTS - LE PROCUREUR DU TPIR FAIT APPEL SUR LE REJET DE TRANSFERTS VERS LE RWAN","datePublished":"2008-06-13T05:37:17+00:00","mainEntityOfPage":{"@id":"https:\/\/www.justiceinfo.net\/fr\/3953-120608-tpirtransferts-le-procureur-du-tpir-fait-appel-sur-le-rejet-de-transferts-vers-le-rwan743.html"},"wordCount":410,"commentCount":0,"publisher":{"@id":"https:\/\/www.justiceinfo.net\/fr#organization"},"articleSection":["Hirondelle News"],"inLanguage":"fr-FR","potentialAction":[{"@type":"CommentAction","name":"Comment","target":["https:\/\/www.justiceinfo.net\/fr\/3953-120608-tpirtransferts-le-procureur-du-tpir-fait-appel-sur-le-rejet-de-transferts-vers-le-rwan743.html#respond"]}]},{"@type":"WebPage","@id":"https:\/\/www.justiceinfo.net\/fr\/3953-120608-tpirtransferts-le-procureur-du-tpir-fait-appel-sur-le-rejet-de-transferts-vers-le-rwan743.html","url":"https:\/\/www.justiceinfo.net\/fr\/3953-120608-tpirtransferts-le-procureur-du-tpir-fait-appel-sur-le-rejet-de-transferts-vers-le-rwan743.html","name":"12.06.08 - TPIR\/TRANSFERTS - LE PROCUREUR DU TPIR FAIT APPEL SUR LE REJET DE TRANSFERTS VERS LE RWAN - JusticeInfo.net","isPartOf":{"@id":"https:\/\/www.justiceinfo.net\/fr#website"},"datePublished":"2008-06-13T05:37:17+00:00","breadcrumb":{"@id":"https:\/\/www.justiceinfo.net\/fr\/3953-120608-tpirtransferts-le-procureur-du-tpir-fait-appel-sur-le-rejet-de-transferts-vers-le-rwan743.html#breadcrumb"},"inLanguage":"fr-FR","potentialAction":[{"@type":"ReadAction","target":["https:\/\/www.justiceinfo.net\/fr\/3953-120608-tpirtransferts-le-procureur-du-tpir-fait-appel-sur-le-rejet-de-transferts-vers-le-rwan743.html"]}]},{"@type":"BreadcrumbList","@id":"https:\/\/www.justiceinfo.net\/fr\/3953-120608-tpirtransferts-le-procureur-du-tpir-fait-appel-sur-le-rejet-de-transferts-vers-le-rwan743.html#breadcrumb","itemListElement":[{"@type":"ListItem","position":1,"name":"Home","item":"https:\/\/www.justiceinfo.net\/fr"},{"@type":"ListItem","position":2,"name":"12.06.08 - TPIR\/TRANSFERTS - LE PROCUREUR DU TPIR FAIT APPEL SUR LE REJET DE TRANSFERTS VERS LE RWAN"}]},{"@type":"WebSite","@id":"https:\/\/www.justiceinfo.net\/fr#website","url":"https:\/\/www.justiceinfo.net\/fr","name":"JusticeInfo.net","description":"La justice doit \u00eatre vue pour \u00eatre rendue","publisher":{"@id":"https:\/\/www.justiceinfo.net\/fr#organization"},"potentialAction":[{"@type":"SearchAction","target":{"@type":"EntryPoint","urlTemplate":"https:\/\/www.justiceinfo.net\/fr?s={search_term_string}"},"query-input":{"@type":"PropertyValueSpecification","valueRequired":true,"valueName":"search_term_string"}}],"inLanguage":"fr-FR"},{"@type":"Organization","@id":"https:\/\/www.justiceinfo.net\/fr#organization","name":"Justice Info","url":"https:\/\/www.justiceinfo.net\/fr","logo":{"@type":"ImageObject","inLanguage":"fr-FR","@id":"https:\/\/www.justiceinfo.net\/fr#\/schema\/logo\/image\/","url":"https:\/\/www.justiceinfo.net\/wp-content\/uploads\/justiceinfo_logo-trans_1200x1200px.png","contentUrl":"https:\/\/www.justiceinfo.net\/wp-content\/uploads\/justiceinfo_logo-trans_1200x1200px.png","width":1199,"height":1200,"caption":"Justice Info"},"image":{"@id":"https:\/\/www.justiceinfo.net\/fr#\/schema\/logo\/image\/"},"sameAs":["https:\/\/www.facebook.com\/JusticeInfo\/","https:\/\/x.com\/justiceinfonet","https:\/\/www.linkedin.com\/company\/justice-info","https:\/\/www.youtube.com\/channel\/UCyCEsARodyuWtkWyhn-e7pA"]},{"@type":"Person","name":"solivri","url":"\/fr\/?s=solivri"}]}},"_links":{"self":[{"href":"https:\/\/www.justiceinfo.net\/fr\/wp-json\/wp\/v2\/posts\/3953","targetHints":{"allow":["GET"]}}],"collection":[{"href":"https:\/\/www.justiceinfo.net\/fr\/wp-json\/wp\/v2\/posts"}],"about":[{"href":"https:\/\/www.justiceinfo.net\/fr\/wp-json\/wp\/v2\/types\/post"}],"author":[{"embeddable":true,"href":"https:\/\/www.justiceinfo.net\/fr\/wp-json\/wp\/v2\/users\/64"}],"replies":[{"embeddable":true,"href":"https:\/\/www.justiceinfo.net\/fr\/wp-json\/wp\/v2\/comments?post=3953"}],"version-history":[{"count":0,"href":"https:\/\/www.justiceinfo.net\/fr\/wp-json\/wp\/v2\/posts\/3953\/revisions"}],"wp:attachment":[{"href":"https:\/\/www.justiceinfo.net\/fr\/wp-json\/wp\/v2\/media?parent=3953"}],"wp:term":[{"taxonomy":"category","embeddable":true,"href":"https:\/\/www.justiceinfo.net\/fr\/wp-json\/wp\/v2\/categories?post=3953"},{"taxonomy":"post_tag","embeddable":true,"href":"https:\/\/www.justiceinfo.net\/fr\/wp-json\/wp\/v2\/tags?post=3953"},{"taxonomy":"ji_location","embeddable":true,"href":"https:\/\/www.justiceinfo.net\/fr\/wp-json\/wp\/v2\/ji_location?post=3953"}],"curies":[{"name":"wp","href":"https:\/\/api.w.org\/{rel}","templated":true}]}}