{"id":3955,"date":"2008-06-13T07:31:54","date_gmt":"2008-06-13T05:31:54","guid":{"rendered":"https:\/\/www.justiceinfo.net\/3955-120608-tpirmpiranya-protais-mpiranya-se-cacherait-au-zimbabwe-sunday-times745.html"},"modified":"2008-06-13T07:31:54","modified_gmt":"2008-06-13T05:31:54","slug":"120608-tpirmpiranya-protais-mpiranya-se-cacherait-au-zimbabwe-sunday-times745","status":"publish","type":"post","link":"https:\/\/www.justiceinfo.net\/fr\/3955-120608-tpirmpiranya-protais-mpiranya-se-cacherait-au-zimbabwe-sunday-times745.html","title":{"rendered":"12.06.08 - TPIR\/MPIRANYA - PROTAIS MPIRANYA SE CACHERAIT AU ZIMBABWE (SUNDAY TIMES)"},"content":{"rendered":"<p  >\nArusha, 12 juin 2008 (FH) \u00ad\u2014 Protais Mpiranya, l'ancien chef de la Garde pr\u00e9sidentielle rwandaise lors du g\u00e9nocide de 1994, un des accus\u00e9s les plus recherch\u00e9s par le Tribunal p\u00e9nal international pour le Rwanda (TPIR), vivrait au Zimbabwe, r\u00e9v\u00e8le l'hebdomadaire britannique Sunday Times, qui cite \u00ab plusieurs sources aux Nations unies \u00bb.  <\/p>\n<p>\u00abL\u2019un des plus fameux g\u00e9nocidaires rwandais se cache au Zimbabwe, o\u00f9 il est suspect\u00e9 d\u2019entretenir des relations d\u2019affaires avec d\u2019anciens officiers proches du pr\u00e9sident Robert Mugabe \u00bb, relate l\u2019hebdomadaire dans son \u00e9dition du 8 juin.\n<\/p>\n<p><!--more--><\/p>\n<p  >\nProtais Mpiranya est accus\u00e9 par le tribunal onusien de g\u00e9nocide et crimes contre l\u2019humanit\u00e9. En 1994, il \u00e9tait commandant de la garde pr\u00e9sidentielle (GP), un des postes cl\u00e9s durant les trois mois que durera le g\u00e9nocide qui fit plus de 800 000 morts selon l\u2019Onu. <\/p>\n<p>Selon l\u2019acte d\u2019accusation dress\u00e9 par le TPIR, Mpiranya aurait notamment \u00e9t\u00e9 impliqu\u00e9 dans des campagnes de haine raciale, de distributions d\u2019armes \u00e0 la population et dans l\u2019entra\u00eenement de milices en vue d\u2019\u00e9liminer l\u2019ethnie Tutsi et les opposants au groupe des extr\u00e9mistes Hutu, qui ont planifi\u00e9 et ex\u00e9cut\u00e9 le g\u00e9nocide. <\/p>\n<p>C\u2019est \u00e9galement lui qui aurait donn\u00e9 l\u2019ordre \u00e0 ses hommes d'aller assassiner le 7 avril 1994, outre d\u2019autres opposants, le Premier ministre Agathe Uwilingiyimana, ainsi que les dix casques bleus belges charg\u00e9s de la prot\u00e9ger. La Belgique a condamn\u00e9 en 2007 le major Bernard Ntuyahaga \u00e0 20 ans de prison pour son implication dans ces derniers crimes. Il n\u2019a jamais reconnu durant son proc\u00e8s ni sa responsabilit\u00e9 ni, a fortiori, avoir re\u00e7u d\u2019ordres. <\/p>\n<p>D\u2019apr\u00e8s le Sunday Times, Mpiranya aurait \u00e9t\u00e9 localis\u00e9 tant\u00f4t au Congo, tant\u00f4t au Zimbabwe, sans que la ran\u00e7on de 5 millions de dollars offerte par les Etats-Unis ait permis son arrestation en 14 ans. \u00ab Ce sont ces liens avec des officiers zimbabw\u00e9ens, dont certains ont mont\u00e9 leur propre compagnie dans le but de piller les richesses du Congo, qui lui permettent d\u2019\u00eatre en s\u00e9curit\u00e9 au Zimbabwe\u00bb, explique l\u2019hebdomadaire britannique. <\/p>\n<p>Apr\u00e8s le g\u00e9nocide, Mpiranya a fui au Congo voisin. Lors de la \u00ab deuxi\u00e8me guerre du Congo \u00bb (1998-2002), lui et d\u2019autres grad\u00e9s Hutu en fuite auraient soutenu le pr\u00e9sident Laurent-D\u00e9sir\u00e9 Kabila contre l\u2019arm\u00e9e rwandaise, aux c\u00f4t\u00e9s, entre autres, des soldats du Zimbabwe de Robert Mugabe. <\/p>\n<p>Cette information intervient alors que le pr\u00e9sident du TPIR, Dennis Byron, et le procureur, Hassan Bubacar Jallow, ont demand\u00e9 la semaine derni\u00e8re aux Nations unies une prolongation d\u2019un an du mandat du tribunal. La cl\u00f4ture officielle devrait intervenir \u00e0 la fin de l\u2019ann\u00e9e pour les proc\u00e8s en premi\u00e8re instance. Treize accus\u00e9s sont toujours en fuite. <\/p>\n<p>BF\/PB\/GF<\/p>\n","protected":false},"excerpt":{"rendered":"<p>Arusha, 12 juin 2008 (FH) \u00ad\u2014 Protais Mpiranya, l'ancien chef de la Garde pr\u00e9sidentielle rwandaise lors du g\u00e9nocide de 1994, un des accus\u00e9s les plus recherch\u00e9s par le Tribunal p\u00e9nal international pour le Rwanda (TPIR), vivrait au Zimbabwe, r\u00e9v\u00e8le l'hebdomadaire britannique Sunday Times, qui cite \u00ab plusieurs sources aux Nations unies \u00bb. \u00abL\u2019un des plus [&hellip;]<\/p>\n","protected":false},"author":64,"featured_media":0,"comment_status":"open","ping_status":"closed","sticky":false,"template":"","format":"standard","meta":{"_acf_changed":false,"footnotes":""},"categories":[554],"tags":[],"ji_location":[],"class_list":["post-3955","post","type-post","status-publish","format-standard","hentry","category-hirondellenews"],"acf":[],"yoast_head":"<!-- This site is optimized with the Yoast SEO Premium plugin v25.3.1 (Yoast SEO v25.3.1) - https:\/\/yoast.com\/wordpress\/plugins\/seo\/ -->\n<title>12.06.08 - TPIR\/MPIRANYA - PROTAIS MPIRANYA SE CACHERAIT AU ZIMBABWE (SUNDAY TIMES) - JusticeInfo.net<\/title>\n<meta name=\"robots\" content=\"index, follow, max-snippet:-1, max-image-preview:large, max-video-preview:-1\" \/>\n<link rel=\"canonical\" href=\"https:\/\/www.justiceinfo.net\/fr\/3955-120608-tpirmpiranya-protais-mpiranya-se-cacherait-au-zimbabwe-sunday-times745.html\" \/>\n<meta property=\"og:locale\" content=\"fr_FR\" \/>\n<meta property=\"og:type\" content=\"article\" \/>\n<meta property=\"og:title\" content=\"12.06.08 - TPIR\/MPIRANYA - PROTAIS MPIRANYA SE CACHERAIT AU ZIMBABWE (SUNDAY TIMES)\" \/>\n<meta property=\"og:description\" content=\"Arusha, 12 juin 2008 (FH) \u00ad\u2014 Protais Mpiranya, l&#039;ancien chef de la Garde pr\u00e9sidentielle rwandaise lors du g\u00e9nocide de 1994, un des accus\u00e9s les plus recherch\u00e9s par le Tribunal p\u00e9nal international pour le Rwanda (TPIR), vivrait au Zimbabwe, r\u00e9v\u00e8le l&#039;hebdomadaire britannique Sunday Times, qui cite \u00ab plusieurs sources aux Nations unies \u00bb. \u00abL\u2019un des plus [&hellip;]\" \/>\n<meta property=\"og:url\" content=\"https:\/\/www.justiceinfo.net\/fr\/3955-120608-tpirmpiranya-protais-mpiranya-se-cacherait-au-zimbabwe-sunday-times745.html\" \/>\n<meta property=\"og:site_name\" content=\"JusticeInfo.net\" \/>\n<meta property=\"article:publisher\" content=\"https:\/\/www.facebook.com\/JusticeInfo\/\" \/>\n<meta property=\"article:published_time\" content=\"2008-06-13T05:31:54+00:00\" \/>\n<meta property=\"og:image\" content=\"https:\/\/www.justiceinfo.net\/wp-content\/uploads\/JusticeInfoNet_logo_1200x630px.jpg\" \/>\n\t<meta property=\"og:image:width\" content=\"1200\" \/>\n\t<meta property=\"og:image:height\" content=\"630\" \/>\n\t<meta property=\"og:image:type\" content=\"image\/jpeg\" \/>\n<meta name=\"author\" content=\"solivri\" \/>\n<meta name=\"twitter:card\" content=\"summary_large_image\" \/>\n<meta name=\"twitter:creator\" content=\"@justiceinfonet\" \/>\n<meta name=\"twitter:site\" content=\"@justiceinfonet\" \/>\n<meta name=\"twitter:label1\" content=\"\u00c9crit par\" \/>\n\t<meta name=\"twitter:data1\" content=\"solivri\" \/>\n\t<meta name=\"twitter:label2\" content=\"Dur\u00e9e de lecture estim\u00e9e\" \/>\n\t<meta name=\"twitter:data2\" content=\"2 minutes\" \/>\n<script type=\"application\/ld+json\" class=\"yoast-schema-graph\">{\"@context\":\"https:\/\/schema.org\",\"@graph\":[{\"@type\":\"NewsArticle\",\"@id\":\"https:\/\/www.justiceinfo.net\/fr\/3955-120608-tpirmpiranya-protais-mpiranya-se-cacherait-au-zimbabwe-sunday-times745.html#article\",\"isPartOf\":{\"@id\":\"https:\/\/www.justiceinfo.net\/fr\/3955-120608-tpirmpiranya-protais-mpiranya-se-cacherait-au-zimbabwe-sunday-times745.html\"},\"author\":{\"name\":\"solivri\",\"@id\":\"https:\/\/www.justiceinfo.net\/fr#\/schema\/person\/6e53cba1629e2e66f3fc1821d3091865\"},\"headline\":\"12.06.08 - TPIR\/MPIRANYA - PROTAIS MPIRANYA SE CACHERAIT AU ZIMBABWE (SUNDAY TIMES)\",\"datePublished\":\"2008-06-13T05:31:54+00:00\",\"mainEntityOfPage\":{\"@id\":\"https:\/\/www.justiceinfo.net\/fr\/3955-120608-tpirmpiranya-protais-mpiranya-se-cacherait-au-zimbabwe-sunday-times745.html\"},\"wordCount\":487,\"commentCount\":0,\"publisher\":{\"@id\":\"https:\/\/www.justiceinfo.net\/fr#organization\"},\"articleSection\":[\"Hirondelle News\"],\"inLanguage\":\"fr-FR\",\"potentialAction\":[{\"@type\":\"CommentAction\",\"name\":\"Comment\",\"target\":[\"https:\/\/www.justiceinfo.net\/fr\/3955-120608-tpirmpiranya-protais-mpiranya-se-cacherait-au-zimbabwe-sunday-times745.html#respond\"]}]},{\"@type\":\"WebPage\",\"@id\":\"https:\/\/www.justiceinfo.net\/fr\/3955-120608-tpirmpiranya-protais-mpiranya-se-cacherait-au-zimbabwe-sunday-times745.html\",\"url\":\"https:\/\/www.justiceinfo.net\/fr\/3955-120608-tpirmpiranya-protais-mpiranya-se-cacherait-au-zimbabwe-sunday-times745.html\",\"name\":\"12.06.08 - TPIR\/MPIRANYA - PROTAIS MPIRANYA SE CACHERAIT AU ZIMBABWE (SUNDAY TIMES) - JusticeInfo.net\",\"isPartOf\":{\"@id\":\"https:\/\/www.justiceinfo.net\/fr#website\"},\"datePublished\":\"2008-06-13T05:31:54+00:00\",\"breadcrumb\":{\"@id\":\"https:\/\/www.justiceinfo.net\/fr\/3955-120608-tpirmpiranya-protais-mpiranya-se-cacherait-au-zimbabwe-sunday-times745.html#breadcrumb\"},\"inLanguage\":\"fr-FR\",\"potentialAction\":[{\"@type\":\"ReadAction\",\"target\":[\"https:\/\/www.justiceinfo.net\/fr\/3955-120608-tpirmpiranya-protais-mpiranya-se-cacherait-au-zimbabwe-sunday-times745.html\"]}]},{\"@type\":\"BreadcrumbList\",\"@id\":\"https:\/\/www.justiceinfo.net\/fr\/3955-120608-tpirmpiranya-protais-mpiranya-se-cacherait-au-zimbabwe-sunday-times745.html#breadcrumb\",\"itemListElement\":[{\"@type\":\"ListItem\",\"position\":1,\"name\":\"Home\",\"item\":\"https:\/\/www.justiceinfo.net\/fr\"},{\"@type\":\"ListItem\",\"position\":2,\"name\":\"12.06.08 - TPIR\/MPIRANYA - PROTAIS MPIRANYA SE CACHERAIT AU ZIMBABWE (SUNDAY TIMES)\"}]},{\"@type\":\"WebSite\",\"@id\":\"https:\/\/www.justiceinfo.net\/fr#website\",\"url\":\"https:\/\/www.justiceinfo.net\/fr\",\"name\":\"JusticeInfo.net\",\"description\":\"La justice doit \u00eatre vue pour \u00eatre rendue\",\"publisher\":{\"@id\":\"https:\/\/www.justiceinfo.net\/fr#organization\"},\"potentialAction\":[{\"@type\":\"SearchAction\",\"target\":{\"@type\":\"EntryPoint\",\"urlTemplate\":\"https:\/\/www.justiceinfo.net\/fr?s={search_term_string}\"},\"query-input\":{\"@type\":\"PropertyValueSpecification\",\"valueRequired\":true,\"valueName\":\"search_term_string\"}}],\"inLanguage\":\"fr-FR\"},{\"@type\":\"Organization\",\"@id\":\"https:\/\/www.justiceinfo.net\/fr#organization\",\"name\":\"Justice Info\",\"url\":\"https:\/\/www.justiceinfo.net\/fr\",\"logo\":{\"@type\":\"ImageObject\",\"inLanguage\":\"fr-FR\",\"@id\":\"https:\/\/www.justiceinfo.net\/fr#\/schema\/logo\/image\/\",\"url\":\"https:\/\/www.justiceinfo.net\/wp-content\/uploads\/justiceinfo_logo-trans_1200x1200px.png\",\"contentUrl\":\"https:\/\/www.justiceinfo.net\/wp-content\/uploads\/justiceinfo_logo-trans_1200x1200px.png\",\"width\":1199,\"height\":1200,\"caption\":\"Justice Info\"},\"image\":{\"@id\":\"https:\/\/www.justiceinfo.net\/fr#\/schema\/logo\/image\/\"},\"sameAs\":[\"https:\/\/www.facebook.com\/JusticeInfo\/\",\"https:\/\/x.com\/justiceinfonet\",\"https:\/\/www.linkedin.com\/company\/justice-info\",\"https:\/\/www.youtube.com\/channel\/UCyCEsARodyuWtkWyhn-e7pA\"]},{\"@type\":\"Person\",\"name\":\"solivri\",\"url\":\"\/fr\/?s=solivri\"}]}<\/script>\n<!-- \/ Yoast SEO Premium plugin. -->","yoast_head_json":{"title":"12.06.08 - TPIR\/MPIRANYA - PROTAIS MPIRANYA SE CACHERAIT AU ZIMBABWE (SUNDAY TIMES) - JusticeInfo.net","robots":{"index":"index","follow":"follow","max-snippet":"max-snippet:-1","max-image-preview":"max-image-preview:large","max-video-preview":"max-video-preview:-1"},"canonical":"https:\/\/www.justiceinfo.net\/fr\/3955-120608-tpirmpiranya-protais-mpiranya-se-cacherait-au-zimbabwe-sunday-times745.html","og_locale":"fr_FR","og_type":"article","og_title":"12.06.08 - TPIR\/MPIRANYA - PROTAIS MPIRANYA SE CACHERAIT AU ZIMBABWE (SUNDAY TIMES)","og_description":"Arusha, 12 juin 2008 (FH) \u00ad\u2014 Protais Mpiranya, l'ancien chef de la Garde pr\u00e9sidentielle rwandaise lors du g\u00e9nocide de 1994, un des accus\u00e9s les plus recherch\u00e9s par le Tribunal p\u00e9nal international pour le Rwanda (TPIR), vivrait au Zimbabwe, r\u00e9v\u00e8le l'hebdomadaire britannique Sunday Times, qui cite \u00ab plusieurs sources aux Nations unies \u00bb. \u00abL\u2019un des plus [&hellip;]","og_url":"https:\/\/www.justiceinfo.net\/fr\/3955-120608-tpirmpiranya-protais-mpiranya-se-cacherait-au-zimbabwe-sunday-times745.html","og_site_name":"JusticeInfo.net","article_publisher":"https:\/\/www.facebook.com\/JusticeInfo\/","article_published_time":"2008-06-13T05:31:54+00:00","og_image":[{"width":1200,"height":630,"url":"https:\/\/www.justiceinfo.net\/wp-content\/uploads\/JusticeInfoNet_logo_1200x630px.jpg","type":"image\/jpeg"}],"author":"solivri","twitter_card":"summary_large_image","twitter_creator":"@justiceinfonet","twitter_site":"@justiceinfonet","twitter_misc":{"\u00c9crit par":"solivri","Dur\u00e9e de lecture estim\u00e9e":"2 minutes"},"schema":{"@context":"https:\/\/schema.org","@graph":[{"@type":"NewsArticle","@id":"https:\/\/www.justiceinfo.net\/fr\/3955-120608-tpirmpiranya-protais-mpiranya-se-cacherait-au-zimbabwe-sunday-times745.html#article","isPartOf":{"@id":"https:\/\/www.justiceinfo.net\/fr\/3955-120608-tpirmpiranya-protais-mpiranya-se-cacherait-au-zimbabwe-sunday-times745.html"},"author":{"name":"solivri","@id":"https:\/\/www.justiceinfo.net\/fr#\/schema\/person\/6e53cba1629e2e66f3fc1821d3091865"},"headline":"12.06.08 - TPIR\/MPIRANYA - PROTAIS MPIRANYA SE CACHERAIT AU ZIMBABWE (SUNDAY TIMES)","datePublished":"2008-06-13T05:31:54+00:00","mainEntityOfPage":{"@id":"https:\/\/www.justiceinfo.net\/fr\/3955-120608-tpirmpiranya-protais-mpiranya-se-cacherait-au-zimbabwe-sunday-times745.html"},"wordCount":487,"commentCount":0,"publisher":{"@id":"https:\/\/www.justiceinfo.net\/fr#organization"},"articleSection":["Hirondelle News"],"inLanguage":"fr-FR","potentialAction":[{"@type":"CommentAction","name":"Comment","target":["https:\/\/www.justiceinfo.net\/fr\/3955-120608-tpirmpiranya-protais-mpiranya-se-cacherait-au-zimbabwe-sunday-times745.html#respond"]}]},{"@type":"WebPage","@id":"https:\/\/www.justiceinfo.net\/fr\/3955-120608-tpirmpiranya-protais-mpiranya-se-cacherait-au-zimbabwe-sunday-times745.html","url":"https:\/\/www.justiceinfo.net\/fr\/3955-120608-tpirmpiranya-protais-mpiranya-se-cacherait-au-zimbabwe-sunday-times745.html","name":"12.06.08 - TPIR\/MPIRANYA - PROTAIS MPIRANYA SE CACHERAIT AU ZIMBABWE (SUNDAY TIMES) - JusticeInfo.net","isPartOf":{"@id":"https:\/\/www.justiceinfo.net\/fr#website"},"datePublished":"2008-06-13T05:31:54+00:00","breadcrumb":{"@id":"https:\/\/www.justiceinfo.net\/fr\/3955-120608-tpirmpiranya-protais-mpiranya-se-cacherait-au-zimbabwe-sunday-times745.html#breadcrumb"},"inLanguage":"fr-FR","potentialAction":[{"@type":"ReadAction","target":["https:\/\/www.justiceinfo.net\/fr\/3955-120608-tpirmpiranya-protais-mpiranya-se-cacherait-au-zimbabwe-sunday-times745.html"]}]},{"@type":"BreadcrumbList","@id":"https:\/\/www.justiceinfo.net\/fr\/3955-120608-tpirmpiranya-protais-mpiranya-se-cacherait-au-zimbabwe-sunday-times745.html#breadcrumb","itemListElement":[{"@type":"ListItem","position":1,"name":"Home","item":"https:\/\/www.justiceinfo.net\/fr"},{"@type":"ListItem","position":2,"name":"12.06.08 - TPIR\/MPIRANYA - PROTAIS MPIRANYA SE CACHERAIT AU ZIMBABWE (SUNDAY TIMES)"}]},{"@type":"WebSite","@id":"https:\/\/www.justiceinfo.net\/fr#website","url":"https:\/\/www.justiceinfo.net\/fr","name":"JusticeInfo.net","description":"La justice doit \u00eatre vue pour \u00eatre rendue","publisher":{"@id":"https:\/\/www.justiceinfo.net\/fr#organization"},"potentialAction":[{"@type":"SearchAction","target":{"@type":"EntryPoint","urlTemplate":"https:\/\/www.justiceinfo.net\/fr?s={search_term_string}"},"query-input":{"@type":"PropertyValueSpecification","valueRequired":true,"valueName":"search_term_string"}}],"inLanguage":"fr-FR"},{"@type":"Organization","@id":"https:\/\/www.justiceinfo.net\/fr#organization","name":"Justice Info","url":"https:\/\/www.justiceinfo.net\/fr","logo":{"@type":"ImageObject","inLanguage":"fr-FR","@id":"https:\/\/www.justiceinfo.net\/fr#\/schema\/logo\/image\/","url":"https:\/\/www.justiceinfo.net\/wp-content\/uploads\/justiceinfo_logo-trans_1200x1200px.png","contentUrl":"https:\/\/www.justiceinfo.net\/wp-content\/uploads\/justiceinfo_logo-trans_1200x1200px.png","width":1199,"height":1200,"caption":"Justice Info"},"image":{"@id":"https:\/\/www.justiceinfo.net\/fr#\/schema\/logo\/image\/"},"sameAs":["https:\/\/www.facebook.com\/JusticeInfo\/","https:\/\/x.com\/justiceinfonet","https:\/\/www.linkedin.com\/company\/justice-info","https:\/\/www.youtube.com\/channel\/UCyCEsARodyuWtkWyhn-e7pA"]},{"@type":"Person","name":"solivri","url":"\/fr\/?s=solivri"}]}},"_links":{"self":[{"href":"https:\/\/www.justiceinfo.net\/fr\/wp-json\/wp\/v2\/posts\/3955","targetHints":{"allow":["GET"]}}],"collection":[{"href":"https:\/\/www.justiceinfo.net\/fr\/wp-json\/wp\/v2\/posts"}],"about":[{"href":"https:\/\/www.justiceinfo.net\/fr\/wp-json\/wp\/v2\/types\/post"}],"author":[{"embeddable":true,"href":"https:\/\/www.justiceinfo.net\/fr\/wp-json\/wp\/v2\/users\/64"}],"replies":[{"embeddable":true,"href":"https:\/\/www.justiceinfo.net\/fr\/wp-json\/wp\/v2\/comments?post=3955"}],"version-history":[{"count":0,"href":"https:\/\/www.justiceinfo.net\/fr\/wp-json\/wp\/v2\/posts\/3955\/revisions"}],"wp:attachment":[{"href":"https:\/\/www.justiceinfo.net\/fr\/wp-json\/wp\/v2\/media?parent=3955"}],"wp:term":[{"taxonomy":"category","embeddable":true,"href":"https:\/\/www.justiceinfo.net\/fr\/wp-json\/wp\/v2\/categories?post=3955"},{"taxonomy":"post_tag","embeddable":true,"href":"https:\/\/www.justiceinfo.net\/fr\/wp-json\/wp\/v2\/tags?post=3955"},{"taxonomy":"ji_location","embeddable":true,"href":"https:\/\/www.justiceinfo.net\/fr\/wp-json\/wp\/v2\/ji_location?post=3955"}],"curies":[{"name":"wp","href":"https:\/\/api.w.org\/{rel}","templated":true}]}}