{"id":39630,"date":"2018-11-29T08:51:52","date_gmt":"2018-11-29T07:51:52","guid":{"rendered":"https:\/\/www.justiceinfo.net\/39630-rd-congo-le-proces-sheka-s-ouvre-dans-l-incertitude.html"},"modified":"2018-11-29T08:51:52","modified_gmt":"2018-11-29T07:51:52","slug":"rd-congo-le-proces-sheka-s-ouvre-dans-l-incertitude","status":"publish","type":"post","link":"https:\/\/www.justiceinfo.net\/fr\/39630-rd-congo-le-proces-sheka-s-ouvre-dans-l-incertitude.html","title":{"rendered":"RD Congo : Le proc\u00e8s Sheka s\u2019ouvre dans l\u2019incertitude"},"content":{"rendered":"<p><strong>La justice militaire congolaise a ouvert \u00e0 Goma, le 27 novembre, le proc\u00e8s de Tabo Ntaberi, alias Sheka, fondateur et ancien chef du groupe rebelle Nduma D\u00e9fense du Congo (NDC), une milice active dans le Nord-Kivu. Il est poursuivi pour crimes contre l\u2019humanit\u00e9 et crimes de guerre commis \u00e0 Walikale et Masisi. Un proc\u00e8s ouvert dans l\u2019incertitude de la campagne pr\u00e9sidentielle et la violence persistante des groupes arm\u00e9s en R\u00e9publique d\u00e9mocratique du Congo.<\/strong><\/p>\n<p><!--more--><\/p>\n<p>Ce mardi 27 novembre, la cour militaire de Goma a \u00e9t\u00e9 prise d\u2019assaut par des centaines des personnes \u2013 des officiels dont le gouverneur du Nord-Kivu, Julien Paluku, des officiers des forces de d\u00e9fense et de s\u00e9curit\u00e9, d\u2019autres des Nations unies, des militants des droits de l\u2019homme, des habitants du coin \u2013, toutes venues \u00e9couter l\u2019ex-\u00ab\u00a0seigneur de Walikale\u00a0\u00bb, Tabo Ntaberi, alias Sheka, se d\u00e9fendre des crimes qui lui sont reproch\u00e9s.<\/p>\n<p>L\u2019ancien chef du groupe rebelle Nduma D\u00e9fense du Congo (NDC), une milice active dans le Nord-Kivu, \u00e0 l\u2019est de la R\u00e9publique d\u00e9mocratique du Congo (RDC), <a title=\"RDC : reddition d'un chef de guerre (Sheka) poursuivi pour &quot;crime contre l'humanit\u00e9&quot;\" href=\"fr\/tribunaux\/tribunaux-nationaux\/34074-rdc-reddition-d-un-chef-de-guerre-poursuivi-pour-crime-contre-l-humanite.html\">s\u2019est rendu le 26 juillet 2017<\/a> aux forces des Nations unies en RDC, alors qu\u2019il \u00e9tait sous le coup d\u2019un mandat d\u2019arr\u00eat de la justice congolaise. Active dans plusieurs localit\u00e9s du territoire de Walikale, la milice NDC est accus\u00e9e d\u2019avoir commis des crimes contre l\u2019humanit\u00e9 et des crimes de guerre \u2013 meurtres, viols, pillages\u2026<\/p>\n<p>D\u2019apr\u00e8s l\u2019Onu, entre le 30 juillet et le 2 ao\u00fbt 2010, la milice NDC et deux autres groupes arm\u00e9s ont viol\u00e9 au moins 387 femmes, hommes, filles et gar\u00e7ons dans treize villages de Walikale. Au-del\u00e0 de ces faits, l\u2019organisation am\u00e9ricaine Human Rights Watch dit avoir, elle, document\u00e9 au moins 70 morts, des civils tu\u00e9s par les forces de Sheka, dont beaucoup auraient \u00e9t\u00e9, d\u2019apr\u00e8s l\u2019organisation, taill\u00e9s en pi\u00e8ces \u00e0 coups de machette. C\u2019est donc pour cela que la justice congolaise le poursuit pour crimes contre l\u2019humanit\u00e9 et crimes de guerre.<\/p>\n<h3>SHEKA : Un chef de guerre soucieux de ses droits<\/h3>\n<p>A l\u2019ouverture de son proc\u00e8s, Tabo Ntaberi a paru d\u00e9tendu dans son costume noir, assis aux c\u00f4t\u00e9s de ses trois coaccus\u00e9s. Mais le tribunal, qui esp\u00e9rait entamer l\u2019affaire tout de suite, n\u2019y est pas parvenu. A l\u2019issue de l\u2019identification des pr\u00e9venus, Sheka a sollicit\u00e9 un report de trois mois, le temps de \u00ab <em>se choisir les avocats de son choix et de se rassurer des garanties de protection et de s\u00e9curit\u00e9 de ses t\u00e9moins <\/em>\u00bb, en vue d\u2019un proc\u00e8s \u00ab <em>juste et \u00e9quitable <\/em>\u00bb. Les juges ne lui ont accord\u00e9 que dix jours. Apr\u00e8s environ trois heures d\u2019audience, le proc\u00e8s \u00e9tait ajourn\u00e9.<\/p>\n<p>Il y a un peu plus d\u2019un an, en septembre 2017, les organisations de la soci\u00e9t\u00e9 civile du Nord-Kivu avaient adress\u00e9 une lettre au pr\u00e9sident de la RDC, Joseph Kabila, pour demander des poursuites judiciaires contre d\u2019anciens chefs de guerre congolais ou \u00e9trangers ayant longtemps s\u00e9vi dans cette partie de l\u2019est du pays. Tabo Ntaberi figurait sur la liste des chefs de guerre \u00e9pingl\u00e9s.<\/p>\n<p><span style=\"boorder: 1px solid #ccc;\"><div class=\"articleLink articleLink--editorRecommanded articleLink--textInImage articleLink--textTop\" style=\"\">\r\n\t\t\t\t\t\r\n\t\t\t<div class=\"articleLinkSurTitle\">Recommand\u00e9 par la r\u00e9daction<\/div>\r\n\t\t\t<a class=\"articleLinkImageLink\" href=\"https:\/\/www.justiceinfo.net\/fr\/34912-rdc-nord-kivu-appel-de-la-societe-civile-a-juger-trois-ex-chefs-de-guerre.html\"><div class=\"articleLinkImageContainer \"><img loading=\"lazy\" decoding=\"async\" width=\"540\" height=\"360\" src=\"https:\/\/www.justiceinfo.net\/wp-content\/uploads\/5e2d82d05ffd3c3fccb1d19b75fb313e-540x360.jpg\" class=\"articleLinkImage backgroundImageTag w-100 wp-post-image\" alt=\"\" srcset=\"\" sizes=\"auto, (max-width: 540px) 100vw, 540px\" \/><\/div><\/a>\r\n\t\t\t<a href=\"https:\/\/www.justiceinfo.net\/fr\/34912-rdc-nord-kivu-appel-de-la-societe-civile-a-juger-trois-ex-chefs-de-guerre.html\" class=\"articleLinkTitle articleLinkTitle--default\">\r\n\t\t\tRDC \/Nord-Kivu : appel de la soci\u00e9t\u00e9 civile \u00e0 juger trois ex-chefs de guerre\r\n\t\t<\/a>\r\n\t\t\r\n\t\t\t\t<\/div><\/span><\/p>\n<p>L\u2019ouverture de ce proc\u00e8s a donc \u00e9t\u00e9 salu\u00e9e par ce qu\u2019on appelle les forces vives du Nord-Kivu. \u00ab <em>Nous saluons et soutenons la tenue de ce proc\u00e8s. Nous voulons que le jugement de Tabo Ntaberi dit Sheka soit exemplaire pour d\u00e9courager d\u2019autres chefs miliciens encore actifs dans la province. C\u2019est aussi une occasion pour la justice congolaise de remettre les victimes dans leurs droits \u00bb<\/em>, esp\u00e8re Edgar Mateso, vice-pr\u00e9sident de la soci\u00e9t\u00e9 civile du Nord-Kivu.<\/p>\n<h3>Entre espoir et prudence<\/h3>\n<p>Au-del\u00e0 de l\u2019espoir, la soci\u00e9t\u00e9 civile demeure pourtant prudente. Le proc\u00e8s, en effet, s\u2019ouvre dans la fi\u00e8vre de la campagne \u00e9lectorale en RDC, o\u00f9 l\u2019\u00e9lection pr\u00e9sidentielle est pr\u00e9vue le 23 d\u00e9cembre. \u00ab <em>Nous croyons que le proc\u00e8s n\u2019a pas \u00e9t\u00e9 organis\u00e9 dans ce contexte pr\u00e9cis de la campagne \u00e9lectorale pour tenter de contenter les potentiels \u00e9lecteurs de Walikale, sinon \u00e7a serait cracher sur les souffrances des victimes <\/em>\u00bb, pr\u00e9vient Edgar Mateso, joint par t\u00e9l\u00e9phone.<\/p>\n<blockquote>\n<p>Au-del\u00e0 des poursuites judiciaires contre Sheka, il faut que l\u2019\u00c9tat congolais traque \u00e9galement les milices pour stopper les crimes et pacifier la r\u00e9gion.<\/p>\n<\/blockquote>\n<p>L\u2019ouverture du proc\u00e8s ne garantit pas non plus la fin de la commission des crimes dans le Walikale, se pr\u00e9occupe de son c\u00f4t\u00e9 Prince Kihangi, responsable du Bureau d\u2019\u00e9tudes pour le d\u00e9veloppement de Walikale (BEDEWA). \u00ab <em>Quand Sheka s\u2019est rendu, les autorit\u00e9s n\u2019ont pas fourni assez d\u2019efforts pour traquer sa milice NDC qui demeure active dans le Walikale\u00a0\u00bb, <\/em>souligne-t-il.<em> \u00ab\u00a0Et \u00e0 ses c\u00f4t\u00e9s, il y a une dizaine d\u2019autres groupes arm\u00e9s locaux qui continuent, eux aussi, \u00e0 commettre des crimes. Donc au-del\u00e0 des poursuites judiciaires contre Sheka, il faut que l\u2019Etat congolais traque \u00e9galement les milices pour stopper les crimes et pacifier la r\u00e9gion <\/em>\u00bb, recommande Prince Kihangi.<\/p>\n","protected":false},"excerpt":{"rendered":"<p>La justice militaire congolaise a ouvert \u00e0 Goma, le 27 novembre, le proc\u00e8s de Tabo Ntaberi, alias Sheka, fondateur et ancien chef du groupe rebelle Nduma D\u00e9fense du Congo (NDC), une milice active dans le Nord-Kivu. Il est poursuivi pour crimes contre l\u2019humanit\u00e9 et crimes de guerre commis \u00e0 Walikale et Masisi. Un proc\u00e8s ouvert [&hellip;]<\/p>\n","protected":false},"author":75,"featured_media":64801,"comment_status":"open","ping_status":"closed","sticky":false,"template":"","format":"standard","meta":{"_acf_changed":false,"footnotes":""},"categories":[574],"tags":[],"ji_location":[2196],"class_list":["post-39630","post","type-post","status-publish","format-standard","has-post-thumbnail","hentry","category-tribunaux-nationaux","ji_location-republique-democratique-du-congo"],"acf":[],"yoast_head":"<!-- This site is optimized with the Yoast SEO Premium plugin v25.3.1 (Yoast SEO v25.3.1) - https:\/\/yoast.com\/wordpress\/plugins\/seo\/ -->\n<title>RD Congo : Le proc\u00e8s Sheka s\u2019ouvre dans l\u2019incertitude - JusticeInfo.net<\/title>\n<meta name=\"robots\" content=\"index, follow, max-snippet:-1, max-image-preview:large, max-video-preview:-1\" \/>\n<link rel=\"canonical\" href=\"https:\/\/www.justiceinfo.net\/fr\/39630-rd-congo-le-proces-sheka-s-ouvre-dans-l-incertitude.html\" \/>\n<meta property=\"og:locale\" content=\"fr_FR\" \/>\n<meta property=\"og:type\" content=\"article\" \/>\n<meta property=\"og:title\" content=\"RD Congo : Le proc\u00e8s Sheka s\u2019ouvre dans l\u2019incertitude\" \/>\n<meta property=\"og:description\" content=\"La justice militaire congolaise a ouvert \u00e0 Goma, le 27 novembre, le proc\u00e8s de Tabo Ntaberi, alias Sheka, fondateur et ancien chef du groupe rebelle Nduma D\u00e9fense du Congo (NDC), une milice active dans le Nord-Kivu. Il est poursuivi pour crimes contre l\u2019humanit\u00e9 et crimes de guerre commis \u00e0 Walikale et Masisi. Un proc\u00e8s ouvert [&hellip;]\" \/>\n<meta property=\"og:url\" content=\"https:\/\/www.justiceinfo.net\/fr\/39630-rd-congo-le-proces-sheka-s-ouvre-dans-l-incertitude.html\" \/>\n<meta property=\"og:site_name\" content=\"JusticeInfo.net\" \/>\n<meta property=\"article:publisher\" content=\"https:\/\/www.facebook.com\/JusticeInfo\/\" \/>\n<meta property=\"article:author\" content=\"https:\/\/www.facebook.com\/claude.muhindosengenya\" \/>\n<meta property=\"article:published_time\" content=\"2018-11-29T07:51:52+00:00\" \/>\n<meta property=\"og:image\" content=\"https:\/\/www.justiceinfo.net\/wp-content\/uploads\/df8966cfdc1ba9c1ea242e6478994832.jpg\" \/>\n\t<meta property=\"og:image:width\" content=\"1200\" \/>\n\t<meta property=\"og:image:height\" content=\"800\" \/>\n\t<meta property=\"og:image:type\" content=\"image\/jpeg\" \/>\n<meta name=\"author\" content=\"Claude Sengenya\" \/>\n<meta name=\"twitter:card\" content=\"summary_large_image\" \/>\n<meta name=\"twitter:creator\" content=\"@CSengenya\" \/>\n<meta name=\"twitter:site\" content=\"@justiceinfonet\" \/>\n<meta name=\"twitter:label1\" content=\"\u00c9crit par\" \/>\n\t<meta name=\"twitter:data1\" content=\"Claude Sengenya\" \/>\n\t<meta name=\"twitter:label2\" content=\"Dur\u00e9e de lecture estim\u00e9e\" \/>\n\t<meta name=\"twitter:data2\" content=\"4 minutes\" \/>\n<script type=\"application\/ld+json\" class=\"yoast-schema-graph\">{\"@context\":\"https:\/\/schema.org\",\"@graph\":[{\"@type\":\"NewsArticle\",\"@id\":\"https:\/\/www.justiceinfo.net\/fr\/39630-rd-congo-le-proces-sheka-s-ouvre-dans-l-incertitude.html#article\",\"isPartOf\":{\"@id\":\"https:\/\/www.justiceinfo.net\/fr\/39630-rd-congo-le-proces-sheka-s-ouvre-dans-l-incertitude.html\"},\"author\":{\"name\":\"csengenya\",\"@id\":\"https:\/\/www.justiceinfo.net\/fr#\/schema\/person\/a3ec72ebc73073157fe877a4219450e6\"},\"headline\":\"RD Congo : Le proc\u00e8s Sheka s\u2019ouvre dans l\u2019incertitude\",\"datePublished\":\"2018-11-29T07:51:52+00:00\",\"mainEntityOfPage\":{\"@id\":\"https:\/\/www.justiceinfo.net\/fr\/39630-rd-congo-le-proces-sheka-s-ouvre-dans-l-incertitude.html\"},\"wordCount\":872,\"commentCount\":0,\"publisher\":{\"@id\":\"https:\/\/www.justiceinfo.net\/fr#organization\"},\"image\":{\"@id\":\"https:\/\/www.justiceinfo.net\/fr\/39630-rd-congo-le-proces-sheka-s-ouvre-dans-l-incertitude.html#primaryimage\"},\"thumbnailUrl\":\"https:\/\/www.justiceinfo.net\/wp-content\/uploads\/df8966cfdc1ba9c1ea242e6478994832.jpg\",\"articleSection\":[\"Tribunaux nationaux\"],\"inLanguage\":\"fr-FR\",\"potentialAction\":[{\"@type\":\"CommentAction\",\"name\":\"Comment\",\"target\":[\"https:\/\/www.justiceinfo.net\/fr\/39630-rd-congo-le-proces-sheka-s-ouvre-dans-l-incertitude.html#respond\"]}]},{\"@type\":\"WebPage\",\"@id\":\"https:\/\/www.justiceinfo.net\/fr\/39630-rd-congo-le-proces-sheka-s-ouvre-dans-l-incertitude.html\",\"url\":\"https:\/\/www.justiceinfo.net\/fr\/39630-rd-congo-le-proces-sheka-s-ouvre-dans-l-incertitude.html\",\"name\":\"RD Congo : Le proc\u00e8s Sheka s\u2019ouvre dans l\u2019incertitude - JusticeInfo.net\",\"isPartOf\":{\"@id\":\"https:\/\/www.justiceinfo.net\/fr#website\"},\"primaryImageOfPage\":{\"@id\":\"https:\/\/www.justiceinfo.net\/fr\/39630-rd-congo-le-proces-sheka-s-ouvre-dans-l-incertitude.html#primaryimage\"},\"image\":{\"@id\":\"https:\/\/www.justiceinfo.net\/fr\/39630-rd-congo-le-proces-sheka-s-ouvre-dans-l-incertitude.html#primaryimage\"},\"thumbnailUrl\":\"https:\/\/www.justiceinfo.net\/wp-content\/uploads\/df8966cfdc1ba9c1ea242e6478994832.jpg\",\"datePublished\":\"2018-11-29T07:51:52+00:00\",\"breadcrumb\":{\"@id\":\"https:\/\/www.justiceinfo.net\/fr\/39630-rd-congo-le-proces-sheka-s-ouvre-dans-l-incertitude.html#breadcrumb\"},\"inLanguage\":\"fr-FR\",\"potentialAction\":[{\"@type\":\"ReadAction\",\"target\":[\"https:\/\/www.justiceinfo.net\/fr\/39630-rd-congo-le-proces-sheka-s-ouvre-dans-l-incertitude.html\"]}]},{\"@type\":\"ImageObject\",\"inLanguage\":\"fr-FR\",\"@id\":\"https:\/\/www.justiceinfo.net\/fr\/39630-rd-congo-le-proces-sheka-s-ouvre-dans-l-incertitude.html#primaryimage\",\"url\":\"https:\/\/www.justiceinfo.net\/wp-content\/uploads\/df8966cfdc1ba9c1ea242e6478994832.jpg\",\"contentUrl\":\"https:\/\/www.justiceinfo.net\/wp-content\/uploads\/df8966cfdc1ba9c1ea242e6478994832.jpg\",\"width\":1200,\"height\":800},{\"@type\":\"BreadcrumbList\",\"@id\":\"https:\/\/www.justiceinfo.net\/fr\/39630-rd-congo-le-proces-sheka-s-ouvre-dans-l-incertitude.html#breadcrumb\",\"itemListElement\":[{\"@type\":\"ListItem\",\"position\":1,\"name\":\"Home\",\"item\":\"https:\/\/www.justiceinfo.net\/fr\"},{\"@type\":\"ListItem\",\"position\":2,\"name\":\"RD Congo : Le proc\u00e8s Sheka s\u2019ouvre dans l\u2019incertitude\"}]},{\"@type\":\"WebSite\",\"@id\":\"https:\/\/www.justiceinfo.net\/fr#website\",\"url\":\"https:\/\/www.justiceinfo.net\/fr\",\"name\":\"JusticeInfo.net\",\"description\":\"La justice doit \u00eatre vue pour \u00eatre rendue\",\"publisher\":{\"@id\":\"https:\/\/www.justiceinfo.net\/fr#organization\"},\"potentialAction\":[{\"@type\":\"SearchAction\",\"target\":{\"@type\":\"EntryPoint\",\"urlTemplate\":\"https:\/\/www.justiceinfo.net\/fr?s={search_term_string}\"},\"query-input\":{\"@type\":\"PropertyValueSpecification\",\"valueRequired\":true,\"valueName\":\"search_term_string\"}}],\"inLanguage\":\"fr-FR\"},{\"@type\":\"Organization\",\"@id\":\"https:\/\/www.justiceinfo.net\/fr#organization\",\"name\":\"Justice Info\",\"url\":\"https:\/\/www.justiceinfo.net\/fr\",\"logo\":{\"@type\":\"ImageObject\",\"inLanguage\":\"fr-FR\",\"@id\":\"https:\/\/www.justiceinfo.net\/fr#\/schema\/logo\/image\/\",\"url\":\"https:\/\/www.justiceinfo.net\/wp-content\/uploads\/justiceinfo_logo-trans_1200x1200px.png\",\"contentUrl\":\"https:\/\/www.justiceinfo.net\/wp-content\/uploads\/justiceinfo_logo-trans_1200x1200px.png\",\"width\":1199,\"height\":1200,\"caption\":\"Justice Info\"},\"image\":{\"@id\":\"https:\/\/www.justiceinfo.net\/fr#\/schema\/logo\/image\/\"},\"sameAs\":[\"https:\/\/www.facebook.com\/JusticeInfo\/\",\"https:\/\/x.com\/justiceinfonet\",\"https:\/\/www.linkedin.com\/company\/justice-info\",\"https:\/\/www.youtube.com\/channel\/UCyCEsARodyuWtkWyhn-e7pA\"]},{\"@type\":\"Person\",\"name\":\"Claude Sengenya\",\"sameAs\":[\"https:\/\/www.facebook.com\/claude.muhindosengenya\",\"https:\/\/x.com\/CSengenya\"],\"url\":\"https:\/\/www.justiceinfo.net\/fr\/auteur\/csengenya\"}]}<\/script>\n<!-- \/ Yoast SEO Premium plugin. -->","yoast_head_json":{"title":"RD Congo : Le proc\u00e8s Sheka s\u2019ouvre dans l\u2019incertitude - JusticeInfo.net","robots":{"index":"index","follow":"follow","max-snippet":"max-snippet:-1","max-image-preview":"max-image-preview:large","max-video-preview":"max-video-preview:-1"},"canonical":"https:\/\/www.justiceinfo.net\/fr\/39630-rd-congo-le-proces-sheka-s-ouvre-dans-l-incertitude.html","og_locale":"fr_FR","og_type":"article","og_title":"RD Congo : Le proc\u00e8s Sheka s\u2019ouvre dans l\u2019incertitude","og_description":"La justice militaire congolaise a ouvert \u00e0 Goma, le 27 novembre, le proc\u00e8s de Tabo Ntaberi, alias Sheka, fondateur et ancien chef du groupe rebelle Nduma D\u00e9fense du Congo (NDC), une milice active dans le Nord-Kivu. Il est poursuivi pour crimes contre l\u2019humanit\u00e9 et crimes de guerre commis \u00e0 Walikale et Masisi. Un proc\u00e8s ouvert [&hellip;]","og_url":"https:\/\/www.justiceinfo.net\/fr\/39630-rd-congo-le-proces-sheka-s-ouvre-dans-l-incertitude.html","og_site_name":"JusticeInfo.net","article_publisher":"https:\/\/www.facebook.com\/JusticeInfo\/","article_author":"https:\/\/www.facebook.com\/claude.muhindosengenya","article_published_time":"2018-11-29T07:51:52+00:00","og_image":[{"width":1200,"height":800,"url":"https:\/\/www.justiceinfo.net\/wp-content\/uploads\/df8966cfdc1ba9c1ea242e6478994832.jpg","type":"image\/jpeg"}],"author":"Claude Sengenya","twitter_card":"summary_large_image","twitter_creator":"@CSengenya","twitter_site":"@justiceinfonet","twitter_misc":{"\u00c9crit par":"Claude Sengenya","Dur\u00e9e de lecture estim\u00e9e":"4 minutes"},"schema":{"@context":"https:\/\/schema.org","@graph":[{"@type":"NewsArticle","@id":"https:\/\/www.justiceinfo.net\/fr\/39630-rd-congo-le-proces-sheka-s-ouvre-dans-l-incertitude.html#article","isPartOf":{"@id":"https:\/\/www.justiceinfo.net\/fr\/39630-rd-congo-le-proces-sheka-s-ouvre-dans-l-incertitude.html"},"author":{"name":"csengenya","@id":"https:\/\/www.justiceinfo.net\/fr#\/schema\/person\/a3ec72ebc73073157fe877a4219450e6"},"headline":"RD Congo : Le proc\u00e8s Sheka s\u2019ouvre dans l\u2019incertitude","datePublished":"2018-11-29T07:51:52+00:00","mainEntityOfPage":{"@id":"https:\/\/www.justiceinfo.net\/fr\/39630-rd-congo-le-proces-sheka-s-ouvre-dans-l-incertitude.html"},"wordCount":872,"commentCount":0,"publisher":{"@id":"https:\/\/www.justiceinfo.net\/fr#organization"},"image":{"@id":"https:\/\/www.justiceinfo.net\/fr\/39630-rd-congo-le-proces-sheka-s-ouvre-dans-l-incertitude.html#primaryimage"},"thumbnailUrl":"https:\/\/www.justiceinfo.net\/wp-content\/uploads\/df8966cfdc1ba9c1ea242e6478994832.jpg","articleSection":["Tribunaux nationaux"],"inLanguage":"fr-FR","potentialAction":[{"@type":"CommentAction","name":"Comment","target":["https:\/\/www.justiceinfo.net\/fr\/39630-rd-congo-le-proces-sheka-s-ouvre-dans-l-incertitude.html#respond"]}]},{"@type":"WebPage","@id":"https:\/\/www.justiceinfo.net\/fr\/39630-rd-congo-le-proces-sheka-s-ouvre-dans-l-incertitude.html","url":"https:\/\/www.justiceinfo.net\/fr\/39630-rd-congo-le-proces-sheka-s-ouvre-dans-l-incertitude.html","name":"RD Congo : Le proc\u00e8s Sheka s\u2019ouvre dans l\u2019incertitude - JusticeInfo.net","isPartOf":{"@id":"https:\/\/www.justiceinfo.net\/fr#website"},"primaryImageOfPage":{"@id":"https:\/\/www.justiceinfo.net\/fr\/39630-rd-congo-le-proces-sheka-s-ouvre-dans-l-incertitude.html#primaryimage"},"image":{"@id":"https:\/\/www.justiceinfo.net\/fr\/39630-rd-congo-le-proces-sheka-s-ouvre-dans-l-incertitude.html#primaryimage"},"thumbnailUrl":"https:\/\/www.justiceinfo.net\/wp-content\/uploads\/df8966cfdc1ba9c1ea242e6478994832.jpg","datePublished":"2018-11-29T07:51:52+00:00","breadcrumb":{"@id":"https:\/\/www.justiceinfo.net\/fr\/39630-rd-congo-le-proces-sheka-s-ouvre-dans-l-incertitude.html#breadcrumb"},"inLanguage":"fr-FR","potentialAction":[{"@type":"ReadAction","target":["https:\/\/www.justiceinfo.net\/fr\/39630-rd-congo-le-proces-sheka-s-ouvre-dans-l-incertitude.html"]}]},{"@type":"ImageObject","inLanguage":"fr-FR","@id":"https:\/\/www.justiceinfo.net\/fr\/39630-rd-congo-le-proces-sheka-s-ouvre-dans-l-incertitude.html#primaryimage","url":"https:\/\/www.justiceinfo.net\/wp-content\/uploads\/df8966cfdc1ba9c1ea242e6478994832.jpg","contentUrl":"https:\/\/www.justiceinfo.net\/wp-content\/uploads\/df8966cfdc1ba9c1ea242e6478994832.jpg","width":1200,"height":800},{"@type":"BreadcrumbList","@id":"https:\/\/www.justiceinfo.net\/fr\/39630-rd-congo-le-proces-sheka-s-ouvre-dans-l-incertitude.html#breadcrumb","itemListElement":[{"@type":"ListItem","position":1,"name":"Home","item":"https:\/\/www.justiceinfo.net\/fr"},{"@type":"ListItem","position":2,"name":"RD Congo : Le proc\u00e8s Sheka s\u2019ouvre dans l\u2019incertitude"}]},{"@type":"WebSite","@id":"https:\/\/www.justiceinfo.net\/fr#website","url":"https:\/\/www.justiceinfo.net\/fr","name":"JusticeInfo.net","description":"La justice doit \u00eatre vue pour \u00eatre rendue","publisher":{"@id":"https:\/\/www.justiceinfo.net\/fr#organization"},"potentialAction":[{"@type":"SearchAction","target":{"@type":"EntryPoint","urlTemplate":"https:\/\/www.justiceinfo.net\/fr?s={search_term_string}"},"query-input":{"@type":"PropertyValueSpecification","valueRequired":true,"valueName":"search_term_string"}}],"inLanguage":"fr-FR"},{"@type":"Organization","@id":"https:\/\/www.justiceinfo.net\/fr#organization","name":"Justice Info","url":"https:\/\/www.justiceinfo.net\/fr","logo":{"@type":"ImageObject","inLanguage":"fr-FR","@id":"https:\/\/www.justiceinfo.net\/fr#\/schema\/logo\/image\/","url":"https:\/\/www.justiceinfo.net\/wp-content\/uploads\/justiceinfo_logo-trans_1200x1200px.png","contentUrl":"https:\/\/www.justiceinfo.net\/wp-content\/uploads\/justiceinfo_logo-trans_1200x1200px.png","width":1199,"height":1200,"caption":"Justice Info"},"image":{"@id":"https:\/\/www.justiceinfo.net\/fr#\/schema\/logo\/image\/"},"sameAs":["https:\/\/www.facebook.com\/JusticeInfo\/","https:\/\/x.com\/justiceinfonet","https:\/\/www.linkedin.com\/company\/justice-info","https:\/\/www.youtube.com\/channel\/UCyCEsARodyuWtkWyhn-e7pA"]},{"@type":"Person","name":"Claude Sengenya","sameAs":["https:\/\/www.facebook.com\/claude.muhindosengenya","https:\/\/x.com\/CSengenya"],"url":"https:\/\/www.justiceinfo.net\/fr\/auteur\/csengenya"}]}},"_links":{"self":[{"href":"https:\/\/www.justiceinfo.net\/fr\/wp-json\/wp\/v2\/posts\/39630","targetHints":{"allow":["GET"]}}],"collection":[{"href":"https:\/\/www.justiceinfo.net\/fr\/wp-json\/wp\/v2\/posts"}],"about":[{"href":"https:\/\/www.justiceinfo.net\/fr\/wp-json\/wp\/v2\/types\/post"}],"author":[{"embeddable":true,"href":"https:\/\/www.justiceinfo.net\/fr\/wp-json\/wp\/v2\/users\/75"}],"replies":[{"embeddable":true,"href":"https:\/\/www.justiceinfo.net\/fr\/wp-json\/wp\/v2\/comments?post=39630"}],"version-history":[{"count":0,"href":"https:\/\/www.justiceinfo.net\/fr\/wp-json\/wp\/v2\/posts\/39630\/revisions"}],"wp:featuredmedia":[{"embeddable":true,"href":"https:\/\/www.justiceinfo.net\/fr\/wp-json\/wp\/v2\/media\/64801"}],"wp:attachment":[{"href":"https:\/\/www.justiceinfo.net\/fr\/wp-json\/wp\/v2\/media?parent=39630"}],"wp:term":[{"taxonomy":"category","embeddable":true,"href":"https:\/\/www.justiceinfo.net\/fr\/wp-json\/wp\/v2\/categories?post=39630"},{"taxonomy":"post_tag","embeddable":true,"href":"https:\/\/www.justiceinfo.net\/fr\/wp-json\/wp\/v2\/tags?post=39630"},{"taxonomy":"ji_location","embeddable":true,"href":"https:\/\/www.justiceinfo.net\/fr\/wp-json\/wp\/v2\/ji_location?post=39630"}],"curies":[{"name":"wp","href":"https:\/\/api.w.org\/{rel}","templated":true}]}}