{"id":3965,"date":"2008-06-19T08:19:27","date_gmt":"2008-06-19T06:19:27","guid":{"rendered":"https:\/\/www.justiceinfo.net\/3965-180608-rwandagenocide-le-rwanda-veut-user-de-la-competence-universelle-pour-poursuivre-des-et755.html"},"modified":"2008-06-19T08:19:27","modified_gmt":"2008-06-19T06:19:27","slug":"180608-rwandagenocide-le-rwanda-veut-user-de-la-competence-universelle-pour-poursuivre-des-et755","status":"publish","type":"post","link":"https:\/\/www.justiceinfo.net\/fr\/3965-180608-rwandagenocide-le-rwanda-veut-user-de-la-competence-universelle-pour-poursuivre-des-et755.html","title":{"rendered":"18.06.08 - RWANDA\/GENOCIDE - LE RWANDA VEUT USER DE LA COMPETENCE UNIVERSELLE POUR POURSUIVRE DES ET"},"content":{"rendered":"<p  >\nArusha, 18 juin 2008 (FH) \u2013 Le Rwanda veut adopter une loi dite \"de comp\u00e9tence universelle\" pour poursuivre devant ses tribunaux des \u00e9trangers soup\u00e7onn\u00e9s d\u2019avoir jou\u00e9 un r\u00f4le dans le g\u00e9nocide de 1994, a rapport\u00e9 mercredi le quotidien rwandais, le New Times.<br \/>\nDirig\u00e9 contre les Tutsis, le g\u00e9nocide d\u2019avril \u00e0 juillet 1994 a fait 800.\n<\/p>\n<p><!--more--><\/p>\n<p  >\n000 selon les Nations-unies.<br \/>\n\u00ab Le Rwanda a des raisons valables de poursuivre des non-Rwandais qui ont \u00e9t\u00e9 impliqu\u00e9s dans le g\u00e9nocide des Tutsis en 1994 \u00bb, affirme la ministre de l\u2019Information, Louise Mushikiwabo cit\u00e9e par le quotidien.<br \/>\nCe journal progouvernemental indique que le conseil des ministres s\u2019est prononc\u00e9 la semaine derni\u00e8re en faveur de ces poursuites.<br \/>\nLa ministre a pr\u00e9cis\u00e9 que ces proc\u00e9dures ne se limiteraient pas au g\u00e9nocide de 1994 bien que ce dernier soit la priorit\u00e9 pour l\u2019instant, selon le New Times.<br \/>\nElle a d\u00e9clar\u00e9 que ce recours \u00e0 la comp\u00e9tence universelle n\u2019est pas une r\u00e9plique aux mandats d\u2019arr\u00eats \u00e9mis par les justices espagnole et fran\u00e7aise \u00e0 l\u2019encontre d\u2019officiels rwandais.<br \/>\nMushikiwabo a qualifi\u00e9 ces mandats occidentaux de \u00ab injustes et insultants \u00bb, soulignant que le Rwanda avait l\u2019intention de soulever la question lors du sommet de l\u2019Union africaine (UA) pr\u00e9vu fin ce mois en Egypte.<br \/>\nA la suite des mandats d\u2019arr\u00eats \u00e9mis par le juge fran\u00e7ais Jean Louis Brugui\u00e8re, le Rwanda a rompu ses relations diplomatiques avec la France \u00e0 la fin de l\u2019ann\u00e9e 2006.<br \/>\nLe juge Brugui\u00e8re d\u00e9signe le chef de l\u2019Etat rwandais Paul Kagame, comme le principal responsable de l'attentat du 6 avril 1994 qui a cout\u00e9 la vie au pr\u00e9sident Juv\u00e9nal Habyarimana. Outre la mise en accusation de neuf personnalit\u00e9s de son entourage, il a sugg\u00e9r\u00e9 que le pr\u00e9sident rwandais soit d\u00e9f\u00e9r\u00e9 devant un tribunal intenational.<br \/>\nKigali, qui rejette toute responsabilit\u00e9 dans cet attentat, a mis en place une commission d\u2019enqu\u00eate qui n\u2019a pas encore d\u00e9pos\u00e9 son rapport.<br \/>\nER\/PB\/GF<\/p>\n","protected":false},"excerpt":{"rendered":"<p>Arusha, 18 juin 2008 (FH) \u2013 Le Rwanda veut adopter une loi dite \"de comp\u00e9tence universelle\" pour poursuivre devant ses tribunaux des \u00e9trangers soup\u00e7onn\u00e9s d\u2019avoir jou\u00e9 un r\u00f4le dans le g\u00e9nocide de 1994, a rapport\u00e9 mercredi le quotidien rwandais, le New Times. Dirig\u00e9 contre les Tutsis, le g\u00e9nocide d\u2019avril \u00e0 juillet 1994 a fait 800.<\/p>\n","protected":false},"author":64,"featured_media":0,"comment_status":"open","ping_status":"closed","sticky":false,"template":"","format":"standard","meta":{"_acf_changed":false,"footnotes":""},"categories":[554],"tags":[],"ji_location":[],"class_list":["post-3965","post","type-post","status-publish","format-standard","hentry","category-hirondellenews"],"acf":[],"yoast_head":"<!-- This site is optimized with the Yoast SEO Premium plugin v25.3.1 (Yoast SEO v25.3.1) - https:\/\/yoast.com\/wordpress\/plugins\/seo\/ -->\n<title>18.06.08 - RWANDA\/GENOCIDE - LE RWANDA VEUT USER DE LA COMPETENCE UNIVERSELLE POUR POURSUIVRE DES ET - JusticeInfo.net<\/title>\n<meta name=\"robots\" content=\"index, follow, max-snippet:-1, max-image-preview:large, max-video-preview:-1\" \/>\n<link rel=\"canonical\" href=\"https:\/\/www.justiceinfo.net\/fr\/3965-180608-rwandagenocide-le-rwanda-veut-user-de-la-competence-universelle-pour-poursuivre-des-et755.html\" \/>\n<meta property=\"og:locale\" content=\"fr_FR\" \/>\n<meta property=\"og:type\" content=\"article\" \/>\n<meta property=\"og:title\" content=\"18.06.08 - RWANDA\/GENOCIDE - LE RWANDA VEUT USER DE LA COMPETENCE UNIVERSELLE POUR POURSUIVRE DES ET\" \/>\n<meta property=\"og:description\" content=\"Arusha, 18 juin 2008 (FH) \u2013 Le Rwanda veut adopter une loi dite &quot;de comp\u00e9tence universelle&quot; pour poursuivre devant ses tribunaux des \u00e9trangers soup\u00e7onn\u00e9s d\u2019avoir jou\u00e9 un r\u00f4le dans le g\u00e9nocide de 1994, a rapport\u00e9 mercredi le quotidien rwandais, le New Times. Dirig\u00e9 contre les Tutsis, le g\u00e9nocide d\u2019avril \u00e0 juillet 1994 a fait 800.\" \/>\n<meta property=\"og:url\" content=\"https:\/\/www.justiceinfo.net\/fr\/3965-180608-rwandagenocide-le-rwanda-veut-user-de-la-competence-universelle-pour-poursuivre-des-et755.html\" \/>\n<meta property=\"og:site_name\" content=\"JusticeInfo.net\" \/>\n<meta property=\"article:publisher\" content=\"https:\/\/www.facebook.com\/JusticeInfo\/\" \/>\n<meta property=\"article:published_time\" content=\"2008-06-19T06:19:27+00:00\" \/>\n<meta property=\"og:image\" content=\"https:\/\/www.justiceinfo.net\/wp-content\/uploads\/JusticeInfoNet_logo_1200x630px.jpg\" \/>\n\t<meta property=\"og:image:width\" content=\"1200\" \/>\n\t<meta property=\"og:image:height\" content=\"630\" \/>\n\t<meta property=\"og:image:type\" content=\"image\/jpeg\" \/>\n<meta name=\"author\" content=\"solivri\" \/>\n<meta name=\"twitter:card\" content=\"summary_large_image\" \/>\n<meta name=\"twitter:creator\" content=\"@justiceinfonet\" \/>\n<meta name=\"twitter:site\" content=\"@justiceinfonet\" \/>\n<meta name=\"twitter:label1\" content=\"\u00c9crit par\" \/>\n\t<meta name=\"twitter:data1\" content=\"solivri\" \/>\n\t<meta name=\"twitter:label2\" content=\"Dur\u00e9e de lecture estim\u00e9e\" \/>\n\t<meta name=\"twitter:data2\" content=\"2 minutes\" \/>\n<script type=\"application\/ld+json\" class=\"yoast-schema-graph\">{\"@context\":\"https:\/\/schema.org\",\"@graph\":[{\"@type\":\"NewsArticle\",\"@id\":\"https:\/\/www.justiceinfo.net\/fr\/3965-180608-rwandagenocide-le-rwanda-veut-user-de-la-competence-universelle-pour-poursuivre-des-et755.html#article\",\"isPartOf\":{\"@id\":\"https:\/\/www.justiceinfo.net\/fr\/3965-180608-rwandagenocide-le-rwanda-veut-user-de-la-competence-universelle-pour-poursuivre-des-et755.html\"},\"author\":{\"name\":\"solivri\",\"@id\":\"https:\/\/www.justiceinfo.net\/fr#\/schema\/person\/6e53cba1629e2e66f3fc1821d3091865\"},\"headline\":\"18.06.08 - RWANDA\/GENOCIDE - LE RWANDA VEUT USER DE LA COMPETENCE UNIVERSELLE POUR POURSUIVRE DES ET\",\"datePublished\":\"2008-06-19T06:19:27+00:00\",\"mainEntityOfPage\":{\"@id\":\"https:\/\/www.justiceinfo.net\/fr\/3965-180608-rwandagenocide-le-rwanda-veut-user-de-la-competence-universelle-pour-poursuivre-des-et755.html\"},\"wordCount\":359,\"commentCount\":0,\"publisher\":{\"@id\":\"https:\/\/www.justiceinfo.net\/fr#organization\"},\"articleSection\":[\"Hirondelle News\"],\"inLanguage\":\"fr-FR\",\"potentialAction\":[{\"@type\":\"CommentAction\",\"name\":\"Comment\",\"target\":[\"https:\/\/www.justiceinfo.net\/fr\/3965-180608-rwandagenocide-le-rwanda-veut-user-de-la-competence-universelle-pour-poursuivre-des-et755.html#respond\"]}]},{\"@type\":\"WebPage\",\"@id\":\"https:\/\/www.justiceinfo.net\/fr\/3965-180608-rwandagenocide-le-rwanda-veut-user-de-la-competence-universelle-pour-poursuivre-des-et755.html\",\"url\":\"https:\/\/www.justiceinfo.net\/fr\/3965-180608-rwandagenocide-le-rwanda-veut-user-de-la-competence-universelle-pour-poursuivre-des-et755.html\",\"name\":\"18.06.08 - RWANDA\/GENOCIDE - LE RWANDA VEUT USER DE LA COMPETENCE UNIVERSELLE POUR POURSUIVRE DES ET - JusticeInfo.net\",\"isPartOf\":{\"@id\":\"https:\/\/www.justiceinfo.net\/fr#website\"},\"datePublished\":\"2008-06-19T06:19:27+00:00\",\"breadcrumb\":{\"@id\":\"https:\/\/www.justiceinfo.net\/fr\/3965-180608-rwandagenocide-le-rwanda-veut-user-de-la-competence-universelle-pour-poursuivre-des-et755.html#breadcrumb\"},\"inLanguage\":\"fr-FR\",\"potentialAction\":[{\"@type\":\"ReadAction\",\"target\":[\"https:\/\/www.justiceinfo.net\/fr\/3965-180608-rwandagenocide-le-rwanda-veut-user-de-la-competence-universelle-pour-poursuivre-des-et755.html\"]}]},{\"@type\":\"BreadcrumbList\",\"@id\":\"https:\/\/www.justiceinfo.net\/fr\/3965-180608-rwandagenocide-le-rwanda-veut-user-de-la-competence-universelle-pour-poursuivre-des-et755.html#breadcrumb\",\"itemListElement\":[{\"@type\":\"ListItem\",\"position\":1,\"name\":\"Home\",\"item\":\"https:\/\/www.justiceinfo.net\/fr\"},{\"@type\":\"ListItem\",\"position\":2,\"name\":\"18.06.08 - RWANDA\/GENOCIDE - LE RWANDA VEUT USER DE LA COMPETENCE UNIVERSELLE POUR POURSUIVRE DES ET\"}]},{\"@type\":\"WebSite\",\"@id\":\"https:\/\/www.justiceinfo.net\/fr#website\",\"url\":\"https:\/\/www.justiceinfo.net\/fr\",\"name\":\"JusticeInfo.net\",\"description\":\"La justice doit \u00eatre vue pour \u00eatre rendue\",\"publisher\":{\"@id\":\"https:\/\/www.justiceinfo.net\/fr#organization\"},\"potentialAction\":[{\"@type\":\"SearchAction\",\"target\":{\"@type\":\"EntryPoint\",\"urlTemplate\":\"https:\/\/www.justiceinfo.net\/fr?s={search_term_string}\"},\"query-input\":{\"@type\":\"PropertyValueSpecification\",\"valueRequired\":true,\"valueName\":\"search_term_string\"}}],\"inLanguage\":\"fr-FR\"},{\"@type\":\"Organization\",\"@id\":\"https:\/\/www.justiceinfo.net\/fr#organization\",\"name\":\"Justice Info\",\"url\":\"https:\/\/www.justiceinfo.net\/fr\",\"logo\":{\"@type\":\"ImageObject\",\"inLanguage\":\"fr-FR\",\"@id\":\"https:\/\/www.justiceinfo.net\/fr#\/schema\/logo\/image\/\",\"url\":\"https:\/\/www.justiceinfo.net\/wp-content\/uploads\/justiceinfo_logo-trans_1200x1200px.png\",\"contentUrl\":\"https:\/\/www.justiceinfo.net\/wp-content\/uploads\/justiceinfo_logo-trans_1200x1200px.png\",\"width\":1199,\"height\":1200,\"caption\":\"Justice Info\"},\"image\":{\"@id\":\"https:\/\/www.justiceinfo.net\/fr#\/schema\/logo\/image\/\"},\"sameAs\":[\"https:\/\/www.facebook.com\/JusticeInfo\/\",\"https:\/\/x.com\/justiceinfonet\",\"https:\/\/www.linkedin.com\/company\/justice-info\",\"https:\/\/www.youtube.com\/channel\/UCyCEsARodyuWtkWyhn-e7pA\"]},{\"@type\":\"Person\",\"name\":\"solivri\",\"url\":\"\/fr\/?s=solivri\"}]}<\/script>\n<!-- \/ Yoast SEO Premium plugin. -->","yoast_head_json":{"title":"18.06.08 - RWANDA\/GENOCIDE - LE RWANDA VEUT USER DE LA COMPETENCE UNIVERSELLE POUR POURSUIVRE DES ET - JusticeInfo.net","robots":{"index":"index","follow":"follow","max-snippet":"max-snippet:-1","max-image-preview":"max-image-preview:large","max-video-preview":"max-video-preview:-1"},"canonical":"https:\/\/www.justiceinfo.net\/fr\/3965-180608-rwandagenocide-le-rwanda-veut-user-de-la-competence-universelle-pour-poursuivre-des-et755.html","og_locale":"fr_FR","og_type":"article","og_title":"18.06.08 - RWANDA\/GENOCIDE - LE RWANDA VEUT USER DE LA COMPETENCE UNIVERSELLE POUR POURSUIVRE DES ET","og_description":"Arusha, 18 juin 2008 (FH) \u2013 Le Rwanda veut adopter une loi dite \"de comp\u00e9tence universelle\" pour poursuivre devant ses tribunaux des \u00e9trangers soup\u00e7onn\u00e9s d\u2019avoir jou\u00e9 un r\u00f4le dans le g\u00e9nocide de 1994, a rapport\u00e9 mercredi le quotidien rwandais, le New Times. Dirig\u00e9 contre les Tutsis, le g\u00e9nocide d\u2019avril \u00e0 juillet 1994 a fait 800.","og_url":"https:\/\/www.justiceinfo.net\/fr\/3965-180608-rwandagenocide-le-rwanda-veut-user-de-la-competence-universelle-pour-poursuivre-des-et755.html","og_site_name":"JusticeInfo.net","article_publisher":"https:\/\/www.facebook.com\/JusticeInfo\/","article_published_time":"2008-06-19T06:19:27+00:00","og_image":[{"width":1200,"height":630,"url":"https:\/\/www.justiceinfo.net\/wp-content\/uploads\/JusticeInfoNet_logo_1200x630px.jpg","type":"image\/jpeg"}],"author":"solivri","twitter_card":"summary_large_image","twitter_creator":"@justiceinfonet","twitter_site":"@justiceinfonet","twitter_misc":{"\u00c9crit par":"solivri","Dur\u00e9e de lecture estim\u00e9e":"2 minutes"},"schema":{"@context":"https:\/\/schema.org","@graph":[{"@type":"NewsArticle","@id":"https:\/\/www.justiceinfo.net\/fr\/3965-180608-rwandagenocide-le-rwanda-veut-user-de-la-competence-universelle-pour-poursuivre-des-et755.html#article","isPartOf":{"@id":"https:\/\/www.justiceinfo.net\/fr\/3965-180608-rwandagenocide-le-rwanda-veut-user-de-la-competence-universelle-pour-poursuivre-des-et755.html"},"author":{"name":"solivri","@id":"https:\/\/www.justiceinfo.net\/fr#\/schema\/person\/6e53cba1629e2e66f3fc1821d3091865"},"headline":"18.06.08 - RWANDA\/GENOCIDE - LE RWANDA VEUT USER DE LA COMPETENCE UNIVERSELLE POUR POURSUIVRE DES ET","datePublished":"2008-06-19T06:19:27+00:00","mainEntityOfPage":{"@id":"https:\/\/www.justiceinfo.net\/fr\/3965-180608-rwandagenocide-le-rwanda-veut-user-de-la-competence-universelle-pour-poursuivre-des-et755.html"},"wordCount":359,"commentCount":0,"publisher":{"@id":"https:\/\/www.justiceinfo.net\/fr#organization"},"articleSection":["Hirondelle News"],"inLanguage":"fr-FR","potentialAction":[{"@type":"CommentAction","name":"Comment","target":["https:\/\/www.justiceinfo.net\/fr\/3965-180608-rwandagenocide-le-rwanda-veut-user-de-la-competence-universelle-pour-poursuivre-des-et755.html#respond"]}]},{"@type":"WebPage","@id":"https:\/\/www.justiceinfo.net\/fr\/3965-180608-rwandagenocide-le-rwanda-veut-user-de-la-competence-universelle-pour-poursuivre-des-et755.html","url":"https:\/\/www.justiceinfo.net\/fr\/3965-180608-rwandagenocide-le-rwanda-veut-user-de-la-competence-universelle-pour-poursuivre-des-et755.html","name":"18.06.08 - RWANDA\/GENOCIDE - LE RWANDA VEUT USER DE LA COMPETENCE UNIVERSELLE POUR POURSUIVRE DES ET - JusticeInfo.net","isPartOf":{"@id":"https:\/\/www.justiceinfo.net\/fr#website"},"datePublished":"2008-06-19T06:19:27+00:00","breadcrumb":{"@id":"https:\/\/www.justiceinfo.net\/fr\/3965-180608-rwandagenocide-le-rwanda-veut-user-de-la-competence-universelle-pour-poursuivre-des-et755.html#breadcrumb"},"inLanguage":"fr-FR","potentialAction":[{"@type":"ReadAction","target":["https:\/\/www.justiceinfo.net\/fr\/3965-180608-rwandagenocide-le-rwanda-veut-user-de-la-competence-universelle-pour-poursuivre-des-et755.html"]}]},{"@type":"BreadcrumbList","@id":"https:\/\/www.justiceinfo.net\/fr\/3965-180608-rwandagenocide-le-rwanda-veut-user-de-la-competence-universelle-pour-poursuivre-des-et755.html#breadcrumb","itemListElement":[{"@type":"ListItem","position":1,"name":"Home","item":"https:\/\/www.justiceinfo.net\/fr"},{"@type":"ListItem","position":2,"name":"18.06.08 - RWANDA\/GENOCIDE - LE RWANDA VEUT USER DE LA COMPETENCE UNIVERSELLE POUR POURSUIVRE DES ET"}]},{"@type":"WebSite","@id":"https:\/\/www.justiceinfo.net\/fr#website","url":"https:\/\/www.justiceinfo.net\/fr","name":"JusticeInfo.net","description":"La justice doit \u00eatre vue pour \u00eatre rendue","publisher":{"@id":"https:\/\/www.justiceinfo.net\/fr#organization"},"potentialAction":[{"@type":"SearchAction","target":{"@type":"EntryPoint","urlTemplate":"https:\/\/www.justiceinfo.net\/fr?s={search_term_string}"},"query-input":{"@type":"PropertyValueSpecification","valueRequired":true,"valueName":"search_term_string"}}],"inLanguage":"fr-FR"},{"@type":"Organization","@id":"https:\/\/www.justiceinfo.net\/fr#organization","name":"Justice Info","url":"https:\/\/www.justiceinfo.net\/fr","logo":{"@type":"ImageObject","inLanguage":"fr-FR","@id":"https:\/\/www.justiceinfo.net\/fr#\/schema\/logo\/image\/","url":"https:\/\/www.justiceinfo.net\/wp-content\/uploads\/justiceinfo_logo-trans_1200x1200px.png","contentUrl":"https:\/\/www.justiceinfo.net\/wp-content\/uploads\/justiceinfo_logo-trans_1200x1200px.png","width":1199,"height":1200,"caption":"Justice Info"},"image":{"@id":"https:\/\/www.justiceinfo.net\/fr#\/schema\/logo\/image\/"},"sameAs":["https:\/\/www.facebook.com\/JusticeInfo\/","https:\/\/x.com\/justiceinfonet","https:\/\/www.linkedin.com\/company\/justice-info","https:\/\/www.youtube.com\/channel\/UCyCEsARodyuWtkWyhn-e7pA"]},{"@type":"Person","name":"solivri","url":"\/fr\/?s=solivri"}]}},"_links":{"self":[{"href":"https:\/\/www.justiceinfo.net\/fr\/wp-json\/wp\/v2\/posts\/3965","targetHints":{"allow":["GET"]}}],"collection":[{"href":"https:\/\/www.justiceinfo.net\/fr\/wp-json\/wp\/v2\/posts"}],"about":[{"href":"https:\/\/www.justiceinfo.net\/fr\/wp-json\/wp\/v2\/types\/post"}],"author":[{"embeddable":true,"href":"https:\/\/www.justiceinfo.net\/fr\/wp-json\/wp\/v2\/users\/64"}],"replies":[{"embeddable":true,"href":"https:\/\/www.justiceinfo.net\/fr\/wp-json\/wp\/v2\/comments?post=3965"}],"version-history":[{"count":0,"href":"https:\/\/www.justiceinfo.net\/fr\/wp-json\/wp\/v2\/posts\/3965\/revisions"}],"wp:attachment":[{"href":"https:\/\/www.justiceinfo.net\/fr\/wp-json\/wp\/v2\/media?parent=3965"}],"wp:term":[{"taxonomy":"category","embeddable":true,"href":"https:\/\/www.justiceinfo.net\/fr\/wp-json\/wp\/v2\/categories?post=3965"},{"taxonomy":"post_tag","embeddable":true,"href":"https:\/\/www.justiceinfo.net\/fr\/wp-json\/wp\/v2\/tags?post=3965"},{"taxonomy":"ji_location","embeddable":true,"href":"https:\/\/www.justiceinfo.net\/fr\/wp-json\/wp\/v2\/ji_location?post=3965"}],"curies":[{"name":"wp","href":"https:\/\/api.w.org\/{rel}","templated":true}]}}