{"id":3969,"date":"2008-06-20T08:45:21","date_gmt":"2008-06-20T06:45:21","guid":{"rendered":"https:\/\/www.justiceinfo.net\/3969-190608-tpirdefense-ladad-accuse-le-procureur-du-tpir-davoir-use-de-l-mensonge-r759.html"},"modified":"2008-06-20T08:45:21","modified_gmt":"2008-06-20T06:45:21","slug":"190608-tpirdefense-ladad-accuse-le-procureur-du-tpir-davoir-use-de-l-mensonge-r759","status":"publish","type":"post","link":"https:\/\/www.justiceinfo.net\/fr\/3969-190608-tpirdefense-ladad-accuse-le-procureur-du-tpir-davoir-use-de-l-mensonge-r759.html","title":{"rendered":"19.06.08 - TPIR\/DEFENSE - L\u2019ADAD ACCUSE LE PROCUREUR DU TPIR D\u2019AVOIR USE DE \u00ab MENSONGE \u00bb"},"content":{"rendered":"<p  >\nArusha, 19 juin 2008 (FH) -  L\u2019Association des avocats de la d\u00e9fense (ADAD) devant le Tribunal p\u00e9nal international pour le Rwanda (TPIR) a estim\u00e9 la semaine derni\u00e8re dans un communiqu\u00e9 que la mise en accusation de soldats du FPR, l'ex-rebellion rwandaise, pour des massacres commis lors du g\u00e9nocide prouvait que les accusations du procureur devant ce tribunal \u00e9tait jusqu\u2019\u00e0 pr\u00e9sent b\u00e2ties sur un \u00abmensonge\u00bb.  <\/p>\n<p>Selon l\u2019ADAD, en confirmant que le Rwanda allait poursuivre des crimes commis par le FPR (l\u2019ancienne r\u00e9bellion au pouvoir \u00e0 Kigali), le procureur a confirm\u00e9 que les anciens militaires et les politiques poursuivis devant le TPIR n'\u00e9taient pas responsables de tous les crimes commis au Rwanda en 1994 ce qu\u2019il avait auparavant affirm\u00e9.\n<\/p>\n<p><!--more--><\/p>\n<p  >\nPour cette organisation, qui regroupe une partie des avocats plaidant devant le TPIR,  ce changement d\u2019attitude est rendu n\u00e9cessaire par les r\u00e9v\u00e9lations faites par l\u2019une des pr\u00e9c\u00e9dentes procureur du TPIR, Carla Del Ponte, et par un enqu\u00eateur de son service M. Michael Hourigan. <\/p>\n<p>Interrog\u00e9 par l\u2019agence Hirondelle le pr\u00e9sident de l\u2019ADAD, M. Peter Erlinder, a expliqu\u00e9 qu\u2019en ne poursuivant pas les crimes commis par l\u2019actuel gouvernement rwandais, le procureur a cr\u00e9\u00e9 la \u00ab fausse impression qu\u2019un seul cot\u00e9 \u00e9tait responsable de tous les crimes commis au Rwanda \u00bb. Pour Me Erlinder la reconnaissance de ces crimes par le bureau du procureur et le gouvernement rwandais signifie que le bureau du procureur et le TPIR ont l\u2019obligation de r\u00e9v\u00e9ler jusqu\u2019o\u00f9 cette \u00ab couverture \u00bb est all\u00e9e. <\/p>\n<p>PB\/GF<\/p>\n","protected":false},"excerpt":{"rendered":"<p>Arusha, 19 juin 2008 (FH) - L\u2019Association des avocats de la d\u00e9fense (ADAD) devant le Tribunal p\u00e9nal international pour le Rwanda (TPIR) a estim\u00e9 la semaine derni\u00e8re dans un communiqu\u00e9 que la mise en accusation de soldats du FPR, l'ex-rebellion rwandaise, pour des massacres commis lors du g\u00e9nocide prouvait que les accusations du procureur devant [&hellip;]<\/p>\n","protected":false},"author":64,"featured_media":0,"comment_status":"open","ping_status":"closed","sticky":false,"template":"","format":"standard","meta":{"_acf_changed":false,"footnotes":""},"categories":[554],"tags":[],"ji_location":[],"class_list":["post-3969","post","type-post","status-publish","format-standard","hentry","category-hirondellenews"],"acf":[],"yoast_head":"<!-- This site is optimized with the Yoast SEO Premium plugin v25.3.1 (Yoast SEO v25.3.1) - https:\/\/yoast.com\/wordpress\/plugins\/seo\/ -->\n<title>19.06.08 - TPIR\/DEFENSE - L\u2019ADAD ACCUSE LE PROCUREUR DU TPIR D\u2019AVOIR USE DE \u00ab MENSONGE \u00bb - JusticeInfo.net<\/title>\n<meta name=\"robots\" content=\"index, follow, max-snippet:-1, max-image-preview:large, max-video-preview:-1\" \/>\n<link rel=\"canonical\" href=\"https:\/\/www.justiceinfo.net\/fr\/3969-190608-tpirdefense-ladad-accuse-le-procureur-du-tpir-davoir-use-de-l-mensonge-r759.html\" \/>\n<meta property=\"og:locale\" content=\"fr_FR\" \/>\n<meta property=\"og:type\" content=\"article\" \/>\n<meta property=\"og:title\" content=\"19.06.08 - TPIR\/DEFENSE - L\u2019ADAD ACCUSE LE PROCUREUR DU TPIR D\u2019AVOIR USE DE \u00ab MENSONGE \u00bb\" \/>\n<meta property=\"og:description\" content=\"Arusha, 19 juin 2008 (FH) - L\u2019Association des avocats de la d\u00e9fense (ADAD) devant le Tribunal p\u00e9nal international pour le Rwanda (TPIR) a estim\u00e9 la semaine derni\u00e8re dans un communiqu\u00e9 que la mise en accusation de soldats du FPR, l&#039;ex-rebellion rwandaise, pour des massacres commis lors du g\u00e9nocide prouvait que les accusations du procureur devant [&hellip;]\" \/>\n<meta property=\"og:url\" content=\"https:\/\/www.justiceinfo.net\/fr\/3969-190608-tpirdefense-ladad-accuse-le-procureur-du-tpir-davoir-use-de-l-mensonge-r759.html\" \/>\n<meta property=\"og:site_name\" content=\"JusticeInfo.net\" \/>\n<meta property=\"article:publisher\" content=\"https:\/\/www.facebook.com\/JusticeInfo\/\" \/>\n<meta property=\"article:published_time\" content=\"2008-06-20T06:45:21+00:00\" \/>\n<meta property=\"og:image\" content=\"https:\/\/www.justiceinfo.net\/wp-content\/uploads\/JusticeInfoNet_logo_1200x630px.jpg\" \/>\n\t<meta property=\"og:image:width\" content=\"1200\" \/>\n\t<meta property=\"og:image:height\" content=\"630\" \/>\n\t<meta property=\"og:image:type\" content=\"image\/jpeg\" \/>\n<meta name=\"author\" content=\"solivri\" \/>\n<meta name=\"twitter:card\" content=\"summary_large_image\" \/>\n<meta name=\"twitter:creator\" content=\"@justiceinfonet\" \/>\n<meta name=\"twitter:site\" content=\"@justiceinfonet\" \/>\n<meta name=\"twitter:label1\" content=\"\u00c9crit par\" \/>\n\t<meta name=\"twitter:data1\" content=\"solivri\" \/>\n\t<meta name=\"twitter:label2\" content=\"Dur\u00e9e de lecture estim\u00e9e\" \/>\n\t<meta name=\"twitter:data2\" content=\"1 minute\" \/>\n<script type=\"application\/ld+json\" class=\"yoast-schema-graph\">{\"@context\":\"https:\/\/schema.org\",\"@graph\":[{\"@type\":\"NewsArticle\",\"@id\":\"https:\/\/www.justiceinfo.net\/fr\/3969-190608-tpirdefense-ladad-accuse-le-procureur-du-tpir-davoir-use-de-l-mensonge-r759.html#article\",\"isPartOf\":{\"@id\":\"https:\/\/www.justiceinfo.net\/fr\/3969-190608-tpirdefense-ladad-accuse-le-procureur-du-tpir-davoir-use-de-l-mensonge-r759.html\"},\"author\":{\"name\":\"solivri\",\"@id\":\"https:\/\/www.justiceinfo.net\/fr#\/schema\/person\/6e53cba1629e2e66f3fc1821d3091865\"},\"headline\":\"19.06.08 - TPIR\/DEFENSE - L\u2019ADAD ACCUSE LE PROCUREUR DU TPIR D\u2019AVOIR USE DE \u00ab MENSONGE \u00bb\",\"datePublished\":\"2008-06-20T06:45:21+00:00\",\"mainEntityOfPage\":{\"@id\":\"https:\/\/www.justiceinfo.net\/fr\/3969-190608-tpirdefense-ladad-accuse-le-procureur-du-tpir-davoir-use-de-l-mensonge-r759.html\"},\"wordCount\":284,\"commentCount\":0,\"publisher\":{\"@id\":\"https:\/\/www.justiceinfo.net\/fr#organization\"},\"articleSection\":[\"Hirondelle News\"],\"inLanguage\":\"fr-FR\",\"potentialAction\":[{\"@type\":\"CommentAction\",\"name\":\"Comment\",\"target\":[\"https:\/\/www.justiceinfo.net\/fr\/3969-190608-tpirdefense-ladad-accuse-le-procureur-du-tpir-davoir-use-de-l-mensonge-r759.html#respond\"]}]},{\"@type\":\"WebPage\",\"@id\":\"https:\/\/www.justiceinfo.net\/fr\/3969-190608-tpirdefense-ladad-accuse-le-procureur-du-tpir-davoir-use-de-l-mensonge-r759.html\",\"url\":\"https:\/\/www.justiceinfo.net\/fr\/3969-190608-tpirdefense-ladad-accuse-le-procureur-du-tpir-davoir-use-de-l-mensonge-r759.html\",\"name\":\"19.06.08 - TPIR\/DEFENSE - L\u2019ADAD ACCUSE LE PROCUREUR DU TPIR D\u2019AVOIR USE DE \u00ab MENSONGE \u00bb - JusticeInfo.net\",\"isPartOf\":{\"@id\":\"https:\/\/www.justiceinfo.net\/fr#website\"},\"datePublished\":\"2008-06-20T06:45:21+00:00\",\"breadcrumb\":{\"@id\":\"https:\/\/www.justiceinfo.net\/fr\/3969-190608-tpirdefense-ladad-accuse-le-procureur-du-tpir-davoir-use-de-l-mensonge-r759.html#breadcrumb\"},\"inLanguage\":\"fr-FR\",\"potentialAction\":[{\"@type\":\"ReadAction\",\"target\":[\"https:\/\/www.justiceinfo.net\/fr\/3969-190608-tpirdefense-ladad-accuse-le-procureur-du-tpir-davoir-use-de-l-mensonge-r759.html\"]}]},{\"@type\":\"BreadcrumbList\",\"@id\":\"https:\/\/www.justiceinfo.net\/fr\/3969-190608-tpirdefense-ladad-accuse-le-procureur-du-tpir-davoir-use-de-l-mensonge-r759.html#breadcrumb\",\"itemListElement\":[{\"@type\":\"ListItem\",\"position\":1,\"name\":\"Home\",\"item\":\"https:\/\/www.justiceinfo.net\/fr\"},{\"@type\":\"ListItem\",\"position\":2,\"name\":\"19.06.08 - TPIR\/DEFENSE - L\u2019ADAD ACCUSE LE PROCUREUR DU TPIR D\u2019AVOIR USE DE \u00ab MENSONGE \u00bb\"}]},{\"@type\":\"WebSite\",\"@id\":\"https:\/\/www.justiceinfo.net\/fr#website\",\"url\":\"https:\/\/www.justiceinfo.net\/fr\",\"name\":\"JusticeInfo.net\",\"description\":\"La justice doit \u00eatre vue pour \u00eatre rendue\",\"publisher\":{\"@id\":\"https:\/\/www.justiceinfo.net\/fr#organization\"},\"potentialAction\":[{\"@type\":\"SearchAction\",\"target\":{\"@type\":\"EntryPoint\",\"urlTemplate\":\"https:\/\/www.justiceinfo.net\/fr?s={search_term_string}\"},\"query-input\":{\"@type\":\"PropertyValueSpecification\",\"valueRequired\":true,\"valueName\":\"search_term_string\"}}],\"inLanguage\":\"fr-FR\"},{\"@type\":\"Organization\",\"@id\":\"https:\/\/www.justiceinfo.net\/fr#organization\",\"name\":\"Justice Info\",\"url\":\"https:\/\/www.justiceinfo.net\/fr\",\"logo\":{\"@type\":\"ImageObject\",\"inLanguage\":\"fr-FR\",\"@id\":\"https:\/\/www.justiceinfo.net\/fr#\/schema\/logo\/image\/\",\"url\":\"https:\/\/www.justiceinfo.net\/wp-content\/uploads\/justiceinfo_logo-trans_1200x1200px.png\",\"contentUrl\":\"https:\/\/www.justiceinfo.net\/wp-content\/uploads\/justiceinfo_logo-trans_1200x1200px.png\",\"width\":1199,\"height\":1200,\"caption\":\"Justice Info\"},\"image\":{\"@id\":\"https:\/\/www.justiceinfo.net\/fr#\/schema\/logo\/image\/\"},\"sameAs\":[\"https:\/\/www.facebook.com\/JusticeInfo\/\",\"https:\/\/x.com\/justiceinfonet\",\"https:\/\/www.linkedin.com\/company\/justice-info\",\"https:\/\/www.youtube.com\/channel\/UCyCEsARodyuWtkWyhn-e7pA\"]},{\"@type\":\"Person\",\"name\":\"solivri\",\"url\":\"\/fr\/?s=solivri\"}]}<\/script>\n<!-- \/ Yoast SEO Premium plugin. -->","yoast_head_json":{"title":"19.06.08 - TPIR\/DEFENSE - L\u2019ADAD ACCUSE LE PROCUREUR DU TPIR D\u2019AVOIR USE DE \u00ab MENSONGE \u00bb - JusticeInfo.net","robots":{"index":"index","follow":"follow","max-snippet":"max-snippet:-1","max-image-preview":"max-image-preview:large","max-video-preview":"max-video-preview:-1"},"canonical":"https:\/\/www.justiceinfo.net\/fr\/3969-190608-tpirdefense-ladad-accuse-le-procureur-du-tpir-davoir-use-de-l-mensonge-r759.html","og_locale":"fr_FR","og_type":"article","og_title":"19.06.08 - TPIR\/DEFENSE - L\u2019ADAD ACCUSE LE PROCUREUR DU TPIR D\u2019AVOIR USE DE \u00ab MENSONGE \u00bb","og_description":"Arusha, 19 juin 2008 (FH) - L\u2019Association des avocats de la d\u00e9fense (ADAD) devant le Tribunal p\u00e9nal international pour le Rwanda (TPIR) a estim\u00e9 la semaine derni\u00e8re dans un communiqu\u00e9 que la mise en accusation de soldats du FPR, l'ex-rebellion rwandaise, pour des massacres commis lors du g\u00e9nocide prouvait que les accusations du procureur devant [&hellip;]","og_url":"https:\/\/www.justiceinfo.net\/fr\/3969-190608-tpirdefense-ladad-accuse-le-procureur-du-tpir-davoir-use-de-l-mensonge-r759.html","og_site_name":"JusticeInfo.net","article_publisher":"https:\/\/www.facebook.com\/JusticeInfo\/","article_published_time":"2008-06-20T06:45:21+00:00","og_image":[{"width":1200,"height":630,"url":"https:\/\/www.justiceinfo.net\/wp-content\/uploads\/JusticeInfoNet_logo_1200x630px.jpg","type":"image\/jpeg"}],"author":"solivri","twitter_card":"summary_large_image","twitter_creator":"@justiceinfonet","twitter_site":"@justiceinfonet","twitter_misc":{"\u00c9crit par":"solivri","Dur\u00e9e de lecture estim\u00e9e":"1 minute"},"schema":{"@context":"https:\/\/schema.org","@graph":[{"@type":"NewsArticle","@id":"https:\/\/www.justiceinfo.net\/fr\/3969-190608-tpirdefense-ladad-accuse-le-procureur-du-tpir-davoir-use-de-l-mensonge-r759.html#article","isPartOf":{"@id":"https:\/\/www.justiceinfo.net\/fr\/3969-190608-tpirdefense-ladad-accuse-le-procureur-du-tpir-davoir-use-de-l-mensonge-r759.html"},"author":{"name":"solivri","@id":"https:\/\/www.justiceinfo.net\/fr#\/schema\/person\/6e53cba1629e2e66f3fc1821d3091865"},"headline":"19.06.08 - TPIR\/DEFENSE - L\u2019ADAD ACCUSE LE PROCUREUR DU TPIR D\u2019AVOIR USE DE \u00ab MENSONGE \u00bb","datePublished":"2008-06-20T06:45:21+00:00","mainEntityOfPage":{"@id":"https:\/\/www.justiceinfo.net\/fr\/3969-190608-tpirdefense-ladad-accuse-le-procureur-du-tpir-davoir-use-de-l-mensonge-r759.html"},"wordCount":284,"commentCount":0,"publisher":{"@id":"https:\/\/www.justiceinfo.net\/fr#organization"},"articleSection":["Hirondelle News"],"inLanguage":"fr-FR","potentialAction":[{"@type":"CommentAction","name":"Comment","target":["https:\/\/www.justiceinfo.net\/fr\/3969-190608-tpirdefense-ladad-accuse-le-procureur-du-tpir-davoir-use-de-l-mensonge-r759.html#respond"]}]},{"@type":"WebPage","@id":"https:\/\/www.justiceinfo.net\/fr\/3969-190608-tpirdefense-ladad-accuse-le-procureur-du-tpir-davoir-use-de-l-mensonge-r759.html","url":"https:\/\/www.justiceinfo.net\/fr\/3969-190608-tpirdefense-ladad-accuse-le-procureur-du-tpir-davoir-use-de-l-mensonge-r759.html","name":"19.06.08 - TPIR\/DEFENSE - L\u2019ADAD ACCUSE LE PROCUREUR DU TPIR D\u2019AVOIR USE DE \u00ab MENSONGE \u00bb - JusticeInfo.net","isPartOf":{"@id":"https:\/\/www.justiceinfo.net\/fr#website"},"datePublished":"2008-06-20T06:45:21+00:00","breadcrumb":{"@id":"https:\/\/www.justiceinfo.net\/fr\/3969-190608-tpirdefense-ladad-accuse-le-procureur-du-tpir-davoir-use-de-l-mensonge-r759.html#breadcrumb"},"inLanguage":"fr-FR","potentialAction":[{"@type":"ReadAction","target":["https:\/\/www.justiceinfo.net\/fr\/3969-190608-tpirdefense-ladad-accuse-le-procureur-du-tpir-davoir-use-de-l-mensonge-r759.html"]}]},{"@type":"BreadcrumbList","@id":"https:\/\/www.justiceinfo.net\/fr\/3969-190608-tpirdefense-ladad-accuse-le-procureur-du-tpir-davoir-use-de-l-mensonge-r759.html#breadcrumb","itemListElement":[{"@type":"ListItem","position":1,"name":"Home","item":"https:\/\/www.justiceinfo.net\/fr"},{"@type":"ListItem","position":2,"name":"19.06.08 - TPIR\/DEFENSE - L\u2019ADAD ACCUSE LE PROCUREUR DU TPIR D\u2019AVOIR USE DE \u00ab MENSONGE \u00bb"}]},{"@type":"WebSite","@id":"https:\/\/www.justiceinfo.net\/fr#website","url":"https:\/\/www.justiceinfo.net\/fr","name":"JusticeInfo.net","description":"La justice doit \u00eatre vue pour \u00eatre rendue","publisher":{"@id":"https:\/\/www.justiceinfo.net\/fr#organization"},"potentialAction":[{"@type":"SearchAction","target":{"@type":"EntryPoint","urlTemplate":"https:\/\/www.justiceinfo.net\/fr?s={search_term_string}"},"query-input":{"@type":"PropertyValueSpecification","valueRequired":true,"valueName":"search_term_string"}}],"inLanguage":"fr-FR"},{"@type":"Organization","@id":"https:\/\/www.justiceinfo.net\/fr#organization","name":"Justice Info","url":"https:\/\/www.justiceinfo.net\/fr","logo":{"@type":"ImageObject","inLanguage":"fr-FR","@id":"https:\/\/www.justiceinfo.net\/fr#\/schema\/logo\/image\/","url":"https:\/\/www.justiceinfo.net\/wp-content\/uploads\/justiceinfo_logo-trans_1200x1200px.png","contentUrl":"https:\/\/www.justiceinfo.net\/wp-content\/uploads\/justiceinfo_logo-trans_1200x1200px.png","width":1199,"height":1200,"caption":"Justice Info"},"image":{"@id":"https:\/\/www.justiceinfo.net\/fr#\/schema\/logo\/image\/"},"sameAs":["https:\/\/www.facebook.com\/JusticeInfo\/","https:\/\/x.com\/justiceinfonet","https:\/\/www.linkedin.com\/company\/justice-info","https:\/\/www.youtube.com\/channel\/UCyCEsARodyuWtkWyhn-e7pA"]},{"@type":"Person","name":"solivri","url":"\/fr\/?s=solivri"}]}},"_links":{"self":[{"href":"https:\/\/www.justiceinfo.net\/fr\/wp-json\/wp\/v2\/posts\/3969","targetHints":{"allow":["GET"]}}],"collection":[{"href":"https:\/\/www.justiceinfo.net\/fr\/wp-json\/wp\/v2\/posts"}],"about":[{"href":"https:\/\/www.justiceinfo.net\/fr\/wp-json\/wp\/v2\/types\/post"}],"author":[{"embeddable":true,"href":"https:\/\/www.justiceinfo.net\/fr\/wp-json\/wp\/v2\/users\/64"}],"replies":[{"embeddable":true,"href":"https:\/\/www.justiceinfo.net\/fr\/wp-json\/wp\/v2\/comments?post=3969"}],"version-history":[{"count":0,"href":"https:\/\/www.justiceinfo.net\/fr\/wp-json\/wp\/v2\/posts\/3969\/revisions"}],"wp:attachment":[{"href":"https:\/\/www.justiceinfo.net\/fr\/wp-json\/wp\/v2\/media?parent=3969"}],"wp:term":[{"taxonomy":"category","embeddable":true,"href":"https:\/\/www.justiceinfo.net\/fr\/wp-json\/wp\/v2\/categories?post=3969"},{"taxonomy":"post_tag","embeddable":true,"href":"https:\/\/www.justiceinfo.net\/fr\/wp-json\/wp\/v2\/tags?post=3969"},{"taxonomy":"ji_location","embeddable":true,"href":"https:\/\/www.justiceinfo.net\/fr\/wp-json\/wp\/v2\/ji_location?post=3969"}],"curies":[{"name":"wp","href":"https:\/\/api.w.org\/{rel}","templated":true}]}}