{"id":3971,"date":"2008-06-19T08:11:32","date_gmt":"2008-06-19T06:11:32","guid":{"rendered":"https:\/\/www.justiceinfo.net\/3971-180608-tpirmilitaires-ii-le-general-ndindiliyimana-nie-avoir-jamais-soutenu-le-genocide761.html"},"modified":"2008-06-19T08:11:32","modified_gmt":"2008-06-19T06:11:32","slug":"180608-tpirmilitaires-ii-le-general-ndindiliyimana-nie-avoir-jamais-soutenu-le-genocide761","status":"publish","type":"post","link":"https:\/\/www.justiceinfo.net\/fr\/3971-180608-tpirmilitaires-ii-le-general-ndindiliyimana-nie-avoir-jamais-soutenu-le-genocide761.html","title":{"rendered":"18.06.08 - TPIR\/MILITAIRES II - LE GENERAL NDINDILIYIMANA NIE AVOIR JAMAIS SOUTENU LE GENOCIDE"},"content":{"rendered":"<p  >\nArusha, 18 juin 2008 (FH) - L\u2019ex- chef d\u2019Etat-major de la gendarmerie rwandaise, le g\u00e9n\u00e9ral Augustin Ndindiliyimana, a ni\u00e9 mercredi avoir jamais soutenu le g\u00e9nocide de 1994 au troisi\u00e8me jour de son t\u00e9moignage pour sa propre d\u00e9fense devant le Tribunal p\u00e9nal international pour le Rwanda (TPIR).  <\/p>\n<p>Il a affirm\u00e9 qu\u2019il ne pouvait pas tuer ou ordonner de tuer une population qu\u2019il avait le devoir de prot\u00e9ger.\n<\/p>\n<p><!--more--><\/p>\n<p  >\nQualifiant d\u2019injustes et infond\u00e9es les accusations port\u00e9es contre lui, le g\u00e9n\u00e9ral a appel\u00e9 le procureur \u00e0 poursuivre \u00ab les vrais tueurs \u00bb. Il a en outre d\u00e9clar\u00e9 avoir fait tout ce qui \u00e9tait en son pouvoir en tant que chef d\u2019Etat-major de la gendarmerie pour prot\u00e9ger la population. <\/p>\n<p>Ndindiliyimana a affirm\u00e9 \u00eatre intervenu le 22 avril 1994 sur les ondes de la radio nationale rwandaise pour d\u00e9mentir les rumeurs selon lesquelles il avait \u00e9t\u00e9 tu\u00e9. <\/p>\n<p>Selon lui, cette rumeur avait \u00e9t\u00e9 diffus\u00e9e par Radio Muhabura qui \u00e9tait contr\u00f4l\u00e9e par les rebelles du Front patriotique rwandais (FPR) actuellement au pouvoir. Il a indiqu\u00e9 qu\u2019il avait profit\u00e9 de son intervention \u00e0 la radio gouvernementale pour appeler \u00e0 l\u2019arr\u00eat des massacres. <\/p>\n<p>Ndindiliyimana poursuivra sa d\u00e9position jeudi. <\/p>\n<p>L\u2019ex-chef de la gendarmerie est en proc\u00e8s avec trois autres officiers des anciennes Forces arm\u00e9es rwandaises (FAR) dont l\u2019ex-chef d\u2019Etat-major de l\u2019arm\u00e9e, le g\u00e9n\u00e9ral Augustin Bizimungu. <\/p>\n<p>Accus\u00e9s de crimes de g\u00e9nocide, de crimes contre l\u2019humanit\u00e9 et de crimes de guerre, tous les quatre plaident non coupables. Ndindiliyimana est le deuxi\u00e8me \u00e0 pr\u00e9senter sa d\u00e9fense apr\u00e8s Bizimungu. <\/p>\n<p>Leur proc\u00e8s a d\u00e9but\u00e9 en septembre 2004. <\/p>\n<p>NI\/ER\/PB\/GF<\/p>\n","protected":false},"excerpt":{"rendered":"<p>Arusha, 18 juin 2008 (FH) - L\u2019ex- chef d\u2019Etat-major de la gendarmerie rwandaise, le g\u00e9n\u00e9ral Augustin Ndindiliyimana, a ni\u00e9 mercredi avoir jamais soutenu le g\u00e9nocide de 1994 au troisi\u00e8me jour de son t\u00e9moignage pour sa propre d\u00e9fense devant le Tribunal p\u00e9nal international pour le Rwanda (TPIR). Il a affirm\u00e9 qu\u2019il ne pouvait pas tuer ou [&hellip;]<\/p>\n","protected":false},"author":64,"featured_media":0,"comment_status":"open","ping_status":"closed","sticky":false,"template":"","format":"standard","meta":{"_acf_changed":false,"footnotes":""},"categories":[554],"tags":[],"ji_location":[],"class_list":["post-3971","post","type-post","status-publish","format-standard","hentry","category-hirondellenews"],"acf":[],"yoast_head":"<!-- This site is optimized with the Yoast SEO Premium plugin v25.3.1 (Yoast SEO v25.3.1) - https:\/\/yoast.com\/wordpress\/plugins\/seo\/ -->\n<title>18.06.08 - TPIR\/MILITAIRES II - LE GENERAL NDINDILIYIMANA NIE AVOIR JAMAIS SOUTENU LE GENOCIDE - JusticeInfo.net<\/title>\n<meta name=\"robots\" content=\"index, follow, max-snippet:-1, max-image-preview:large, max-video-preview:-1\" \/>\n<link rel=\"canonical\" href=\"https:\/\/www.justiceinfo.net\/fr\/3971-180608-tpirmilitaires-ii-le-general-ndindiliyimana-nie-avoir-jamais-soutenu-le-genocide761.html\" \/>\n<meta property=\"og:locale\" content=\"fr_FR\" \/>\n<meta property=\"og:type\" content=\"article\" \/>\n<meta property=\"og:title\" content=\"18.06.08 - TPIR\/MILITAIRES II - LE GENERAL NDINDILIYIMANA NIE AVOIR JAMAIS SOUTENU LE GENOCIDE\" \/>\n<meta property=\"og:description\" content=\"Arusha, 18 juin 2008 (FH) - L\u2019ex- chef d\u2019Etat-major de la gendarmerie rwandaise, le g\u00e9n\u00e9ral Augustin Ndindiliyimana, a ni\u00e9 mercredi avoir jamais soutenu le g\u00e9nocide de 1994 au troisi\u00e8me jour de son t\u00e9moignage pour sa propre d\u00e9fense devant le Tribunal p\u00e9nal international pour le Rwanda (TPIR). Il a affirm\u00e9 qu\u2019il ne pouvait pas tuer ou [&hellip;]\" \/>\n<meta property=\"og:url\" content=\"https:\/\/www.justiceinfo.net\/fr\/3971-180608-tpirmilitaires-ii-le-general-ndindiliyimana-nie-avoir-jamais-soutenu-le-genocide761.html\" \/>\n<meta property=\"og:site_name\" content=\"JusticeInfo.net\" \/>\n<meta property=\"article:publisher\" content=\"https:\/\/www.facebook.com\/JusticeInfo\/\" \/>\n<meta property=\"article:published_time\" content=\"2008-06-19T06:11:32+00:00\" \/>\n<meta property=\"og:image\" content=\"https:\/\/www.justiceinfo.net\/wp-content\/uploads\/JusticeInfoNet_logo_1200x630px.jpg\" \/>\n\t<meta property=\"og:image:width\" content=\"1200\" \/>\n\t<meta property=\"og:image:height\" content=\"630\" \/>\n\t<meta property=\"og:image:type\" content=\"image\/jpeg\" \/>\n<meta name=\"author\" content=\"solivri\" \/>\n<meta name=\"twitter:card\" content=\"summary_large_image\" \/>\n<meta name=\"twitter:creator\" content=\"@justiceinfonet\" \/>\n<meta name=\"twitter:site\" content=\"@justiceinfonet\" \/>\n<meta name=\"twitter:label1\" content=\"\u00c9crit par\" \/>\n\t<meta name=\"twitter:data1\" content=\"solivri\" \/>\n\t<meta name=\"twitter:label2\" content=\"Dur\u00e9e de lecture estim\u00e9e\" \/>\n\t<meta name=\"twitter:data2\" content=\"1 minute\" \/>\n<script type=\"application\/ld+json\" class=\"yoast-schema-graph\">{\"@context\":\"https:\/\/schema.org\",\"@graph\":[{\"@type\":\"NewsArticle\",\"@id\":\"https:\/\/www.justiceinfo.net\/fr\/3971-180608-tpirmilitaires-ii-le-general-ndindiliyimana-nie-avoir-jamais-soutenu-le-genocide761.html#article\",\"isPartOf\":{\"@id\":\"https:\/\/www.justiceinfo.net\/fr\/3971-180608-tpirmilitaires-ii-le-general-ndindiliyimana-nie-avoir-jamais-soutenu-le-genocide761.html\"},\"author\":{\"name\":\"solivri\",\"@id\":\"https:\/\/www.justiceinfo.net\/fr#\/schema\/person\/6e53cba1629e2e66f3fc1821d3091865\"},\"headline\":\"18.06.08 - TPIR\/MILITAIRES II - LE GENERAL NDINDILIYIMANA NIE AVOIR JAMAIS SOUTENU LE GENOCIDE\",\"datePublished\":\"2008-06-19T06:11:32+00:00\",\"mainEntityOfPage\":{\"@id\":\"https:\/\/www.justiceinfo.net\/fr\/3971-180608-tpirmilitaires-ii-le-general-ndindiliyimana-nie-avoir-jamais-soutenu-le-genocide761.html\"},\"wordCount\":304,\"commentCount\":0,\"publisher\":{\"@id\":\"https:\/\/www.justiceinfo.net\/fr#organization\"},\"articleSection\":[\"Hirondelle News\"],\"inLanguage\":\"fr-FR\",\"potentialAction\":[{\"@type\":\"CommentAction\",\"name\":\"Comment\",\"target\":[\"https:\/\/www.justiceinfo.net\/fr\/3971-180608-tpirmilitaires-ii-le-general-ndindiliyimana-nie-avoir-jamais-soutenu-le-genocide761.html#respond\"]}]},{\"@type\":\"WebPage\",\"@id\":\"https:\/\/www.justiceinfo.net\/fr\/3971-180608-tpirmilitaires-ii-le-general-ndindiliyimana-nie-avoir-jamais-soutenu-le-genocide761.html\",\"url\":\"https:\/\/www.justiceinfo.net\/fr\/3971-180608-tpirmilitaires-ii-le-general-ndindiliyimana-nie-avoir-jamais-soutenu-le-genocide761.html\",\"name\":\"18.06.08 - TPIR\/MILITAIRES II - LE GENERAL NDINDILIYIMANA NIE AVOIR JAMAIS SOUTENU LE GENOCIDE - JusticeInfo.net\",\"isPartOf\":{\"@id\":\"https:\/\/www.justiceinfo.net\/fr#website\"},\"datePublished\":\"2008-06-19T06:11:32+00:00\",\"breadcrumb\":{\"@id\":\"https:\/\/www.justiceinfo.net\/fr\/3971-180608-tpirmilitaires-ii-le-general-ndindiliyimana-nie-avoir-jamais-soutenu-le-genocide761.html#breadcrumb\"},\"inLanguage\":\"fr-FR\",\"potentialAction\":[{\"@type\":\"ReadAction\",\"target\":[\"https:\/\/www.justiceinfo.net\/fr\/3971-180608-tpirmilitaires-ii-le-general-ndindiliyimana-nie-avoir-jamais-soutenu-le-genocide761.html\"]}]},{\"@type\":\"BreadcrumbList\",\"@id\":\"https:\/\/www.justiceinfo.net\/fr\/3971-180608-tpirmilitaires-ii-le-general-ndindiliyimana-nie-avoir-jamais-soutenu-le-genocide761.html#breadcrumb\",\"itemListElement\":[{\"@type\":\"ListItem\",\"position\":1,\"name\":\"Home\",\"item\":\"https:\/\/www.justiceinfo.net\/fr\"},{\"@type\":\"ListItem\",\"position\":2,\"name\":\"18.06.08 - TPIR\/MILITAIRES II - LE GENERAL NDINDILIYIMANA NIE AVOIR JAMAIS SOUTENU LE GENOCIDE\"}]},{\"@type\":\"WebSite\",\"@id\":\"https:\/\/www.justiceinfo.net\/fr#website\",\"url\":\"https:\/\/www.justiceinfo.net\/fr\",\"name\":\"JusticeInfo.net\",\"description\":\"La justice doit \u00eatre vue pour \u00eatre rendue\",\"publisher\":{\"@id\":\"https:\/\/www.justiceinfo.net\/fr#organization\"},\"potentialAction\":[{\"@type\":\"SearchAction\",\"target\":{\"@type\":\"EntryPoint\",\"urlTemplate\":\"https:\/\/www.justiceinfo.net\/fr?s={search_term_string}\"},\"query-input\":{\"@type\":\"PropertyValueSpecification\",\"valueRequired\":true,\"valueName\":\"search_term_string\"}}],\"inLanguage\":\"fr-FR\"},{\"@type\":\"Organization\",\"@id\":\"https:\/\/www.justiceinfo.net\/fr#organization\",\"name\":\"Justice Info\",\"url\":\"https:\/\/www.justiceinfo.net\/fr\",\"logo\":{\"@type\":\"ImageObject\",\"inLanguage\":\"fr-FR\",\"@id\":\"https:\/\/www.justiceinfo.net\/fr#\/schema\/logo\/image\/\",\"url\":\"https:\/\/www.justiceinfo.net\/wp-content\/uploads\/justiceinfo_logo-trans_1200x1200px.png\",\"contentUrl\":\"https:\/\/www.justiceinfo.net\/wp-content\/uploads\/justiceinfo_logo-trans_1200x1200px.png\",\"width\":1199,\"height\":1200,\"caption\":\"Justice Info\"},\"image\":{\"@id\":\"https:\/\/www.justiceinfo.net\/fr#\/schema\/logo\/image\/\"},\"sameAs\":[\"https:\/\/www.facebook.com\/JusticeInfo\/\",\"https:\/\/x.com\/justiceinfonet\",\"https:\/\/www.linkedin.com\/company\/justice-info\",\"https:\/\/www.youtube.com\/channel\/UCyCEsARodyuWtkWyhn-e7pA\"]},{\"@type\":\"Person\",\"name\":\"solivri\",\"url\":\"\/fr\/?s=solivri\"}]}<\/script>\n<!-- \/ Yoast SEO Premium plugin. -->","yoast_head_json":{"title":"18.06.08 - TPIR\/MILITAIRES II - LE GENERAL NDINDILIYIMANA NIE AVOIR JAMAIS SOUTENU LE GENOCIDE - JusticeInfo.net","robots":{"index":"index","follow":"follow","max-snippet":"max-snippet:-1","max-image-preview":"max-image-preview:large","max-video-preview":"max-video-preview:-1"},"canonical":"https:\/\/www.justiceinfo.net\/fr\/3971-180608-tpirmilitaires-ii-le-general-ndindiliyimana-nie-avoir-jamais-soutenu-le-genocide761.html","og_locale":"fr_FR","og_type":"article","og_title":"18.06.08 - TPIR\/MILITAIRES II - LE GENERAL NDINDILIYIMANA NIE AVOIR JAMAIS SOUTENU LE GENOCIDE","og_description":"Arusha, 18 juin 2008 (FH) - L\u2019ex- chef d\u2019Etat-major de la gendarmerie rwandaise, le g\u00e9n\u00e9ral Augustin Ndindiliyimana, a ni\u00e9 mercredi avoir jamais soutenu le g\u00e9nocide de 1994 au troisi\u00e8me jour de son t\u00e9moignage pour sa propre d\u00e9fense devant le Tribunal p\u00e9nal international pour le Rwanda (TPIR). Il a affirm\u00e9 qu\u2019il ne pouvait pas tuer ou [&hellip;]","og_url":"https:\/\/www.justiceinfo.net\/fr\/3971-180608-tpirmilitaires-ii-le-general-ndindiliyimana-nie-avoir-jamais-soutenu-le-genocide761.html","og_site_name":"JusticeInfo.net","article_publisher":"https:\/\/www.facebook.com\/JusticeInfo\/","article_published_time":"2008-06-19T06:11:32+00:00","og_image":[{"width":1200,"height":630,"url":"https:\/\/www.justiceinfo.net\/wp-content\/uploads\/JusticeInfoNet_logo_1200x630px.jpg","type":"image\/jpeg"}],"author":"solivri","twitter_card":"summary_large_image","twitter_creator":"@justiceinfonet","twitter_site":"@justiceinfonet","twitter_misc":{"\u00c9crit par":"solivri","Dur\u00e9e de lecture estim\u00e9e":"1 minute"},"schema":{"@context":"https:\/\/schema.org","@graph":[{"@type":"NewsArticle","@id":"https:\/\/www.justiceinfo.net\/fr\/3971-180608-tpirmilitaires-ii-le-general-ndindiliyimana-nie-avoir-jamais-soutenu-le-genocide761.html#article","isPartOf":{"@id":"https:\/\/www.justiceinfo.net\/fr\/3971-180608-tpirmilitaires-ii-le-general-ndindiliyimana-nie-avoir-jamais-soutenu-le-genocide761.html"},"author":{"name":"solivri","@id":"https:\/\/www.justiceinfo.net\/fr#\/schema\/person\/6e53cba1629e2e66f3fc1821d3091865"},"headline":"18.06.08 - TPIR\/MILITAIRES II - LE GENERAL NDINDILIYIMANA NIE AVOIR JAMAIS SOUTENU LE GENOCIDE","datePublished":"2008-06-19T06:11:32+00:00","mainEntityOfPage":{"@id":"https:\/\/www.justiceinfo.net\/fr\/3971-180608-tpirmilitaires-ii-le-general-ndindiliyimana-nie-avoir-jamais-soutenu-le-genocide761.html"},"wordCount":304,"commentCount":0,"publisher":{"@id":"https:\/\/www.justiceinfo.net\/fr#organization"},"articleSection":["Hirondelle News"],"inLanguage":"fr-FR","potentialAction":[{"@type":"CommentAction","name":"Comment","target":["https:\/\/www.justiceinfo.net\/fr\/3971-180608-tpirmilitaires-ii-le-general-ndindiliyimana-nie-avoir-jamais-soutenu-le-genocide761.html#respond"]}]},{"@type":"WebPage","@id":"https:\/\/www.justiceinfo.net\/fr\/3971-180608-tpirmilitaires-ii-le-general-ndindiliyimana-nie-avoir-jamais-soutenu-le-genocide761.html","url":"https:\/\/www.justiceinfo.net\/fr\/3971-180608-tpirmilitaires-ii-le-general-ndindiliyimana-nie-avoir-jamais-soutenu-le-genocide761.html","name":"18.06.08 - TPIR\/MILITAIRES II - LE GENERAL NDINDILIYIMANA NIE AVOIR JAMAIS SOUTENU LE GENOCIDE - JusticeInfo.net","isPartOf":{"@id":"https:\/\/www.justiceinfo.net\/fr#website"},"datePublished":"2008-06-19T06:11:32+00:00","breadcrumb":{"@id":"https:\/\/www.justiceinfo.net\/fr\/3971-180608-tpirmilitaires-ii-le-general-ndindiliyimana-nie-avoir-jamais-soutenu-le-genocide761.html#breadcrumb"},"inLanguage":"fr-FR","potentialAction":[{"@type":"ReadAction","target":["https:\/\/www.justiceinfo.net\/fr\/3971-180608-tpirmilitaires-ii-le-general-ndindiliyimana-nie-avoir-jamais-soutenu-le-genocide761.html"]}]},{"@type":"BreadcrumbList","@id":"https:\/\/www.justiceinfo.net\/fr\/3971-180608-tpirmilitaires-ii-le-general-ndindiliyimana-nie-avoir-jamais-soutenu-le-genocide761.html#breadcrumb","itemListElement":[{"@type":"ListItem","position":1,"name":"Home","item":"https:\/\/www.justiceinfo.net\/fr"},{"@type":"ListItem","position":2,"name":"18.06.08 - TPIR\/MILITAIRES II - LE GENERAL NDINDILIYIMANA NIE AVOIR JAMAIS SOUTENU LE GENOCIDE"}]},{"@type":"WebSite","@id":"https:\/\/www.justiceinfo.net\/fr#website","url":"https:\/\/www.justiceinfo.net\/fr","name":"JusticeInfo.net","description":"La justice doit \u00eatre vue pour \u00eatre rendue","publisher":{"@id":"https:\/\/www.justiceinfo.net\/fr#organization"},"potentialAction":[{"@type":"SearchAction","target":{"@type":"EntryPoint","urlTemplate":"https:\/\/www.justiceinfo.net\/fr?s={search_term_string}"},"query-input":{"@type":"PropertyValueSpecification","valueRequired":true,"valueName":"search_term_string"}}],"inLanguage":"fr-FR"},{"@type":"Organization","@id":"https:\/\/www.justiceinfo.net\/fr#organization","name":"Justice Info","url":"https:\/\/www.justiceinfo.net\/fr","logo":{"@type":"ImageObject","inLanguage":"fr-FR","@id":"https:\/\/www.justiceinfo.net\/fr#\/schema\/logo\/image\/","url":"https:\/\/www.justiceinfo.net\/wp-content\/uploads\/justiceinfo_logo-trans_1200x1200px.png","contentUrl":"https:\/\/www.justiceinfo.net\/wp-content\/uploads\/justiceinfo_logo-trans_1200x1200px.png","width":1199,"height":1200,"caption":"Justice Info"},"image":{"@id":"https:\/\/www.justiceinfo.net\/fr#\/schema\/logo\/image\/"},"sameAs":["https:\/\/www.facebook.com\/JusticeInfo\/","https:\/\/x.com\/justiceinfonet","https:\/\/www.linkedin.com\/company\/justice-info","https:\/\/www.youtube.com\/channel\/UCyCEsARodyuWtkWyhn-e7pA"]},{"@type":"Person","name":"solivri","url":"\/fr\/?s=solivri"}]}},"_links":{"self":[{"href":"https:\/\/www.justiceinfo.net\/fr\/wp-json\/wp\/v2\/posts\/3971","targetHints":{"allow":["GET"]}}],"collection":[{"href":"https:\/\/www.justiceinfo.net\/fr\/wp-json\/wp\/v2\/posts"}],"about":[{"href":"https:\/\/www.justiceinfo.net\/fr\/wp-json\/wp\/v2\/types\/post"}],"author":[{"embeddable":true,"href":"https:\/\/www.justiceinfo.net\/fr\/wp-json\/wp\/v2\/users\/64"}],"replies":[{"embeddable":true,"href":"https:\/\/www.justiceinfo.net\/fr\/wp-json\/wp\/v2\/comments?post=3971"}],"version-history":[{"count":0,"href":"https:\/\/www.justiceinfo.net\/fr\/wp-json\/wp\/v2\/posts\/3971\/revisions"}],"wp:attachment":[{"href":"https:\/\/www.justiceinfo.net\/fr\/wp-json\/wp\/v2\/media?parent=3971"}],"wp:term":[{"taxonomy":"category","embeddable":true,"href":"https:\/\/www.justiceinfo.net\/fr\/wp-json\/wp\/v2\/categories?post=3971"},{"taxonomy":"post_tag","embeddable":true,"href":"https:\/\/www.justiceinfo.net\/fr\/wp-json\/wp\/v2\/tags?post=3971"},{"taxonomy":"ji_location","embeddable":true,"href":"https:\/\/www.justiceinfo.net\/fr\/wp-json\/wp\/v2\/ji_location?post=3971"}],"curies":[{"name":"wp","href":"https:\/\/api.w.org\/{rel}","templated":true}]}}