{"id":3987,"date":"2008-06-19T07:06:12","date_gmt":"2008-06-19T05:06:12","guid":{"rendered":"https:\/\/www.justiceinfo.net\/3987-170608-tpirkalimanzira-en-1994-qtravaillerq-signifiait-tuer-les-tutsis-selon-un-temoin777.html"},"modified":"2008-06-19T07:06:12","modified_gmt":"2008-06-19T05:06:12","slug":"170608-tpirkalimanzira-en-1994-qtravaillerq-signifiait-tuer-les-tutsis-selon-un-temoin777","status":"publish","type":"post","link":"https:\/\/www.justiceinfo.net\/fr\/3987-170608-tpirkalimanzira-en-1994-qtravaillerq-signifiait-tuer-les-tutsis-selon-un-temoin777.html","title":{"rendered":"17.06.08 - TPIR\/KALIMANZIRA - EN 1994, \"TRAVAILLER\" SIGNIFIAIT TUER LES TUTSIS, SELON UN TEMOIN"},"content":{"rendered":"<p  >\nArusha, 17 juin 2008 (FH) - Un Rwandais cit\u00e9 \u00e0 la barre mardi a affirm\u00e9 devant une chambre du Tribunal p\u00e9nal international pour le Rwanda (TPIR) que \u00ab travailler \u00bb en 1994 signifiait au Rwanda \u00ab tuer les Tutsis \u00bb.  <\/p>\n<p>D\u00e9sign\u00e9 par le nom de code AZM en vue de pr\u00e9server son anonymat, le t\u00e9moin d\u00e9posait \u00e0 charge dans le proc\u00e8s de l\u2019ancien directeur de cabinet au minist\u00e8re de l\u2019Int\u00e9rieur Callixte Kalimanzira.\n<\/p>\n<p><!--more--><\/p>\n<p  >\nAZM \u00e9tait interrog\u00e9 par le procureur, Mme Catherine Graham, au sujet d\u2019un discours prononc\u00e9 le 19 avril 1994 par Th\u00e9odore Sindukubwabo et dans lequel ce pr\u00e9sident int\u00e9rimaire appelle \u00e0 plusieurs reprises ses concitoyens de Butare (sud) \u00e0 \u00ab gukora \u00bb (travailler en langue rwandaise). <\/p>\n<p>Le lendemain de ce discours prononc\u00e9 dans un stade de Butare, cette r\u00e9gion jusque-l\u00e0 relativement calme par rapport au reste du pays, a \u00e9t\u00e9 embras\u00e9e par les massacres. <\/p>\n<p>\u00ab Le terme gukora a re\u00e7u une autre signification. Les gens allaient tuer les Tutsis en disant qu\u2019ils se rendaient au travail \u00bb, a racont\u00e9 le t\u00e9moin. \u00ab Travailler est alors devenu synonyme de tuer les Tutsis \u00bb, a-t-il d\u00e9plor\u00e9. <\/p>\n<p>Ce discours incrimin\u00e9 fut prononc\u00e9 \u00e0 l\u2019occasion de l\u2018investiture du nouveau pr\u00e9fet de Butare, Sylvain Nsabimana, en pr\u00e9sence Callixte Kalimanzira qui \u00e9tait le ma\u00eetre des c\u00e9r\u00e9monies. <\/p>\n<p>\u00ab Kalimanzira a-t-il pris la parole pour d\u00e9noncer ce message du pr\u00e9sident ? \u00bb, a demand\u00e9 Christine Graham du bureau du procureur. \u00ab Non \u00bb, a r\u00e9pondu le t\u00e9moin. <\/p>\n<p>Le procureur soutient que, par son silence, Kalimanzira, a adh\u00e9r\u00e9 au contenu de ce discours. <\/p>\n<p>Nsabimana est \u00e9galement en proc\u00e8s au TPIR tandis que Sindikubwabo a probablement trouv\u00e9 la mort dans son exil dans l\u2019ex-Za\u00efre (actuelle R\u00e9publique d\u00e9mocratique du Congo-RDC). <\/p>\n<p>AZM, douzi\u00e8me t\u00e9moin \u00e0 charge dans l\u2019affaire Kalimanzira, a par ailleurs affirm\u00e9 que l\u2019accus\u00e9 a particip\u00e9 \u00e0 la plupart des r\u00e9unions du conseil pr\u00e9fectoral de s\u00e9curit\u00e9 de Butare alors qu\u2019il n\u2019en \u00e9tait pas membre. <\/p>\n<p>\u00ab J\u2019ai cru qu\u2019il dirigeait la pr\u00e9fecture conjointement avec le pr\u00e9fet ou qu\u2019il \u00e9tait un repr\u00e9sentant du gouvernement parce que le cas de Butare \u00e9tait sp\u00e9cial \u00bb, a t\u00e9moign\u00e9 AZM qui, lui, \u00e9tait membre de droit de ce conseil. <\/p>\n<p>Le t\u00e9moin devait ensuite \u00eatre contre-interrog\u00e9 par l\u2019un des avocats de la d\u00e9fense. <\/p>\n<p>Inculp\u00e9 de g\u00e9nocide, complicit\u00e9 dans le g\u00e9nocide, incitation directe et publique \u00e0 commettre le g\u00e9nocide, Kalimanzira, un agronome de formation, plaide non coupable. <\/p>\n<p>Son proc\u00e8s s\u2019est ouvert le 5 mai dernier. <\/p>\n<p>ER\/PB\/GF<\/p>\n","protected":false},"excerpt":{"rendered":"<p>Arusha, 17 juin 2008 (FH) - Un Rwandais cit\u00e9 \u00e0 la barre mardi a affirm\u00e9 devant une chambre du Tribunal p\u00e9nal international pour le Rwanda (TPIR) que \u00ab travailler \u00bb en 1994 signifiait au Rwanda \u00ab tuer les Tutsis \u00bb. D\u00e9sign\u00e9 par le nom de code AZM en vue de pr\u00e9server son anonymat, le t\u00e9moin [&hellip;]<\/p>\n","protected":false},"author":64,"featured_media":0,"comment_status":"open","ping_status":"closed","sticky":false,"template":"","format":"standard","meta":{"_acf_changed":false,"footnotes":""},"categories":[554],"tags":[],"ji_location":[],"class_list":["post-3987","post","type-post","status-publish","format-standard","hentry","category-hirondellenews"],"acf":[],"yoast_head":"<!-- This site is optimized with the Yoast SEO Premium plugin v25.3.1 (Yoast SEO v25.3.1) - https:\/\/yoast.com\/wordpress\/plugins\/seo\/ -->\n<title>17.06.08 - TPIR\/KALIMANZIRA - EN 1994, &quot;TRAVAILLER&quot; SIGNIFIAIT TUER LES TUTSIS, SELON UN TEMOIN - JusticeInfo.net<\/title>\n<meta name=\"robots\" content=\"index, follow, max-snippet:-1, max-image-preview:large, max-video-preview:-1\" \/>\n<link rel=\"canonical\" href=\"https:\/\/www.justiceinfo.net\/fr\/3987-170608-tpirkalimanzira-en-1994-qtravaillerq-signifiait-tuer-les-tutsis-selon-un-temoin777.html\" \/>\n<meta property=\"og:locale\" content=\"fr_FR\" \/>\n<meta property=\"og:type\" content=\"article\" \/>\n<meta property=\"og:title\" content=\"17.06.08 - TPIR\/KALIMANZIRA - EN 1994, &quot;TRAVAILLER&quot; SIGNIFIAIT TUER LES TUTSIS, SELON UN TEMOIN\" \/>\n<meta property=\"og:description\" content=\"Arusha, 17 juin 2008 (FH) - Un Rwandais cit\u00e9 \u00e0 la barre mardi a affirm\u00e9 devant une chambre du Tribunal p\u00e9nal international pour le Rwanda (TPIR) que \u00ab travailler \u00bb en 1994 signifiait au Rwanda \u00ab tuer les Tutsis \u00bb. D\u00e9sign\u00e9 par le nom de code AZM en vue de pr\u00e9server son anonymat, le t\u00e9moin [&hellip;]\" \/>\n<meta property=\"og:url\" content=\"https:\/\/www.justiceinfo.net\/fr\/3987-170608-tpirkalimanzira-en-1994-qtravaillerq-signifiait-tuer-les-tutsis-selon-un-temoin777.html\" \/>\n<meta property=\"og:site_name\" content=\"JusticeInfo.net\" \/>\n<meta property=\"article:publisher\" content=\"https:\/\/www.facebook.com\/JusticeInfo\/\" \/>\n<meta property=\"article:published_time\" content=\"2008-06-19T05:06:12+00:00\" \/>\n<meta property=\"og:image\" content=\"https:\/\/www.justiceinfo.net\/wp-content\/uploads\/JusticeInfoNet_logo_1200x630px.jpg\" \/>\n\t<meta property=\"og:image:width\" content=\"1200\" \/>\n\t<meta property=\"og:image:height\" content=\"630\" \/>\n\t<meta property=\"og:image:type\" content=\"image\/jpeg\" \/>\n<meta name=\"author\" content=\"solivri\" \/>\n<meta name=\"twitter:card\" content=\"summary_large_image\" \/>\n<meta name=\"twitter:creator\" content=\"@justiceinfonet\" \/>\n<meta name=\"twitter:site\" content=\"@justiceinfonet\" \/>\n<meta name=\"twitter:label1\" content=\"\u00c9crit par\" \/>\n\t<meta name=\"twitter:data1\" content=\"solivri\" \/>\n\t<meta name=\"twitter:label2\" content=\"Dur\u00e9e de lecture estim\u00e9e\" \/>\n\t<meta name=\"twitter:data2\" content=\"2 minutes\" \/>\n<script type=\"application\/ld+json\" class=\"yoast-schema-graph\">{\"@context\":\"https:\/\/schema.org\",\"@graph\":[{\"@type\":\"NewsArticle\",\"@id\":\"https:\/\/www.justiceinfo.net\/fr\/3987-170608-tpirkalimanzira-en-1994-qtravaillerq-signifiait-tuer-les-tutsis-selon-un-temoin777.html#article\",\"isPartOf\":{\"@id\":\"https:\/\/www.justiceinfo.net\/fr\/3987-170608-tpirkalimanzira-en-1994-qtravaillerq-signifiait-tuer-les-tutsis-selon-un-temoin777.html\"},\"author\":{\"name\":\"solivri\",\"@id\":\"https:\/\/www.justiceinfo.net\/fr#\/schema\/person\/6e53cba1629e2e66f3fc1821d3091865\"},\"headline\":\"17.06.08 - TPIR\/KALIMANZIRA - EN 1994, \\\"TRAVAILLER\\\" SIGNIFIAIT TUER LES TUTSIS, SELON UN TEMOIN\",\"datePublished\":\"2008-06-19T05:06:12+00:00\",\"mainEntityOfPage\":{\"@id\":\"https:\/\/www.justiceinfo.net\/fr\/3987-170608-tpirkalimanzira-en-1994-qtravaillerq-signifiait-tuer-les-tutsis-selon-un-temoin777.html\"},\"wordCount\":443,\"commentCount\":0,\"publisher\":{\"@id\":\"https:\/\/www.justiceinfo.net\/fr#organization\"},\"articleSection\":[\"Hirondelle News\"],\"inLanguage\":\"fr-FR\",\"potentialAction\":[{\"@type\":\"CommentAction\",\"name\":\"Comment\",\"target\":[\"https:\/\/www.justiceinfo.net\/fr\/3987-170608-tpirkalimanzira-en-1994-qtravaillerq-signifiait-tuer-les-tutsis-selon-un-temoin777.html#respond\"]}]},{\"@type\":\"WebPage\",\"@id\":\"https:\/\/www.justiceinfo.net\/fr\/3987-170608-tpirkalimanzira-en-1994-qtravaillerq-signifiait-tuer-les-tutsis-selon-un-temoin777.html\",\"url\":\"https:\/\/www.justiceinfo.net\/fr\/3987-170608-tpirkalimanzira-en-1994-qtravaillerq-signifiait-tuer-les-tutsis-selon-un-temoin777.html\",\"name\":\"17.06.08 - TPIR\/KALIMANZIRA - EN 1994, \\\"TRAVAILLER\\\" SIGNIFIAIT TUER LES TUTSIS, SELON UN TEMOIN - JusticeInfo.net\",\"isPartOf\":{\"@id\":\"https:\/\/www.justiceinfo.net\/fr#website\"},\"datePublished\":\"2008-06-19T05:06:12+00:00\",\"breadcrumb\":{\"@id\":\"https:\/\/www.justiceinfo.net\/fr\/3987-170608-tpirkalimanzira-en-1994-qtravaillerq-signifiait-tuer-les-tutsis-selon-un-temoin777.html#breadcrumb\"},\"inLanguage\":\"fr-FR\",\"potentialAction\":[{\"@type\":\"ReadAction\",\"target\":[\"https:\/\/www.justiceinfo.net\/fr\/3987-170608-tpirkalimanzira-en-1994-qtravaillerq-signifiait-tuer-les-tutsis-selon-un-temoin777.html\"]}]},{\"@type\":\"BreadcrumbList\",\"@id\":\"https:\/\/www.justiceinfo.net\/fr\/3987-170608-tpirkalimanzira-en-1994-qtravaillerq-signifiait-tuer-les-tutsis-selon-un-temoin777.html#breadcrumb\",\"itemListElement\":[{\"@type\":\"ListItem\",\"position\":1,\"name\":\"Home\",\"item\":\"https:\/\/www.justiceinfo.net\/fr\"},{\"@type\":\"ListItem\",\"position\":2,\"name\":\"17.06.08 - TPIR\/KALIMANZIRA - EN 1994, \\\"TRAVAILLER\\\" SIGNIFIAIT TUER LES TUTSIS, SELON UN TEMOIN\"}]},{\"@type\":\"WebSite\",\"@id\":\"https:\/\/www.justiceinfo.net\/fr#website\",\"url\":\"https:\/\/www.justiceinfo.net\/fr\",\"name\":\"JusticeInfo.net\",\"description\":\"La justice doit \u00eatre vue pour \u00eatre rendue\",\"publisher\":{\"@id\":\"https:\/\/www.justiceinfo.net\/fr#organization\"},\"potentialAction\":[{\"@type\":\"SearchAction\",\"target\":{\"@type\":\"EntryPoint\",\"urlTemplate\":\"https:\/\/www.justiceinfo.net\/fr?s={search_term_string}\"},\"query-input\":{\"@type\":\"PropertyValueSpecification\",\"valueRequired\":true,\"valueName\":\"search_term_string\"}}],\"inLanguage\":\"fr-FR\"},{\"@type\":\"Organization\",\"@id\":\"https:\/\/www.justiceinfo.net\/fr#organization\",\"name\":\"Justice Info\",\"url\":\"https:\/\/www.justiceinfo.net\/fr\",\"logo\":{\"@type\":\"ImageObject\",\"inLanguage\":\"fr-FR\",\"@id\":\"https:\/\/www.justiceinfo.net\/fr#\/schema\/logo\/image\/\",\"url\":\"https:\/\/www.justiceinfo.net\/wp-content\/uploads\/justiceinfo_logo-trans_1200x1200px.png\",\"contentUrl\":\"https:\/\/www.justiceinfo.net\/wp-content\/uploads\/justiceinfo_logo-trans_1200x1200px.png\",\"width\":1199,\"height\":1200,\"caption\":\"Justice Info\"},\"image\":{\"@id\":\"https:\/\/www.justiceinfo.net\/fr#\/schema\/logo\/image\/\"},\"sameAs\":[\"https:\/\/www.facebook.com\/JusticeInfo\/\",\"https:\/\/x.com\/justiceinfonet\",\"https:\/\/www.linkedin.com\/company\/justice-info\",\"https:\/\/www.youtube.com\/channel\/UCyCEsARodyuWtkWyhn-e7pA\"]},{\"@type\":\"Person\",\"name\":\"solivri\",\"url\":\"\/fr\/?s=solivri\"}]}<\/script>\n<!-- \/ Yoast SEO Premium plugin. -->","yoast_head_json":{"title":"17.06.08 - TPIR\/KALIMANZIRA - EN 1994, \"TRAVAILLER\" SIGNIFIAIT TUER LES TUTSIS, SELON UN TEMOIN - JusticeInfo.net","robots":{"index":"index","follow":"follow","max-snippet":"max-snippet:-1","max-image-preview":"max-image-preview:large","max-video-preview":"max-video-preview:-1"},"canonical":"https:\/\/www.justiceinfo.net\/fr\/3987-170608-tpirkalimanzira-en-1994-qtravaillerq-signifiait-tuer-les-tutsis-selon-un-temoin777.html","og_locale":"fr_FR","og_type":"article","og_title":"17.06.08 - TPIR\/KALIMANZIRA - EN 1994, \"TRAVAILLER\" SIGNIFIAIT TUER LES TUTSIS, SELON UN TEMOIN","og_description":"Arusha, 17 juin 2008 (FH) - Un Rwandais cit\u00e9 \u00e0 la barre mardi a affirm\u00e9 devant une chambre du Tribunal p\u00e9nal international pour le Rwanda (TPIR) que \u00ab travailler \u00bb en 1994 signifiait au Rwanda \u00ab tuer les Tutsis \u00bb. D\u00e9sign\u00e9 par le nom de code AZM en vue de pr\u00e9server son anonymat, le t\u00e9moin [&hellip;]","og_url":"https:\/\/www.justiceinfo.net\/fr\/3987-170608-tpirkalimanzira-en-1994-qtravaillerq-signifiait-tuer-les-tutsis-selon-un-temoin777.html","og_site_name":"JusticeInfo.net","article_publisher":"https:\/\/www.facebook.com\/JusticeInfo\/","article_published_time":"2008-06-19T05:06:12+00:00","og_image":[{"width":1200,"height":630,"url":"https:\/\/www.justiceinfo.net\/wp-content\/uploads\/JusticeInfoNet_logo_1200x630px.jpg","type":"image\/jpeg"}],"author":"solivri","twitter_card":"summary_large_image","twitter_creator":"@justiceinfonet","twitter_site":"@justiceinfonet","twitter_misc":{"\u00c9crit par":"solivri","Dur\u00e9e de lecture estim\u00e9e":"2 minutes"},"schema":{"@context":"https:\/\/schema.org","@graph":[{"@type":"NewsArticle","@id":"https:\/\/www.justiceinfo.net\/fr\/3987-170608-tpirkalimanzira-en-1994-qtravaillerq-signifiait-tuer-les-tutsis-selon-un-temoin777.html#article","isPartOf":{"@id":"https:\/\/www.justiceinfo.net\/fr\/3987-170608-tpirkalimanzira-en-1994-qtravaillerq-signifiait-tuer-les-tutsis-selon-un-temoin777.html"},"author":{"name":"solivri","@id":"https:\/\/www.justiceinfo.net\/fr#\/schema\/person\/6e53cba1629e2e66f3fc1821d3091865"},"headline":"17.06.08 - TPIR\/KALIMANZIRA - EN 1994, \"TRAVAILLER\" SIGNIFIAIT TUER LES TUTSIS, SELON UN TEMOIN","datePublished":"2008-06-19T05:06:12+00:00","mainEntityOfPage":{"@id":"https:\/\/www.justiceinfo.net\/fr\/3987-170608-tpirkalimanzira-en-1994-qtravaillerq-signifiait-tuer-les-tutsis-selon-un-temoin777.html"},"wordCount":443,"commentCount":0,"publisher":{"@id":"https:\/\/www.justiceinfo.net\/fr#organization"},"articleSection":["Hirondelle News"],"inLanguage":"fr-FR","potentialAction":[{"@type":"CommentAction","name":"Comment","target":["https:\/\/www.justiceinfo.net\/fr\/3987-170608-tpirkalimanzira-en-1994-qtravaillerq-signifiait-tuer-les-tutsis-selon-un-temoin777.html#respond"]}]},{"@type":"WebPage","@id":"https:\/\/www.justiceinfo.net\/fr\/3987-170608-tpirkalimanzira-en-1994-qtravaillerq-signifiait-tuer-les-tutsis-selon-un-temoin777.html","url":"https:\/\/www.justiceinfo.net\/fr\/3987-170608-tpirkalimanzira-en-1994-qtravaillerq-signifiait-tuer-les-tutsis-selon-un-temoin777.html","name":"17.06.08 - TPIR\/KALIMANZIRA - EN 1994, \"TRAVAILLER\" SIGNIFIAIT TUER LES TUTSIS, SELON UN TEMOIN - JusticeInfo.net","isPartOf":{"@id":"https:\/\/www.justiceinfo.net\/fr#website"},"datePublished":"2008-06-19T05:06:12+00:00","breadcrumb":{"@id":"https:\/\/www.justiceinfo.net\/fr\/3987-170608-tpirkalimanzira-en-1994-qtravaillerq-signifiait-tuer-les-tutsis-selon-un-temoin777.html#breadcrumb"},"inLanguage":"fr-FR","potentialAction":[{"@type":"ReadAction","target":["https:\/\/www.justiceinfo.net\/fr\/3987-170608-tpirkalimanzira-en-1994-qtravaillerq-signifiait-tuer-les-tutsis-selon-un-temoin777.html"]}]},{"@type":"BreadcrumbList","@id":"https:\/\/www.justiceinfo.net\/fr\/3987-170608-tpirkalimanzira-en-1994-qtravaillerq-signifiait-tuer-les-tutsis-selon-un-temoin777.html#breadcrumb","itemListElement":[{"@type":"ListItem","position":1,"name":"Home","item":"https:\/\/www.justiceinfo.net\/fr"},{"@type":"ListItem","position":2,"name":"17.06.08 - TPIR\/KALIMANZIRA - EN 1994, \"TRAVAILLER\" SIGNIFIAIT TUER LES TUTSIS, SELON UN TEMOIN"}]},{"@type":"WebSite","@id":"https:\/\/www.justiceinfo.net\/fr#website","url":"https:\/\/www.justiceinfo.net\/fr","name":"JusticeInfo.net","description":"La justice doit \u00eatre vue pour \u00eatre rendue","publisher":{"@id":"https:\/\/www.justiceinfo.net\/fr#organization"},"potentialAction":[{"@type":"SearchAction","target":{"@type":"EntryPoint","urlTemplate":"https:\/\/www.justiceinfo.net\/fr?s={search_term_string}"},"query-input":{"@type":"PropertyValueSpecification","valueRequired":true,"valueName":"search_term_string"}}],"inLanguage":"fr-FR"},{"@type":"Organization","@id":"https:\/\/www.justiceinfo.net\/fr#organization","name":"Justice Info","url":"https:\/\/www.justiceinfo.net\/fr","logo":{"@type":"ImageObject","inLanguage":"fr-FR","@id":"https:\/\/www.justiceinfo.net\/fr#\/schema\/logo\/image\/","url":"https:\/\/www.justiceinfo.net\/wp-content\/uploads\/justiceinfo_logo-trans_1200x1200px.png","contentUrl":"https:\/\/www.justiceinfo.net\/wp-content\/uploads\/justiceinfo_logo-trans_1200x1200px.png","width":1199,"height":1200,"caption":"Justice Info"},"image":{"@id":"https:\/\/www.justiceinfo.net\/fr#\/schema\/logo\/image\/"},"sameAs":["https:\/\/www.facebook.com\/JusticeInfo\/","https:\/\/x.com\/justiceinfonet","https:\/\/www.linkedin.com\/company\/justice-info","https:\/\/www.youtube.com\/channel\/UCyCEsARodyuWtkWyhn-e7pA"]},{"@type":"Person","name":"solivri","url":"\/fr\/?s=solivri"}]}},"_links":{"self":[{"href":"https:\/\/www.justiceinfo.net\/fr\/wp-json\/wp\/v2\/posts\/3987","targetHints":{"allow":["GET"]}}],"collection":[{"href":"https:\/\/www.justiceinfo.net\/fr\/wp-json\/wp\/v2\/posts"}],"about":[{"href":"https:\/\/www.justiceinfo.net\/fr\/wp-json\/wp\/v2\/types\/post"}],"author":[{"embeddable":true,"href":"https:\/\/www.justiceinfo.net\/fr\/wp-json\/wp\/v2\/users\/64"}],"replies":[{"embeddable":true,"href":"https:\/\/www.justiceinfo.net\/fr\/wp-json\/wp\/v2\/comments?post=3987"}],"version-history":[{"count":0,"href":"https:\/\/www.justiceinfo.net\/fr\/wp-json\/wp\/v2\/posts\/3987\/revisions"}],"wp:attachment":[{"href":"https:\/\/www.justiceinfo.net\/fr\/wp-json\/wp\/v2\/media?parent=3987"}],"wp:term":[{"taxonomy":"category","embeddable":true,"href":"https:\/\/www.justiceinfo.net\/fr\/wp-json\/wp\/v2\/categories?post=3987"},{"taxonomy":"post_tag","embeddable":true,"href":"https:\/\/www.justiceinfo.net\/fr\/wp-json\/wp\/v2\/tags?post=3987"},{"taxonomy":"ji_location","embeddable":true,"href":"https:\/\/www.justiceinfo.net\/fr\/wp-json\/wp\/v2\/ji_location?post=3987"}],"curies":[{"name":"wp","href":"https:\/\/api.w.org\/{rel}","templated":true}]}}