{"id":4005,"date":"2008-06-25T10:15:57","date_gmt":"2008-06-25T08:15:57","guid":{"rendered":"https:\/\/www.justiceinfo.net\/4005-240608-tpirtransferts-demandes-de-transfert-au-rwanda-deuxieme-appel-du-procureur795.html"},"modified":"2008-06-25T10:15:57","modified_gmt":"2008-06-25T08:15:57","slug":"240608-tpirtransferts-demandes-de-transfert-au-rwanda-deuxieme-appel-du-procureur795","status":"publish","type":"post","link":"https:\/\/www.justiceinfo.net\/fr\/4005-240608-tpirtransferts-demandes-de-transfert-au-rwanda-deuxieme-appel-du-procureur795.html","title":{"rendered":"24.06.08 - TPIR\/TRANSFERTS - DEMANDES DE TRANSFERT AU RWANDA : DEUXIEME APPEL DU PROCUREUR"},"content":{"rendered":"<p  >\nArusha, 24 juin 2008 (FH) -  Le procureur du Tribunal p\u00e9nal international pour le Rwanda (TPIR), Hassan Bubacar Jallow, a fait appel lundi du rejet de sa requ\u00eate visant \u00e0 renvoyer vers les tribunaux rwandais l\u2019accus\u00e9 Gaspard Kanyarukiga, un ancien commer\u00e7ant, a-t-on appris de source officielle mardi.  <\/p>\n<p>Le 12 juin, Jallow avait introduit un premier recours du genre apr\u00e8s le refus par une chambre de premi\u00e8re instance du TPIR de transf\u00e9rer, vers la justice rwandaise, un autre ancien commer\u00e7ant, Yussuf Munyakazi.\n<\/p>\n<p><!--more--><\/p>\n<p  >\nJallow a indiqu\u00e9 mardi \u00e0 l\u2019agence Hirondelle que le recours concernant Kanyarukiga avait \u00e9t\u00e9 d\u00e9pos\u00e9 lundi. <\/p>\n<p>La demande de renvoyer cet accus\u00e9 aux tribunaux rwandais avait \u00e9t\u00e9 rejet\u00e9e au d\u00e9but du mois, les juges estimant, entre autres, que les conditions d\u2019un proc\u00e8s \u00e9quitable n\u2019\u00e9taient pas encore remplies au Rwanda. <\/p>\n<p>La chambre avait \u00e9galement exprim\u00e9 sa crainte que Kanyarukiga ne soit condamn\u00e9, en cas de verdict de culpabilit\u00e9, \u00e0 la prison \u00e0 vie avec isolement. <\/p>\n<p>Les m\u00eames arguments avaient \u00e9t\u00e9 pris en compte par une autre chambre qui avait rejet\u00e9 le 28 mai la requ\u00eate concernant Munyakazi. <\/p>\n<p>Par ailleurs, la semaine derni\u00e8re, une autre formation de juges a refus\u00e9 de renvoyer au Rwanda le dossier du lieutenant Ildephonse Hategekimana qui commandait un petit camp militaire du sud pays pendant le g\u00e9nocide de 1994. <\/p>\n<p>Le procureur a annonc\u00e9 qu\u2019il ferait \u00e9galement appel.\n<\/p>\n<p  >\nDeux autres requ\u00eates du m\u00eame genre concernant l\u2019ancien maire, Jean Baptiste Gatete, et l\u2019ancien inspecteur de police, Fulgence Kayishema, sont encore pendantes devant les chambres de premi\u00e8re instance. <\/p>\n<p>Les transferts de certains accus\u00e9s vers des juridictions nationales font partie de la strat\u00e9gie de fin de mandat du TPIR qui doit th\u00e9oriquement terminer les proc\u00e8s en premi\u00e8re instance d\u2019ici \u00e0 la fin de l\u2019ann\u00e9e.\n<\/p>\n<p  >\nAu si\u00e8ge du tribunal \u00e0 Arusha, en Tanzanie, 28 accus\u00e9s sont en proc\u00e8s ou attente le verdict, tandis que 8 attendent de compara\u00eetre. Treize inculp\u00e9s sont en fuite tandis qu\u2019un autre, d\u00e9tenu en Allemagne, attend d\u2019\u00eatre transf\u00e9r\u00e9 au TPIR. Le tribunal a d\u00e9j\u00e0 prononc\u00e9 30 condamnations et 5 acquittements.\n<\/p>\n<p  >\nSC\/ER\/GF<\/p>\n","protected":false},"excerpt":{"rendered":"<p>Arusha, 24 juin 2008 (FH) - Le procureur du Tribunal p\u00e9nal international pour le Rwanda (TPIR), Hassan Bubacar Jallow, a fait appel lundi du rejet de sa requ\u00eate visant \u00e0 renvoyer vers les tribunaux rwandais l\u2019accus\u00e9 Gaspard Kanyarukiga, un ancien commer\u00e7ant, a-t-on appris de source officielle mardi. Le 12 juin, Jallow avait introduit un premier [&hellip;]<\/p>\n","protected":false},"author":64,"featured_media":0,"comment_status":"open","ping_status":"closed","sticky":false,"template":"","format":"standard","meta":{"_acf_changed":false,"footnotes":""},"categories":[554],"tags":[],"ji_location":[],"class_list":["post-4005","post","type-post","status-publish","format-standard","hentry","category-hirondellenews"],"acf":[],"yoast_head":"<!-- This site is optimized with the Yoast SEO Premium plugin v25.3.1 (Yoast SEO v25.3.1) - https:\/\/yoast.com\/wordpress\/plugins\/seo\/ -->\n<title>24.06.08 - TPIR\/TRANSFERTS - DEMANDES DE TRANSFERT AU RWANDA : DEUXIEME APPEL DU PROCUREUR - JusticeInfo.net<\/title>\n<meta name=\"robots\" content=\"index, follow, max-snippet:-1, max-image-preview:large, max-video-preview:-1\" \/>\n<link rel=\"canonical\" href=\"https:\/\/www.justiceinfo.net\/fr\/4005-240608-tpirtransferts-demandes-de-transfert-au-rwanda-deuxieme-appel-du-procureur795.html\" \/>\n<meta property=\"og:locale\" content=\"fr_FR\" \/>\n<meta property=\"og:type\" content=\"article\" \/>\n<meta property=\"og:title\" content=\"24.06.08 - TPIR\/TRANSFERTS - DEMANDES DE TRANSFERT AU RWANDA : DEUXIEME APPEL DU PROCUREUR\" \/>\n<meta property=\"og:description\" content=\"Arusha, 24 juin 2008 (FH) - Le procureur du Tribunal p\u00e9nal international pour le Rwanda (TPIR), Hassan Bubacar Jallow, a fait appel lundi du rejet de sa requ\u00eate visant \u00e0 renvoyer vers les tribunaux rwandais l\u2019accus\u00e9 Gaspard Kanyarukiga, un ancien commer\u00e7ant, a-t-on appris de source officielle mardi. Le 12 juin, Jallow avait introduit un premier [&hellip;]\" \/>\n<meta property=\"og:url\" content=\"https:\/\/www.justiceinfo.net\/fr\/4005-240608-tpirtransferts-demandes-de-transfert-au-rwanda-deuxieme-appel-du-procureur795.html\" \/>\n<meta property=\"og:site_name\" content=\"JusticeInfo.net\" \/>\n<meta property=\"article:publisher\" content=\"https:\/\/www.facebook.com\/JusticeInfo\/\" \/>\n<meta property=\"article:published_time\" content=\"2008-06-25T08:15:57+00:00\" \/>\n<meta property=\"og:image\" content=\"https:\/\/www.justiceinfo.net\/wp-content\/uploads\/JusticeInfoNet_logo_1200x630px.jpg\" \/>\n\t<meta property=\"og:image:width\" content=\"1200\" \/>\n\t<meta property=\"og:image:height\" content=\"630\" \/>\n\t<meta property=\"og:image:type\" content=\"image\/jpeg\" \/>\n<meta name=\"author\" content=\"solivri\" \/>\n<meta name=\"twitter:card\" content=\"summary_large_image\" \/>\n<meta name=\"twitter:creator\" content=\"@justiceinfonet\" \/>\n<meta name=\"twitter:site\" content=\"@justiceinfonet\" \/>\n<meta name=\"twitter:label1\" content=\"\u00c9crit par\" \/>\n\t<meta name=\"twitter:data1\" content=\"solivri\" \/>\n\t<meta name=\"twitter:label2\" content=\"Dur\u00e9e de lecture estim\u00e9e\" \/>\n\t<meta name=\"twitter:data2\" content=\"2 minutes\" \/>\n<script type=\"application\/ld+json\" class=\"yoast-schema-graph\">{\"@context\":\"https:\/\/schema.org\",\"@graph\":[{\"@type\":\"NewsArticle\",\"@id\":\"https:\/\/www.justiceinfo.net\/fr\/4005-240608-tpirtransferts-demandes-de-transfert-au-rwanda-deuxieme-appel-du-procureur795.html#article\",\"isPartOf\":{\"@id\":\"https:\/\/www.justiceinfo.net\/fr\/4005-240608-tpirtransferts-demandes-de-transfert-au-rwanda-deuxieme-appel-du-procureur795.html\"},\"author\":{\"name\":\"solivri\",\"@id\":\"https:\/\/www.justiceinfo.net\/fr#\/schema\/person\/6e53cba1629e2e66f3fc1821d3091865\"},\"headline\":\"24.06.08 - TPIR\/TRANSFERTS - DEMANDES DE TRANSFERT AU RWANDA : DEUXIEME APPEL DU PROCUREUR\",\"datePublished\":\"2008-06-25T08:15:57+00:00\",\"mainEntityOfPage\":{\"@id\":\"https:\/\/www.justiceinfo.net\/fr\/4005-240608-tpirtransferts-demandes-de-transfert-au-rwanda-deuxieme-appel-du-procureur795.html\"},\"wordCount\":377,\"commentCount\":0,\"publisher\":{\"@id\":\"https:\/\/www.justiceinfo.net\/fr#organization\"},\"articleSection\":[\"Hirondelle News\"],\"inLanguage\":\"fr-FR\",\"potentialAction\":[{\"@type\":\"CommentAction\",\"name\":\"Comment\",\"target\":[\"https:\/\/www.justiceinfo.net\/fr\/4005-240608-tpirtransferts-demandes-de-transfert-au-rwanda-deuxieme-appel-du-procureur795.html#respond\"]}]},{\"@type\":\"WebPage\",\"@id\":\"https:\/\/www.justiceinfo.net\/fr\/4005-240608-tpirtransferts-demandes-de-transfert-au-rwanda-deuxieme-appel-du-procureur795.html\",\"url\":\"https:\/\/www.justiceinfo.net\/fr\/4005-240608-tpirtransferts-demandes-de-transfert-au-rwanda-deuxieme-appel-du-procureur795.html\",\"name\":\"24.06.08 - TPIR\/TRANSFERTS - DEMANDES DE TRANSFERT AU RWANDA : DEUXIEME APPEL DU PROCUREUR - JusticeInfo.net\",\"isPartOf\":{\"@id\":\"https:\/\/www.justiceinfo.net\/fr#website\"},\"datePublished\":\"2008-06-25T08:15:57+00:00\",\"breadcrumb\":{\"@id\":\"https:\/\/www.justiceinfo.net\/fr\/4005-240608-tpirtransferts-demandes-de-transfert-au-rwanda-deuxieme-appel-du-procureur795.html#breadcrumb\"},\"inLanguage\":\"fr-FR\",\"potentialAction\":[{\"@type\":\"ReadAction\",\"target\":[\"https:\/\/www.justiceinfo.net\/fr\/4005-240608-tpirtransferts-demandes-de-transfert-au-rwanda-deuxieme-appel-du-procureur795.html\"]}]},{\"@type\":\"BreadcrumbList\",\"@id\":\"https:\/\/www.justiceinfo.net\/fr\/4005-240608-tpirtransferts-demandes-de-transfert-au-rwanda-deuxieme-appel-du-procureur795.html#breadcrumb\",\"itemListElement\":[{\"@type\":\"ListItem\",\"position\":1,\"name\":\"Home\",\"item\":\"https:\/\/www.justiceinfo.net\/fr\"},{\"@type\":\"ListItem\",\"position\":2,\"name\":\"24.06.08 - TPIR\/TRANSFERTS - DEMANDES DE TRANSFERT AU RWANDA : DEUXIEME APPEL DU PROCUREUR\"}]},{\"@type\":\"WebSite\",\"@id\":\"https:\/\/www.justiceinfo.net\/fr#website\",\"url\":\"https:\/\/www.justiceinfo.net\/fr\",\"name\":\"JusticeInfo.net\",\"description\":\"La justice doit \u00eatre vue pour \u00eatre rendue\",\"publisher\":{\"@id\":\"https:\/\/www.justiceinfo.net\/fr#organization\"},\"potentialAction\":[{\"@type\":\"SearchAction\",\"target\":{\"@type\":\"EntryPoint\",\"urlTemplate\":\"https:\/\/www.justiceinfo.net\/fr?s={search_term_string}\"},\"query-input\":{\"@type\":\"PropertyValueSpecification\",\"valueRequired\":true,\"valueName\":\"search_term_string\"}}],\"inLanguage\":\"fr-FR\"},{\"@type\":\"Organization\",\"@id\":\"https:\/\/www.justiceinfo.net\/fr#organization\",\"name\":\"Justice Info\",\"url\":\"https:\/\/www.justiceinfo.net\/fr\",\"logo\":{\"@type\":\"ImageObject\",\"inLanguage\":\"fr-FR\",\"@id\":\"https:\/\/www.justiceinfo.net\/fr#\/schema\/logo\/image\/\",\"url\":\"https:\/\/www.justiceinfo.net\/wp-content\/uploads\/justiceinfo_logo-trans_1200x1200px.png\",\"contentUrl\":\"https:\/\/www.justiceinfo.net\/wp-content\/uploads\/justiceinfo_logo-trans_1200x1200px.png\",\"width\":1199,\"height\":1200,\"caption\":\"Justice Info\"},\"image\":{\"@id\":\"https:\/\/www.justiceinfo.net\/fr#\/schema\/logo\/image\/\"},\"sameAs\":[\"https:\/\/www.facebook.com\/JusticeInfo\/\",\"https:\/\/x.com\/justiceinfonet\",\"https:\/\/www.linkedin.com\/company\/justice-info\",\"https:\/\/www.youtube.com\/channel\/UCyCEsARodyuWtkWyhn-e7pA\"]},{\"@type\":\"Person\",\"name\":\"solivri\",\"url\":\"\/fr\/?s=solivri\"}]}<\/script>\n<!-- \/ Yoast SEO Premium plugin. -->","yoast_head_json":{"title":"24.06.08 - TPIR\/TRANSFERTS - DEMANDES DE TRANSFERT AU RWANDA : DEUXIEME APPEL DU PROCUREUR - JusticeInfo.net","robots":{"index":"index","follow":"follow","max-snippet":"max-snippet:-1","max-image-preview":"max-image-preview:large","max-video-preview":"max-video-preview:-1"},"canonical":"https:\/\/www.justiceinfo.net\/fr\/4005-240608-tpirtransferts-demandes-de-transfert-au-rwanda-deuxieme-appel-du-procureur795.html","og_locale":"fr_FR","og_type":"article","og_title":"24.06.08 - TPIR\/TRANSFERTS - DEMANDES DE TRANSFERT AU RWANDA : DEUXIEME APPEL DU PROCUREUR","og_description":"Arusha, 24 juin 2008 (FH) - Le procureur du Tribunal p\u00e9nal international pour le Rwanda (TPIR), Hassan Bubacar Jallow, a fait appel lundi du rejet de sa requ\u00eate visant \u00e0 renvoyer vers les tribunaux rwandais l\u2019accus\u00e9 Gaspard Kanyarukiga, un ancien commer\u00e7ant, a-t-on appris de source officielle mardi. Le 12 juin, Jallow avait introduit un premier [&hellip;]","og_url":"https:\/\/www.justiceinfo.net\/fr\/4005-240608-tpirtransferts-demandes-de-transfert-au-rwanda-deuxieme-appel-du-procureur795.html","og_site_name":"JusticeInfo.net","article_publisher":"https:\/\/www.facebook.com\/JusticeInfo\/","article_published_time":"2008-06-25T08:15:57+00:00","og_image":[{"width":1200,"height":630,"url":"https:\/\/www.justiceinfo.net\/wp-content\/uploads\/JusticeInfoNet_logo_1200x630px.jpg","type":"image\/jpeg"}],"author":"solivri","twitter_card":"summary_large_image","twitter_creator":"@justiceinfonet","twitter_site":"@justiceinfonet","twitter_misc":{"\u00c9crit par":"solivri","Dur\u00e9e de lecture estim\u00e9e":"2 minutes"},"schema":{"@context":"https:\/\/schema.org","@graph":[{"@type":"NewsArticle","@id":"https:\/\/www.justiceinfo.net\/fr\/4005-240608-tpirtransferts-demandes-de-transfert-au-rwanda-deuxieme-appel-du-procureur795.html#article","isPartOf":{"@id":"https:\/\/www.justiceinfo.net\/fr\/4005-240608-tpirtransferts-demandes-de-transfert-au-rwanda-deuxieme-appel-du-procureur795.html"},"author":{"name":"solivri","@id":"https:\/\/www.justiceinfo.net\/fr#\/schema\/person\/6e53cba1629e2e66f3fc1821d3091865"},"headline":"24.06.08 - TPIR\/TRANSFERTS - DEMANDES DE TRANSFERT AU RWANDA : DEUXIEME APPEL DU PROCUREUR","datePublished":"2008-06-25T08:15:57+00:00","mainEntityOfPage":{"@id":"https:\/\/www.justiceinfo.net\/fr\/4005-240608-tpirtransferts-demandes-de-transfert-au-rwanda-deuxieme-appel-du-procureur795.html"},"wordCount":377,"commentCount":0,"publisher":{"@id":"https:\/\/www.justiceinfo.net\/fr#organization"},"articleSection":["Hirondelle News"],"inLanguage":"fr-FR","potentialAction":[{"@type":"CommentAction","name":"Comment","target":["https:\/\/www.justiceinfo.net\/fr\/4005-240608-tpirtransferts-demandes-de-transfert-au-rwanda-deuxieme-appel-du-procureur795.html#respond"]}]},{"@type":"WebPage","@id":"https:\/\/www.justiceinfo.net\/fr\/4005-240608-tpirtransferts-demandes-de-transfert-au-rwanda-deuxieme-appel-du-procureur795.html","url":"https:\/\/www.justiceinfo.net\/fr\/4005-240608-tpirtransferts-demandes-de-transfert-au-rwanda-deuxieme-appel-du-procureur795.html","name":"24.06.08 - TPIR\/TRANSFERTS - DEMANDES DE TRANSFERT AU RWANDA : DEUXIEME APPEL DU PROCUREUR - JusticeInfo.net","isPartOf":{"@id":"https:\/\/www.justiceinfo.net\/fr#website"},"datePublished":"2008-06-25T08:15:57+00:00","breadcrumb":{"@id":"https:\/\/www.justiceinfo.net\/fr\/4005-240608-tpirtransferts-demandes-de-transfert-au-rwanda-deuxieme-appel-du-procureur795.html#breadcrumb"},"inLanguage":"fr-FR","potentialAction":[{"@type":"ReadAction","target":["https:\/\/www.justiceinfo.net\/fr\/4005-240608-tpirtransferts-demandes-de-transfert-au-rwanda-deuxieme-appel-du-procureur795.html"]}]},{"@type":"BreadcrumbList","@id":"https:\/\/www.justiceinfo.net\/fr\/4005-240608-tpirtransferts-demandes-de-transfert-au-rwanda-deuxieme-appel-du-procureur795.html#breadcrumb","itemListElement":[{"@type":"ListItem","position":1,"name":"Home","item":"https:\/\/www.justiceinfo.net\/fr"},{"@type":"ListItem","position":2,"name":"24.06.08 - TPIR\/TRANSFERTS - DEMANDES DE TRANSFERT AU RWANDA : DEUXIEME APPEL DU PROCUREUR"}]},{"@type":"WebSite","@id":"https:\/\/www.justiceinfo.net\/fr#website","url":"https:\/\/www.justiceinfo.net\/fr","name":"JusticeInfo.net","description":"La justice doit \u00eatre vue pour \u00eatre rendue","publisher":{"@id":"https:\/\/www.justiceinfo.net\/fr#organization"},"potentialAction":[{"@type":"SearchAction","target":{"@type":"EntryPoint","urlTemplate":"https:\/\/www.justiceinfo.net\/fr?s={search_term_string}"},"query-input":{"@type":"PropertyValueSpecification","valueRequired":true,"valueName":"search_term_string"}}],"inLanguage":"fr-FR"},{"@type":"Organization","@id":"https:\/\/www.justiceinfo.net\/fr#organization","name":"Justice Info","url":"https:\/\/www.justiceinfo.net\/fr","logo":{"@type":"ImageObject","inLanguage":"fr-FR","@id":"https:\/\/www.justiceinfo.net\/fr#\/schema\/logo\/image\/","url":"https:\/\/www.justiceinfo.net\/wp-content\/uploads\/justiceinfo_logo-trans_1200x1200px.png","contentUrl":"https:\/\/www.justiceinfo.net\/wp-content\/uploads\/justiceinfo_logo-trans_1200x1200px.png","width":1199,"height":1200,"caption":"Justice Info"},"image":{"@id":"https:\/\/www.justiceinfo.net\/fr#\/schema\/logo\/image\/"},"sameAs":["https:\/\/www.facebook.com\/JusticeInfo\/","https:\/\/x.com\/justiceinfonet","https:\/\/www.linkedin.com\/company\/justice-info","https:\/\/www.youtube.com\/channel\/UCyCEsARodyuWtkWyhn-e7pA"]},{"@type":"Person","name":"solivri","url":"\/fr\/?s=solivri"}]}},"_links":{"self":[{"href":"https:\/\/www.justiceinfo.net\/fr\/wp-json\/wp\/v2\/posts\/4005","targetHints":{"allow":["GET"]}}],"collection":[{"href":"https:\/\/www.justiceinfo.net\/fr\/wp-json\/wp\/v2\/posts"}],"about":[{"href":"https:\/\/www.justiceinfo.net\/fr\/wp-json\/wp\/v2\/types\/post"}],"author":[{"embeddable":true,"href":"https:\/\/www.justiceinfo.net\/fr\/wp-json\/wp\/v2\/users\/64"}],"replies":[{"embeddable":true,"href":"https:\/\/www.justiceinfo.net\/fr\/wp-json\/wp\/v2\/comments?post=4005"}],"version-history":[{"count":0,"href":"https:\/\/www.justiceinfo.net\/fr\/wp-json\/wp\/v2\/posts\/4005\/revisions"}],"wp:attachment":[{"href":"https:\/\/www.justiceinfo.net\/fr\/wp-json\/wp\/v2\/media?parent=4005"}],"wp:term":[{"taxonomy":"category","embeddable":true,"href":"https:\/\/www.justiceinfo.net\/fr\/wp-json\/wp\/v2\/categories?post=4005"},{"taxonomy":"post_tag","embeddable":true,"href":"https:\/\/www.justiceinfo.net\/fr\/wp-json\/wp\/v2\/tags?post=4005"},{"taxonomy":"ji_location","embeddable":true,"href":"https:\/\/www.justiceinfo.net\/fr\/wp-json\/wp\/v2\/ji_location?post=4005"}],"curies":[{"name":"wp","href":"https:\/\/api.w.org\/{rel}","templated":true}]}}