{"id":4017,"date":"2008-07-01T06:52:53","date_gmt":"2008-07-01T04:52:53","guid":{"rendered":"https:\/\/www.justiceinfo.net\/4017-300608-tpirmilitaires-ii-un-temoin-nie-que-le-bataillon-de-reconnaissance-ait-participe-au-ge807.html"},"modified":"2008-07-01T06:52:53","modified_gmt":"2008-07-01T04:52:53","slug":"300608-tpirmilitaires-ii-un-temoin-nie-que-le-bataillon-de-reconnaissance-ait-participe-au-ge807","status":"publish","type":"post","link":"https:\/\/www.justiceinfo.net\/fr\/4017-300608-tpirmilitaires-ii-un-temoin-nie-que-le-bataillon-de-reconnaissance-ait-participe-au-ge807.html","title":{"rendered":"30.06.08 - TPIR\/MILITAIRES II - UN TEMOIN NIE QUE LE BATAILLON DE RECONNAISSANCE AIT PARTICIPE AU GE"},"content":{"rendered":"<p  >\nArusha, 30 juin 2008 (FH) \u2013 Un ancien membre de l\u2019arm\u00e9e rwandaise cit\u00e9 comme t\u00e9moin devant le Tribunal p\u00e9nal international pour le Rwanda (TPIR) a affirm\u00e9, lundi, que le bataillon de reconnaissance, une unit\u00e9 d\u2019\u00e9lite \u00e0 l\u2019\u00e9poque, n\u2019avait pas tremp\u00e9 dans le g\u00e9nocide de 1994.  <\/p>\n<p>Ce bataillon \u00e9tait alors command\u00e9 par le major Fran\u00e7ois- Xavier Nzuwonemeye, en proc\u00e8s devant le TPIR, avec d\u2019autres anciens officiers, dont le capitaine Innocent Sagahutu qui commandait un des trois escadrons de cette unit\u00e9.\n<\/p>\n<p><!--more--><\/p>\n<p  >\nD\u00e9sign\u00e9 par le nom de code K4 pour pr\u00e9server son anonymat, le t\u00e9moin, d\u00e9mobilis\u00e9 de l\u2019arm\u00e9e en 2002, a d\u00e9clar\u00e9 que les soldats du bataillon de reconnaissance n\u2019avaient particip\u00e9 ni aux massacres de Tutsis, ni \u00e0 l\u2019assassinat du Premier ministre Agathe Uwilingiyimana ni \u00e0 la mise \u00e0 mort des 10 Casques bleus belges. A propos de ces derniers il a dit qu'ils avaient \u00e9t\u00e9 tu\u00e9s par des soldats rwandais en convalescence apr\u00e8s avoir \u00e9t\u00e9 bless\u00e9s dans des combats. <\/p>\n<p>Selon des t\u00e9moignages \u00e0 charge, des hommes du bataillon de reconnaissance ont particip\u00e9 aux massacres pendant le g\u00e9nocide. <\/p>\n<p>Interrog\u00e9 par Me Charles Takou, l\u2019avocat principal de Nzuwonemeye, le t\u00e9moin K 4 a d\u00e9crit son ancien commandant comme un homme qui faisait son travail sans discrimination. <\/p>\n<p>Le t\u00e9moin devait encore \u00eatre contre-interrog\u00e9 par le procureur. <\/p>\n<p>Nzuwonemeye et Sagahutu comparaissent avec l\u2019ancien chef d\u2019Etat-major de l\u2019arm\u00e9e rwandaise, le g\u00e9n\u00e9ral Augustin Bizimungu et l\u2019ancien chef d\u2019Etat-major de la gendarmerie, le g\u00e9n\u00e9ral Augustin Ndindiliyimana qui ont d\u00e9j\u00e0 pr\u00e9sent\u00e9 leurs t\u00e9moins. <\/p>\n<p>Seul Sagahutu n\u2019a pas encore commenc\u00e9 sa d\u00e9fense. <\/p>\n<p>Poursuivis pour crimes de g\u00e9nocide, crimes contre l\u2019humanit\u00e9 et crimes de guerre, les 4 officiers plaident non coupables. Leur proc\u00e8s a d\u00e9but\u00e9 en septembre 2004. <\/p>\n<p>NI\/ER\/PB\/GF<\/p>\n","protected":false},"excerpt":{"rendered":"<p>Arusha, 30 juin 2008 (FH) \u2013 Un ancien membre de l\u2019arm\u00e9e rwandaise cit\u00e9 comme t\u00e9moin devant le Tribunal p\u00e9nal international pour le Rwanda (TPIR) a affirm\u00e9, lundi, que le bataillon de reconnaissance, une unit\u00e9 d\u2019\u00e9lite \u00e0 l\u2019\u00e9poque, n\u2019avait pas tremp\u00e9 dans le g\u00e9nocide de 1994. Ce bataillon \u00e9tait alors command\u00e9 par le major Fran\u00e7ois- Xavier [&hellip;]<\/p>\n","protected":false},"author":64,"featured_media":0,"comment_status":"open","ping_status":"closed","sticky":false,"template":"","format":"standard","meta":{"_acf_changed":false,"footnotes":""},"categories":[554],"tags":[],"ji_location":[],"class_list":["post-4017","post","type-post","status-publish","format-standard","hentry","category-hirondellenews"],"acf":[],"yoast_head":"<!-- This site is optimized with the Yoast SEO Premium plugin v25.3.1 (Yoast SEO v25.3.1) - https:\/\/yoast.com\/wordpress\/plugins\/seo\/ -->\n<title>30.06.08 - TPIR\/MILITAIRES II - UN TEMOIN NIE QUE LE BATAILLON DE RECONNAISSANCE AIT PARTICIPE AU GE - JusticeInfo.net<\/title>\n<meta name=\"robots\" content=\"index, follow, max-snippet:-1, max-image-preview:large, max-video-preview:-1\" \/>\n<link rel=\"canonical\" href=\"https:\/\/www.justiceinfo.net\/fr\/4017-300608-tpirmilitaires-ii-un-temoin-nie-que-le-bataillon-de-reconnaissance-ait-participe-au-ge807.html\" \/>\n<meta property=\"og:locale\" content=\"fr_FR\" \/>\n<meta property=\"og:type\" content=\"article\" \/>\n<meta property=\"og:title\" content=\"30.06.08 - TPIR\/MILITAIRES II - UN TEMOIN NIE QUE LE BATAILLON DE RECONNAISSANCE AIT PARTICIPE AU GE\" \/>\n<meta property=\"og:description\" content=\"Arusha, 30 juin 2008 (FH) \u2013 Un ancien membre de l\u2019arm\u00e9e rwandaise cit\u00e9 comme t\u00e9moin devant le Tribunal p\u00e9nal international pour le Rwanda (TPIR) a affirm\u00e9, lundi, que le bataillon de reconnaissance, une unit\u00e9 d\u2019\u00e9lite \u00e0 l\u2019\u00e9poque, n\u2019avait pas tremp\u00e9 dans le g\u00e9nocide de 1994. Ce bataillon \u00e9tait alors command\u00e9 par le major Fran\u00e7ois- Xavier [&hellip;]\" \/>\n<meta property=\"og:url\" content=\"https:\/\/www.justiceinfo.net\/fr\/4017-300608-tpirmilitaires-ii-un-temoin-nie-que-le-bataillon-de-reconnaissance-ait-participe-au-ge807.html\" \/>\n<meta property=\"og:site_name\" content=\"JusticeInfo.net\" \/>\n<meta property=\"article:publisher\" content=\"https:\/\/www.facebook.com\/JusticeInfo\/\" \/>\n<meta property=\"article:published_time\" content=\"2008-07-01T04:52:53+00:00\" \/>\n<meta property=\"og:image\" content=\"https:\/\/www.justiceinfo.net\/wp-content\/uploads\/JusticeInfoNet_logo_1200x630px.jpg\" \/>\n\t<meta property=\"og:image:width\" content=\"1200\" \/>\n\t<meta property=\"og:image:height\" content=\"630\" \/>\n\t<meta property=\"og:image:type\" content=\"image\/jpeg\" \/>\n<meta name=\"author\" content=\"solivri\" \/>\n<meta name=\"twitter:card\" content=\"summary_large_image\" \/>\n<meta name=\"twitter:creator\" content=\"@justiceinfonet\" \/>\n<meta name=\"twitter:site\" content=\"@justiceinfonet\" \/>\n<meta name=\"twitter:label1\" content=\"\u00c9crit par\" \/>\n\t<meta name=\"twitter:data1\" content=\"solivri\" \/>\n\t<meta name=\"twitter:label2\" content=\"Dur\u00e9e de lecture estim\u00e9e\" \/>\n\t<meta name=\"twitter:data2\" content=\"2 minutes\" \/>\n<script type=\"application\/ld+json\" class=\"yoast-schema-graph\">{\"@context\":\"https:\/\/schema.org\",\"@graph\":[{\"@type\":\"NewsArticle\",\"@id\":\"https:\/\/www.justiceinfo.net\/fr\/4017-300608-tpirmilitaires-ii-un-temoin-nie-que-le-bataillon-de-reconnaissance-ait-participe-au-ge807.html#article\",\"isPartOf\":{\"@id\":\"https:\/\/www.justiceinfo.net\/fr\/4017-300608-tpirmilitaires-ii-un-temoin-nie-que-le-bataillon-de-reconnaissance-ait-participe-au-ge807.html\"},\"author\":{\"name\":\"solivri\",\"@id\":\"https:\/\/www.justiceinfo.net\/fr#\/schema\/person\/6e53cba1629e2e66f3fc1821d3091865\"},\"headline\":\"30.06.08 - TPIR\/MILITAIRES II - UN TEMOIN NIE QUE LE BATAILLON DE RECONNAISSANCE AIT PARTICIPE AU GE\",\"datePublished\":\"2008-07-01T04:52:53+00:00\",\"mainEntityOfPage\":{\"@id\":\"https:\/\/www.justiceinfo.net\/fr\/4017-300608-tpirmilitaires-ii-un-temoin-nie-que-le-bataillon-de-reconnaissance-ait-participe-au-ge807.html\"},\"wordCount\":332,\"commentCount\":0,\"publisher\":{\"@id\":\"https:\/\/www.justiceinfo.net\/fr#organization\"},\"articleSection\":[\"Hirondelle News\"],\"inLanguage\":\"fr-FR\",\"potentialAction\":[{\"@type\":\"CommentAction\",\"name\":\"Comment\",\"target\":[\"https:\/\/www.justiceinfo.net\/fr\/4017-300608-tpirmilitaires-ii-un-temoin-nie-que-le-bataillon-de-reconnaissance-ait-participe-au-ge807.html#respond\"]}]},{\"@type\":\"WebPage\",\"@id\":\"https:\/\/www.justiceinfo.net\/fr\/4017-300608-tpirmilitaires-ii-un-temoin-nie-que-le-bataillon-de-reconnaissance-ait-participe-au-ge807.html\",\"url\":\"https:\/\/www.justiceinfo.net\/fr\/4017-300608-tpirmilitaires-ii-un-temoin-nie-que-le-bataillon-de-reconnaissance-ait-participe-au-ge807.html\",\"name\":\"30.06.08 - TPIR\/MILITAIRES II - UN TEMOIN NIE QUE LE BATAILLON DE RECONNAISSANCE AIT PARTICIPE AU GE - JusticeInfo.net\",\"isPartOf\":{\"@id\":\"https:\/\/www.justiceinfo.net\/fr#website\"},\"datePublished\":\"2008-07-01T04:52:53+00:00\",\"breadcrumb\":{\"@id\":\"https:\/\/www.justiceinfo.net\/fr\/4017-300608-tpirmilitaires-ii-un-temoin-nie-que-le-bataillon-de-reconnaissance-ait-participe-au-ge807.html#breadcrumb\"},\"inLanguage\":\"fr-FR\",\"potentialAction\":[{\"@type\":\"ReadAction\",\"target\":[\"https:\/\/www.justiceinfo.net\/fr\/4017-300608-tpirmilitaires-ii-un-temoin-nie-que-le-bataillon-de-reconnaissance-ait-participe-au-ge807.html\"]}]},{\"@type\":\"BreadcrumbList\",\"@id\":\"https:\/\/www.justiceinfo.net\/fr\/4017-300608-tpirmilitaires-ii-un-temoin-nie-que-le-bataillon-de-reconnaissance-ait-participe-au-ge807.html#breadcrumb\",\"itemListElement\":[{\"@type\":\"ListItem\",\"position\":1,\"name\":\"Home\",\"item\":\"https:\/\/www.justiceinfo.net\/fr\"},{\"@type\":\"ListItem\",\"position\":2,\"name\":\"30.06.08 - TPIR\/MILITAIRES II - UN TEMOIN NIE QUE LE BATAILLON DE RECONNAISSANCE AIT PARTICIPE AU GE\"}]},{\"@type\":\"WebSite\",\"@id\":\"https:\/\/www.justiceinfo.net\/fr#website\",\"url\":\"https:\/\/www.justiceinfo.net\/fr\",\"name\":\"JusticeInfo.net\",\"description\":\"La justice doit \u00eatre vue pour \u00eatre rendue\",\"publisher\":{\"@id\":\"https:\/\/www.justiceinfo.net\/fr#organization\"},\"potentialAction\":[{\"@type\":\"SearchAction\",\"target\":{\"@type\":\"EntryPoint\",\"urlTemplate\":\"https:\/\/www.justiceinfo.net\/fr?s={search_term_string}\"},\"query-input\":{\"@type\":\"PropertyValueSpecification\",\"valueRequired\":true,\"valueName\":\"search_term_string\"}}],\"inLanguage\":\"fr-FR\"},{\"@type\":\"Organization\",\"@id\":\"https:\/\/www.justiceinfo.net\/fr#organization\",\"name\":\"Justice Info\",\"url\":\"https:\/\/www.justiceinfo.net\/fr\",\"logo\":{\"@type\":\"ImageObject\",\"inLanguage\":\"fr-FR\",\"@id\":\"https:\/\/www.justiceinfo.net\/fr#\/schema\/logo\/image\/\",\"url\":\"https:\/\/www.justiceinfo.net\/wp-content\/uploads\/justiceinfo_logo-trans_1200x1200px.png\",\"contentUrl\":\"https:\/\/www.justiceinfo.net\/wp-content\/uploads\/justiceinfo_logo-trans_1200x1200px.png\",\"width\":1199,\"height\":1200,\"caption\":\"Justice Info\"},\"image\":{\"@id\":\"https:\/\/www.justiceinfo.net\/fr#\/schema\/logo\/image\/\"},\"sameAs\":[\"https:\/\/www.facebook.com\/JusticeInfo\/\",\"https:\/\/x.com\/justiceinfonet\",\"https:\/\/www.linkedin.com\/company\/justice-info\",\"https:\/\/www.youtube.com\/channel\/UCyCEsARodyuWtkWyhn-e7pA\"]},{\"@type\":\"Person\",\"name\":\"solivri\",\"url\":\"\/fr\/?s=solivri\"}]}<\/script>\n<!-- \/ Yoast SEO Premium plugin. -->","yoast_head_json":{"title":"30.06.08 - TPIR\/MILITAIRES II - UN TEMOIN NIE QUE LE BATAILLON DE RECONNAISSANCE AIT PARTICIPE AU GE - JusticeInfo.net","robots":{"index":"index","follow":"follow","max-snippet":"max-snippet:-1","max-image-preview":"max-image-preview:large","max-video-preview":"max-video-preview:-1"},"canonical":"https:\/\/www.justiceinfo.net\/fr\/4017-300608-tpirmilitaires-ii-un-temoin-nie-que-le-bataillon-de-reconnaissance-ait-participe-au-ge807.html","og_locale":"fr_FR","og_type":"article","og_title":"30.06.08 - TPIR\/MILITAIRES II - UN TEMOIN NIE QUE LE BATAILLON DE RECONNAISSANCE AIT PARTICIPE AU GE","og_description":"Arusha, 30 juin 2008 (FH) \u2013 Un ancien membre de l\u2019arm\u00e9e rwandaise cit\u00e9 comme t\u00e9moin devant le Tribunal p\u00e9nal international pour le Rwanda (TPIR) a affirm\u00e9, lundi, que le bataillon de reconnaissance, une unit\u00e9 d\u2019\u00e9lite \u00e0 l\u2019\u00e9poque, n\u2019avait pas tremp\u00e9 dans le g\u00e9nocide de 1994. Ce bataillon \u00e9tait alors command\u00e9 par le major Fran\u00e7ois- Xavier [&hellip;]","og_url":"https:\/\/www.justiceinfo.net\/fr\/4017-300608-tpirmilitaires-ii-un-temoin-nie-que-le-bataillon-de-reconnaissance-ait-participe-au-ge807.html","og_site_name":"JusticeInfo.net","article_publisher":"https:\/\/www.facebook.com\/JusticeInfo\/","article_published_time":"2008-07-01T04:52:53+00:00","og_image":[{"width":1200,"height":630,"url":"https:\/\/www.justiceinfo.net\/wp-content\/uploads\/JusticeInfoNet_logo_1200x630px.jpg","type":"image\/jpeg"}],"author":"solivri","twitter_card":"summary_large_image","twitter_creator":"@justiceinfonet","twitter_site":"@justiceinfonet","twitter_misc":{"\u00c9crit par":"solivri","Dur\u00e9e de lecture estim\u00e9e":"2 minutes"},"schema":{"@context":"https:\/\/schema.org","@graph":[{"@type":"NewsArticle","@id":"https:\/\/www.justiceinfo.net\/fr\/4017-300608-tpirmilitaires-ii-un-temoin-nie-que-le-bataillon-de-reconnaissance-ait-participe-au-ge807.html#article","isPartOf":{"@id":"https:\/\/www.justiceinfo.net\/fr\/4017-300608-tpirmilitaires-ii-un-temoin-nie-que-le-bataillon-de-reconnaissance-ait-participe-au-ge807.html"},"author":{"name":"solivri","@id":"https:\/\/www.justiceinfo.net\/fr#\/schema\/person\/6e53cba1629e2e66f3fc1821d3091865"},"headline":"30.06.08 - TPIR\/MILITAIRES II - UN TEMOIN NIE QUE LE BATAILLON DE RECONNAISSANCE AIT PARTICIPE AU GE","datePublished":"2008-07-01T04:52:53+00:00","mainEntityOfPage":{"@id":"https:\/\/www.justiceinfo.net\/fr\/4017-300608-tpirmilitaires-ii-un-temoin-nie-que-le-bataillon-de-reconnaissance-ait-participe-au-ge807.html"},"wordCount":332,"commentCount":0,"publisher":{"@id":"https:\/\/www.justiceinfo.net\/fr#organization"},"articleSection":["Hirondelle News"],"inLanguage":"fr-FR","potentialAction":[{"@type":"CommentAction","name":"Comment","target":["https:\/\/www.justiceinfo.net\/fr\/4017-300608-tpirmilitaires-ii-un-temoin-nie-que-le-bataillon-de-reconnaissance-ait-participe-au-ge807.html#respond"]}]},{"@type":"WebPage","@id":"https:\/\/www.justiceinfo.net\/fr\/4017-300608-tpirmilitaires-ii-un-temoin-nie-que-le-bataillon-de-reconnaissance-ait-participe-au-ge807.html","url":"https:\/\/www.justiceinfo.net\/fr\/4017-300608-tpirmilitaires-ii-un-temoin-nie-que-le-bataillon-de-reconnaissance-ait-participe-au-ge807.html","name":"30.06.08 - TPIR\/MILITAIRES II - UN TEMOIN NIE QUE LE BATAILLON DE RECONNAISSANCE AIT PARTICIPE AU GE - JusticeInfo.net","isPartOf":{"@id":"https:\/\/www.justiceinfo.net\/fr#website"},"datePublished":"2008-07-01T04:52:53+00:00","breadcrumb":{"@id":"https:\/\/www.justiceinfo.net\/fr\/4017-300608-tpirmilitaires-ii-un-temoin-nie-que-le-bataillon-de-reconnaissance-ait-participe-au-ge807.html#breadcrumb"},"inLanguage":"fr-FR","potentialAction":[{"@type":"ReadAction","target":["https:\/\/www.justiceinfo.net\/fr\/4017-300608-tpirmilitaires-ii-un-temoin-nie-que-le-bataillon-de-reconnaissance-ait-participe-au-ge807.html"]}]},{"@type":"BreadcrumbList","@id":"https:\/\/www.justiceinfo.net\/fr\/4017-300608-tpirmilitaires-ii-un-temoin-nie-que-le-bataillon-de-reconnaissance-ait-participe-au-ge807.html#breadcrumb","itemListElement":[{"@type":"ListItem","position":1,"name":"Home","item":"https:\/\/www.justiceinfo.net\/fr"},{"@type":"ListItem","position":2,"name":"30.06.08 - TPIR\/MILITAIRES II - UN TEMOIN NIE QUE LE BATAILLON DE RECONNAISSANCE AIT PARTICIPE AU GE"}]},{"@type":"WebSite","@id":"https:\/\/www.justiceinfo.net\/fr#website","url":"https:\/\/www.justiceinfo.net\/fr","name":"JusticeInfo.net","description":"La justice doit \u00eatre vue pour \u00eatre rendue","publisher":{"@id":"https:\/\/www.justiceinfo.net\/fr#organization"},"potentialAction":[{"@type":"SearchAction","target":{"@type":"EntryPoint","urlTemplate":"https:\/\/www.justiceinfo.net\/fr?s={search_term_string}"},"query-input":{"@type":"PropertyValueSpecification","valueRequired":true,"valueName":"search_term_string"}}],"inLanguage":"fr-FR"},{"@type":"Organization","@id":"https:\/\/www.justiceinfo.net\/fr#organization","name":"Justice Info","url":"https:\/\/www.justiceinfo.net\/fr","logo":{"@type":"ImageObject","inLanguage":"fr-FR","@id":"https:\/\/www.justiceinfo.net\/fr#\/schema\/logo\/image\/","url":"https:\/\/www.justiceinfo.net\/wp-content\/uploads\/justiceinfo_logo-trans_1200x1200px.png","contentUrl":"https:\/\/www.justiceinfo.net\/wp-content\/uploads\/justiceinfo_logo-trans_1200x1200px.png","width":1199,"height":1200,"caption":"Justice Info"},"image":{"@id":"https:\/\/www.justiceinfo.net\/fr#\/schema\/logo\/image\/"},"sameAs":["https:\/\/www.facebook.com\/JusticeInfo\/","https:\/\/x.com\/justiceinfonet","https:\/\/www.linkedin.com\/company\/justice-info","https:\/\/www.youtube.com\/channel\/UCyCEsARodyuWtkWyhn-e7pA"]},{"@type":"Person","name":"solivri","url":"\/fr\/?s=solivri"}]}},"_links":{"self":[{"href":"https:\/\/www.justiceinfo.net\/fr\/wp-json\/wp\/v2\/posts\/4017","targetHints":{"allow":["GET"]}}],"collection":[{"href":"https:\/\/www.justiceinfo.net\/fr\/wp-json\/wp\/v2\/posts"}],"about":[{"href":"https:\/\/www.justiceinfo.net\/fr\/wp-json\/wp\/v2\/types\/post"}],"author":[{"embeddable":true,"href":"https:\/\/www.justiceinfo.net\/fr\/wp-json\/wp\/v2\/users\/64"}],"replies":[{"embeddable":true,"href":"https:\/\/www.justiceinfo.net\/fr\/wp-json\/wp\/v2\/comments?post=4017"}],"version-history":[{"count":0,"href":"https:\/\/www.justiceinfo.net\/fr\/wp-json\/wp\/v2\/posts\/4017\/revisions"}],"wp:attachment":[{"href":"https:\/\/www.justiceinfo.net\/fr\/wp-json\/wp\/v2\/media?parent=4017"}],"wp:term":[{"taxonomy":"category","embeddable":true,"href":"https:\/\/www.justiceinfo.net\/fr\/wp-json\/wp\/v2\/categories?post=4017"},{"taxonomy":"post_tag","embeddable":true,"href":"https:\/\/www.justiceinfo.net\/fr\/wp-json\/wp\/v2\/tags?post=4017"},{"taxonomy":"ji_location","embeddable":true,"href":"https:\/\/www.justiceinfo.net\/fr\/wp-json\/wp\/v2\/ji_location?post=4017"}],"curies":[{"name":"wp","href":"https:\/\/api.w.org\/{rel}","templated":true}]}}