{"id":40496,"date":"2019-03-06T08:24:55","date_gmt":"2019-03-06T07:24:55","guid":{"rendered":"https:\/\/www.justiceinfo.net\/40496-gambie-la-commission-verite-montre-les-dents.html"},"modified":"2019-03-06T08:24:55","modified_gmt":"2019-03-06T07:24:55","slug":"gambie-la-commission-verite-montre-les-dents","status":"publish","type":"post","link":"https:\/\/www.justiceinfo.net\/fr\/40496-gambie-la-commission-verite-montre-les-dents.html","title":{"rendered":"Gambie : La Commission v\u00e9rit\u00e9 montre les dents"},"content":{"rendered":"<p><strong>Deux anciens hauts responsables sous le r\u00e9gime militaire ont \u00e9t\u00e9 inculp\u00e9s, soup\u00e7onn\u00e9s d\u2019avoir voulu influencer un t\u00e9moin devant la Commission V\u00e9rit\u00e9, r\u00e9conciliation et r\u00e9paration. Apr\u00e8s deux mois d'audiences publiques \u00e0 forte charge et les premiers aveux d\u2019auteurs de crimes, la Commission envoie un message fort \u00e0 ceux qui seraient tent\u00e9s d'interf\u00e9rer avec le processus.<\/strong><\/p>\n<p><!--more--><\/p>\n<p>Yankuba Touray a occup\u00e9 plusieurs postes sous l'ancien pr\u00e9sident Yahya Jammeh, dont celui de ministre des Collectivit\u00e9s locales et des terres. Le 4 mars, il a \u00e9t\u00e9 inculp\u00e9 devant le tribunal de la municipalit\u00e9 de Kanifing, pr\u00e8s de Banjul, pour avoir essay\u00e9 d\u2019influencer un t\u00e9moin devant la Commission v\u00e9rit\u00e9, r\u00e9conciliation et r\u00e9paration (TRRC), qui enqu\u00eate sur les violations des droits de l'homme commises sous Jammeh. Touray a ni\u00e9 tout acte r\u00e9pr\u00e9hensible et a obtenu une lib\u00e9ration sous caution et sous condition, avec interdiction de quitter le territoire.<\/p>\n<p>L'ancienne pr\u00e9sidente de l'Assembl\u00e9e nationale gambienne, Fatoumatta Jahumpa Ceesay, fait face \u00e0 la m\u00eame accusation. Ceesay n'a cependant pas encore \u00e9t\u00e9 arr\u00eat\u00e9e. Mardi, elle se trouvait \u00e0 l'ext\u00e9rieur du pays, bien qu'elle ait promis de se pr\u00e9senter \u00e0 la police \u00e0 son arriv\u00e9e, selon les m\u00e9dias locaux.<\/p>\n<h3>Le t\u00e9moignage d'Alagie Kanyi<\/h3>\n<p>Yankuba Touray a \u00e9t\u00e9 arr\u00eat\u00e9 le 2 mars et d\u00e9tenu au poste de police de Kairaba \u00e0 la suite du t\u00e9moignage du 24<sup>e<\/sup> t\u00e9moin de la Commission, Alagie Kanyi. Kanyi, premier t\u00e9moin \u00e0 avoir avou\u00e9 des meurtres devant la TRRC, a affirm\u00e9 que Touray et Ceesay l'avaient appel\u00e9 au t\u00e9l\u00e9phone pour lui demander de ne pas compara\u00eetre devant la Commission.<\/p>\n<p>L'ancien sergent de l'arm\u00e9e Kanyi a quand m\u00eame t\u00e9moign\u00e9. Au cours de son t\u00e9moignage, il a avou\u00e9 avoir tu\u00e9 plusieurs soldats ainsi que l'ancien ministre des Finances du pays, Ousman Koro Ceesay. Il a \u00e9galement dit que dans les trois ex\u00e9cutions o\u00f9 il avait \u00e9t\u00e9 pr\u00e9sent, Touray avait \u00e9t\u00e9 impliqu\u00e9.<\/p>\n<p>En juillet 1994, lorsque Jammeh a pris le pouvoir par un coup d'Etat militaire, Yankuba Touray \u00e9tait sous-lieutenant dans l'arm\u00e9e. Il aurait jou\u00e9 un r\u00f4le de premier plan dans les \u00e9v\u00e9nements qui ont finalement donn\u00e9 naissance au r\u00e9gime militaire.<\/p>\n<p>Le 4 mars, le procureur Almameh Manga a fait valoir devant les juges que les actions pr\u00e9sum\u00e9es de Touray visaient \u00e0 \"entraver ou interf\u00e9rer avec le travail de la Commission\". Selon la loi sur la TRRC, toute personne qui \"menace ou interf\u00e8re avec un informateur ou un t\u00e9moin, fait d\u00e9lib\u00e9r\u00e9ment obstacle ou interf\u00e8re de toute autre mani\u00e8re avec le travail de la Commission dans l'exercice de ses t\u00e2ches, commet une infraction et est passible d'une amende maximale d'un million de dalasis [environ 21 000 dollars], ou d'une peine maximale de trois ans, ou d'une peine d'emprisonnement assortie d\u2019une amende\". Apr\u00e8s l'arrestation de Touray, le gouvernement gambien a publi\u00e9 un communiqu\u00e9 rappelant \u00e0 la population que l'ing\u00e9rence dans les travaux de la Commission est un crime.<\/p>\n<h3>Un message \u00e0 l\u2019adresse des victimes et t\u00e9moins<\/h3>\n<p>Malick Jallow, avocat gambien des droits de l'homme qui a travaill\u00e9 avec le Tribunal sp\u00e9cial de l\u2019Onu pour la Sierra Leone et la Cour p\u00e9nale internationale, explique \u00e0 JusticeInfo que l'arrestation et la poursuite de Touray et Ceesay marquent la volont\u00e9 de la TRRC de dissuader quiconque d'interf\u00e9rer dans son processus. \"Il est dans le meilleur int\u00e9r\u00eat des victimes de veiller \u00e0 ce que la punition de cette personne par la loi envoie un message fort et dissuasif \u00e0 ceux qui s'engageraient ou envisageraient de s'engager dans une telle voie. C'est particuli\u00e8rement important dans la mesure o\u00f9 la TRRC est en pleine puissance\", dit Jallow. \"Les t\u00e9moins sont au centre de ce processus. Il est donc important de cr\u00e9er un environnement favorable, afin de s'assurer que les t\u00e9moins pertinents aient suffisamment confiance pour venir et dire la v\u00e9rit\u00e9.\"<\/p>\n<p>Jallow ajoute que m\u00eame si la loi sur la TRRC interdit clairement toute forme d'ing\u00e9rence, cette affaire sera importante pour \u00e9tablir \"le seuil requis pour d\u00e9terminer ce qui constitue une interf\u00e9rence avec un t\u00e9moin\".<\/p>\n<p>Yankuba Touray doit se pr\u00e9senter \u00e0 nouveau aux juges le 11 mars, jour de la reprise des audiences publiques devant la TRRC, apr\u00e8s une semaine de suspension. Son coaccus\u00e9, Ceesay, devrait avoir \u00e9t\u00e9 inculp\u00e9e d\u2019ici-l\u00e0. Pendant la pause, la Commission conduit son programme de sensibilisation des populations et sa campagne intitul\u00e9e \"Plus jamais \u00e7a\".<\/p>\n","protected":false},"excerpt":{"rendered":"<p>Deux anciens hauts responsables sous le r\u00e9gime militaire ont \u00e9t\u00e9 inculp\u00e9s, soup\u00e7onn\u00e9s d\u2019avoir voulu influencer un t\u00e9moin devant la Commission V\u00e9rit\u00e9, r\u00e9conciliation et r\u00e9paration. Apr\u00e8s deux mois d'audiences publiques \u00e0 forte charge et les premiers aveux d\u2019auteurs de crimes, la Commission envoie un message fort \u00e0 ceux qui seraient tent\u00e9s d'interf\u00e9rer avec le processus.<\/p>\n","protected":false},"author":64,"featured_media":65264,"comment_status":"open","ping_status":"closed","sticky":false,"template":"","format":"standard","meta":{"_acf_changed":false,"footnotes":""},"categories":[548],"tags":[],"ji_location":[2508],"class_list":["post-40496","post","type-post","status-publish","format-standard","has-post-thumbnail","hentry","category-commissions-verite","ji_location-gambie"],"acf":[],"yoast_head":"<!-- This site is optimized with the Yoast SEO Premium plugin v25.3.1 (Yoast SEO v25.3.1) - https:\/\/yoast.com\/wordpress\/plugins\/seo\/ -->\n<title>Gambie : La Commission v\u00e9rit\u00e9 montre les dents - JusticeInfo.net<\/title>\n<meta name=\"robots\" content=\"index, follow, max-snippet:-1, max-image-preview:large, max-video-preview:-1\" \/>\n<link rel=\"canonical\" href=\"https:\/\/www.justiceinfo.net\/fr\/40496-gambie-la-commission-verite-montre-les-dents.html\" \/>\n<meta property=\"og:locale\" content=\"fr_FR\" \/>\n<meta property=\"og:type\" content=\"article\" \/>\n<meta property=\"og:title\" content=\"Gambie : La Commission v\u00e9rit\u00e9 montre les dents\" \/>\n<meta property=\"og:description\" content=\"Deux anciens hauts responsables sous le r\u00e9gime militaire ont \u00e9t\u00e9 inculp\u00e9s, soup\u00e7onn\u00e9s d\u2019avoir voulu influencer un t\u00e9moin devant la Commission V\u00e9rit\u00e9, r\u00e9conciliation et r\u00e9paration. Apr\u00e8s deux mois d&#039;audiences publiques \u00e0 forte charge et les premiers aveux d\u2019auteurs de crimes, la Commission envoie un message fort \u00e0 ceux qui seraient tent\u00e9s d&#039;interf\u00e9rer avec le processus.\" \/>\n<meta property=\"og:url\" content=\"https:\/\/www.justiceinfo.net\/fr\/40496-gambie-la-commission-verite-montre-les-dents.html\" \/>\n<meta property=\"og:site_name\" content=\"JusticeInfo.net\" \/>\n<meta property=\"article:publisher\" content=\"https:\/\/www.facebook.com\/JusticeInfo\/\" \/>\n<meta property=\"article:published_time\" content=\"2019-03-06T07:24:55+00:00\" \/>\n<meta property=\"og:image\" content=\"https:\/\/www.justiceinfo.net\/wp-content\/uploads\/cbe9b78c07c2e055cb13a7be77ef8b39-1.jpg\" \/>\n\t<meta property=\"og:image:width\" content=\"1200\" \/>\n\t<meta property=\"og:image:height\" content=\"660\" \/>\n\t<meta property=\"og:image:type\" content=\"image\/jpeg\" \/>\n<meta name=\"author\" content=\"Mustapha K. Darboe\" \/>\n<meta name=\"twitter:card\" content=\"summary_large_image\" \/>\n<meta name=\"twitter:creator\" content=\"@justiceinfonet\" \/>\n<meta name=\"twitter:site\" content=\"@justiceinfonet\" \/>\n<meta name=\"twitter:label1\" content=\"\u00c9crit par\" \/>\n\t<meta name=\"twitter:data1\" content=\"Mustapha K. Darboe\" \/>\n\t<meta name=\"twitter:label2\" content=\"Dur\u00e9e de lecture estim\u00e9e\" \/>\n\t<meta name=\"twitter:data2\" content=\"4 minutes\" \/>\n<script type=\"application\/ld+json\" class=\"yoast-schema-graph\">{\"@context\":\"https:\/\/schema.org\",\"@graph\":[{\"@type\":\"NewsArticle\",\"@id\":\"https:\/\/www.justiceinfo.net\/fr\/40496-gambie-la-commission-verite-montre-les-dents.html#article\",\"isPartOf\":{\"@id\":\"https:\/\/www.justiceinfo.net\/fr\/40496-gambie-la-commission-verite-montre-les-dents.html\"},\"author\":{\"name\":\"solivri\",\"@id\":\"https:\/\/www.justiceinfo.net\/fr#\/schema\/person\/6e53cba1629e2e66f3fc1821d3091865\"},\"headline\":\"Gambie : La Commission v\u00e9rit\u00e9 montre les dents\",\"datePublished\":\"2019-03-06T07:24:55+00:00\",\"mainEntityOfPage\":{\"@id\":\"https:\/\/www.justiceinfo.net\/fr\/40496-gambie-la-commission-verite-montre-les-dents.html\"},\"wordCount\":808,\"commentCount\":0,\"publisher\":{\"@id\":\"https:\/\/www.justiceinfo.net\/fr#organization\"},\"image\":{\"@id\":\"https:\/\/www.justiceinfo.net\/fr\/40496-gambie-la-commission-verite-montre-les-dents.html#primaryimage\"},\"thumbnailUrl\":\"https:\/\/www.justiceinfo.net\/wp-content\/uploads\/cbe9b78c07c2e055cb13a7be77ef8b39-1.jpg\",\"articleSection\":[\"Commissions v\u00e9rit\u00e9\"],\"inLanguage\":\"fr-FR\",\"potentialAction\":[{\"@type\":\"CommentAction\",\"name\":\"Comment\",\"target\":[\"https:\/\/www.justiceinfo.net\/fr\/40496-gambie-la-commission-verite-montre-les-dents.html#respond\"]}]},{\"@type\":\"WebPage\",\"@id\":\"https:\/\/www.justiceinfo.net\/fr\/40496-gambie-la-commission-verite-montre-les-dents.html\",\"url\":\"https:\/\/www.justiceinfo.net\/fr\/40496-gambie-la-commission-verite-montre-les-dents.html\",\"name\":\"Gambie : La Commission v\u00e9rit\u00e9 montre les dents - JusticeInfo.net\",\"isPartOf\":{\"@id\":\"https:\/\/www.justiceinfo.net\/fr#website\"},\"primaryImageOfPage\":{\"@id\":\"https:\/\/www.justiceinfo.net\/fr\/40496-gambie-la-commission-verite-montre-les-dents.html#primaryimage\"},\"image\":{\"@id\":\"https:\/\/www.justiceinfo.net\/fr\/40496-gambie-la-commission-verite-montre-les-dents.html#primaryimage\"},\"thumbnailUrl\":\"https:\/\/www.justiceinfo.net\/wp-content\/uploads\/cbe9b78c07c2e055cb13a7be77ef8b39-1.jpg\",\"datePublished\":\"2019-03-06T07:24:55+00:00\",\"breadcrumb\":{\"@id\":\"https:\/\/www.justiceinfo.net\/fr\/40496-gambie-la-commission-verite-montre-les-dents.html#breadcrumb\"},\"inLanguage\":\"fr-FR\",\"potentialAction\":[{\"@type\":\"ReadAction\",\"target\":[\"https:\/\/www.justiceinfo.net\/fr\/40496-gambie-la-commission-verite-montre-les-dents.html\"]}]},{\"@type\":\"ImageObject\",\"inLanguage\":\"fr-FR\",\"@id\":\"https:\/\/www.justiceinfo.net\/fr\/40496-gambie-la-commission-verite-montre-les-dents.html#primaryimage\",\"url\":\"https:\/\/www.justiceinfo.net\/wp-content\/uploads\/cbe9b78c07c2e055cb13a7be77ef8b39-1.jpg\",\"contentUrl\":\"https:\/\/www.justiceinfo.net\/wp-content\/uploads\/cbe9b78c07c2e055cb13a7be77ef8b39-1.jpg\",\"width\":1200,\"height\":660},{\"@type\":\"BreadcrumbList\",\"@id\":\"https:\/\/www.justiceinfo.net\/fr\/40496-gambie-la-commission-verite-montre-les-dents.html#breadcrumb\",\"itemListElement\":[{\"@type\":\"ListItem\",\"position\":1,\"name\":\"Home\",\"item\":\"https:\/\/www.justiceinfo.net\/fr\"},{\"@type\":\"ListItem\",\"position\":2,\"name\":\"Gambie : La Commission v\u00e9rit\u00e9 montre les dents\"}]},{\"@type\":\"WebSite\",\"@id\":\"https:\/\/www.justiceinfo.net\/fr#website\",\"url\":\"https:\/\/www.justiceinfo.net\/fr\",\"name\":\"JusticeInfo.net\",\"description\":\"La justice doit \u00eatre vue pour \u00eatre rendue\",\"publisher\":{\"@id\":\"https:\/\/www.justiceinfo.net\/fr#organization\"},\"potentialAction\":[{\"@type\":\"SearchAction\",\"target\":{\"@type\":\"EntryPoint\",\"urlTemplate\":\"https:\/\/www.justiceinfo.net\/fr?s={search_term_string}\"},\"query-input\":{\"@type\":\"PropertyValueSpecification\",\"valueRequired\":true,\"valueName\":\"search_term_string\"}}],\"inLanguage\":\"fr-FR\"},{\"@type\":\"Organization\",\"@id\":\"https:\/\/www.justiceinfo.net\/fr#organization\",\"name\":\"Justice Info\",\"url\":\"https:\/\/www.justiceinfo.net\/fr\",\"logo\":{\"@type\":\"ImageObject\",\"inLanguage\":\"fr-FR\",\"@id\":\"https:\/\/www.justiceinfo.net\/fr#\/schema\/logo\/image\/\",\"url\":\"https:\/\/www.justiceinfo.net\/wp-content\/uploads\/justiceinfo_logo-trans_1200x1200px.png\",\"contentUrl\":\"https:\/\/www.justiceinfo.net\/wp-content\/uploads\/justiceinfo_logo-trans_1200x1200px.png\",\"width\":1199,\"height\":1200,\"caption\":\"Justice Info\"},\"image\":{\"@id\":\"https:\/\/www.justiceinfo.net\/fr#\/schema\/logo\/image\/\"},\"sameAs\":[\"https:\/\/www.facebook.com\/JusticeInfo\/\",\"https:\/\/x.com\/justiceinfonet\",\"https:\/\/www.linkedin.com\/company\/justice-info\",\"https:\/\/www.youtube.com\/channel\/UCyCEsARodyuWtkWyhn-e7pA\"]},{\"@type\":\"Person\",\"name\":\"Mustapha K. Darboe\",\"url\":\"\/fr\/?s=Mustapha K. Darboe\"}]}<\/script>\n<!-- \/ Yoast SEO Premium plugin. -->","yoast_head_json":{"title":"Gambie : La Commission v\u00e9rit\u00e9 montre les dents - JusticeInfo.net","robots":{"index":"index","follow":"follow","max-snippet":"max-snippet:-1","max-image-preview":"max-image-preview:large","max-video-preview":"max-video-preview:-1"},"canonical":"https:\/\/www.justiceinfo.net\/fr\/40496-gambie-la-commission-verite-montre-les-dents.html","og_locale":"fr_FR","og_type":"article","og_title":"Gambie : La Commission v\u00e9rit\u00e9 montre les dents","og_description":"Deux anciens hauts responsables sous le r\u00e9gime militaire ont \u00e9t\u00e9 inculp\u00e9s, soup\u00e7onn\u00e9s d\u2019avoir voulu influencer un t\u00e9moin devant la Commission V\u00e9rit\u00e9, r\u00e9conciliation et r\u00e9paration. Apr\u00e8s deux mois d'audiences publiques \u00e0 forte charge et les premiers aveux d\u2019auteurs de crimes, la Commission envoie un message fort \u00e0 ceux qui seraient tent\u00e9s d'interf\u00e9rer avec le processus.","og_url":"https:\/\/www.justiceinfo.net\/fr\/40496-gambie-la-commission-verite-montre-les-dents.html","og_site_name":"JusticeInfo.net","article_publisher":"https:\/\/www.facebook.com\/JusticeInfo\/","article_published_time":"2019-03-06T07:24:55+00:00","og_image":[{"width":1200,"height":660,"url":"https:\/\/www.justiceinfo.net\/wp-content\/uploads\/cbe9b78c07c2e055cb13a7be77ef8b39-1.jpg","type":"image\/jpeg"}],"author":"Mustapha K. Darboe","twitter_card":"summary_large_image","twitter_creator":"@justiceinfonet","twitter_site":"@justiceinfonet","twitter_misc":{"\u00c9crit par":"Mustapha K. Darboe","Dur\u00e9e de lecture estim\u00e9e":"4 minutes"},"schema":{"@context":"https:\/\/schema.org","@graph":[{"@type":"NewsArticle","@id":"https:\/\/www.justiceinfo.net\/fr\/40496-gambie-la-commission-verite-montre-les-dents.html#article","isPartOf":{"@id":"https:\/\/www.justiceinfo.net\/fr\/40496-gambie-la-commission-verite-montre-les-dents.html"},"author":{"name":"solivri","@id":"https:\/\/www.justiceinfo.net\/fr#\/schema\/person\/6e53cba1629e2e66f3fc1821d3091865"},"headline":"Gambie : La Commission v\u00e9rit\u00e9 montre les dents","datePublished":"2019-03-06T07:24:55+00:00","mainEntityOfPage":{"@id":"https:\/\/www.justiceinfo.net\/fr\/40496-gambie-la-commission-verite-montre-les-dents.html"},"wordCount":808,"commentCount":0,"publisher":{"@id":"https:\/\/www.justiceinfo.net\/fr#organization"},"image":{"@id":"https:\/\/www.justiceinfo.net\/fr\/40496-gambie-la-commission-verite-montre-les-dents.html#primaryimage"},"thumbnailUrl":"https:\/\/www.justiceinfo.net\/wp-content\/uploads\/cbe9b78c07c2e055cb13a7be77ef8b39-1.jpg","articleSection":["Commissions v\u00e9rit\u00e9"],"inLanguage":"fr-FR","potentialAction":[{"@type":"CommentAction","name":"Comment","target":["https:\/\/www.justiceinfo.net\/fr\/40496-gambie-la-commission-verite-montre-les-dents.html#respond"]}]},{"@type":"WebPage","@id":"https:\/\/www.justiceinfo.net\/fr\/40496-gambie-la-commission-verite-montre-les-dents.html","url":"https:\/\/www.justiceinfo.net\/fr\/40496-gambie-la-commission-verite-montre-les-dents.html","name":"Gambie : La Commission v\u00e9rit\u00e9 montre les dents - JusticeInfo.net","isPartOf":{"@id":"https:\/\/www.justiceinfo.net\/fr#website"},"primaryImageOfPage":{"@id":"https:\/\/www.justiceinfo.net\/fr\/40496-gambie-la-commission-verite-montre-les-dents.html#primaryimage"},"image":{"@id":"https:\/\/www.justiceinfo.net\/fr\/40496-gambie-la-commission-verite-montre-les-dents.html#primaryimage"},"thumbnailUrl":"https:\/\/www.justiceinfo.net\/wp-content\/uploads\/cbe9b78c07c2e055cb13a7be77ef8b39-1.jpg","datePublished":"2019-03-06T07:24:55+00:00","breadcrumb":{"@id":"https:\/\/www.justiceinfo.net\/fr\/40496-gambie-la-commission-verite-montre-les-dents.html#breadcrumb"},"inLanguage":"fr-FR","potentialAction":[{"@type":"ReadAction","target":["https:\/\/www.justiceinfo.net\/fr\/40496-gambie-la-commission-verite-montre-les-dents.html"]}]},{"@type":"ImageObject","inLanguage":"fr-FR","@id":"https:\/\/www.justiceinfo.net\/fr\/40496-gambie-la-commission-verite-montre-les-dents.html#primaryimage","url":"https:\/\/www.justiceinfo.net\/wp-content\/uploads\/cbe9b78c07c2e055cb13a7be77ef8b39-1.jpg","contentUrl":"https:\/\/www.justiceinfo.net\/wp-content\/uploads\/cbe9b78c07c2e055cb13a7be77ef8b39-1.jpg","width":1200,"height":660},{"@type":"BreadcrumbList","@id":"https:\/\/www.justiceinfo.net\/fr\/40496-gambie-la-commission-verite-montre-les-dents.html#breadcrumb","itemListElement":[{"@type":"ListItem","position":1,"name":"Home","item":"https:\/\/www.justiceinfo.net\/fr"},{"@type":"ListItem","position":2,"name":"Gambie : La Commission v\u00e9rit\u00e9 montre les dents"}]},{"@type":"WebSite","@id":"https:\/\/www.justiceinfo.net\/fr#website","url":"https:\/\/www.justiceinfo.net\/fr","name":"JusticeInfo.net","description":"La justice doit \u00eatre vue pour \u00eatre rendue","publisher":{"@id":"https:\/\/www.justiceinfo.net\/fr#organization"},"potentialAction":[{"@type":"SearchAction","target":{"@type":"EntryPoint","urlTemplate":"https:\/\/www.justiceinfo.net\/fr?s={search_term_string}"},"query-input":{"@type":"PropertyValueSpecification","valueRequired":true,"valueName":"search_term_string"}}],"inLanguage":"fr-FR"},{"@type":"Organization","@id":"https:\/\/www.justiceinfo.net\/fr#organization","name":"Justice Info","url":"https:\/\/www.justiceinfo.net\/fr","logo":{"@type":"ImageObject","inLanguage":"fr-FR","@id":"https:\/\/www.justiceinfo.net\/fr#\/schema\/logo\/image\/","url":"https:\/\/www.justiceinfo.net\/wp-content\/uploads\/justiceinfo_logo-trans_1200x1200px.png","contentUrl":"https:\/\/www.justiceinfo.net\/wp-content\/uploads\/justiceinfo_logo-trans_1200x1200px.png","width":1199,"height":1200,"caption":"Justice Info"},"image":{"@id":"https:\/\/www.justiceinfo.net\/fr#\/schema\/logo\/image\/"},"sameAs":["https:\/\/www.facebook.com\/JusticeInfo\/","https:\/\/x.com\/justiceinfonet","https:\/\/www.linkedin.com\/company\/justice-info","https:\/\/www.youtube.com\/channel\/UCyCEsARodyuWtkWyhn-e7pA"]},{"@type":"Person","name":"Mustapha K. Darboe","url":"\/fr\/?s=Mustapha K. Darboe"}]}},"_links":{"self":[{"href":"https:\/\/www.justiceinfo.net\/fr\/wp-json\/wp\/v2\/posts\/40496","targetHints":{"allow":["GET"]}}],"collection":[{"href":"https:\/\/www.justiceinfo.net\/fr\/wp-json\/wp\/v2\/posts"}],"about":[{"href":"https:\/\/www.justiceinfo.net\/fr\/wp-json\/wp\/v2\/types\/post"}],"author":[{"embeddable":true,"href":"https:\/\/www.justiceinfo.net\/fr\/wp-json\/wp\/v2\/users\/64"}],"replies":[{"embeddable":true,"href":"https:\/\/www.justiceinfo.net\/fr\/wp-json\/wp\/v2\/comments?post=40496"}],"version-history":[{"count":0,"href":"https:\/\/www.justiceinfo.net\/fr\/wp-json\/wp\/v2\/posts\/40496\/revisions"}],"wp:featuredmedia":[{"embeddable":true,"href":"https:\/\/www.justiceinfo.net\/fr\/wp-json\/wp\/v2\/media\/65264"}],"wp:attachment":[{"href":"https:\/\/www.justiceinfo.net\/fr\/wp-json\/wp\/v2\/media?parent=40496"}],"wp:term":[{"taxonomy":"category","embeddable":true,"href":"https:\/\/www.justiceinfo.net\/fr\/wp-json\/wp\/v2\/categories?post=40496"},{"taxonomy":"post_tag","embeddable":true,"href":"https:\/\/www.justiceinfo.net\/fr\/wp-json\/wp\/v2\/tags?post=40496"},{"taxonomy":"ji_location","embeddable":true,"href":"https:\/\/www.justiceinfo.net\/fr\/wp-json\/wp\/v2\/ji_location?post=40496"}],"curies":[{"name":"wp","href":"https:\/\/api.w.org\/{rel}","templated":true}]}}