{"id":4053,"date":"2008-07-04T08:30:17","date_gmt":"2008-07-04T06:30:17","guid":{"rendered":"https:\/\/www.justiceinfo.net\/4053-030708-tpirrwanda-le-rejet-des-transferts-est-un-manque-de-respect-des-juridictions-nationale843.html"},"modified":"2008-07-04T08:30:17","modified_gmt":"2008-07-04T06:30:17","slug":"030708-tpirrwanda-le-rejet-des-transferts-est-un-manque-de-respect-des-juridictions-nationale843","status":"publish","type":"post","link":"https:\/\/www.justiceinfo.net\/fr\/4053-030708-tpirrwanda-le-rejet-des-transferts-est-un-manque-de-respect-des-juridictions-nationale843.html","title":{"rendered":"03.07.08 - TPIR\/RWANDA - LE REJET DES TRANSFERTS EST UN MANQUE DE RESPECT DES JURIDICTIONS NATIONALE"},"content":{"rendered":"<p  >\nBruxelles, 3 juillet 2008 (FH) \u2014 William Schabas, directeur du Centre irlandais pour les droits de l'homme, juriste proche des autorit\u00e9s rwandaises, a estim\u00e9 que les d\u00e9cisions des juges du Tribunal p\u00e9nal international pour le Rwanda (TPIR) de rejeter des demandes de transfert d'accus\u00e9s vers le Rwanda rel\u00e8vent d'un manque de respect des juridictions nationales.\n<\/p>\n<p  >\nLe sp\u00e9cialiste du droit international s'est notamment oppos\u00e9 \u00e0 Alison Des Forges, responsable pour l'Afrique de l'ONG Human Rights Watch (HRW), lors d'un colloque organis\u00e9 au parlement belge \u00e0 Bruxelles par l'organisation britannique Redress et l'organisation African Rights au d\u00e9but de la semaine.\n<\/p>\n<p><!--more--><\/p>\n<p  >\nPour Schabas, ces d\u00e9cisions du tribunal des Nations unies \u00ab d\u00e9montrent que nous n'avons pas compris l'\u00e9quilibre entre la justice internationale et les syst\u00e8mes nationaux. Nous devons faire preuve de davantage de respect envers les juridictions nationales \u00bb.\n<\/p>\n<p  >\nSelon lui, la d\u00e9cision du 6 juin dernier de la justice britannique d'extrader vers le Rwanda quatre accus\u00e9s recherch\u00e9s par Kigali est \u00ab un grand pas en avant \u00bb. \u00ab Tout n'est pas parfait au Rwanda \u00bb a-t-il admis, mais c'est, selon lui, \u00ab une d\u00e9mocratie qui respecte les droits de l'homme, et les juges (britanniques NDLR) ont consid\u00e9r\u00e9 que ces extraditions ne posaient pas de probl\u00e8mes \u00bb. La d\u00e9cision britannique est intervenue peu de temps apr\u00e8s que deux chambres du TPIR ont rejet\u00e9, fin mai et d\u00e9but juin, trois demandes de transfert d'accus\u00e9 vers le Rwanda d\u00e9pos\u00e9es par le procureur. Les juges d'Arusha ont estim\u00e9 que le Rwanda n'offrait pas suffisamment de garanties pour la tenue de proc\u00e8s \u00e9quitables.\n<\/p>\n<p  >\nLes juges du TPIR, pour Schabas, \u00ab disent que la base mat\u00e9rielle pour juger le g\u00e9nocide manque dans la loi rwandaise. Mais c'est dans la loi organique de 1996. Si elle a \u00e9t\u00e9 en effet abrog\u00e9e par une loi de 2004, cette derni\u00e8re reprend les m\u00eames dispositions \u00bb. Quant aux conditions de d\u00e9tention, critiqu\u00e9es \u2014 l'article 4 de la loi de 2007 prevoyant que l'emprisonnement \u00e0 vie pouvait se faire en isolement \u2014, William Schabas rel\u00e8ve qu' \u00ab \u00e0 Londres, les avocats de la d\u00e9fense n'ont jamais utilis\u00e9 cet argument. Et les juges ont estim\u00e9 que la loi de 2007 offrait assez de garanties \u00bb. Enfin, concernant d'\u00e9ventuelles pressions sur les t\u00e9moins \u00e0 d\u00e9charge, \u00ab cette question existe depuis la cr\u00e9ation du TRIR en novembre 1994, et \u00e7a ne s'est pas arr\u00eat\u00e9 l\u00e0 pour autant, des proc\u00e8s ont pu avoir lieu \u00bb. <\/p>\n<p>Pour Alison Des Forges, qui \u00e9tait venue \u00e0 Arusha exposer les reserves de son organisation sur la justice rwandaise, le probl\u00e8me de la base l\u00e9gale pour juger le g\u00e9nocide se pose au Rwanda \u00e0 cause de deux lois organiques en conflit. Par ailleurs, la possibilit\u00e9 de l'isolement \u00ab est incorpor\u00e9e dans le code p\u00e9nal rwandais et, je crois, dans la derni\u00e8re r\u00e9vision des lois gacaca \u00bb, a-t-elle fait remarquer.\n<\/p>\n<p  >\nSurtout, elle estime qu' \u00ab il faut se concentrer sur ce qui se passe vraiment. Certes, des progr\u00e8s \u00e9normes ont \u00e9t\u00e9 faits, mais je dis que les jugements des juridictions ordinaires du Rwanda sont rendus sur des bases politiques\u00bb.\n<\/p>\n<p  >\nL'historienne, coordonnatrice du rapport de r\u00e9f\u00e9rence sur le g\u00e9nocide rwandais, Aucun t\u00e9moin ne doit survivre, rappelle que les garanties d'ind\u00e9pendance que la loi offre aux juges sont r\u00e9guli\u00e8rement viol\u00e9es. Elle a notamment cit\u00e9 trois exemples : d'abord le d\u00e9placement r\u00e9cent, d\u00e9cid\u00e9 \u00e0 un niveau politique, de deux juges de la Cour supr\u00eame vers le parquet. Puis la teneur d'une r\u00e9union, le 10 mai, de dirigeants du Front patriotique rwandais (FPR), parti du pr\u00e9sident Paul Kagame, lors de laquelle se serait exprim\u00e9e l'intention de \u00ab r\u00e9compenser ou de punir les juges selon leurs r\u00e9sultats \u00bb. Enfin, le fait que, alors que la loi rwandaise interdit l'appartenance des juges \u00e0 un parti politique, \u00ab la plupart d'entre eux sont membres du FPR, et le dissimulent \u00bb. <\/p>\n<p>Interpell\u00e9e par l'ambassadeur du Rwanda en Belgique, Joseph Bonesha, qui lui demandait \u00ab d'accompagner le processus d'extradition plut\u00f4t que de s'y opposer, pour que soient jug\u00e9s au Rwanda les Rwandais qui ont commis le g\u00e9nocide sur d'autres Rwandais \u00bb, \u00e0 des fins de p\u00e9dagogie pour la population et par \u00e9gard pour les victimes, Mme Des Forges a r\u00e9pondu que \u00ab nous sommes tous d'accord pour dire que la solution du pays \u00ab victime \u00bb est \u00e0 privil\u00e9gier. Mais il faut se m\u00e9fier des pr\u00e9jug\u00e9s : \u00e0 l'arriv\u00e9e, cette solution \u00e9vidente sera-t-elle satisfaisante pour les victimes ? \u00bb\n<\/p>\n<p  >\nAttaqu\u00e9e sur ses sources et la \u00ab partialit\u00e9 \u00bb de ses exemples, comme elle l'avait \u00e9t\u00e9 \u00e0 Arusha par le procureur, Des Forges a renvoy\u00e9 pour des d\u00e9veloppements plus complets \u00e0 la publication prochaine d'un rapport d'une centaine de pages de Human Rights Watch sur ce sujet.\n<\/p>\n<p  >\nBF\/PB\/GF<\/p>\n","protected":false},"excerpt":{"rendered":"<p>Bruxelles, 3 juillet 2008 (FH) \u2014 William Schabas, directeur du Centre irlandais pour les droits de l'homme, juriste proche des autorit\u00e9s rwandaises, a estim\u00e9 que les d\u00e9cisions des juges du Tribunal p\u00e9nal international pour le Rwanda (TPIR) de rejeter des demandes de transfert d'accus\u00e9s vers le Rwanda rel\u00e8vent d'un manque de respect des juridictions nationales. [&hellip;]<\/p>\n","protected":false},"author":64,"featured_media":0,"comment_status":"open","ping_status":"closed","sticky":false,"template":"","format":"standard","meta":{"_acf_changed":false,"footnotes":""},"categories":[554],"tags":[],"ji_location":[],"class_list":["post-4053","post","type-post","status-publish","format-standard","hentry","category-hirondellenews"],"acf":[],"yoast_head":"<!-- This site is optimized with the Yoast SEO Premium plugin v25.3.1 (Yoast SEO v25.3.1) - https:\/\/yoast.com\/wordpress\/plugins\/seo\/ -->\n<title>03.07.08 - TPIR\/RWANDA - LE REJET DES TRANSFERTS EST UN MANQUE DE RESPECT DES JURIDICTIONS NATIONALE - JusticeInfo.net<\/title>\n<meta name=\"robots\" content=\"index, follow, max-snippet:-1, max-image-preview:large, max-video-preview:-1\" \/>\n<link rel=\"canonical\" href=\"https:\/\/www.justiceinfo.net\/fr\/4053-030708-tpirrwanda-le-rejet-des-transferts-est-un-manque-de-respect-des-juridictions-nationale843.html\" \/>\n<meta property=\"og:locale\" content=\"fr_FR\" \/>\n<meta property=\"og:type\" content=\"article\" \/>\n<meta property=\"og:title\" content=\"03.07.08 - TPIR\/RWANDA - LE REJET DES TRANSFERTS EST UN MANQUE DE RESPECT DES JURIDICTIONS NATIONALE\" \/>\n<meta property=\"og:description\" content=\"Bruxelles, 3 juillet 2008 (FH) \u2014 William Schabas, directeur du Centre irlandais pour les droits de l&#039;homme, juriste proche des autorit\u00e9s rwandaises, a estim\u00e9 que les d\u00e9cisions des juges du Tribunal p\u00e9nal international pour le Rwanda (TPIR) de rejeter des demandes de transfert d&#039;accus\u00e9s vers le Rwanda rel\u00e8vent d&#039;un manque de respect des juridictions nationales. [&hellip;]\" \/>\n<meta property=\"og:url\" content=\"https:\/\/www.justiceinfo.net\/fr\/4053-030708-tpirrwanda-le-rejet-des-transferts-est-un-manque-de-respect-des-juridictions-nationale843.html\" \/>\n<meta property=\"og:site_name\" content=\"JusticeInfo.net\" \/>\n<meta property=\"article:publisher\" content=\"https:\/\/www.facebook.com\/JusticeInfo\/\" \/>\n<meta property=\"article:published_time\" content=\"2008-07-04T06:30:17+00:00\" \/>\n<meta property=\"og:image\" content=\"https:\/\/www.justiceinfo.net\/wp-content\/uploads\/JusticeInfoNet_logo_1200x630px.jpg\" \/>\n\t<meta property=\"og:image:width\" content=\"1200\" \/>\n\t<meta property=\"og:image:height\" content=\"630\" \/>\n\t<meta property=\"og:image:type\" content=\"image\/jpeg\" \/>\n<meta name=\"author\" content=\"solivri\" \/>\n<meta name=\"twitter:card\" content=\"summary_large_image\" \/>\n<meta name=\"twitter:creator\" content=\"@justiceinfonet\" \/>\n<meta name=\"twitter:site\" content=\"@justiceinfonet\" \/>\n<meta name=\"twitter:label1\" content=\"\u00c9crit par\" \/>\n\t<meta name=\"twitter:data1\" content=\"solivri\" \/>\n\t<meta name=\"twitter:label2\" content=\"Dur\u00e9e de lecture estim\u00e9e\" \/>\n\t<meta name=\"twitter:data2\" content=\"4 minutes\" \/>\n<script type=\"application\/ld+json\" class=\"yoast-schema-graph\">{\"@context\":\"https:\/\/schema.org\",\"@graph\":[{\"@type\":\"NewsArticle\",\"@id\":\"https:\/\/www.justiceinfo.net\/fr\/4053-030708-tpirrwanda-le-rejet-des-transferts-est-un-manque-de-respect-des-juridictions-nationale843.html#article\",\"isPartOf\":{\"@id\":\"https:\/\/www.justiceinfo.net\/fr\/4053-030708-tpirrwanda-le-rejet-des-transferts-est-un-manque-de-respect-des-juridictions-nationale843.html\"},\"author\":{\"name\":\"solivri\",\"@id\":\"https:\/\/www.justiceinfo.net\/fr#\/schema\/person\/6e53cba1629e2e66f3fc1821d3091865\"},\"headline\":\"03.07.08 - TPIR\/RWANDA - LE REJET DES TRANSFERTS EST UN MANQUE DE RESPECT DES JURIDICTIONS NATIONALE\",\"datePublished\":\"2008-07-04T06:30:17+00:00\",\"mainEntityOfPage\":{\"@id\":\"https:\/\/www.justiceinfo.net\/fr\/4053-030708-tpirrwanda-le-rejet-des-transferts-est-un-manque-de-respect-des-juridictions-nationale843.html\"},\"wordCount\":850,\"commentCount\":0,\"publisher\":{\"@id\":\"https:\/\/www.justiceinfo.net\/fr#organization\"},\"articleSection\":[\"Hirondelle News\"],\"inLanguage\":\"fr-FR\",\"potentialAction\":[{\"@type\":\"CommentAction\",\"name\":\"Comment\",\"target\":[\"https:\/\/www.justiceinfo.net\/fr\/4053-030708-tpirrwanda-le-rejet-des-transferts-est-un-manque-de-respect-des-juridictions-nationale843.html#respond\"]}]},{\"@type\":\"WebPage\",\"@id\":\"https:\/\/www.justiceinfo.net\/fr\/4053-030708-tpirrwanda-le-rejet-des-transferts-est-un-manque-de-respect-des-juridictions-nationale843.html\",\"url\":\"https:\/\/www.justiceinfo.net\/fr\/4053-030708-tpirrwanda-le-rejet-des-transferts-est-un-manque-de-respect-des-juridictions-nationale843.html\",\"name\":\"03.07.08 - TPIR\/RWANDA - LE REJET DES TRANSFERTS EST UN MANQUE DE RESPECT DES JURIDICTIONS NATIONALE - JusticeInfo.net\",\"isPartOf\":{\"@id\":\"https:\/\/www.justiceinfo.net\/fr#website\"},\"datePublished\":\"2008-07-04T06:30:17+00:00\",\"breadcrumb\":{\"@id\":\"https:\/\/www.justiceinfo.net\/fr\/4053-030708-tpirrwanda-le-rejet-des-transferts-est-un-manque-de-respect-des-juridictions-nationale843.html#breadcrumb\"},\"inLanguage\":\"fr-FR\",\"potentialAction\":[{\"@type\":\"ReadAction\",\"target\":[\"https:\/\/www.justiceinfo.net\/fr\/4053-030708-tpirrwanda-le-rejet-des-transferts-est-un-manque-de-respect-des-juridictions-nationale843.html\"]}]},{\"@type\":\"BreadcrumbList\",\"@id\":\"https:\/\/www.justiceinfo.net\/fr\/4053-030708-tpirrwanda-le-rejet-des-transferts-est-un-manque-de-respect-des-juridictions-nationale843.html#breadcrumb\",\"itemListElement\":[{\"@type\":\"ListItem\",\"position\":1,\"name\":\"Home\",\"item\":\"https:\/\/www.justiceinfo.net\/fr\"},{\"@type\":\"ListItem\",\"position\":2,\"name\":\"03.07.08 - TPIR\/RWANDA - LE REJET DES TRANSFERTS EST UN MANQUE DE RESPECT DES JURIDICTIONS NATIONALE\"}]},{\"@type\":\"WebSite\",\"@id\":\"https:\/\/www.justiceinfo.net\/fr#website\",\"url\":\"https:\/\/www.justiceinfo.net\/fr\",\"name\":\"JusticeInfo.net\",\"description\":\"La justice doit \u00eatre vue pour \u00eatre rendue\",\"publisher\":{\"@id\":\"https:\/\/www.justiceinfo.net\/fr#organization\"},\"potentialAction\":[{\"@type\":\"SearchAction\",\"target\":{\"@type\":\"EntryPoint\",\"urlTemplate\":\"https:\/\/www.justiceinfo.net\/fr?s={search_term_string}\"},\"query-input\":{\"@type\":\"PropertyValueSpecification\",\"valueRequired\":true,\"valueName\":\"search_term_string\"}}],\"inLanguage\":\"fr-FR\"},{\"@type\":\"Organization\",\"@id\":\"https:\/\/www.justiceinfo.net\/fr#organization\",\"name\":\"Justice Info\",\"url\":\"https:\/\/www.justiceinfo.net\/fr\",\"logo\":{\"@type\":\"ImageObject\",\"inLanguage\":\"fr-FR\",\"@id\":\"https:\/\/www.justiceinfo.net\/fr#\/schema\/logo\/image\/\",\"url\":\"https:\/\/www.justiceinfo.net\/wp-content\/uploads\/justiceinfo_logo-trans_1200x1200px.png\",\"contentUrl\":\"https:\/\/www.justiceinfo.net\/wp-content\/uploads\/justiceinfo_logo-trans_1200x1200px.png\",\"width\":1199,\"height\":1200,\"caption\":\"Justice Info\"},\"image\":{\"@id\":\"https:\/\/www.justiceinfo.net\/fr#\/schema\/logo\/image\/\"},\"sameAs\":[\"https:\/\/www.facebook.com\/JusticeInfo\/\",\"https:\/\/x.com\/justiceinfonet\",\"https:\/\/www.linkedin.com\/company\/justice-info\",\"https:\/\/www.youtube.com\/channel\/UCyCEsARodyuWtkWyhn-e7pA\"]},{\"@type\":\"Person\",\"name\":\"solivri\",\"url\":\"\/fr\/?s=solivri\"}]}<\/script>\n<!-- \/ Yoast SEO Premium plugin. -->","yoast_head_json":{"title":"03.07.08 - TPIR\/RWANDA - LE REJET DES TRANSFERTS EST UN MANQUE DE RESPECT DES JURIDICTIONS NATIONALE - JusticeInfo.net","robots":{"index":"index","follow":"follow","max-snippet":"max-snippet:-1","max-image-preview":"max-image-preview:large","max-video-preview":"max-video-preview:-1"},"canonical":"https:\/\/www.justiceinfo.net\/fr\/4053-030708-tpirrwanda-le-rejet-des-transferts-est-un-manque-de-respect-des-juridictions-nationale843.html","og_locale":"fr_FR","og_type":"article","og_title":"03.07.08 - TPIR\/RWANDA - LE REJET DES TRANSFERTS EST UN MANQUE DE RESPECT DES JURIDICTIONS NATIONALE","og_description":"Bruxelles, 3 juillet 2008 (FH) \u2014 William Schabas, directeur du Centre irlandais pour les droits de l'homme, juriste proche des autorit\u00e9s rwandaises, a estim\u00e9 que les d\u00e9cisions des juges du Tribunal p\u00e9nal international pour le Rwanda (TPIR) de rejeter des demandes de transfert d'accus\u00e9s vers le Rwanda rel\u00e8vent d'un manque de respect des juridictions nationales. [&hellip;]","og_url":"https:\/\/www.justiceinfo.net\/fr\/4053-030708-tpirrwanda-le-rejet-des-transferts-est-un-manque-de-respect-des-juridictions-nationale843.html","og_site_name":"JusticeInfo.net","article_publisher":"https:\/\/www.facebook.com\/JusticeInfo\/","article_published_time":"2008-07-04T06:30:17+00:00","og_image":[{"width":1200,"height":630,"url":"https:\/\/www.justiceinfo.net\/wp-content\/uploads\/JusticeInfoNet_logo_1200x630px.jpg","type":"image\/jpeg"}],"author":"solivri","twitter_card":"summary_large_image","twitter_creator":"@justiceinfonet","twitter_site":"@justiceinfonet","twitter_misc":{"\u00c9crit par":"solivri","Dur\u00e9e de lecture estim\u00e9e":"4 minutes"},"schema":{"@context":"https:\/\/schema.org","@graph":[{"@type":"NewsArticle","@id":"https:\/\/www.justiceinfo.net\/fr\/4053-030708-tpirrwanda-le-rejet-des-transferts-est-un-manque-de-respect-des-juridictions-nationale843.html#article","isPartOf":{"@id":"https:\/\/www.justiceinfo.net\/fr\/4053-030708-tpirrwanda-le-rejet-des-transferts-est-un-manque-de-respect-des-juridictions-nationale843.html"},"author":{"name":"solivri","@id":"https:\/\/www.justiceinfo.net\/fr#\/schema\/person\/6e53cba1629e2e66f3fc1821d3091865"},"headline":"03.07.08 - TPIR\/RWANDA - LE REJET DES TRANSFERTS EST UN MANQUE DE RESPECT DES JURIDICTIONS NATIONALE","datePublished":"2008-07-04T06:30:17+00:00","mainEntityOfPage":{"@id":"https:\/\/www.justiceinfo.net\/fr\/4053-030708-tpirrwanda-le-rejet-des-transferts-est-un-manque-de-respect-des-juridictions-nationale843.html"},"wordCount":850,"commentCount":0,"publisher":{"@id":"https:\/\/www.justiceinfo.net\/fr#organization"},"articleSection":["Hirondelle News"],"inLanguage":"fr-FR","potentialAction":[{"@type":"CommentAction","name":"Comment","target":["https:\/\/www.justiceinfo.net\/fr\/4053-030708-tpirrwanda-le-rejet-des-transferts-est-un-manque-de-respect-des-juridictions-nationale843.html#respond"]}]},{"@type":"WebPage","@id":"https:\/\/www.justiceinfo.net\/fr\/4053-030708-tpirrwanda-le-rejet-des-transferts-est-un-manque-de-respect-des-juridictions-nationale843.html","url":"https:\/\/www.justiceinfo.net\/fr\/4053-030708-tpirrwanda-le-rejet-des-transferts-est-un-manque-de-respect-des-juridictions-nationale843.html","name":"03.07.08 - TPIR\/RWANDA - LE REJET DES TRANSFERTS EST UN MANQUE DE RESPECT DES JURIDICTIONS NATIONALE - JusticeInfo.net","isPartOf":{"@id":"https:\/\/www.justiceinfo.net\/fr#website"},"datePublished":"2008-07-04T06:30:17+00:00","breadcrumb":{"@id":"https:\/\/www.justiceinfo.net\/fr\/4053-030708-tpirrwanda-le-rejet-des-transferts-est-un-manque-de-respect-des-juridictions-nationale843.html#breadcrumb"},"inLanguage":"fr-FR","potentialAction":[{"@type":"ReadAction","target":["https:\/\/www.justiceinfo.net\/fr\/4053-030708-tpirrwanda-le-rejet-des-transferts-est-un-manque-de-respect-des-juridictions-nationale843.html"]}]},{"@type":"BreadcrumbList","@id":"https:\/\/www.justiceinfo.net\/fr\/4053-030708-tpirrwanda-le-rejet-des-transferts-est-un-manque-de-respect-des-juridictions-nationale843.html#breadcrumb","itemListElement":[{"@type":"ListItem","position":1,"name":"Home","item":"https:\/\/www.justiceinfo.net\/fr"},{"@type":"ListItem","position":2,"name":"03.07.08 - TPIR\/RWANDA - LE REJET DES TRANSFERTS EST UN MANQUE DE RESPECT DES JURIDICTIONS NATIONALE"}]},{"@type":"WebSite","@id":"https:\/\/www.justiceinfo.net\/fr#website","url":"https:\/\/www.justiceinfo.net\/fr","name":"JusticeInfo.net","description":"La justice doit \u00eatre vue pour \u00eatre rendue","publisher":{"@id":"https:\/\/www.justiceinfo.net\/fr#organization"},"potentialAction":[{"@type":"SearchAction","target":{"@type":"EntryPoint","urlTemplate":"https:\/\/www.justiceinfo.net\/fr?s={search_term_string}"},"query-input":{"@type":"PropertyValueSpecification","valueRequired":true,"valueName":"search_term_string"}}],"inLanguage":"fr-FR"},{"@type":"Organization","@id":"https:\/\/www.justiceinfo.net\/fr#organization","name":"Justice Info","url":"https:\/\/www.justiceinfo.net\/fr","logo":{"@type":"ImageObject","inLanguage":"fr-FR","@id":"https:\/\/www.justiceinfo.net\/fr#\/schema\/logo\/image\/","url":"https:\/\/www.justiceinfo.net\/wp-content\/uploads\/justiceinfo_logo-trans_1200x1200px.png","contentUrl":"https:\/\/www.justiceinfo.net\/wp-content\/uploads\/justiceinfo_logo-trans_1200x1200px.png","width":1199,"height":1200,"caption":"Justice Info"},"image":{"@id":"https:\/\/www.justiceinfo.net\/fr#\/schema\/logo\/image\/"},"sameAs":["https:\/\/www.facebook.com\/JusticeInfo\/","https:\/\/x.com\/justiceinfonet","https:\/\/www.linkedin.com\/company\/justice-info","https:\/\/www.youtube.com\/channel\/UCyCEsARodyuWtkWyhn-e7pA"]},{"@type":"Person","name":"solivri","url":"\/fr\/?s=solivri"}]}},"_links":{"self":[{"href":"https:\/\/www.justiceinfo.net\/fr\/wp-json\/wp\/v2\/posts\/4053","targetHints":{"allow":["GET"]}}],"collection":[{"href":"https:\/\/www.justiceinfo.net\/fr\/wp-json\/wp\/v2\/posts"}],"about":[{"href":"https:\/\/www.justiceinfo.net\/fr\/wp-json\/wp\/v2\/types\/post"}],"author":[{"embeddable":true,"href":"https:\/\/www.justiceinfo.net\/fr\/wp-json\/wp\/v2\/users\/64"}],"replies":[{"embeddable":true,"href":"https:\/\/www.justiceinfo.net\/fr\/wp-json\/wp\/v2\/comments?post=4053"}],"version-history":[{"count":0,"href":"https:\/\/www.justiceinfo.net\/fr\/wp-json\/wp\/v2\/posts\/4053\/revisions"}],"wp:attachment":[{"href":"https:\/\/www.justiceinfo.net\/fr\/wp-json\/wp\/v2\/media?parent=4053"}],"wp:term":[{"taxonomy":"category","embeddable":true,"href":"https:\/\/www.justiceinfo.net\/fr\/wp-json\/wp\/v2\/categories?post=4053"},{"taxonomy":"post_tag","embeddable":true,"href":"https:\/\/www.justiceinfo.net\/fr\/wp-json\/wp\/v2\/tags?post=4053"},{"taxonomy":"ji_location","embeddable":true,"href":"https:\/\/www.justiceinfo.net\/fr\/wp-json\/wp\/v2\/ji_location?post=4053"}],"curies":[{"name":"wp","href":"https:\/\/api.w.org\/{rel}","templated":true}]}}