{"id":4055,"date":"2008-07-11T05:47:26","date_gmt":"2008-07-11T03:47:26","guid":{"rendered":"https:\/\/www.justiceinfo.net\/4055-090708-rwandafrance-annulation-de-lextradition-de-claver-kamana845.html"},"modified":"2008-07-11T05:47:26","modified_gmt":"2008-07-11T03:47:26","slug":"090708-rwandafrance-annulation-de-lextradition-de-claver-kamana845","status":"publish","type":"post","link":"https:\/\/www.justiceinfo.net\/fr\/4055-090708-rwandafrance-annulation-de-lextradition-de-claver-kamana845.html","title":{"rendered":"09.07.08 - RWANDA\/FRANCE - ANNULATION DE L\u2019EXTRADITION DE CLAVER KAMANA"},"content":{"rendered":"<p  >\nParis,  9 juillet 2008 (FH) - La Cour de cassation, plus haute juridiction de l'ordre judiciaire judiciaire fran\u00e7ais, a annul\u00e9 mercredi l'avis favorable \u00e0 l\u2019extradition vers le Rwanda de Claver Kamana, un ancien homme d\u2019affaires rwandais recherch\u00e9 par la justice de son pays.  <\/p>\n<p>La chambre de l'instruction de la cour d'appel de Chamb\u00e9ry (Est de la France) avait, le 2 avril dernier, \u00e9mis un avis favorable \u00e0 cette extradition de Kamana, homme d'affaires de 72 ans, originaire du centre du Rwanda et pr\u00e9sent\u00e9 comme un important instigateur et ex\u00e9cutant du g\u00e9nocide au Rwanda en 1994.\n<\/p>\n<p><!--more--><\/p>\n<p  >\nCet avis, qui n\u2019est que consultatif et aurait d\u00fb cependant inciter le gouvernement fran\u00e7ais \u00e0 r\u00e9pondre favorablement \u00e0 la demande rwandaise, devra \u00eatre rejug\u00e9 par la Cour d\u2019appel de Lyon, a ordonn\u00e9 la Cour de cassation. <\/p>\n<p>La d\u00e9cision de la Cour d\u2019appel avait \u00e9t\u00e9 brandie par le procureur du TPIR comme un argument en faveur du transfert d\u2019accus\u00e9s vers le Rwanda lors d\u2019une audience publique \u00e0 Arusha \u00e0 la fin du mois d\u2019avril. <\/p>\n<p>L'avocat de M. Kamana, Me Philippe Gr\u00e9ciano s'est r\u00e9joui de cette d\u00e9cision. \"C'est un signe d'apaisement dans les relations internationales\", a-t-il d\u00e9clar\u00e9.\n<\/p>\n<p  >\nClaver Kamana a \u00e9t\u00e9 arr\u00eat\u00e9 le 26 f\u00e9vrier. Il est toujours d\u00e9tenu. Il a \u00e9t\u00e9 condamn\u00e9 \u00e0 mort par contumace par le Rwanda.\n<\/p>\n<p  >\nUn autre Rwandais recherch\u00e9 par Kigali, Isaac Kamali, qui a par ailleurs acquis la nationalit\u00e9 fran\u00e7aise, a \u00e9t\u00e9 arr\u00eat\u00e9 en juillet 2007 alors qu\u2019il tentait d\u2019entrer sur le territoire am\u00e9ricain. Renvoy\u00e9 vers la France il est toujours sous \u00e9crou extraditionnel. <\/p>\n<p>La France qui a remis au TPIR trois Rwandais, soup\u00e7onn\u00e9s de g\u00e9nocide n'a, \u00e0 ce jour, jamais extrad\u00e9 aucun d'entre eux directement vers le Rwanda.\n<\/p>\n<p  >\nPA\/PB\/ER\/GF<\/p>\n","protected":false},"excerpt":{"rendered":"<p>Paris, 9 juillet 2008 (FH) - La Cour de cassation, plus haute juridiction de l'ordre judiciaire judiciaire fran\u00e7ais, a annul\u00e9 mercredi l'avis favorable \u00e0 l\u2019extradition vers le Rwanda de Claver Kamana, un ancien homme d\u2019affaires rwandais recherch\u00e9 par la justice de son pays. La chambre de l'instruction de la cour d'appel de Chamb\u00e9ry (Est de [&hellip;]<\/p>\n","protected":false},"author":64,"featured_media":0,"comment_status":"open","ping_status":"closed","sticky":false,"template":"","format":"standard","meta":{"_acf_changed":false,"footnotes":""},"categories":[554],"tags":[],"ji_location":[],"class_list":["post-4055","post","type-post","status-publish","format-standard","hentry","category-hirondellenews"],"acf":[],"yoast_head":"<!-- This site is optimized with the Yoast SEO Premium plugin v25.3.1 (Yoast SEO v25.3.1) - https:\/\/yoast.com\/wordpress\/plugins\/seo\/ -->\n<title>09.07.08 - RWANDA\/FRANCE - ANNULATION DE L\u2019EXTRADITION DE CLAVER KAMANA - JusticeInfo.net<\/title>\n<meta name=\"robots\" content=\"index, follow, max-snippet:-1, max-image-preview:large, max-video-preview:-1\" \/>\n<link rel=\"canonical\" href=\"https:\/\/www.justiceinfo.net\/fr\/4055-090708-rwandafrance-annulation-de-lextradition-de-claver-kamana845.html\" \/>\n<meta property=\"og:locale\" content=\"fr_FR\" \/>\n<meta property=\"og:type\" content=\"article\" \/>\n<meta property=\"og:title\" content=\"09.07.08 - RWANDA\/FRANCE - ANNULATION DE L\u2019EXTRADITION DE CLAVER KAMANA\" \/>\n<meta property=\"og:description\" content=\"Paris, 9 juillet 2008 (FH) - La Cour de cassation, plus haute juridiction de l&#039;ordre judiciaire judiciaire fran\u00e7ais, a annul\u00e9 mercredi l&#039;avis favorable \u00e0 l\u2019extradition vers le Rwanda de Claver Kamana, un ancien homme d\u2019affaires rwandais recherch\u00e9 par la justice de son pays. La chambre de l&#039;instruction de la cour d&#039;appel de Chamb\u00e9ry (Est de [&hellip;]\" \/>\n<meta property=\"og:url\" content=\"https:\/\/www.justiceinfo.net\/fr\/4055-090708-rwandafrance-annulation-de-lextradition-de-claver-kamana845.html\" \/>\n<meta property=\"og:site_name\" content=\"JusticeInfo.net\" \/>\n<meta property=\"article:publisher\" content=\"https:\/\/www.facebook.com\/JusticeInfo\/\" \/>\n<meta property=\"article:published_time\" content=\"2008-07-11T03:47:26+00:00\" \/>\n<meta property=\"og:image\" content=\"https:\/\/www.justiceinfo.net\/wp-content\/uploads\/JusticeInfoNet_logo_1200x630px.jpg\" \/>\n\t<meta property=\"og:image:width\" content=\"1200\" \/>\n\t<meta property=\"og:image:height\" content=\"630\" \/>\n\t<meta property=\"og:image:type\" content=\"image\/jpeg\" \/>\n<meta name=\"author\" content=\"solivri\" \/>\n<meta name=\"twitter:card\" content=\"summary_large_image\" \/>\n<meta name=\"twitter:creator\" content=\"@justiceinfonet\" \/>\n<meta name=\"twitter:site\" content=\"@justiceinfonet\" \/>\n<meta name=\"twitter:label1\" content=\"\u00c9crit par\" \/>\n\t<meta name=\"twitter:data1\" content=\"solivri\" \/>\n\t<meta name=\"twitter:label2\" content=\"Dur\u00e9e de lecture estim\u00e9e\" \/>\n\t<meta name=\"twitter:data2\" content=\"1 minute\" \/>\n<script type=\"application\/ld+json\" class=\"yoast-schema-graph\">{\"@context\":\"https:\/\/schema.org\",\"@graph\":[{\"@type\":\"NewsArticle\",\"@id\":\"https:\/\/www.justiceinfo.net\/fr\/4055-090708-rwandafrance-annulation-de-lextradition-de-claver-kamana845.html#article\",\"isPartOf\":{\"@id\":\"https:\/\/www.justiceinfo.net\/fr\/4055-090708-rwandafrance-annulation-de-lextradition-de-claver-kamana845.html\"},\"author\":{\"name\":\"solivri\",\"@id\":\"https:\/\/www.justiceinfo.net\/fr#\/schema\/person\/6e53cba1629e2e66f3fc1821d3091865\"},\"headline\":\"09.07.08 - RWANDA\/FRANCE - ANNULATION DE L\u2019EXTRADITION DE CLAVER KAMANA\",\"datePublished\":\"2008-07-11T03:47:26+00:00\",\"mainEntityOfPage\":{\"@id\":\"https:\/\/www.justiceinfo.net\/fr\/4055-090708-rwandafrance-annulation-de-lextradition-de-claver-kamana845.html\"},\"wordCount\":321,\"commentCount\":0,\"publisher\":{\"@id\":\"https:\/\/www.justiceinfo.net\/fr#organization\"},\"articleSection\":[\"Hirondelle News\"],\"inLanguage\":\"fr-FR\",\"potentialAction\":[{\"@type\":\"CommentAction\",\"name\":\"Comment\",\"target\":[\"https:\/\/www.justiceinfo.net\/fr\/4055-090708-rwandafrance-annulation-de-lextradition-de-claver-kamana845.html#respond\"]}]},{\"@type\":\"WebPage\",\"@id\":\"https:\/\/www.justiceinfo.net\/fr\/4055-090708-rwandafrance-annulation-de-lextradition-de-claver-kamana845.html\",\"url\":\"https:\/\/www.justiceinfo.net\/fr\/4055-090708-rwandafrance-annulation-de-lextradition-de-claver-kamana845.html\",\"name\":\"09.07.08 - RWANDA\/FRANCE - ANNULATION DE L\u2019EXTRADITION DE CLAVER KAMANA - JusticeInfo.net\",\"isPartOf\":{\"@id\":\"https:\/\/www.justiceinfo.net\/fr#website\"},\"datePublished\":\"2008-07-11T03:47:26+00:00\",\"breadcrumb\":{\"@id\":\"https:\/\/www.justiceinfo.net\/fr\/4055-090708-rwandafrance-annulation-de-lextradition-de-claver-kamana845.html#breadcrumb\"},\"inLanguage\":\"fr-FR\",\"potentialAction\":[{\"@type\":\"ReadAction\",\"target\":[\"https:\/\/www.justiceinfo.net\/fr\/4055-090708-rwandafrance-annulation-de-lextradition-de-claver-kamana845.html\"]}]},{\"@type\":\"BreadcrumbList\",\"@id\":\"https:\/\/www.justiceinfo.net\/fr\/4055-090708-rwandafrance-annulation-de-lextradition-de-claver-kamana845.html#breadcrumb\",\"itemListElement\":[{\"@type\":\"ListItem\",\"position\":1,\"name\":\"Home\",\"item\":\"https:\/\/www.justiceinfo.net\/fr\"},{\"@type\":\"ListItem\",\"position\":2,\"name\":\"09.07.08 - RWANDA\/FRANCE - ANNULATION DE L\u2019EXTRADITION DE CLAVER KAMANA\"}]},{\"@type\":\"WebSite\",\"@id\":\"https:\/\/www.justiceinfo.net\/fr#website\",\"url\":\"https:\/\/www.justiceinfo.net\/fr\",\"name\":\"JusticeInfo.net\",\"description\":\"La justice doit \u00eatre vue pour \u00eatre rendue\",\"publisher\":{\"@id\":\"https:\/\/www.justiceinfo.net\/fr#organization\"},\"potentialAction\":[{\"@type\":\"SearchAction\",\"target\":{\"@type\":\"EntryPoint\",\"urlTemplate\":\"https:\/\/www.justiceinfo.net\/fr?s={search_term_string}\"},\"query-input\":{\"@type\":\"PropertyValueSpecification\",\"valueRequired\":true,\"valueName\":\"search_term_string\"}}],\"inLanguage\":\"fr-FR\"},{\"@type\":\"Organization\",\"@id\":\"https:\/\/www.justiceinfo.net\/fr#organization\",\"name\":\"Justice Info\",\"url\":\"https:\/\/www.justiceinfo.net\/fr\",\"logo\":{\"@type\":\"ImageObject\",\"inLanguage\":\"fr-FR\",\"@id\":\"https:\/\/www.justiceinfo.net\/fr#\/schema\/logo\/image\/\",\"url\":\"https:\/\/www.justiceinfo.net\/wp-content\/uploads\/justiceinfo_logo-trans_1200x1200px.png\",\"contentUrl\":\"https:\/\/www.justiceinfo.net\/wp-content\/uploads\/justiceinfo_logo-trans_1200x1200px.png\",\"width\":1199,\"height\":1200,\"caption\":\"Justice Info\"},\"image\":{\"@id\":\"https:\/\/www.justiceinfo.net\/fr#\/schema\/logo\/image\/\"},\"sameAs\":[\"https:\/\/www.facebook.com\/JusticeInfo\/\",\"https:\/\/x.com\/justiceinfonet\",\"https:\/\/www.linkedin.com\/company\/justice-info\",\"https:\/\/www.youtube.com\/channel\/UCyCEsARodyuWtkWyhn-e7pA\"]},{\"@type\":\"Person\",\"name\":\"solivri\",\"url\":\"\/fr\/?s=solivri\"}]}<\/script>\n<!-- \/ Yoast SEO Premium plugin. -->","yoast_head_json":{"title":"09.07.08 - RWANDA\/FRANCE - ANNULATION DE L\u2019EXTRADITION DE CLAVER KAMANA - JusticeInfo.net","robots":{"index":"index","follow":"follow","max-snippet":"max-snippet:-1","max-image-preview":"max-image-preview:large","max-video-preview":"max-video-preview:-1"},"canonical":"https:\/\/www.justiceinfo.net\/fr\/4055-090708-rwandafrance-annulation-de-lextradition-de-claver-kamana845.html","og_locale":"fr_FR","og_type":"article","og_title":"09.07.08 - RWANDA\/FRANCE - ANNULATION DE L\u2019EXTRADITION DE CLAVER KAMANA","og_description":"Paris, 9 juillet 2008 (FH) - La Cour de cassation, plus haute juridiction de l'ordre judiciaire judiciaire fran\u00e7ais, a annul\u00e9 mercredi l'avis favorable \u00e0 l\u2019extradition vers le Rwanda de Claver Kamana, un ancien homme d\u2019affaires rwandais recherch\u00e9 par la justice de son pays. La chambre de l'instruction de la cour d'appel de Chamb\u00e9ry (Est de [&hellip;]","og_url":"https:\/\/www.justiceinfo.net\/fr\/4055-090708-rwandafrance-annulation-de-lextradition-de-claver-kamana845.html","og_site_name":"JusticeInfo.net","article_publisher":"https:\/\/www.facebook.com\/JusticeInfo\/","article_published_time":"2008-07-11T03:47:26+00:00","og_image":[{"width":1200,"height":630,"url":"https:\/\/www.justiceinfo.net\/wp-content\/uploads\/JusticeInfoNet_logo_1200x630px.jpg","type":"image\/jpeg"}],"author":"solivri","twitter_card":"summary_large_image","twitter_creator":"@justiceinfonet","twitter_site":"@justiceinfonet","twitter_misc":{"\u00c9crit par":"solivri","Dur\u00e9e de lecture estim\u00e9e":"1 minute"},"schema":{"@context":"https:\/\/schema.org","@graph":[{"@type":"NewsArticle","@id":"https:\/\/www.justiceinfo.net\/fr\/4055-090708-rwandafrance-annulation-de-lextradition-de-claver-kamana845.html#article","isPartOf":{"@id":"https:\/\/www.justiceinfo.net\/fr\/4055-090708-rwandafrance-annulation-de-lextradition-de-claver-kamana845.html"},"author":{"name":"solivri","@id":"https:\/\/www.justiceinfo.net\/fr#\/schema\/person\/6e53cba1629e2e66f3fc1821d3091865"},"headline":"09.07.08 - RWANDA\/FRANCE - ANNULATION DE L\u2019EXTRADITION DE CLAVER KAMANA","datePublished":"2008-07-11T03:47:26+00:00","mainEntityOfPage":{"@id":"https:\/\/www.justiceinfo.net\/fr\/4055-090708-rwandafrance-annulation-de-lextradition-de-claver-kamana845.html"},"wordCount":321,"commentCount":0,"publisher":{"@id":"https:\/\/www.justiceinfo.net\/fr#organization"},"articleSection":["Hirondelle News"],"inLanguage":"fr-FR","potentialAction":[{"@type":"CommentAction","name":"Comment","target":["https:\/\/www.justiceinfo.net\/fr\/4055-090708-rwandafrance-annulation-de-lextradition-de-claver-kamana845.html#respond"]}]},{"@type":"WebPage","@id":"https:\/\/www.justiceinfo.net\/fr\/4055-090708-rwandafrance-annulation-de-lextradition-de-claver-kamana845.html","url":"https:\/\/www.justiceinfo.net\/fr\/4055-090708-rwandafrance-annulation-de-lextradition-de-claver-kamana845.html","name":"09.07.08 - RWANDA\/FRANCE - ANNULATION DE L\u2019EXTRADITION DE CLAVER KAMANA - JusticeInfo.net","isPartOf":{"@id":"https:\/\/www.justiceinfo.net\/fr#website"},"datePublished":"2008-07-11T03:47:26+00:00","breadcrumb":{"@id":"https:\/\/www.justiceinfo.net\/fr\/4055-090708-rwandafrance-annulation-de-lextradition-de-claver-kamana845.html#breadcrumb"},"inLanguage":"fr-FR","potentialAction":[{"@type":"ReadAction","target":["https:\/\/www.justiceinfo.net\/fr\/4055-090708-rwandafrance-annulation-de-lextradition-de-claver-kamana845.html"]}]},{"@type":"BreadcrumbList","@id":"https:\/\/www.justiceinfo.net\/fr\/4055-090708-rwandafrance-annulation-de-lextradition-de-claver-kamana845.html#breadcrumb","itemListElement":[{"@type":"ListItem","position":1,"name":"Home","item":"https:\/\/www.justiceinfo.net\/fr"},{"@type":"ListItem","position":2,"name":"09.07.08 - RWANDA\/FRANCE - ANNULATION DE L\u2019EXTRADITION DE CLAVER KAMANA"}]},{"@type":"WebSite","@id":"https:\/\/www.justiceinfo.net\/fr#website","url":"https:\/\/www.justiceinfo.net\/fr","name":"JusticeInfo.net","description":"La justice doit \u00eatre vue pour \u00eatre rendue","publisher":{"@id":"https:\/\/www.justiceinfo.net\/fr#organization"},"potentialAction":[{"@type":"SearchAction","target":{"@type":"EntryPoint","urlTemplate":"https:\/\/www.justiceinfo.net\/fr?s={search_term_string}"},"query-input":{"@type":"PropertyValueSpecification","valueRequired":true,"valueName":"search_term_string"}}],"inLanguage":"fr-FR"},{"@type":"Organization","@id":"https:\/\/www.justiceinfo.net\/fr#organization","name":"Justice Info","url":"https:\/\/www.justiceinfo.net\/fr","logo":{"@type":"ImageObject","inLanguage":"fr-FR","@id":"https:\/\/www.justiceinfo.net\/fr#\/schema\/logo\/image\/","url":"https:\/\/www.justiceinfo.net\/wp-content\/uploads\/justiceinfo_logo-trans_1200x1200px.png","contentUrl":"https:\/\/www.justiceinfo.net\/wp-content\/uploads\/justiceinfo_logo-trans_1200x1200px.png","width":1199,"height":1200,"caption":"Justice Info"},"image":{"@id":"https:\/\/www.justiceinfo.net\/fr#\/schema\/logo\/image\/"},"sameAs":["https:\/\/www.facebook.com\/JusticeInfo\/","https:\/\/x.com\/justiceinfonet","https:\/\/www.linkedin.com\/company\/justice-info","https:\/\/www.youtube.com\/channel\/UCyCEsARodyuWtkWyhn-e7pA"]},{"@type":"Person","name":"solivri","url":"\/fr\/?s=solivri"}]}},"_links":{"self":[{"href":"https:\/\/www.justiceinfo.net\/fr\/wp-json\/wp\/v2\/posts\/4055","targetHints":{"allow":["GET"]}}],"collection":[{"href":"https:\/\/www.justiceinfo.net\/fr\/wp-json\/wp\/v2\/posts"}],"about":[{"href":"https:\/\/www.justiceinfo.net\/fr\/wp-json\/wp\/v2\/types\/post"}],"author":[{"embeddable":true,"href":"https:\/\/www.justiceinfo.net\/fr\/wp-json\/wp\/v2\/users\/64"}],"replies":[{"embeddable":true,"href":"https:\/\/www.justiceinfo.net\/fr\/wp-json\/wp\/v2\/comments?post=4055"}],"version-history":[{"count":0,"href":"https:\/\/www.justiceinfo.net\/fr\/wp-json\/wp\/v2\/posts\/4055\/revisions"}],"wp:attachment":[{"href":"https:\/\/www.justiceinfo.net\/fr\/wp-json\/wp\/v2\/media?parent=4055"}],"wp:term":[{"taxonomy":"category","embeddable":true,"href":"https:\/\/www.justiceinfo.net\/fr\/wp-json\/wp\/v2\/categories?post=4055"},{"taxonomy":"post_tag","embeddable":true,"href":"https:\/\/www.justiceinfo.net\/fr\/wp-json\/wp\/v2\/tags?post=4055"},{"taxonomy":"ji_location","embeddable":true,"href":"https:\/\/www.justiceinfo.net\/fr\/wp-json\/wp\/v2\/ji_location?post=4055"}],"curies":[{"name":"wp","href":"https:\/\/api.w.org\/{rel}","templated":true}]}}